{"id":84914,"date":"2023-08-02T10:40:56","date_gmt":"2023-08-02T15:40:56","guid":{"rendered":"https:\/\/aeronoticias.com.pe\/noticiero\/?p=84914"},"modified":"2023-08-02T10:41:00","modified_gmt":"2023-08-02T15:41:00","slug":"machu-picchu-ciudadela-recibio-a-mas-de-26000-turistas-durante-fiestas-patrias","status":"publish","type":"post","link":"https:\/\/aeronoticias.com.pe\/noticiero\/cultural\/machu-picchu-ciudadela-recibio-a-mas-de-26000-turistas-durante-fiestas-patrias\/","title":{"rendered":"Machu Picchu: ciudadela recibi\u00f3 a m\u00e1s de 26,000 turistas durante Fiestas Patrias"},"content":{"rendered":"\n<p><strong>(Aeronoticias)<\/strong>: Durante la \u00faltima semana de julio, que incluye el feriado largo por Fiestas Patrias, m\u00e1s de 26,000 turistas nacionales y extranjeros visitaron la ciudadela o llaqta de Machu Picchu, inform\u00f3 este lunes la Direcci\u00f3n Desconcentrada de Cultura (DDC) Cusco.<\/p>\n\n\n\n<p>Del 24 al 30 de julio ingresaron a la llaqta inca 26,319 visitantes; de los cuales, 14,065 llegaron del exterior y 12,254 fueron nacionales, entre ellos 819 cusque\u00f1os, que ingresaron gratis el domingo 30 de julio, seg\u00fan disposici\u00f3n del Ministerio de Cultura.<\/p>\n\n\n\n<p>Tras la Resoluci\u00f3n Ministerial 000289-2023\/2023, que permite el ingreso gratuito de los visitantes nacionales mayores de 65 a\u00f1os y menores de 12 a\u00f1os, desde el \u00faltimo 28 de julio, cerca de 300 personas tuvieron la oportunidad de conocer la ciudadela de Machu Picchu.<\/p>\n\n\n\n<p>De ellos, 285 fueron menores, que llegaron acompa\u00f1ados por sus familiares, y 108 adultos mayores. Este beneficio estar\u00e1 disponible hasta el 15 de agosto, con la finalidad de promover el turismo interno.<\/p>\n\n\n\n<p><br>Respecto a las visitas en general, el d\u00eda de mayor aforo fue el 25 de julio, cuando ingresaron 3,923 visitantes, lo cual est\u00e1 en el rango del aforo permitido de 4,044 por d\u00eda, inform\u00f3 la jefa del parque arqueol\u00f3gico de Machu Picchu, Alicia Fern\u00e1ndez Fl\u00f3rez.<\/p>\n\n\n\n<p><br>Durante la \u00faltima semana, los especialistas del Ministerio de Cultura trabajaron en la conservaci\u00f3n, rescate, control y orientaci\u00f3n a los visitantes de la llaqta de Machu Picchu, lo que permiti\u00f3 colmar las expectativas de los visitantes durante su recorrido por los diferentes circuitos y rutas alternas (monta\u00f1as Machu Picchu, Waynapicchu, Huch\u2019uypicchu y Puente Inca).<\/p>\n\n\n\n<p><br>Se logr\u00f3 garantizar el monitoreo permanente de los visitantes, as\u00ed como el resguardo de la llaqta o ciudadela. Las acciones permiten asegurar la conservaci\u00f3n del patrimonio cultural y el ordenamiento de la visita tur\u00edstica.<\/p>\n\n\n\n<p><strong>Fuente: Elperuano.pe<\/strong><\/p>\n","protected":false},"excerpt":{"rendered":"<p>(Aeronoticias): Durante la \u00faltima semana de julio, que incluye el feriado largo por Fiestas Patrias, m\u00e1s de 26,000 turistas nacionales y extranjeros visitaron la ciudadela o llaqta de Machu Picchu, inform\u00f3 este lunes la Direcci\u00f3n Desconcentrada de Cultura (DDC) Cusco. Del 24 al 30 de julio ingresaron a la llaqta inca 26,319 visitantes; de los [&hellip;]<\/p>\n","protected":false},"author":3,"featured_media":84915,"comment_status":"open","ping_status":"open","sticky":false,"template":"","format":"standard","meta":{"tdm_status":"","tdm_grid_status":"","footnotes":""},"categories":[26,51],"tags":[373,3311,2388],"class_list":{"0":"post-84914","1":"post","2":"type-post","3":"status-publish","4":"format-standard","5":"has-post-thumbnail","7":"category-cultural","8":"category-nacional","9":"tag-cusco","10":"tag-fiestas-patricas","11":"tag-machu-picchu"},"yoast_head":"<!-- This site is optimized with the Yoast SEO plugin v25.1 - https:\/\/yoast.com\/wordpress\/plugins\/seo\/ -->\n<title>Machu Picchu: ciudadela recibi\u00f3 a m\u00e1s de 26,000 turistas durante Fiestas Patrias<\/title>\n<meta name=\"description\" content=\"Un total de 14,065 llegaron del exterior y 12,254 fueron nacionales, informa sector Cultura.\" \/>\n<meta name=\"robots\" content=\"index, follow, max-snippet:-1, max-image-preview:large, max-video-preview:-1\" \/>\n<link rel=\"canonical\" href=\"https:\/\/aeronoticias.com.pe\/noticiero\/cultural\/machu-picchu-ciudadela-recibio-a-mas-de-26000-turistas-durante-fiestas-patrias\/\" \/>\n<meta property=\"og:locale\" content=\"es_ES\" \/>\n<meta property=\"og:type\" content=\"article\" \/>\n<meta property=\"og:title\" content=\"Machu Picchu: ciudadela recibi\u00f3 a m\u00e1s de 26,000 turistas durante Fiestas Patrias\" \/>\n<meta property=\"og:description\" content=\"Un total de 14,065 llegaron del exterior y 12,254 fueron nacionales, informa sector Cultura.\" \/>\n<meta property=\"og:url\" content=\"https:\/\/aeronoticias.com.pe\/noticiero\/cultural\/machu-picchu-ciudadela-recibio-a-mas-de-26000-turistas-durante-fiestas-patrias\/\" \/>\n<meta property=\"og:site_name\" content=\"Aeronoticias.com.pe\" \/>\n<meta property=\"article:publisher\" content=\"https:\/\/www.facebook.com\/Aeronoticias.com.pe\/\" \/>\n<meta property=\"article:published_time\" content=\"2023-08-02T15:40:56+00:00\" \/>\n<meta property=\"article:modified_time\" content=\"2023-08-02T15:41:00+00:00\" \/>\n<meta property=\"og:image\" content=\"https:\/\/aeronoticias.com.pe\/noticiero\/wp-content\/uploads\/2023\/08\/cusco.jpg\" \/>\n\t<meta property=\"og:image:width\" content=\"760\" \/>\n\t<meta property=\"og:image:height\" content=\"507\" \/>\n\t<meta property=\"og:image:type\" content=\"image\/jpeg\" \/>\n<meta name=\"author\" content=\"Redacci\u00f3n\" \/>\n<meta name=\"twitter:card\" content=\"summary_large_image\" \/>\n<meta name=\"twitter:creator\" content=\"@aeronoticias\" \/>\n<meta name=\"twitter:site\" content=\"@aeronoticias\" \/>\n<meta name=\"twitter:label1\" content=\"Escrito por\" \/>\n\t<meta name=\"twitter:data1\" content=\"Redacci\u00f3n\" \/>\n\t<meta name=\"twitter:label2\" content=\"Tiempo de lectura\" \/>\n\t<meta name=\"twitter:data2\" content=\"1 minuto\" \/>\n<script type=\"application\/ld+json\" class=\"yoast-schema-graph\">{\"@context\":\"https:\/\/schema.org\",\"@graph\":[{\"@type\":\"WebPage\",\"@id\":\"https:\/\/aeronoticias.com.pe\/noticiero\/cultural\/machu-picchu-ciudadela-recibio-a-mas-de-26000-turistas-durante-fiestas-patrias\/\",\"url\":\"https:\/\/aeronoticias.com.pe\/noticiero\/cultural\/machu-picchu-ciudadela-recibio-a-mas-de-26000-turistas-durante-fiestas-patrias\/\",\"name\":\"Machu Picchu: ciudadela recibi\u00f3 a m\u00e1s de 26,000 turistas durante Fiestas Patrias\",\"isPartOf\":{\"@id\":\"https:\/\/aeronoticias.com.pe\/noticiero\/#website\"},\"primaryImageOfPage\":{\"@id\":\"https:\/\/aeronoticias.com.pe\/noticiero\/cultural\/machu-picchu-ciudadela-recibio-a-mas-de-26000-turistas-durante-fiestas-patrias\/#primaryimage\"},\"image\":{\"@id\":\"https:\/\/aeronoticias.com.pe\/noticiero\/cultural\/machu-picchu-ciudadela-recibio-a-mas-de-26000-turistas-durante-fiestas-patrias\/#primaryimage\"},\"thumbnailUrl\":\"https:\/\/aeronoticias.com.pe\/noticiero\/wp-content\/uploads\/2023\/08\/cusco.jpg\",\"datePublished\":\"2023-08-02T15:40:56+00:00\",\"dateModified\":\"2023-08-02T15:41:00+00:00\",\"author\":{\"@id\":\"https:\/\/aeronoticias.com.pe\/noticiero\/#\/schema\/person\/16212a617c73f78916b13194154243bd\"},\"description\":\"Un total de 14,065 llegaron del exterior y 12,254 fueron nacionales, informa sector Cultura.\",\"breadcrumb\":{\"@id\":\"https:\/\/aeronoticias.com.pe\/noticiero\/cultural\/machu-picchu-ciudadela-recibio-a-mas-de-26000-turistas-durante-fiestas-patrias\/#breadcrumb\"},\"inLanguage\":\"es\",\"potentialAction\":[{\"@type\":\"ReadAction\",\"target\":[\"https:\/\/aeronoticias.com.pe\/noticiero\/cultural\/machu-picchu-ciudadela-recibio-a-mas-de-26000-turistas-durante-fiestas-patrias\/\"]}]},{\"@type\":\"ImageObject\",\"inLanguage\":\"es\",\"@id\":\"https:\/\/aeronoticias.com.pe\/noticiero\/cultural\/machu-picchu-ciudadela-recibio-a-mas-de-26000-turistas-durante-fiestas-patrias\/#primaryimage\",\"url\":\"https:\/\/aeronoticias.com.pe\/noticiero\/wp-content\/uploads\/2023\/08\/cusco.jpg\",\"contentUrl\":\"https:\/\/aeronoticias.com.pe\/noticiero\/wp-content\/uploads\/2023\/08\/cusco.jpg\",\"width\":760,\"height\":507},{\"@type\":\"BreadcrumbList\",\"@id\":\"https:\/\/aeronoticias.com.pe\/noticiero\/cultural\/machu-picchu-ciudadela-recibio-a-mas-de-26000-turistas-durante-fiestas-patrias\/#breadcrumb\",\"itemListElement\":[{\"@type\":\"ListItem\",\"position\":1,\"name\":\"Portada\",\"item\":\"https:\/\/aeronoticias.com.pe\/noticiero\/\"},{\"@type\":\"ListItem\",\"position\":2,\"name\":\"Machu Picchu: ciudadela recibi\u00f3 a m\u00e1s de 26,000 turistas durante Fiestas Patrias\"}]},{\"@type\":\"WebSite\",\"@id\":\"https:\/\/aeronoticias.com.pe\/noticiero\/#website\",\"url\":\"https:\/\/aeronoticias.com.pe\/noticiero\/\",\"name\":\"Aeronoticias.com.pe\",\"description\":\"Noticias de tranporte aereo, turismo, hoteles, gastronomia, actualidad, internacional\",\"potentialAction\":[{\"@type\":\"SearchAction\",\"target\":{\"@type\":\"EntryPoint\",\"urlTemplate\":\"https:\/\/aeronoticias.com.pe\/noticiero\/?s={search_term_string}\"},\"query-input\":{\"@type\":\"PropertyValueSpecification\",\"valueRequired\":true,\"valueName\":\"search_term_string\"}}],\"inLanguage\":\"es\"},{\"@type\":\"Person\",\"@id\":\"https:\/\/aeronoticias.com.pe\/noticiero\/#\/schema\/person\/16212a617c73f78916b13194154243bd\",\"name\":\"Redacci\u00f3n\",\"sameAs\":[\"http:\/\/Redacci\u00f3n\"],\"url\":\"https:\/\/aeronoticias.com.pe\/noticiero\/author\/celeste\/\"}]}<\/script>\n<!-- \/ Yoast SEO plugin. -->","yoast_head_json":{"title":"Machu Picchu: ciudadela recibi\u00f3 a m\u00e1s de 26,000 turistas durante Fiestas Patrias","description":"Un total de 14,065 llegaron del exterior y 12,254 fueron nacionales, informa sector Cultura.","robots":{"index":"index","follow":"follow","max-snippet":"max-snippet:-1","max-image-preview":"max-image-preview:large","max-video-preview":"max-video-preview:-1"},"canonical":"https:\/\/aeronoticias.com.pe\/noticiero\/cultural\/machu-picchu-ciudadela-recibio-a-mas-de-26000-turistas-durante-fiestas-patrias\/","og_locale":"es_ES","og_type":"article","og_title":"Machu Picchu: ciudadela recibi\u00f3 a m\u00e1s de 26,000 turistas durante Fiestas Patrias","og_description":"Un total de 14,065 llegaron del exterior y 12,254 fueron nacionales, informa sector Cultura.","og_url":"https:\/\/aeronoticias.com.pe\/noticiero\/cultural\/machu-picchu-ciudadela-recibio-a-mas-de-26000-turistas-durante-fiestas-patrias\/","og_site_name":"Aeronoticias.com.pe","article_publisher":"https:\/\/www.facebook.com\/Aeronoticias.com.pe\/","article_published_time":"2023-08-02T15:40:56+00:00","article_modified_time":"2023-08-02T15:41:00+00:00","og_image":[{"width":760,"height":507,"url":"https:\/\/aeronoticias.com.pe\/noticiero\/wp-content\/uploads\/2023\/08\/cusco.jpg","type":"image\/jpeg"}],"author":"Redacci\u00f3n","twitter_card":"summary_large_image","twitter_creator":"@aeronoticias","twitter_site":"@aeronoticias","twitter_misc":{"Escrito por":"Redacci\u00f3n","Tiempo de lectura":"1 minuto"},"schema":{"@context":"https:\/\/schema.org","@graph":[{"@type":"WebPage","@id":"https:\/\/aeronoticias.com.pe\/noticiero\/cultural\/machu-picchu-ciudadela-recibio-a-mas-de-26000-turistas-durante-fiestas-patrias\/","url":"https:\/\/aeronoticias.com.pe\/noticiero\/cultural\/machu-picchu-ciudadela-recibio-a-mas-de-26000-turistas-durante-fiestas-patrias\/","name":"Machu Picchu: ciudadela recibi\u00f3 a m\u00e1s de 26,000 turistas durante Fiestas Patrias","isPartOf":{"@id":"https:\/\/aeronoticias.com.pe\/noticiero\/#website"},"primaryImageOfPage":{"@id":"https:\/\/aeronoticias.com.pe\/noticiero\/cultural\/machu-picchu-ciudadela-recibio-a-mas-de-26000-turistas-durante-fiestas-patrias\/#primaryimage"},"image":{"@id":"https:\/\/aeronoticias.com.pe\/noticiero\/cultural\/machu-picchu-ciudadela-recibio-a-mas-de-26000-turistas-durante-fiestas-patrias\/#primaryimage"},"thumbnailUrl":"https:\/\/aeronoticias.com.pe\/noticiero\/wp-content\/uploads\/2023\/08\/cusco.jpg","datePublished":"2023-08-02T15:40:56+00:00","dateModified":"2023-08-02T15:41:00+00:00","author":{"@id":"https:\/\/aeronoticias.com.pe\/noticiero\/#\/schema\/person\/16212a617c73f78916b13194154243bd"},"description":"Un total de 14,065 llegaron del exterior y 12,254 fueron nacionales, informa sector Cultura.","breadcrumb":{"@id":"https:\/\/aeronoticias.com.pe\/noticiero\/cultural\/machu-picchu-ciudadela-recibio-a-mas-de-26000-turistas-durante-fiestas-patrias\/#breadcrumb"},"inLanguage":"es","potentialAction":[{"@type":"ReadAction","target":["https:\/\/aeronoticias.com.pe\/noticiero\/cultural\/machu-picchu-ciudadela-recibio-a-mas-de-26000-turistas-durante-fiestas-patrias\/"]}]},{"@type":"ImageObject","inLanguage":"es","@id":"https:\/\/aeronoticias.com.pe\/noticiero\/cultural\/machu-picchu-ciudadela-recibio-a-mas-de-26000-turistas-durante-fiestas-patrias\/#primaryimage","url":"https:\/\/aeronoticias.com.pe\/noticiero\/wp-content\/uploads\/2023\/08\/cusco.jpg","contentUrl":"https:\/\/aeronoticias.com.pe\/noticiero\/wp-content\/uploads\/2023\/08\/cusco.jpg","width":760,"height":507},{"@type":"BreadcrumbList","@id":"https:\/\/aeronoticias.com.pe\/noticiero\/cultural\/machu-picchu-ciudadela-recibio-a-mas-de-26000-turistas-durante-fiestas-patrias\/#breadcrumb","itemListElement":[{"@type":"ListItem","position":1,"name":"Portada","item":"https:\/\/aeronoticias.com.pe\/noticiero\/"},{"@type":"ListItem","position":2,"name":"Machu Picchu: ciudadela recibi\u00f3 a m\u00e1s de 26,000 turistas durante Fiestas Patrias"}]},{"@type":"WebSite","@id":"https:\/\/aeronoticias.com.pe\/noticiero\/#website","url":"https:\/\/aeronoticias.com.pe\/noticiero\/","name":"Aeronoticias.com.pe","description":"Noticias de tranporte aereo, turismo, hoteles, gastronomia, actualidad, internacional","potentialAction":[{"@type":"SearchAction","target":{"@type":"EntryPoint","urlTemplate":"https:\/\/aeronoticias.com.pe\/noticiero\/?s={search_term_string}"},"query-input":{"@type":"PropertyValueSpecification","valueRequired":true,"valueName":"search_term_string"}}],"inLanguage":"es"},{"@type":"Person","@id":"https:\/\/aeronoticias.com.pe\/noticiero\/#\/schema\/person\/16212a617c73f78916b13194154243bd","name":"Redacci\u00f3n","sameAs":["http:\/\/Redacci\u00f3n"],"url":"https:\/\/aeronoticias.com.pe\/noticiero\/author\/celeste\/"}]}},"_links":{"self":[{"href":"https:\/\/aeronoticias.com.pe\/noticiero\/wp-json\/wp\/v2\/posts\/84914","targetHints":{"allow":["GET"]}}],"collection":[{"href":"https:\/\/aeronoticias.com.pe\/noticiero\/wp-json\/wp\/v2\/posts"}],"about":[{"href":"https:\/\/aeronoticias.com.pe\/noticiero\/wp-json\/wp\/v2\/types\/post"}],"author":[{"embeddable":true,"href":"https:\/\/aeronoticias.com.pe\/noticiero\/wp-json\/wp\/v2\/users\/3"}],"replies":[{"embeddable":true,"href":"https:\/\/aeronoticias.com.pe\/noticiero\/wp-json\/wp\/v2\/comments?post=84914"}],"version-history":[{"count":0,"href":"https:\/\/aeronoticias.com.pe\/noticiero\/wp-json\/wp\/v2\/posts\/84914\/revisions"}],"wp:featuredmedia":[{"embeddable":true,"href":"https:\/\/aeronoticias.com.pe\/noticiero\/wp-json\/wp\/v2\/media\/84915"}],"wp:attachment":[{"href":"https:\/\/aeronoticias.com.pe\/noticiero\/wp-json\/wp\/v2\/media?parent=84914"}],"wp:term":[{"taxonomy":"category","embeddable":true,"href":"https:\/\/aeronoticias.com.pe\/noticiero\/wp-json\/wp\/v2\/categories?post=84914"},{"taxonomy":"post_tag","embeddable":true,"href":"https:\/\/aeronoticias.com.pe\/noticiero\/wp-json\/wp\/v2\/tags?post=84914"}],"curies":[{"name":"wp","href":"https:\/\/api.w.org\/{rel}","templated":true}]}}