{"id":8492,"date":"2010-01-28T14:06:08","date_gmt":"2010-01-28T14:06:08","guid":{"rendered":"http:\/\/desarrollo.mcvicious.com\/aero2020\/2010\/01\/28\/el-barca-denuncio-una-qcampana-de-desprestigioq-para-perjudicar-a-messi\/"},"modified":"2010-01-28T14:06:08","modified_gmt":"2010-01-28T14:06:08","slug":"el-barca-denuncio-una-qcampana-de-desprestigioq-para-perjudicar-a-messi","status":"publish","type":"post","link":"https:\/\/aeronoticias.com.pe\/noticiero\/deportes\/el-barca-denuncio-una-qcampana-de-desprestigioq-para-perjudicar-a-messi\/","title":{"rendered":"El Barca denunci\u00f3 una \u00abcampa\u00f1a de desprestigio\u00bb para perjudicar a Messi"},"content":{"rendered":"<div style=\"text-align: justify\">La prensa apoy\u00f3 hoy de forma un\u00e1nime al delantero tras su implicaci\u00f3n involuntaria en el \u00abcaso Cristiano Ronaldo\u00bb. El argentino entr\u00f3 en escena con la pol\u00e9mica sanci\u00f3n de dos partidos al portugu\u00e9s. El Madrid decidi\u00f3 apelar el castigo y dijo que la \u00abPulga\u00bb no fue sancionado anteriormente por una acci\u00f3n similar.<\/div>\n<div style=\"text-align: justify\"><\/div>\n<div style=\"text-align: justify\">El diario \u00abSport\u00bb destac\u00f3 que \u00abmientras Messi es un ejemplo dentro y fuera del campo, la fama que precede al portugu\u00e9s hace un tanto complicado que su empe\u00f1o llegue a buen puerto\u00bb.<\/div>\n<div style=\"text-align: justify\">\n<div style=\"text-align: center\"><img decoding=\"async\" src=\"images\/stories\/10\/01\/280110\/messi.jpg\" border=\"0\" alt=\"El Bar\u00e7a denunci\u00f3 una \" title=\"El Bar\u00e7a denunci\u00f3 una \" \/><\/div>\n<\/div>\n<div style=\"text-align: justify\">\u00abDesde la capital (Madrid) han iniciado una campa\u00f1a de desprestigio contra el mejor jugador del mundo con el \u00fanico fin de salvar la imagen de Cristiano Ronaldo\u00bb, a\u00f1adi\u00f3 el peri\u00f3dico. Hasta ahora Messi no habl\u00f3 sobre el asunto y no parece que vaya a hacerlo.<\/div>\n<div style=\"text-align: justify\"><\/div>\n<div style=\"text-align: justify\">\u00abSi habitualmente Leo hace gala de una discreci\u00f3n extrema, en esta ocasi\u00f3n no va a hacer una excepci\u00f3n. Sabe que quieren utilizarle y para evitarlo se mantendr\u00e1 ajeno a todo\u00bb, asegur\u00f3 \u00abSport\u00bb.<\/div>\n<div style=\"text-align: justify\"><\/div>\n<div style=\"text-align: justify\">\u00abMundo Deportivo\u00bb tambi\u00e9n recurri\u00f3 a la comparaci\u00f3n entre ambos deportistas para defender al argentino.<\/div>\n<div style=\"text-align: justify\"><\/div>\n<div style=\"text-align: justify\">\u00abCristiano y Leo son dos jugadores extraordinarios, pero sus comportamientos ante el p\u00fablico son opuestos. El blaugrana es la discreci\u00f3n y el madridista el exhibicionismo imp\u00fadico. Messi calla cuando rueda por el suelo, mientras Cristiano sobreact\u00faa y provoca\u00bb, opin\u00f3.<\/div>\n<div style=\"text-align: justify\"><\/div>\n","protected":false},"excerpt":{"rendered":"<p>La prensa apoy\u00f3 hoy de forma un\u00e1nime al delantero tras su implicaci\u00f3n involuntaria en el \u00abcaso Cristiano Ronaldo\u00bb. El argentino entr\u00f3 en escena con la pol\u00e9mica sanci\u00f3n de dos partidos al portugu\u00e9s. El Madrid decidi\u00f3 apelar el castigo y dijo que la \u00abPulga\u00bb no fue sancionado anteriormente por una acci\u00f3n similar. El diario \u00abSport\u00bb destac\u00f3 [&hellip;]<\/p>\n","protected":false},"author":1,"featured_media":0,"comment_status":"open","ping_status":"open","sticky":false,"template":"","format":"standard","meta":{"tdm_status":"","tdm_grid_status":"","footnotes":""},"categories":[40],"tags":[],"class_list":{"0":"post-8492","1":"post","2":"type-post","3":"status-publish","4":"format-standard","6":"category-deportes"},"yoast_head":"<!-- This site is optimized with the Yoast SEO plugin v25.1 - https:\/\/yoast.com\/wordpress\/plugins\/seo\/ -->\n<title>El Barca denunci\u00f3 una &quot;campa\u00f1a de desprestigio&quot; para perjudicar a Messi<\/title>\n<meta name=\"description\" content=\"Portal de noticias del Per\u00fa sobre el transporte a\u00e9reo, aviaci\u00f3n, turismo, hoteleria, actualidad.\" \/>\n<meta name=\"robots\" content=\"index, follow, max-snippet:-1, max-image-preview:large, max-video-preview:-1\" \/>\n<link rel=\"canonical\" href=\"https:\/\/aeronoticias.com.pe\/noticiero\/deportes\/el-barca-denuncio-una-qcampana-de-desprestigioq-para-perjudicar-a-messi\/\" \/>\n<meta property=\"og:locale\" content=\"es_ES\" \/>\n<meta property=\"og:type\" content=\"article\" \/>\n<meta property=\"og:title\" content=\"El Barca denunci\u00f3 una &quot;campa\u00f1a de desprestigio&quot; para perjudicar a Messi\" \/>\n<meta property=\"og:description\" content=\"Portal de noticias del Per\u00fa sobre el transporte a\u00e9reo, aviaci\u00f3n, turismo, hoteleria, actualidad.\" \/>\n<meta property=\"og:url\" content=\"https:\/\/aeronoticias.com.pe\/noticiero\/deportes\/el-barca-denuncio-una-qcampana-de-desprestigioq-para-perjudicar-a-messi\/\" \/>\n<meta property=\"og:site_name\" content=\"Aeronoticias.com.pe\" \/>\n<meta property=\"article:publisher\" content=\"https:\/\/www.facebook.com\/Aeronoticias.com.pe\/\" \/>\n<meta property=\"article:published_time\" content=\"2010-01-28T14:06:08+00:00\" \/>\n<meta name=\"author\" content=\"Redacci\u00f3n Aeronoticias\" \/>\n<meta name=\"twitter:card\" content=\"summary_large_image\" \/>\n<meta name=\"twitter:creator\" content=\"@aeronoticias\" \/>\n<meta name=\"twitter:site\" content=\"@aeronoticias\" \/>\n<meta name=\"twitter:label1\" content=\"Escrito por\" \/>\n\t<meta name=\"twitter:data1\" content=\"Redacci\u00f3n Aeronoticias\" \/>\n\t<meta name=\"twitter:label2\" content=\"Tiempo de lectura\" \/>\n\t<meta name=\"twitter:data2\" content=\"1 minuto\" \/>\n<script type=\"application\/ld+json\" class=\"yoast-schema-graph\">{\"@context\":\"https:\/\/schema.org\",\"@graph\":[{\"@type\":\"WebPage\",\"@id\":\"https:\/\/aeronoticias.com.pe\/noticiero\/deportes\/el-barca-denuncio-una-qcampana-de-desprestigioq-para-perjudicar-a-messi\/\",\"url\":\"https:\/\/aeronoticias.com.pe\/noticiero\/deportes\/el-barca-denuncio-una-qcampana-de-desprestigioq-para-perjudicar-a-messi\/\",\"name\":\"El Barca denunci\u00f3 una \\\"campa\u00f1a de desprestigio\\\" para perjudicar a Messi\",\"isPartOf\":{\"@id\":\"https:\/\/aeronoticias.com.pe\/noticiero\/#website\"},\"datePublished\":\"2010-01-28T14:06:08+00:00\",\"author\":{\"@id\":\"https:\/\/aeronoticias.com.pe\/noticiero\/#\/schema\/person\/fc1e5d578f4b62ba1cf7ac2bba1170a0\"},\"description\":\"Portal de noticias del Per\u00fa sobre el transporte a\u00e9reo, aviaci\u00f3n, turismo, hoteleria, actualidad.\",\"breadcrumb\":{\"@id\":\"https:\/\/aeronoticias.com.pe\/noticiero\/deportes\/el-barca-denuncio-una-qcampana-de-desprestigioq-para-perjudicar-a-messi\/#breadcrumb\"},\"inLanguage\":\"es\",\"potentialAction\":[{\"@type\":\"ReadAction\",\"target\":[\"https:\/\/aeronoticias.com.pe\/noticiero\/deportes\/el-barca-denuncio-una-qcampana-de-desprestigioq-para-perjudicar-a-messi\/\"]}]},{\"@type\":\"BreadcrumbList\",\"@id\":\"https:\/\/aeronoticias.com.pe\/noticiero\/deportes\/el-barca-denuncio-una-qcampana-de-desprestigioq-para-perjudicar-a-messi\/#breadcrumb\",\"itemListElement\":[{\"@type\":\"ListItem\",\"position\":1,\"name\":\"Portada\",\"item\":\"https:\/\/aeronoticias.com.pe\/noticiero\/\"},{\"@type\":\"ListItem\",\"position\":2,\"name\":\"El Barca denunci\u00f3 una \u00abcampa\u00f1a de desprestigio\u00bb para perjudicar a Messi\"}]},{\"@type\":\"WebSite\",\"@id\":\"https:\/\/aeronoticias.com.pe\/noticiero\/#website\",\"url\":\"https:\/\/aeronoticias.com.pe\/noticiero\/\",\"name\":\"Aeronoticias.com.pe\",\"description\":\"Noticias de tranporte aereo, turismo, hoteles, gastronomia, actualidad, internacional\",\"potentialAction\":[{\"@type\":\"SearchAction\",\"target\":{\"@type\":\"EntryPoint\",\"urlTemplate\":\"https:\/\/aeronoticias.com.pe\/noticiero\/?s={search_term_string}\"},\"query-input\":{\"@type\":\"PropertyValueSpecification\",\"valueRequired\":true,\"valueName\":\"search_term_string\"}}],\"inLanguage\":\"es\"},{\"@type\":\"Person\",\"@id\":\"https:\/\/aeronoticias.com.pe\/noticiero\/#\/schema\/person\/fc1e5d578f4b62ba1cf7ac2bba1170a0\",\"name\":\"Redacci\u00f3n Aeronoticias\",\"url\":\"https:\/\/aeronoticias.com.pe\/noticiero\/author\/piloto\/\"}]}<\/script>\n<!-- \/ Yoast SEO plugin. -->","yoast_head_json":{"title":"El Barca denunci\u00f3 una \"campa\u00f1a de desprestigio\" para perjudicar a Messi","description":"Portal de noticias del Per\u00fa sobre el transporte a\u00e9reo, aviaci\u00f3n, turismo, hoteleria, actualidad.","robots":{"index":"index","follow":"follow","max-snippet":"max-snippet:-1","max-image-preview":"max-image-preview:large","max-video-preview":"max-video-preview:-1"},"canonical":"https:\/\/aeronoticias.com.pe\/noticiero\/deportes\/el-barca-denuncio-una-qcampana-de-desprestigioq-para-perjudicar-a-messi\/","og_locale":"es_ES","og_type":"article","og_title":"El Barca denunci\u00f3 una \"campa\u00f1a de desprestigio\" para perjudicar a Messi","og_description":"Portal de noticias del Per\u00fa sobre el transporte a\u00e9reo, aviaci\u00f3n, turismo, hoteleria, actualidad.","og_url":"https:\/\/aeronoticias.com.pe\/noticiero\/deportes\/el-barca-denuncio-una-qcampana-de-desprestigioq-para-perjudicar-a-messi\/","og_site_name":"Aeronoticias.com.pe","article_publisher":"https:\/\/www.facebook.com\/Aeronoticias.com.pe\/","article_published_time":"2010-01-28T14:06:08+00:00","author":"Redacci\u00f3n Aeronoticias","twitter_card":"summary_large_image","twitter_creator":"@aeronoticias","twitter_site":"@aeronoticias","twitter_misc":{"Escrito por":"Redacci\u00f3n Aeronoticias","Tiempo de lectura":"1 minuto"},"schema":{"@context":"https:\/\/schema.org","@graph":[{"@type":"WebPage","@id":"https:\/\/aeronoticias.com.pe\/noticiero\/deportes\/el-barca-denuncio-una-qcampana-de-desprestigioq-para-perjudicar-a-messi\/","url":"https:\/\/aeronoticias.com.pe\/noticiero\/deportes\/el-barca-denuncio-una-qcampana-de-desprestigioq-para-perjudicar-a-messi\/","name":"El Barca denunci\u00f3 una \"campa\u00f1a de desprestigio\" para perjudicar a Messi","isPartOf":{"@id":"https:\/\/aeronoticias.com.pe\/noticiero\/#website"},"datePublished":"2010-01-28T14:06:08+00:00","author":{"@id":"https:\/\/aeronoticias.com.pe\/noticiero\/#\/schema\/person\/fc1e5d578f4b62ba1cf7ac2bba1170a0"},"description":"Portal de noticias del Per\u00fa sobre el transporte a\u00e9reo, aviaci\u00f3n, turismo, hoteleria, actualidad.","breadcrumb":{"@id":"https:\/\/aeronoticias.com.pe\/noticiero\/deportes\/el-barca-denuncio-una-qcampana-de-desprestigioq-para-perjudicar-a-messi\/#breadcrumb"},"inLanguage":"es","potentialAction":[{"@type":"ReadAction","target":["https:\/\/aeronoticias.com.pe\/noticiero\/deportes\/el-barca-denuncio-una-qcampana-de-desprestigioq-para-perjudicar-a-messi\/"]}]},{"@type":"BreadcrumbList","@id":"https:\/\/aeronoticias.com.pe\/noticiero\/deportes\/el-barca-denuncio-una-qcampana-de-desprestigioq-para-perjudicar-a-messi\/#breadcrumb","itemListElement":[{"@type":"ListItem","position":1,"name":"Portada","item":"https:\/\/aeronoticias.com.pe\/noticiero\/"},{"@type":"ListItem","position":2,"name":"El Barca denunci\u00f3 una \u00abcampa\u00f1a de desprestigio\u00bb para perjudicar a Messi"}]},{"@type":"WebSite","@id":"https:\/\/aeronoticias.com.pe\/noticiero\/#website","url":"https:\/\/aeronoticias.com.pe\/noticiero\/","name":"Aeronoticias.com.pe","description":"Noticias de tranporte aereo, turismo, hoteles, gastronomia, actualidad, internacional","potentialAction":[{"@type":"SearchAction","target":{"@type":"EntryPoint","urlTemplate":"https:\/\/aeronoticias.com.pe\/noticiero\/?s={search_term_string}"},"query-input":{"@type":"PropertyValueSpecification","valueRequired":true,"valueName":"search_term_string"}}],"inLanguage":"es"},{"@type":"Person","@id":"https:\/\/aeronoticias.com.pe\/noticiero\/#\/schema\/person\/fc1e5d578f4b62ba1cf7ac2bba1170a0","name":"Redacci\u00f3n Aeronoticias","url":"https:\/\/aeronoticias.com.pe\/noticiero\/author\/piloto\/"}]}},"_links":{"self":[{"href":"https:\/\/aeronoticias.com.pe\/noticiero\/wp-json\/wp\/v2\/posts\/8492","targetHints":{"allow":["GET"]}}],"collection":[{"href":"https:\/\/aeronoticias.com.pe\/noticiero\/wp-json\/wp\/v2\/posts"}],"about":[{"href":"https:\/\/aeronoticias.com.pe\/noticiero\/wp-json\/wp\/v2\/types\/post"}],"author":[{"embeddable":true,"href":"https:\/\/aeronoticias.com.pe\/noticiero\/wp-json\/wp\/v2\/users\/1"}],"replies":[{"embeddable":true,"href":"https:\/\/aeronoticias.com.pe\/noticiero\/wp-json\/wp\/v2\/comments?post=8492"}],"version-history":[{"count":0,"href":"https:\/\/aeronoticias.com.pe\/noticiero\/wp-json\/wp\/v2\/posts\/8492\/revisions"}],"wp:attachment":[{"href":"https:\/\/aeronoticias.com.pe\/noticiero\/wp-json\/wp\/v2\/media?parent=8492"}],"wp:term":[{"taxonomy":"category","embeddable":true,"href":"https:\/\/aeronoticias.com.pe\/noticiero\/wp-json\/wp\/v2\/categories?post=8492"},{"taxonomy":"post_tag","embeddable":true,"href":"https:\/\/aeronoticias.com.pe\/noticiero\/wp-json\/wp\/v2\/tags?post=8492"}],"curies":[{"name":"wp","href":"https:\/\/api.w.org\/{rel}","templated":true}]}}