{"id":84926,"date":"2023-08-02T13:00:08","date_gmt":"2023-08-02T18:00:08","guid":{"rendered":"https:\/\/aeronoticias.com.pe\/noticiero\/?p=84926"},"modified":"2023-08-02T14:46:01","modified_gmt":"2023-08-02T19:46:01","slug":"enfrentando-lo-desconocido-la-nasa-pierde-contacto-con-astronauta-varado-en-el-espacio-durante-10-meses","status":"publish","type":"post","link":"https:\/\/aeronoticias.com.pe\/noticiero\/mundo\/enfrentando-lo-desconocido-la-nasa-pierde-contacto-con-astronauta-varado-en-el-espacio-durante-10-meses\/","title":{"rendered":"\u00abEnfrentando lo desconocido: La NASA pierde contacto con astronauta varado en el espacio durante 10 meses\u00bb"},"content":{"rendered":"\n<p>(Aeronoticias) En una noticia sorprendente, la NASA ha anunciado que ha perdido contacto con uno de sus astronautas que ha estado varado en el espacio durante m\u00e1s de 10 meses. La situaci\u00f3n ha generado preocupaci\u00f3n tanto en la comunidad espacial como en el p\u00fablico en general.<br><br>El astronauta, cuyo nombre no ha sido revelado p\u00fablicamente, formaba parte de una misi\u00f3n espacial de larga duraci\u00f3n en la Estaci\u00f3n Espacial Internacional (EEI). Durante los \u00faltimos 10 meses, \u00e9l y su equipo han estado realizando una serie de experimentos cient\u00edficos y llevando a cabo tareas de mantenimiento en la estaci\u00f3n.<\/p>\n\n\n\n<p>Sin embargo, hace aproximadamente dos semanas, la NASA perdi\u00f3 repentinamente la comunicaci\u00f3n con la nave espacial que transporta al astronauta y su equipo. Los intentos de restablecer el contacto han sido infructuosos hasta el momento.<\/p>\n\n\n\n<p>Los controladores de la misi\u00f3n en la Tierra est\u00e1n trabajando incansablemente para resolver el problema t\u00e9cnico y restablecer la comunicaci\u00f3n con la nave espacial. Los detalles sobre la causa de la p\u00e9rdida de contacto a\u00fan no han sido divulgados por la agencia espacial, y se espera que se realice una investigaci\u00f3n exhaustiva para determinar las causas del incidente.<\/p>\n\n\n\n<p>La seguridad y el bienestar del astronauta varado y de su equipo son la m\u00e1xima prioridad para la NASA. Se est\u00e1n considerando todas las opciones para brindar asistencia y garantizar su regreso seguro a la Tierra.<br>Mientras tanto, colegas astronautas, expertos en comunicaciones y equipos de apoyo en todo el mundo se han unido para ofrecer su ayuda en la resoluci\u00f3n del problema. La comunidad espacial est\u00e1 demostrando una vez m\u00e1s su solidaridad y compromiso en momentos de dificultad.<\/p>\n\n\n\n<p>La situaci\u00f3n actual resalta los riesgos inherentes asociados con la exploraci\u00f3n espacial de larga duraci\u00f3n y la necesidad de continuar investigando y mejorando las tecnolog\u00edas de comunicaci\u00f3n y seguridad para las misiones futuras.<\/p>\n\n\n\n<p>La NASA est\u00e1 proporcionando actualizaciones peri\u00f3dicas sobre la situaci\u00f3n a medida que se desarrolla. Los pensamientos y oraciones de la comunidad espacial y el p\u00fablico est\u00e1n con el astronauta y su equipo, con la esperanza de un pronto y seguro regreso a casa.<\/p>\n\n\n\n<p><em>Fuente: La Rep\u00fablica<br><\/em><br><strong><em>Por: Sebasti\u00e1n Palacin<\/em><\/strong><\/p>\n","protected":false},"excerpt":{"rendered":"<p>(Aeronoticias) En una noticia sorprendente, la NASA ha anunciado que ha perdido contacto con uno de sus astronautas que ha estado varado en el espacio durante m\u00e1s de 10 meses. La situaci\u00f3n ha generado preocupaci\u00f3n tanto en la comunidad espacial como en el p\u00fablico en general. El astronauta, cuyo nombre no ha sido revelado p\u00fablicamente, [&hellip;]<\/p>\n","protected":false},"author":3,"featured_media":84930,"comment_status":"open","ping_status":"open","sticky":false,"template":"","format":"standard","meta":{"tdm_status":"","tdm_grid_status":"","footnotes":""},"categories":[28,64],"tags":[],"class_list":{"0":"post-84926","1":"post","2":"type-post","3":"status-publish","4":"format-standard","5":"has-post-thumbnail","7":"category-mundo","8":"category-mundo-mundo"},"yoast_head":"<!-- This site is optimized with the Yoast SEO plugin v25.1 - https:\/\/yoast.com\/wordpress\/plugins\/seo\/ -->\n<title>&quot;Enfrentando lo desconocido: La NASA pierde contacto con astronauta varado en el espacio durante 10 meses&quot;<\/title>\n<meta name=\"description\" content=\"En una noticia sorprendente, la NASA ha anunciado que ha perdido contacto con uno de sus astronautas que ha estado varado en el espacio durante m\u00e1s de 10 meses.\" \/>\n<meta name=\"robots\" content=\"index, follow, max-snippet:-1, max-image-preview:large, max-video-preview:-1\" \/>\n<link rel=\"canonical\" href=\"https:\/\/aeronoticias.com.pe\/noticiero\/mundo\/enfrentando-lo-desconocido-la-nasa-pierde-contacto-con-astronauta-varado-en-el-espacio-durante-10-meses\/\" \/>\n<meta property=\"og:locale\" content=\"es_ES\" \/>\n<meta property=\"og:type\" content=\"article\" \/>\n<meta property=\"og:title\" content=\"&quot;Enfrentando lo desconocido: La NASA pierde contacto con astronauta varado en el espacio durante 10 meses&quot;\" \/>\n<meta property=\"og:description\" content=\"En una noticia sorprendente, la NASA ha anunciado que ha perdido contacto con uno de sus astronautas que ha estado varado en el espacio durante m\u00e1s de 10 meses.\" \/>\n<meta property=\"og:url\" content=\"https:\/\/aeronoticias.com.pe\/noticiero\/mundo\/enfrentando-lo-desconocido-la-nasa-pierde-contacto-con-astronauta-varado-en-el-espacio-durante-10-meses\/\" \/>\n<meta property=\"og:site_name\" content=\"Aeronoticias.com.pe\" \/>\n<meta property=\"article:publisher\" content=\"https:\/\/www.facebook.com\/Aeronoticias.com.pe\/\" \/>\n<meta property=\"article:published_time\" content=\"2023-08-02T18:00:08+00:00\" \/>\n<meta property=\"article:modified_time\" content=\"2023-08-02T19:46:01+00:00\" \/>\n<meta property=\"og:image\" content=\"https:\/\/aeronoticias.com.pe\/noticiero\/wp-content\/uploads\/2023\/08\/astronautanasa.png\" \/>\n\t<meta property=\"og:image:width\" content=\"640\" \/>\n\t<meta property=\"og:image:height\" content=\"374\" \/>\n\t<meta property=\"og:image:type\" content=\"image\/png\" \/>\n<meta name=\"author\" content=\"Redacci\u00f3n\" \/>\n<meta name=\"twitter:card\" content=\"summary_large_image\" \/>\n<meta name=\"twitter:creator\" content=\"@aeronoticias\" \/>\n<meta name=\"twitter:site\" content=\"@aeronoticias\" \/>\n<meta name=\"twitter:label1\" content=\"Escrito por\" \/>\n\t<meta name=\"twitter:data1\" content=\"Redacci\u00f3n\" \/>\n\t<meta name=\"twitter:label2\" content=\"Tiempo de lectura\" \/>\n\t<meta name=\"twitter:data2\" content=\"2 minutos\" \/>\n<script type=\"application\/ld+json\" class=\"yoast-schema-graph\">{\"@context\":\"https:\/\/schema.org\",\"@graph\":[{\"@type\":\"WebPage\",\"@id\":\"https:\/\/aeronoticias.com.pe\/noticiero\/mundo\/enfrentando-lo-desconocido-la-nasa-pierde-contacto-con-astronauta-varado-en-el-espacio-durante-10-meses\/\",\"url\":\"https:\/\/aeronoticias.com.pe\/noticiero\/mundo\/enfrentando-lo-desconocido-la-nasa-pierde-contacto-con-astronauta-varado-en-el-espacio-durante-10-meses\/\",\"name\":\"\\\"Enfrentando lo desconocido: La NASA pierde contacto con astronauta varado en el espacio durante 10 meses\\\"\",\"isPartOf\":{\"@id\":\"https:\/\/aeronoticias.com.pe\/noticiero\/#website\"},\"primaryImageOfPage\":{\"@id\":\"https:\/\/aeronoticias.com.pe\/noticiero\/mundo\/enfrentando-lo-desconocido-la-nasa-pierde-contacto-con-astronauta-varado-en-el-espacio-durante-10-meses\/#primaryimage\"},\"image\":{\"@id\":\"https:\/\/aeronoticias.com.pe\/noticiero\/mundo\/enfrentando-lo-desconocido-la-nasa-pierde-contacto-con-astronauta-varado-en-el-espacio-durante-10-meses\/#primaryimage\"},\"thumbnailUrl\":\"https:\/\/aeronoticias.com.pe\/noticiero\/wp-content\/uploads\/2023\/08\/astronautanasa.png\",\"datePublished\":\"2023-08-02T18:00:08+00:00\",\"dateModified\":\"2023-08-02T19:46:01+00:00\",\"author\":{\"@id\":\"https:\/\/aeronoticias.com.pe\/noticiero\/#\/schema\/person\/16212a617c73f78916b13194154243bd\"},\"description\":\"En una noticia sorprendente, la NASA ha anunciado que ha perdido contacto con uno de sus astronautas que ha estado varado en el espacio durante m\u00e1s de 10 meses.\",\"breadcrumb\":{\"@id\":\"https:\/\/aeronoticias.com.pe\/noticiero\/mundo\/enfrentando-lo-desconocido-la-nasa-pierde-contacto-con-astronauta-varado-en-el-espacio-durante-10-meses\/#breadcrumb\"},\"inLanguage\":\"es\",\"potentialAction\":[{\"@type\":\"ReadAction\",\"target\":[\"https:\/\/aeronoticias.com.pe\/noticiero\/mundo\/enfrentando-lo-desconocido-la-nasa-pierde-contacto-con-astronauta-varado-en-el-espacio-durante-10-meses\/\"]}]},{\"@type\":\"ImageObject\",\"inLanguage\":\"es\",\"@id\":\"https:\/\/aeronoticias.com.pe\/noticiero\/mundo\/enfrentando-lo-desconocido-la-nasa-pierde-contacto-con-astronauta-varado-en-el-espacio-durante-10-meses\/#primaryimage\",\"url\":\"https:\/\/aeronoticias.com.pe\/noticiero\/wp-content\/uploads\/2023\/08\/astronautanasa.png\",\"contentUrl\":\"https:\/\/aeronoticias.com.pe\/noticiero\/wp-content\/uploads\/2023\/08\/astronautanasa.png\",\"width\":640,\"height\":374},{\"@type\":\"BreadcrumbList\",\"@id\":\"https:\/\/aeronoticias.com.pe\/noticiero\/mundo\/enfrentando-lo-desconocido-la-nasa-pierde-contacto-con-astronauta-varado-en-el-espacio-durante-10-meses\/#breadcrumb\",\"itemListElement\":[{\"@type\":\"ListItem\",\"position\":1,\"name\":\"Portada\",\"item\":\"https:\/\/aeronoticias.com.pe\/noticiero\/\"},{\"@type\":\"ListItem\",\"position\":2,\"name\":\"\u00abEnfrentando lo desconocido: La NASA pierde contacto con astronauta varado en el espacio durante 10 meses\u00bb\"}]},{\"@type\":\"WebSite\",\"@id\":\"https:\/\/aeronoticias.com.pe\/noticiero\/#website\",\"url\":\"https:\/\/aeronoticias.com.pe\/noticiero\/\",\"name\":\"Aeronoticias.com.pe\",\"description\":\"Noticias de tranporte aereo, turismo, hoteles, gastronomia, actualidad, internacional\",\"potentialAction\":[{\"@type\":\"SearchAction\",\"target\":{\"@type\":\"EntryPoint\",\"urlTemplate\":\"https:\/\/aeronoticias.com.pe\/noticiero\/?s={search_term_string}\"},\"query-input\":{\"@type\":\"PropertyValueSpecification\",\"valueRequired\":true,\"valueName\":\"search_term_string\"}}],\"inLanguage\":\"es\"},{\"@type\":\"Person\",\"@id\":\"https:\/\/aeronoticias.com.pe\/noticiero\/#\/schema\/person\/16212a617c73f78916b13194154243bd\",\"name\":\"Redacci\u00f3n\",\"sameAs\":[\"http:\/\/Redacci\u00f3n\"],\"url\":\"https:\/\/aeronoticias.com.pe\/noticiero\/author\/celeste\/\"}]}<\/script>\n<!-- \/ Yoast SEO plugin. -->","yoast_head_json":{"title":"\"Enfrentando lo desconocido: La NASA pierde contacto con astronauta varado en el espacio durante 10 meses\"","description":"En una noticia sorprendente, la NASA ha anunciado que ha perdido contacto con uno de sus astronautas que ha estado varado en el espacio durante m\u00e1s de 10 meses.","robots":{"index":"index","follow":"follow","max-snippet":"max-snippet:-1","max-image-preview":"max-image-preview:large","max-video-preview":"max-video-preview:-1"},"canonical":"https:\/\/aeronoticias.com.pe\/noticiero\/mundo\/enfrentando-lo-desconocido-la-nasa-pierde-contacto-con-astronauta-varado-en-el-espacio-durante-10-meses\/","og_locale":"es_ES","og_type":"article","og_title":"\"Enfrentando lo desconocido: La NASA pierde contacto con astronauta varado en el espacio durante 10 meses\"","og_description":"En una noticia sorprendente, la NASA ha anunciado que ha perdido contacto con uno de sus astronautas que ha estado varado en el espacio durante m\u00e1s de 10 meses.","og_url":"https:\/\/aeronoticias.com.pe\/noticiero\/mundo\/enfrentando-lo-desconocido-la-nasa-pierde-contacto-con-astronauta-varado-en-el-espacio-durante-10-meses\/","og_site_name":"Aeronoticias.com.pe","article_publisher":"https:\/\/www.facebook.com\/Aeronoticias.com.pe\/","article_published_time":"2023-08-02T18:00:08+00:00","article_modified_time":"2023-08-02T19:46:01+00:00","og_image":[{"width":640,"height":374,"url":"https:\/\/aeronoticias.com.pe\/noticiero\/wp-content\/uploads\/2023\/08\/astronautanasa.png","type":"image\/png"}],"author":"Redacci\u00f3n","twitter_card":"summary_large_image","twitter_creator":"@aeronoticias","twitter_site":"@aeronoticias","twitter_misc":{"Escrito por":"Redacci\u00f3n","Tiempo de lectura":"2 minutos"},"schema":{"@context":"https:\/\/schema.org","@graph":[{"@type":"WebPage","@id":"https:\/\/aeronoticias.com.pe\/noticiero\/mundo\/enfrentando-lo-desconocido-la-nasa-pierde-contacto-con-astronauta-varado-en-el-espacio-durante-10-meses\/","url":"https:\/\/aeronoticias.com.pe\/noticiero\/mundo\/enfrentando-lo-desconocido-la-nasa-pierde-contacto-con-astronauta-varado-en-el-espacio-durante-10-meses\/","name":"\"Enfrentando lo desconocido: La NASA pierde contacto con astronauta varado en el espacio durante 10 meses\"","isPartOf":{"@id":"https:\/\/aeronoticias.com.pe\/noticiero\/#website"},"primaryImageOfPage":{"@id":"https:\/\/aeronoticias.com.pe\/noticiero\/mundo\/enfrentando-lo-desconocido-la-nasa-pierde-contacto-con-astronauta-varado-en-el-espacio-durante-10-meses\/#primaryimage"},"image":{"@id":"https:\/\/aeronoticias.com.pe\/noticiero\/mundo\/enfrentando-lo-desconocido-la-nasa-pierde-contacto-con-astronauta-varado-en-el-espacio-durante-10-meses\/#primaryimage"},"thumbnailUrl":"https:\/\/aeronoticias.com.pe\/noticiero\/wp-content\/uploads\/2023\/08\/astronautanasa.png","datePublished":"2023-08-02T18:00:08+00:00","dateModified":"2023-08-02T19:46:01+00:00","author":{"@id":"https:\/\/aeronoticias.com.pe\/noticiero\/#\/schema\/person\/16212a617c73f78916b13194154243bd"},"description":"En una noticia sorprendente, la NASA ha anunciado que ha perdido contacto con uno de sus astronautas que ha estado varado en el espacio durante m\u00e1s de 10 meses.","breadcrumb":{"@id":"https:\/\/aeronoticias.com.pe\/noticiero\/mundo\/enfrentando-lo-desconocido-la-nasa-pierde-contacto-con-astronauta-varado-en-el-espacio-durante-10-meses\/#breadcrumb"},"inLanguage":"es","potentialAction":[{"@type":"ReadAction","target":["https:\/\/aeronoticias.com.pe\/noticiero\/mundo\/enfrentando-lo-desconocido-la-nasa-pierde-contacto-con-astronauta-varado-en-el-espacio-durante-10-meses\/"]}]},{"@type":"ImageObject","inLanguage":"es","@id":"https:\/\/aeronoticias.com.pe\/noticiero\/mundo\/enfrentando-lo-desconocido-la-nasa-pierde-contacto-con-astronauta-varado-en-el-espacio-durante-10-meses\/#primaryimage","url":"https:\/\/aeronoticias.com.pe\/noticiero\/wp-content\/uploads\/2023\/08\/astronautanasa.png","contentUrl":"https:\/\/aeronoticias.com.pe\/noticiero\/wp-content\/uploads\/2023\/08\/astronautanasa.png","width":640,"height":374},{"@type":"BreadcrumbList","@id":"https:\/\/aeronoticias.com.pe\/noticiero\/mundo\/enfrentando-lo-desconocido-la-nasa-pierde-contacto-con-astronauta-varado-en-el-espacio-durante-10-meses\/#breadcrumb","itemListElement":[{"@type":"ListItem","position":1,"name":"Portada","item":"https:\/\/aeronoticias.com.pe\/noticiero\/"},{"@type":"ListItem","position":2,"name":"\u00abEnfrentando lo desconocido: La NASA pierde contacto con astronauta varado en el espacio durante 10 meses\u00bb"}]},{"@type":"WebSite","@id":"https:\/\/aeronoticias.com.pe\/noticiero\/#website","url":"https:\/\/aeronoticias.com.pe\/noticiero\/","name":"Aeronoticias.com.pe","description":"Noticias de tranporte aereo, turismo, hoteles, gastronomia, actualidad, internacional","potentialAction":[{"@type":"SearchAction","target":{"@type":"EntryPoint","urlTemplate":"https:\/\/aeronoticias.com.pe\/noticiero\/?s={search_term_string}"},"query-input":{"@type":"PropertyValueSpecification","valueRequired":true,"valueName":"search_term_string"}}],"inLanguage":"es"},{"@type":"Person","@id":"https:\/\/aeronoticias.com.pe\/noticiero\/#\/schema\/person\/16212a617c73f78916b13194154243bd","name":"Redacci\u00f3n","sameAs":["http:\/\/Redacci\u00f3n"],"url":"https:\/\/aeronoticias.com.pe\/noticiero\/author\/celeste\/"}]}},"_links":{"self":[{"href":"https:\/\/aeronoticias.com.pe\/noticiero\/wp-json\/wp\/v2\/posts\/84926","targetHints":{"allow":["GET"]}}],"collection":[{"href":"https:\/\/aeronoticias.com.pe\/noticiero\/wp-json\/wp\/v2\/posts"}],"about":[{"href":"https:\/\/aeronoticias.com.pe\/noticiero\/wp-json\/wp\/v2\/types\/post"}],"author":[{"embeddable":true,"href":"https:\/\/aeronoticias.com.pe\/noticiero\/wp-json\/wp\/v2\/users\/3"}],"replies":[{"embeddable":true,"href":"https:\/\/aeronoticias.com.pe\/noticiero\/wp-json\/wp\/v2\/comments?post=84926"}],"version-history":[{"count":0,"href":"https:\/\/aeronoticias.com.pe\/noticiero\/wp-json\/wp\/v2\/posts\/84926\/revisions"}],"wp:featuredmedia":[{"embeddable":true,"href":"https:\/\/aeronoticias.com.pe\/noticiero\/wp-json\/wp\/v2\/media\/84930"}],"wp:attachment":[{"href":"https:\/\/aeronoticias.com.pe\/noticiero\/wp-json\/wp\/v2\/media?parent=84926"}],"wp:term":[{"taxonomy":"category","embeddable":true,"href":"https:\/\/aeronoticias.com.pe\/noticiero\/wp-json\/wp\/v2\/categories?post=84926"},{"taxonomy":"post_tag","embeddable":true,"href":"https:\/\/aeronoticias.com.pe\/noticiero\/wp-json\/wp\/v2\/tags?post=84926"}],"curies":[{"name":"wp","href":"https:\/\/api.w.org\/{rel}","templated":true}]}}