{"id":8493,"date":"2010-01-28T14:09:21","date_gmt":"2010-01-28T14:09:21","guid":{"rendered":"http:\/\/desarrollo.mcvicious.com\/aero2020\/2010\/01\/28\/zelaya-dejo-honduras-tras-la-investidura-de-lobo\/"},"modified":"2010-01-28T14:09:21","modified_gmt":"2010-01-28T14:09:21","slug":"zelaya-dejo-honduras-tras-la-investidura-de-lobo","status":"publish","type":"post","link":"https:\/\/aeronoticias.com.pe\/noticiero\/politica\/zelaya-dejo-honduras-tras-la-investidura-de-lobo\/","title":{"rendered":"Zelaya dej\u00f3 Honduras tras la investidura de Lobo"},"content":{"rendered":"<div style=\"text-align: justify\">\u00abVolveremos\u00bb, proclam\u00f3 el derrocado mandatario hondure\u00f1o por el golpe de Roberto Micheletti el pasado 28 de junio, antes de tomar el avi\u00f3n rumbo a Rep\u00fablica Dominicana, donde permanecer\u00e1 exiliado. El nuevo presidente llam\u00f3 a la reconciliaci\u00f3n del pa\u00eds. Los hondure\u00f1os asistieron al \u00faltimo cap\u00edtulo de un golpe de Estado perfecto.\u00a0<\/div>\n<div style=\"text-align: justify\"><\/div>\n<div style=\"text-align: justify\">El presidente Manuel Zelaya, secuestrado por un comando militar y sacado del pa\u00eds en pijama hace ahora siete meses, abandon\u00f3 anoche su encierro en la embajada de Brasil en Tegucigalpa, donde vivi\u00f3 los \u00faltimos 129 d\u00edas encerrado y cada vez m\u00e1s olvidado, seg\u00fan el diario El Pa\u00eds. El jefe del Ej\u00e9rcito que lo traicion\u00f3, general Romeo V\u00e1squez, recibi\u00f3 la noticia de que los jueces no lo sentar\u00e1n en el banquillo por dirigir el golpe militar.\u00a0<\/div>\n<div style=\"text-align: justify\">\n<div style=\"text-align: center\"><img decoding=\"async\" src=\"images\/stories\/10\/01\/280110\/zelaya.jpg\" border=\"0\" alt=\"Zelaya dej\u00f3 Honduras tras la investidura de Lobo\" title=\"Zelaya dej\u00f3 Honduras tras la investidura de Lobo\" \/><\/div>\n<\/div>\n<div style=\"text-align: justify\">Roberto Micheletti, el pol\u00edtico con mano de hierro que ocup\u00f3 la silla presidencial desde la expulsi\u00f3n de Zelaya hasta ahora, fue nombrado por el Congreso \u00abdiputado vitalicio\u00bb y se beneficiar\u00e1 de una amnist\u00eda pol\u00edtica. Y Porfirio Lobo, el candidato del Partido Nacional que perdi\u00f3 frente a Zelaya en las elecciones de 2005, consigui\u00f3 ser investido presidente de Honduras en una ceremonia en la que se leyeron pasajes de la Biblia y los asistentes, tomados de la mano, agradecieron al \u00abpadre celestial\u00bb su apoyo a Honduras durante la \u00abcrisis pol\u00edtica\u00bb.<\/div>\n<div style=\"text-align: justify\"><\/div>\n<div style=\"text-align: justify\">Porfirio Lobo se qued\u00f3 solo en su toma de posesi\u00f3n. A pesar de sus desesperados esfuerzos por ganarse la simpat\u00eda de la comunidad internacional, s\u00f3lo tres presidentes, los de Taiw\u00e1n, Panam\u00e1 y Rep\u00fablica Dominicana, han asistido a su toma de posesi\u00f3n en el Estadio Nacional. \u00a0Y, en el caso del dominicano Leonel Fern\u00e1ndez, su presencia estaba motivada por su compromiso de sacar de Honduras, y en su propio avi\u00f3n, a Manuel Zelaya y a su familia. Lo que ocurri\u00f3 alrededor de las cuatro de la tarde (hora de Honduras).<\/div>\n<div style=\"text-align: justify\"><\/div>\n<div style=\"text-align: justify\">Zelaya y los suyos fueron acompa\u00f1ados hasta la base a\u00e9rea contigua al aeropuerto de Toncont\u00edn por el nuevo presidente, Porfirio Lobo. Antes de partir, Zelaya prometi\u00f3: \u00abVolveremos\u00bb. La semana pasada, Lobo viaj\u00f3 a Santo Domingo acompa\u00f1ado del resto de los candidatos presidenciales, a los que incluy\u00f3 en su Gobierno, para pedirle a Fern\u00e1ndez que acogiese a Zelaya como \u00abhu\u00e9sped invitado\u00bb.<\/div>\n<div style=\"text-align: justify\"><\/div>\n<div style=\"text-align: justify\">Ya hac\u00eda tiempo que el presidente derrocado ven\u00eda manifestando, aunque siempre en privado, que estaba \u00abharto\u00bb de su est\u00e9ril encierro de cuatro meses en la embajada de Brasil. Zelaya hab\u00eda perdido todas las esperanzas de regresar al poder ni siquiera un minuto, ni siquiera de forma simb\u00f3lica. \u00a0El golpista Roberto Micheletti le hab\u00eda ganado definitivamente el pulso. A \u00e9l y a la comunidad internacional por completo.<\/div>\n<div style=\"text-align: justify\"><\/div>\n<div style=\"text-align: justify\">De ah\u00ed que el golpe de Estado de Honduras haya resultado un modelo de perfecci\u00f3n, aunque de perfecci\u00f3n antidemocr\u00e1tica. \u00a0Desde el 28 de junio, unas horas despu\u00e9s de que los militares sacaran a Zelaya del pa\u00eds y lo abandonaran en Costa Rica, Micheletti tuvo claro que sus objetivos como nuevo jefe de Gobierno eran dos.<\/div>\n<div style=\"text-align: justify\"><\/div>\n<div style=\"text-align: justify\">Dejar fuera de juego para siempre a Zelaya y lograr que el 27 de enero de 2010 un nuevo presidente tomara las riendas de Honduras como si no hubiera pasado nada. No le fue del todo f\u00e1cil hacerlo, pero no le tembl\u00f3 el pulso. Con una unanimidad nunca antes vista, la comunidad internacional se le puso en contra, bloque\u00f3 las ayudas, quit\u00f3 los visados a los miembros de su equipo, envi\u00f3 a Honduras a representantes de alto nivel que una y otra vez chocaban contra una roca llamada Micheletti.<\/div>\n<div style=\"text-align: justify\"><\/div>\n<div style=\"text-align: justify\">Durante los tres primeros meses, Zelaya intent\u00f3 varias veces regresar a su pa\u00eds, por avi\u00f3n, por tierra, hasta que al 21 de septiembre consigui\u00f3 colarse en la embajada de Brasil. Micheletti decret\u00f3 el toque de queda, suspendi\u00f3 algunas garant\u00edas constitucionales y esper\u00f3. Hoy tuvo su recompensa. Zelaya afuera. Lobo adentro. \u00c9l, diputado vitalicio y protegido por una amnist\u00eda, y su general Romeo, tambi\u00e9n inmune, vestido de gala en el palco de autoridades.\u00a0<\/div>\n<div style=\"text-align: justify\"><\/div>\n<div style=\"text-align: justify\">Aeronoticias considera\u00a0resaltante\u00a0el hecho de que Micheletti hasta se permiti\u00f3 el detalle de no asistir a la toma de posesi\u00f3n, para no robarle foco al nuevo presidente, y se conform\u00f3 con asistir a misa en compa\u00f1\u00eda de sus leales. \u00a0Lobo tiene ahora ante s\u00ed una dif\u00edcil papeleta. A sus 62 a\u00f1os, recibe un pa\u00eds con una deuda \u00abinmanejable\u00bb, seg\u00fan reconoci\u00f3 en su discurso de investidura.\u00a0<\/div>\n<div style=\"text-align: justify\"><\/div>\n<div style=\"text-align: justify\">\u00abHonduras\u00bb, a\u00f1adi\u00f3, \u00abha dejado de recibir m\u00e1s de 2.000 millones de d\u00f3lares en ayuda internacional durante al crisis. Con ese dinero hubi\u00e9ramos podido pagar las medicinas que necesitamos durante los pr\u00f3ximos 20 a\u00f1os. Necesitamos reconciliarnos con la comunidad internacional\u00bb. Para lograrlo, y como muestra de buena voluntad, Lobo accedi\u00f3 a incluir en su Gobierno a los candidatos por \u00e9l derrotados. Pero luego se mont\u00f3 en un jeep y pas\u00f3 revista a las tropas junto al general golpista vestido de gala.<\/div>\n<div style=\"text-align: justify\"><\/div>\n","protected":false},"excerpt":{"rendered":"<p>\u00abVolveremos\u00bb, proclam\u00f3 el derrocado mandatario hondure\u00f1o por el golpe de Roberto Micheletti el pasado 28 de junio, antes de tomar el avi\u00f3n rumbo a Rep\u00fablica Dominicana, donde permanecer\u00e1 exiliado. El nuevo presidente llam\u00f3 a la reconciliaci\u00f3n del pa\u00eds. Los hondure\u00f1os asistieron al \u00faltimo cap\u00edtulo de un golpe de Estado perfecto.\u00a0 El presidente Manuel Zelaya, secuestrado [&hellip;]<\/p>\n","protected":false},"author":1,"featured_media":0,"comment_status":"open","ping_status":"open","sticky":false,"template":"","format":"standard","meta":{"tdm_status":"","tdm_grid_status":"","footnotes":""},"categories":[36],"tags":[],"class_list":{"0":"post-8493","1":"post","2":"type-post","3":"status-publish","4":"format-standard","6":"category-politica"},"yoast_head":"<!-- This site is optimized with the Yoast SEO plugin v25.1 - https:\/\/yoast.com\/wordpress\/plugins\/seo\/ -->\n<title>Zelaya dej\u00f3 Honduras tras la investidura de Lobo<\/title>\n<meta name=\"description\" content=\"Portal de noticias del Per\u00fa sobre el transporte a\u00e9reo, aviaci\u00f3n, turismo, hoteleria, actualidad.\" \/>\n<meta name=\"robots\" content=\"index, follow, max-snippet:-1, max-image-preview:large, max-video-preview:-1\" \/>\n<link rel=\"canonical\" href=\"https:\/\/aeronoticias.com.pe\/noticiero\/politica\/zelaya-dejo-honduras-tras-la-investidura-de-lobo\/\" \/>\n<meta property=\"og:locale\" content=\"es_ES\" \/>\n<meta property=\"og:type\" content=\"article\" \/>\n<meta property=\"og:title\" content=\"Zelaya dej\u00f3 Honduras tras la investidura de Lobo\" \/>\n<meta property=\"og:description\" content=\"Portal de noticias del Per\u00fa sobre el transporte a\u00e9reo, aviaci\u00f3n, turismo, hoteleria, actualidad.\" \/>\n<meta property=\"og:url\" content=\"https:\/\/aeronoticias.com.pe\/noticiero\/politica\/zelaya-dejo-honduras-tras-la-investidura-de-lobo\/\" \/>\n<meta property=\"og:site_name\" content=\"Aeronoticias.com.pe\" \/>\n<meta property=\"article:publisher\" content=\"https:\/\/www.facebook.com\/Aeronoticias.com.pe\/\" \/>\n<meta property=\"article:published_time\" content=\"2010-01-28T14:09:21+00:00\" \/>\n<meta name=\"author\" content=\"Redacci\u00f3n Aeronoticias\" \/>\n<meta name=\"twitter:card\" content=\"summary_large_image\" \/>\n<meta name=\"twitter:creator\" content=\"@aeronoticias\" \/>\n<meta name=\"twitter:site\" content=\"@aeronoticias\" \/>\n<meta name=\"twitter:label1\" content=\"Escrito por\" \/>\n\t<meta name=\"twitter:data1\" content=\"Redacci\u00f3n Aeronoticias\" \/>\n\t<meta name=\"twitter:label2\" content=\"Tiempo de lectura\" \/>\n\t<meta name=\"twitter:data2\" content=\"4 minutos\" \/>\n<script type=\"application\/ld+json\" class=\"yoast-schema-graph\">{\"@context\":\"https:\/\/schema.org\",\"@graph\":[{\"@type\":\"WebPage\",\"@id\":\"https:\/\/aeronoticias.com.pe\/noticiero\/politica\/zelaya-dejo-honduras-tras-la-investidura-de-lobo\/\",\"url\":\"https:\/\/aeronoticias.com.pe\/noticiero\/politica\/zelaya-dejo-honduras-tras-la-investidura-de-lobo\/\",\"name\":\"Zelaya dej\u00f3 Honduras tras la investidura de Lobo\",\"isPartOf\":{\"@id\":\"https:\/\/aeronoticias.com.pe\/noticiero\/#website\"},\"datePublished\":\"2010-01-28T14:09:21+00:00\",\"author\":{\"@id\":\"https:\/\/aeronoticias.com.pe\/noticiero\/#\/schema\/person\/fc1e5d578f4b62ba1cf7ac2bba1170a0\"},\"description\":\"Portal de noticias del Per\u00fa sobre el transporte a\u00e9reo, aviaci\u00f3n, turismo, hoteleria, actualidad.\",\"breadcrumb\":{\"@id\":\"https:\/\/aeronoticias.com.pe\/noticiero\/politica\/zelaya-dejo-honduras-tras-la-investidura-de-lobo\/#breadcrumb\"},\"inLanguage\":\"es\",\"potentialAction\":[{\"@type\":\"ReadAction\",\"target\":[\"https:\/\/aeronoticias.com.pe\/noticiero\/politica\/zelaya-dejo-honduras-tras-la-investidura-de-lobo\/\"]}]},{\"@type\":\"BreadcrumbList\",\"@id\":\"https:\/\/aeronoticias.com.pe\/noticiero\/politica\/zelaya-dejo-honduras-tras-la-investidura-de-lobo\/#breadcrumb\",\"itemListElement\":[{\"@type\":\"ListItem\",\"position\":1,\"name\":\"Portada\",\"item\":\"https:\/\/aeronoticias.com.pe\/noticiero\/\"},{\"@type\":\"ListItem\",\"position\":2,\"name\":\"Zelaya dej\u00f3 Honduras tras la investidura de Lobo\"}]},{\"@type\":\"WebSite\",\"@id\":\"https:\/\/aeronoticias.com.pe\/noticiero\/#website\",\"url\":\"https:\/\/aeronoticias.com.pe\/noticiero\/\",\"name\":\"Aeronoticias.com.pe\",\"description\":\"Noticias de tranporte aereo, turismo, hoteles, gastronomia, actualidad, internacional\",\"potentialAction\":[{\"@type\":\"SearchAction\",\"target\":{\"@type\":\"EntryPoint\",\"urlTemplate\":\"https:\/\/aeronoticias.com.pe\/noticiero\/?s={search_term_string}\"},\"query-input\":{\"@type\":\"PropertyValueSpecification\",\"valueRequired\":true,\"valueName\":\"search_term_string\"}}],\"inLanguage\":\"es\"},{\"@type\":\"Person\",\"@id\":\"https:\/\/aeronoticias.com.pe\/noticiero\/#\/schema\/person\/fc1e5d578f4b62ba1cf7ac2bba1170a0\",\"name\":\"Redacci\u00f3n Aeronoticias\",\"url\":\"https:\/\/aeronoticias.com.pe\/noticiero\/author\/piloto\/\"}]}<\/script>\n<!-- \/ Yoast SEO plugin. -->","yoast_head_json":{"title":"Zelaya dej\u00f3 Honduras tras la investidura de Lobo","description":"Portal de noticias del Per\u00fa sobre el transporte a\u00e9reo, aviaci\u00f3n, turismo, hoteleria, actualidad.","robots":{"index":"index","follow":"follow","max-snippet":"max-snippet:-1","max-image-preview":"max-image-preview:large","max-video-preview":"max-video-preview:-1"},"canonical":"https:\/\/aeronoticias.com.pe\/noticiero\/politica\/zelaya-dejo-honduras-tras-la-investidura-de-lobo\/","og_locale":"es_ES","og_type":"article","og_title":"Zelaya dej\u00f3 Honduras tras la investidura de Lobo","og_description":"Portal de noticias del Per\u00fa sobre el transporte a\u00e9reo, aviaci\u00f3n, turismo, hoteleria, actualidad.","og_url":"https:\/\/aeronoticias.com.pe\/noticiero\/politica\/zelaya-dejo-honduras-tras-la-investidura-de-lobo\/","og_site_name":"Aeronoticias.com.pe","article_publisher":"https:\/\/www.facebook.com\/Aeronoticias.com.pe\/","article_published_time":"2010-01-28T14:09:21+00:00","author":"Redacci\u00f3n Aeronoticias","twitter_card":"summary_large_image","twitter_creator":"@aeronoticias","twitter_site":"@aeronoticias","twitter_misc":{"Escrito por":"Redacci\u00f3n Aeronoticias","Tiempo de lectura":"4 minutos"},"schema":{"@context":"https:\/\/schema.org","@graph":[{"@type":"WebPage","@id":"https:\/\/aeronoticias.com.pe\/noticiero\/politica\/zelaya-dejo-honduras-tras-la-investidura-de-lobo\/","url":"https:\/\/aeronoticias.com.pe\/noticiero\/politica\/zelaya-dejo-honduras-tras-la-investidura-de-lobo\/","name":"Zelaya dej\u00f3 Honduras tras la investidura de Lobo","isPartOf":{"@id":"https:\/\/aeronoticias.com.pe\/noticiero\/#website"},"datePublished":"2010-01-28T14:09:21+00:00","author":{"@id":"https:\/\/aeronoticias.com.pe\/noticiero\/#\/schema\/person\/fc1e5d578f4b62ba1cf7ac2bba1170a0"},"description":"Portal de noticias del Per\u00fa sobre el transporte a\u00e9reo, aviaci\u00f3n, turismo, hoteleria, actualidad.","breadcrumb":{"@id":"https:\/\/aeronoticias.com.pe\/noticiero\/politica\/zelaya-dejo-honduras-tras-la-investidura-de-lobo\/#breadcrumb"},"inLanguage":"es","potentialAction":[{"@type":"ReadAction","target":["https:\/\/aeronoticias.com.pe\/noticiero\/politica\/zelaya-dejo-honduras-tras-la-investidura-de-lobo\/"]}]},{"@type":"BreadcrumbList","@id":"https:\/\/aeronoticias.com.pe\/noticiero\/politica\/zelaya-dejo-honduras-tras-la-investidura-de-lobo\/#breadcrumb","itemListElement":[{"@type":"ListItem","position":1,"name":"Portada","item":"https:\/\/aeronoticias.com.pe\/noticiero\/"},{"@type":"ListItem","position":2,"name":"Zelaya dej\u00f3 Honduras tras la investidura de Lobo"}]},{"@type":"WebSite","@id":"https:\/\/aeronoticias.com.pe\/noticiero\/#website","url":"https:\/\/aeronoticias.com.pe\/noticiero\/","name":"Aeronoticias.com.pe","description":"Noticias de tranporte aereo, turismo, hoteles, gastronomia, actualidad, internacional","potentialAction":[{"@type":"SearchAction","target":{"@type":"EntryPoint","urlTemplate":"https:\/\/aeronoticias.com.pe\/noticiero\/?s={search_term_string}"},"query-input":{"@type":"PropertyValueSpecification","valueRequired":true,"valueName":"search_term_string"}}],"inLanguage":"es"},{"@type":"Person","@id":"https:\/\/aeronoticias.com.pe\/noticiero\/#\/schema\/person\/fc1e5d578f4b62ba1cf7ac2bba1170a0","name":"Redacci\u00f3n Aeronoticias","url":"https:\/\/aeronoticias.com.pe\/noticiero\/author\/piloto\/"}]}},"_links":{"self":[{"href":"https:\/\/aeronoticias.com.pe\/noticiero\/wp-json\/wp\/v2\/posts\/8493","targetHints":{"allow":["GET"]}}],"collection":[{"href":"https:\/\/aeronoticias.com.pe\/noticiero\/wp-json\/wp\/v2\/posts"}],"about":[{"href":"https:\/\/aeronoticias.com.pe\/noticiero\/wp-json\/wp\/v2\/types\/post"}],"author":[{"embeddable":true,"href":"https:\/\/aeronoticias.com.pe\/noticiero\/wp-json\/wp\/v2\/users\/1"}],"replies":[{"embeddable":true,"href":"https:\/\/aeronoticias.com.pe\/noticiero\/wp-json\/wp\/v2\/comments?post=8493"}],"version-history":[{"count":0,"href":"https:\/\/aeronoticias.com.pe\/noticiero\/wp-json\/wp\/v2\/posts\/8493\/revisions"}],"wp:attachment":[{"href":"https:\/\/aeronoticias.com.pe\/noticiero\/wp-json\/wp\/v2\/media?parent=8493"}],"wp:term":[{"taxonomy":"category","embeddable":true,"href":"https:\/\/aeronoticias.com.pe\/noticiero\/wp-json\/wp\/v2\/categories?post=8493"},{"taxonomy":"post_tag","embeddable":true,"href":"https:\/\/aeronoticias.com.pe\/noticiero\/wp-json\/wp\/v2\/tags?post=8493"}],"curies":[{"name":"wp","href":"https:\/\/api.w.org\/{rel}","templated":true}]}}