{"id":84939,"date":"2023-08-03T11:45:43","date_gmt":"2023-08-03T16:45:43","guid":{"rendered":"https:\/\/aeronoticias.com.pe\/noticiero\/?p=84939"},"modified":"2023-08-03T11:45:56","modified_gmt":"2023-08-03T16:45:56","slug":"aerolineas-argentinas-adquirira-12-embraer-195","status":"publish","type":"post","link":"https:\/\/aeronoticias.com.pe\/noticiero\/ultimas\/1\/aerolineas-argentinas-adquirira-12-embraer-195\/","title":{"rendered":"Aerol\u00edneas Argentinas adquirir\u00e1 12 Embraer 195"},"content":{"rendered":"\n<p><strong>(Aeronoticias)<\/strong>: Estas aeronaves, de fabricaci\u00f3n brasile\u00f1a y con una capacidad m\u00e1xima para 146 pasajeros, se sumar\u00edan a la compa\u00f1\u00eda entre 2024 y 2026. Sin embargo, este tiempo puede variar dependiente los calendarios de entrega y disponibilidad.\u00a0<\/p>\n\n\n\n<p>La primera etapa de este proceso de adquisici\u00f3n esta pensada para los proveedores interesados en estos jets. As\u00ed mismo, la licitaci\u00f3n abierta permite que las empresas de leasing y el mismo fabricante, Embraer, puedan presentar propuestas de consorcio financiero para llevar a cabo la adquisici\u00f3n.&nbsp;<\/p>\n\n\n\n<p>El inter\u00e9s de la compa\u00f1\u00eda en este modelo se basa en el equilibrio que ofrece entre capacidad y rentabilidad lo que lo hace la mejor opci\u00f3n para las rutas regionales que opera actualmente Aerol\u00edneas Argentinas y las nuevas que estar\u00edan por llegar.&nbsp;<\/p>\n\n\n\n<p>De igual manera, las aeronaves reemplazar\u00edan algunas unidades de los 26 Embraer E190-E1 que actualmente posee la compa\u00f1\u00eda.&nbsp;<\/p>\n\n\n\n<p>En conversaci\u00f3n con el medio argentino Aviacionline en febrero de este a\u00f1o, el CEO de Aerol\u00edneas Argentinas, Pablo Ceriani, explic\u00f3 que la compa\u00f1\u00eda estaba buscando tanto el E195-E2 como el Airbus A330-900 para modernizar y actualizar su flota actual. Por lo que el anuncio de este proceso de licitaci\u00f3n se puede entender como una primera fase para la gran renovaci\u00f3n de flota de la compa\u00f1\u00eda.&nbsp;<\/p>\n\n\n\n<p>De esta manera, la aerol\u00ednea de bandera argentina espera soportar sus estrategias de crecimiento con la llegada de los nuevos modelos que, adem\u00e1s, modernizar\u00e1n\u00a0su flota. As\u00ed mismo, las nuevas aeronaves\u00a0ofrecer\u00e1n a los viajeros mayor comodidad a su vez que optimizar\u00e1n las operaciones al ser m\u00e1s eficientes.\u00a0<\/p>\n\n\n\n<p><strong>Fuente: avionrevue.com<\/strong><\/p>\n","protected":false},"excerpt":{"rendered":"<p>(Aeronoticias): Estas aeronaves, de fabricaci\u00f3n brasile\u00f1a y con una capacidad m\u00e1xima para 146 pasajeros, se sumar\u00edan a la compa\u00f1\u00eda entre 2024 y 2026. Sin embargo, este tiempo puede variar dependiente los calendarios de entrega y disponibilidad.\u00a0 La primera etapa de este proceso de adquisici\u00f3n esta pensada para los proveedores interesados en estos jets. As\u00ed mismo, [&hellip;]<\/p>\n","protected":false},"author":3,"featured_media":84940,"comment_status":"open","ping_status":"open","sticky":false,"template":"","format":"standard","meta":{"tdm_status":"","tdm_grid_status":"","footnotes":""},"categories":[8,30],"tags":[340,1853],"class_list":{"0":"post-84939","1":"post","2":"type-post","3":"status-publish","4":"format-standard","5":"has-post-thumbnail","7":"category-ultimas","8":"category-30","9":"tag-aerolineas-argentinas","10":"tag-ceo"},"yoast_head":"<!-- This site is optimized with the Yoast SEO plugin v25.1 - https:\/\/yoast.com\/wordpress\/plugins\/seo\/ -->\n<title>Aerol\u00edneas Argentinas adquirir\u00e1 12 Embraer 195<\/title>\n<meta name=\"description\" content=\"La compa\u00f1\u00eda estatal argentina abri\u00f3 un proceso de licitaci\u00f3n para la adquisici\u00f3n de 12 aeronaves Embraer E195-E2 con las cuales modernizar\u00e1 su flota regional..\" \/>\n<meta name=\"robots\" content=\"index, follow, max-snippet:-1, max-image-preview:large, max-video-preview:-1\" \/>\n<link rel=\"canonical\" href=\"https:\/\/aeronoticias.com.pe\/noticiero\/ultimas\/1\/aerolineas-argentinas-adquirira-12-embraer-195\/\" \/>\n<meta property=\"og:locale\" content=\"es_ES\" \/>\n<meta property=\"og:type\" content=\"article\" \/>\n<meta property=\"og:title\" content=\"Aerol\u00edneas Argentinas adquirir\u00e1 12 Embraer 195\" \/>\n<meta property=\"og:description\" content=\"La compa\u00f1\u00eda estatal argentina abri\u00f3 un proceso de licitaci\u00f3n para la adquisici\u00f3n de 12 aeronaves Embraer E195-E2 con las cuales modernizar\u00e1 su flota regional..\" \/>\n<meta property=\"og:url\" content=\"https:\/\/aeronoticias.com.pe\/noticiero\/ultimas\/1\/aerolineas-argentinas-adquirira-12-embraer-195\/\" \/>\n<meta property=\"og:site_name\" content=\"Aeronoticias.com.pe\" \/>\n<meta property=\"article:publisher\" content=\"https:\/\/www.facebook.com\/Aeronoticias.com.pe\/\" \/>\n<meta property=\"article:published_time\" content=\"2023-08-03T16:45:43+00:00\" \/>\n<meta property=\"article:modified_time\" content=\"2023-08-03T16:45:56+00:00\" \/>\n<meta property=\"og:image\" content=\"https:\/\/aeronoticias.com.pe\/noticiero\/wp-content\/uploads\/2023\/08\/revue.jpg\" \/>\n\t<meta property=\"og:image:width\" content=\"1024\" \/>\n\t<meta property=\"og:image:height\" content=\"575\" \/>\n\t<meta property=\"og:image:type\" content=\"image\/jpeg\" \/>\n<meta name=\"author\" content=\"Redacci\u00f3n\" \/>\n<meta name=\"twitter:card\" content=\"summary_large_image\" \/>\n<meta name=\"twitter:creator\" content=\"@aeronoticias\" \/>\n<meta name=\"twitter:site\" content=\"@aeronoticias\" \/>\n<meta name=\"twitter:label1\" content=\"Escrito por\" \/>\n\t<meta name=\"twitter:data1\" content=\"Redacci\u00f3n\" \/>\n\t<meta name=\"twitter:label2\" content=\"Tiempo de lectura\" \/>\n\t<meta name=\"twitter:data2\" content=\"1 minuto\" \/>\n<script type=\"application\/ld+json\" class=\"yoast-schema-graph\">{\"@context\":\"https:\/\/schema.org\",\"@graph\":[{\"@type\":\"WebPage\",\"@id\":\"https:\/\/aeronoticias.com.pe\/noticiero\/ultimas\/1\/aerolineas-argentinas-adquirira-12-embraer-195\/\",\"url\":\"https:\/\/aeronoticias.com.pe\/noticiero\/ultimas\/1\/aerolineas-argentinas-adquirira-12-embraer-195\/\",\"name\":\"Aerol\u00edneas Argentinas adquirir\u00e1 12 Embraer 195\",\"isPartOf\":{\"@id\":\"https:\/\/aeronoticias.com.pe\/noticiero\/#website\"},\"primaryImageOfPage\":{\"@id\":\"https:\/\/aeronoticias.com.pe\/noticiero\/ultimas\/1\/aerolineas-argentinas-adquirira-12-embraer-195\/#primaryimage\"},\"image\":{\"@id\":\"https:\/\/aeronoticias.com.pe\/noticiero\/ultimas\/1\/aerolineas-argentinas-adquirira-12-embraer-195\/#primaryimage\"},\"thumbnailUrl\":\"https:\/\/aeronoticias.com.pe\/noticiero\/wp-content\/uploads\/2023\/08\/revue.jpg\",\"datePublished\":\"2023-08-03T16:45:43+00:00\",\"dateModified\":\"2023-08-03T16:45:56+00:00\",\"author\":{\"@id\":\"https:\/\/aeronoticias.com.pe\/noticiero\/#\/schema\/person\/16212a617c73f78916b13194154243bd\"},\"description\":\"La compa\u00f1\u00eda estatal argentina abri\u00f3 un proceso de licitaci\u00f3n para la adquisici\u00f3n de 12 aeronaves Embraer E195-E2 con las cuales modernizar\u00e1 su flota regional..\",\"breadcrumb\":{\"@id\":\"https:\/\/aeronoticias.com.pe\/noticiero\/ultimas\/1\/aerolineas-argentinas-adquirira-12-embraer-195\/#breadcrumb\"},\"inLanguage\":\"es\",\"potentialAction\":[{\"@type\":\"ReadAction\",\"target\":[\"https:\/\/aeronoticias.com.pe\/noticiero\/ultimas\/1\/aerolineas-argentinas-adquirira-12-embraer-195\/\"]}]},{\"@type\":\"ImageObject\",\"inLanguage\":\"es\",\"@id\":\"https:\/\/aeronoticias.com.pe\/noticiero\/ultimas\/1\/aerolineas-argentinas-adquirira-12-embraer-195\/#primaryimage\",\"url\":\"https:\/\/aeronoticias.com.pe\/noticiero\/wp-content\/uploads\/2023\/08\/revue.jpg\",\"contentUrl\":\"https:\/\/aeronoticias.com.pe\/noticiero\/wp-content\/uploads\/2023\/08\/revue.jpg\",\"width\":1024,\"height\":575},{\"@type\":\"BreadcrumbList\",\"@id\":\"https:\/\/aeronoticias.com.pe\/noticiero\/ultimas\/1\/aerolineas-argentinas-adquirira-12-embraer-195\/#breadcrumb\",\"itemListElement\":[{\"@type\":\"ListItem\",\"position\":1,\"name\":\"Portada\",\"item\":\"https:\/\/aeronoticias.com.pe\/noticiero\/\"},{\"@type\":\"ListItem\",\"position\":2,\"name\":\"Aerol\u00edneas Argentinas adquirir\u00e1 12 Embraer 195\"}]},{\"@type\":\"WebSite\",\"@id\":\"https:\/\/aeronoticias.com.pe\/noticiero\/#website\",\"url\":\"https:\/\/aeronoticias.com.pe\/noticiero\/\",\"name\":\"Aeronoticias.com.pe\",\"description\":\"Noticias de tranporte aereo, turismo, hoteles, gastronomia, actualidad, internacional\",\"potentialAction\":[{\"@type\":\"SearchAction\",\"target\":{\"@type\":\"EntryPoint\",\"urlTemplate\":\"https:\/\/aeronoticias.com.pe\/noticiero\/?s={search_term_string}\"},\"query-input\":{\"@type\":\"PropertyValueSpecification\",\"valueRequired\":true,\"valueName\":\"search_term_string\"}}],\"inLanguage\":\"es\"},{\"@type\":\"Person\",\"@id\":\"https:\/\/aeronoticias.com.pe\/noticiero\/#\/schema\/person\/16212a617c73f78916b13194154243bd\",\"name\":\"Redacci\u00f3n\",\"sameAs\":[\"http:\/\/Redacci\u00f3n\"],\"url\":\"https:\/\/aeronoticias.com.pe\/noticiero\/author\/celeste\/\"}]}<\/script>\n<!-- \/ Yoast SEO plugin. -->","yoast_head_json":{"title":"Aerol\u00edneas Argentinas adquirir\u00e1 12 Embraer 195","description":"La compa\u00f1\u00eda estatal argentina abri\u00f3 un proceso de licitaci\u00f3n para la adquisici\u00f3n de 12 aeronaves Embraer E195-E2 con las cuales modernizar\u00e1 su flota regional..","robots":{"index":"index","follow":"follow","max-snippet":"max-snippet:-1","max-image-preview":"max-image-preview:large","max-video-preview":"max-video-preview:-1"},"canonical":"https:\/\/aeronoticias.com.pe\/noticiero\/ultimas\/1\/aerolineas-argentinas-adquirira-12-embraer-195\/","og_locale":"es_ES","og_type":"article","og_title":"Aerol\u00edneas Argentinas adquirir\u00e1 12 Embraer 195","og_description":"La compa\u00f1\u00eda estatal argentina abri\u00f3 un proceso de licitaci\u00f3n para la adquisici\u00f3n de 12 aeronaves Embraer E195-E2 con las cuales modernizar\u00e1 su flota regional..","og_url":"https:\/\/aeronoticias.com.pe\/noticiero\/ultimas\/1\/aerolineas-argentinas-adquirira-12-embraer-195\/","og_site_name":"Aeronoticias.com.pe","article_publisher":"https:\/\/www.facebook.com\/Aeronoticias.com.pe\/","article_published_time":"2023-08-03T16:45:43+00:00","article_modified_time":"2023-08-03T16:45:56+00:00","og_image":[{"width":1024,"height":575,"url":"https:\/\/aeronoticias.com.pe\/noticiero\/wp-content\/uploads\/2023\/08\/revue.jpg","type":"image\/jpeg"}],"author":"Redacci\u00f3n","twitter_card":"summary_large_image","twitter_creator":"@aeronoticias","twitter_site":"@aeronoticias","twitter_misc":{"Escrito por":"Redacci\u00f3n","Tiempo de lectura":"1 minuto"},"schema":{"@context":"https:\/\/schema.org","@graph":[{"@type":"WebPage","@id":"https:\/\/aeronoticias.com.pe\/noticiero\/ultimas\/1\/aerolineas-argentinas-adquirira-12-embraer-195\/","url":"https:\/\/aeronoticias.com.pe\/noticiero\/ultimas\/1\/aerolineas-argentinas-adquirira-12-embraer-195\/","name":"Aerol\u00edneas Argentinas adquirir\u00e1 12 Embraer 195","isPartOf":{"@id":"https:\/\/aeronoticias.com.pe\/noticiero\/#website"},"primaryImageOfPage":{"@id":"https:\/\/aeronoticias.com.pe\/noticiero\/ultimas\/1\/aerolineas-argentinas-adquirira-12-embraer-195\/#primaryimage"},"image":{"@id":"https:\/\/aeronoticias.com.pe\/noticiero\/ultimas\/1\/aerolineas-argentinas-adquirira-12-embraer-195\/#primaryimage"},"thumbnailUrl":"https:\/\/aeronoticias.com.pe\/noticiero\/wp-content\/uploads\/2023\/08\/revue.jpg","datePublished":"2023-08-03T16:45:43+00:00","dateModified":"2023-08-03T16:45:56+00:00","author":{"@id":"https:\/\/aeronoticias.com.pe\/noticiero\/#\/schema\/person\/16212a617c73f78916b13194154243bd"},"description":"La compa\u00f1\u00eda estatal argentina abri\u00f3 un proceso de licitaci\u00f3n para la adquisici\u00f3n de 12 aeronaves Embraer E195-E2 con las cuales modernizar\u00e1 su flota regional..","breadcrumb":{"@id":"https:\/\/aeronoticias.com.pe\/noticiero\/ultimas\/1\/aerolineas-argentinas-adquirira-12-embraer-195\/#breadcrumb"},"inLanguage":"es","potentialAction":[{"@type":"ReadAction","target":["https:\/\/aeronoticias.com.pe\/noticiero\/ultimas\/1\/aerolineas-argentinas-adquirira-12-embraer-195\/"]}]},{"@type":"ImageObject","inLanguage":"es","@id":"https:\/\/aeronoticias.com.pe\/noticiero\/ultimas\/1\/aerolineas-argentinas-adquirira-12-embraer-195\/#primaryimage","url":"https:\/\/aeronoticias.com.pe\/noticiero\/wp-content\/uploads\/2023\/08\/revue.jpg","contentUrl":"https:\/\/aeronoticias.com.pe\/noticiero\/wp-content\/uploads\/2023\/08\/revue.jpg","width":1024,"height":575},{"@type":"BreadcrumbList","@id":"https:\/\/aeronoticias.com.pe\/noticiero\/ultimas\/1\/aerolineas-argentinas-adquirira-12-embraer-195\/#breadcrumb","itemListElement":[{"@type":"ListItem","position":1,"name":"Portada","item":"https:\/\/aeronoticias.com.pe\/noticiero\/"},{"@type":"ListItem","position":2,"name":"Aerol\u00edneas Argentinas adquirir\u00e1 12 Embraer 195"}]},{"@type":"WebSite","@id":"https:\/\/aeronoticias.com.pe\/noticiero\/#website","url":"https:\/\/aeronoticias.com.pe\/noticiero\/","name":"Aeronoticias.com.pe","description":"Noticias de tranporte aereo, turismo, hoteles, gastronomia, actualidad, internacional","potentialAction":[{"@type":"SearchAction","target":{"@type":"EntryPoint","urlTemplate":"https:\/\/aeronoticias.com.pe\/noticiero\/?s={search_term_string}"},"query-input":{"@type":"PropertyValueSpecification","valueRequired":true,"valueName":"search_term_string"}}],"inLanguage":"es"},{"@type":"Person","@id":"https:\/\/aeronoticias.com.pe\/noticiero\/#\/schema\/person\/16212a617c73f78916b13194154243bd","name":"Redacci\u00f3n","sameAs":["http:\/\/Redacci\u00f3n"],"url":"https:\/\/aeronoticias.com.pe\/noticiero\/author\/celeste\/"}]}},"_links":{"self":[{"href":"https:\/\/aeronoticias.com.pe\/noticiero\/wp-json\/wp\/v2\/posts\/84939","targetHints":{"allow":["GET"]}}],"collection":[{"href":"https:\/\/aeronoticias.com.pe\/noticiero\/wp-json\/wp\/v2\/posts"}],"about":[{"href":"https:\/\/aeronoticias.com.pe\/noticiero\/wp-json\/wp\/v2\/types\/post"}],"author":[{"embeddable":true,"href":"https:\/\/aeronoticias.com.pe\/noticiero\/wp-json\/wp\/v2\/users\/3"}],"replies":[{"embeddable":true,"href":"https:\/\/aeronoticias.com.pe\/noticiero\/wp-json\/wp\/v2\/comments?post=84939"}],"version-history":[{"count":0,"href":"https:\/\/aeronoticias.com.pe\/noticiero\/wp-json\/wp\/v2\/posts\/84939\/revisions"}],"wp:featuredmedia":[{"embeddable":true,"href":"https:\/\/aeronoticias.com.pe\/noticiero\/wp-json\/wp\/v2\/media\/84940"}],"wp:attachment":[{"href":"https:\/\/aeronoticias.com.pe\/noticiero\/wp-json\/wp\/v2\/media?parent=84939"}],"wp:term":[{"taxonomy":"category","embeddable":true,"href":"https:\/\/aeronoticias.com.pe\/noticiero\/wp-json\/wp\/v2\/categories?post=84939"},{"taxonomy":"post_tag","embeddable":true,"href":"https:\/\/aeronoticias.com.pe\/noticiero\/wp-json\/wp\/v2\/tags?post=84939"}],"curies":[{"name":"wp","href":"https:\/\/api.w.org\/{rel}","templated":true}]}}