{"id":84942,"date":"2023-08-03T12:11:05","date_gmt":"2023-08-03T17:11:05","guid":{"rendered":"https:\/\/aeronoticias.com.pe\/noticiero\/?p=84942"},"modified":"2023-08-03T12:11:11","modified_gmt":"2023-08-03T17:11:11","slug":"realiza-flight-safety-cumbre-de-seguridad-aerea-en-paris","status":"publish","type":"post","link":"https:\/\/aeronoticias.com.pe\/noticiero\/transporte-aereo\/realiza-flight-safety-cumbre-de-seguridad-aerea-en-paris\/","title":{"rendered":"Realiza Flight Safety cumbre de seguridad a\u00e9rea en Paris"},"content":{"rendered":"\n<p><strong>(Aeronoticias)<\/strong>: La Fundaci\u00f3n Flight Safety anunci\u00f3 que el director ejecutivo de Airbus,\u00a0<strong>Guillaume Faury, y la directora ejecutiva de Air France, Anne Rigail,\u00a0<\/strong>ser\u00e1n los oradores principales en la 76 Cumbre Internacional de Seguridad A\u00e9rea (IASS), a realizarse en Par\u00eds, Francia.<\/p>\n\n\n\n<p>Hassan Shahidi, presidente y director ejecutivo de la Fundaci\u00f3n, coment\u00f3 que Anne y Guillaume han dirigido organizaciones internacionales grandes y complejas durante los periodos m\u00e1s desafiantes en la historia de la aviaci\u00f3n, por lo que conocen de primera mano la importancia de la innovaci\u00f3n y la colaboraci\u00f3n.&nbsp;<\/p>\n\n\n\n<p>El evento se realizar\u00e1 del&nbsp;<strong>6 al 8 de noviembre de 2023<\/strong>, bajo el tema \u201cAprovechar la innovaci\u00f3n y la colaboraci\u00f3n para la seguridad de la aviaci\u00f3n global\u201d.<\/p>\n\n\n\n<p>Faury, quien fue nombrado CEO de Airbus en 2019 y reelegido el a\u00f1o pasado, inaugurar\u00e1 la conferencia el 6 de noviembre.&nbsp;<\/p>\n\n\n\n<p>Mientras que Rigail,&nbsp;<strong>participar\u00e1 el 7 de noviembre, quien comenz\u00f3 su carrera en la aviaci\u00f3n en 1991 con Air Inter<\/strong>&nbsp;y ha ocupado cargos ejecutivos s\u00e9nior en Air France.<\/p>\n\n\n\n<p>La Fundaci\u00f3n Flight Safety es una organizaci\u00f3n internacional independiente, sin fines de lucro, dedicada a la investigaci\u00f3n, la educaci\u00f3n, la defensa y las comunicaciones para mejorar la seguridad de la aviaci\u00f3n.&nbsp;<\/p>\n\n\n\n<p>Su misi\u00f3n es conectar, influir y liderar la seguridad de la aviaci\u00f3n mundial.<\/p>\n\n\n\n<p><strong>Fuente: A21mx<\/strong><\/p>\n","protected":false},"excerpt":{"rendered":"<p>(Aeronoticias): La Fundaci\u00f3n Flight Safety anunci\u00f3 que el director ejecutivo de Airbus,\u00a0Guillaume Faury, y la directora ejecutiva de Air France, Anne Rigail,\u00a0ser\u00e1n los oradores principales en la 76 Cumbre Internacional de Seguridad A\u00e9rea (IASS), a realizarse en Par\u00eds, Francia. Hassan Shahidi, presidente y director ejecutivo de la Fundaci\u00f3n, coment\u00f3 que Anne y Guillaume han dirigido [&hellip;]<\/p>\n","protected":false},"author":3,"featured_media":84943,"comment_status":"open","ping_status":"open","sticky":false,"template":"","format":"standard","meta":{"tdm_status":"","tdm_grid_status":"","footnotes":""},"categories":[32,11],"tags":[181,1853,3319],"class_list":{"0":"post-84942","1":"post","2":"type-post","3":"status-publish","4":"format-standard","5":"has-post-thumbnail","7":"category-internacional","8":"category-transporte-aereo","9":"tag-airbus","10":"tag-ceo","11":"tag-flight-safety"},"yoast_head":"<!-- This site is optimized with the Yoast SEO plugin v25.1 - https:\/\/yoast.com\/wordpress\/plugins\/seo\/ -->\n<title>Realiza Flight Safety cumbre de seguridad a\u00e9rea en Paris<\/title>\n<meta name=\"description\" content=\"ASEGURA FLIGHT SAFETY QUE CONOCEN DE PRIMERA MANO LA IMPORTANCIA DE LA INNOVACI\u00d3N Y LA COLABORACI\u00d3N\" \/>\n<meta name=\"robots\" content=\"index, follow, max-snippet:-1, max-image-preview:large, max-video-preview:-1\" \/>\n<link rel=\"canonical\" href=\"https:\/\/aeronoticias.com.pe\/noticiero\/transporte-aereo\/realiza-flight-safety-cumbre-de-seguridad-aerea-en-paris\/\" \/>\n<meta property=\"og:locale\" content=\"es_ES\" \/>\n<meta property=\"og:type\" content=\"article\" \/>\n<meta property=\"og:title\" content=\"Realiza Flight Safety cumbre de seguridad a\u00e9rea en Paris\" \/>\n<meta property=\"og:description\" content=\"ASEGURA FLIGHT SAFETY QUE CONOCEN DE PRIMERA MANO LA IMPORTANCIA DE LA INNOVACI\u00d3N Y LA COLABORACI\u00d3N\" \/>\n<meta property=\"og:url\" content=\"https:\/\/aeronoticias.com.pe\/noticiero\/transporte-aereo\/realiza-flight-safety-cumbre-de-seguridad-aerea-en-paris\/\" \/>\n<meta property=\"og:site_name\" content=\"Aeronoticias.com.pe\" \/>\n<meta property=\"article:publisher\" content=\"https:\/\/www.facebook.com\/Aeronoticias.com.pe\/\" \/>\n<meta property=\"article:published_time\" content=\"2023-08-03T17:11:05+00:00\" \/>\n<meta property=\"article:modified_time\" content=\"2023-08-03T17:11:11+00:00\" \/>\n<meta property=\"og:image\" content=\"https:\/\/aeronoticias.com.pe\/noticiero\/wp-content\/uploads\/2023\/08\/fly.jpg\" \/>\n\t<meta property=\"og:image:width\" content=\"1280\" \/>\n\t<meta property=\"og:image:height\" content=\"719\" \/>\n\t<meta property=\"og:image:type\" content=\"image\/jpeg\" \/>\n<meta name=\"author\" content=\"Redacci\u00f3n\" \/>\n<meta name=\"twitter:card\" content=\"summary_large_image\" \/>\n<meta name=\"twitter:creator\" content=\"@aeronoticias\" \/>\n<meta name=\"twitter:site\" content=\"@aeronoticias\" \/>\n<meta name=\"twitter:label1\" content=\"Escrito por\" \/>\n\t<meta name=\"twitter:data1\" content=\"Redacci\u00f3n\" \/>\n\t<meta name=\"twitter:label2\" content=\"Tiempo de lectura\" \/>\n\t<meta name=\"twitter:data2\" content=\"1 minuto\" \/>\n<script type=\"application\/ld+json\" class=\"yoast-schema-graph\">{\"@context\":\"https:\/\/schema.org\",\"@graph\":[{\"@type\":\"WebPage\",\"@id\":\"https:\/\/aeronoticias.com.pe\/noticiero\/transporte-aereo\/realiza-flight-safety-cumbre-de-seguridad-aerea-en-paris\/\",\"url\":\"https:\/\/aeronoticias.com.pe\/noticiero\/transporte-aereo\/realiza-flight-safety-cumbre-de-seguridad-aerea-en-paris\/\",\"name\":\"Realiza Flight Safety cumbre de seguridad a\u00e9rea en Paris\",\"isPartOf\":{\"@id\":\"https:\/\/aeronoticias.com.pe\/noticiero\/#website\"},\"primaryImageOfPage\":{\"@id\":\"https:\/\/aeronoticias.com.pe\/noticiero\/transporte-aereo\/realiza-flight-safety-cumbre-de-seguridad-aerea-en-paris\/#primaryimage\"},\"image\":{\"@id\":\"https:\/\/aeronoticias.com.pe\/noticiero\/transporte-aereo\/realiza-flight-safety-cumbre-de-seguridad-aerea-en-paris\/#primaryimage\"},\"thumbnailUrl\":\"https:\/\/aeronoticias.com.pe\/noticiero\/wp-content\/uploads\/2023\/08\/fly.jpg\",\"datePublished\":\"2023-08-03T17:11:05+00:00\",\"dateModified\":\"2023-08-03T17:11:11+00:00\",\"author\":{\"@id\":\"https:\/\/aeronoticias.com.pe\/noticiero\/#\/schema\/person\/16212a617c73f78916b13194154243bd\"},\"description\":\"ASEGURA FLIGHT SAFETY QUE CONOCEN DE PRIMERA MANO LA IMPORTANCIA DE LA INNOVACI\u00d3N Y LA COLABORACI\u00d3N\",\"breadcrumb\":{\"@id\":\"https:\/\/aeronoticias.com.pe\/noticiero\/transporte-aereo\/realiza-flight-safety-cumbre-de-seguridad-aerea-en-paris\/#breadcrumb\"},\"inLanguage\":\"es\",\"potentialAction\":[{\"@type\":\"ReadAction\",\"target\":[\"https:\/\/aeronoticias.com.pe\/noticiero\/transporte-aereo\/realiza-flight-safety-cumbre-de-seguridad-aerea-en-paris\/\"]}]},{\"@type\":\"ImageObject\",\"inLanguage\":\"es\",\"@id\":\"https:\/\/aeronoticias.com.pe\/noticiero\/transporte-aereo\/realiza-flight-safety-cumbre-de-seguridad-aerea-en-paris\/#primaryimage\",\"url\":\"https:\/\/aeronoticias.com.pe\/noticiero\/wp-content\/uploads\/2023\/08\/fly.jpg\",\"contentUrl\":\"https:\/\/aeronoticias.com.pe\/noticiero\/wp-content\/uploads\/2023\/08\/fly.jpg\",\"width\":1280,\"height\":719},{\"@type\":\"BreadcrumbList\",\"@id\":\"https:\/\/aeronoticias.com.pe\/noticiero\/transporte-aereo\/realiza-flight-safety-cumbre-de-seguridad-aerea-en-paris\/#breadcrumb\",\"itemListElement\":[{\"@type\":\"ListItem\",\"position\":1,\"name\":\"Portada\",\"item\":\"https:\/\/aeronoticias.com.pe\/noticiero\/\"},{\"@type\":\"ListItem\",\"position\":2,\"name\":\"Realiza Flight Safety cumbre de seguridad a\u00e9rea en Paris\"}]},{\"@type\":\"WebSite\",\"@id\":\"https:\/\/aeronoticias.com.pe\/noticiero\/#website\",\"url\":\"https:\/\/aeronoticias.com.pe\/noticiero\/\",\"name\":\"Aeronoticias.com.pe\",\"description\":\"Noticias de tranporte aereo, turismo, hoteles, gastronomia, actualidad, internacional\",\"potentialAction\":[{\"@type\":\"SearchAction\",\"target\":{\"@type\":\"EntryPoint\",\"urlTemplate\":\"https:\/\/aeronoticias.com.pe\/noticiero\/?s={search_term_string}\"},\"query-input\":{\"@type\":\"PropertyValueSpecification\",\"valueRequired\":true,\"valueName\":\"search_term_string\"}}],\"inLanguage\":\"es\"},{\"@type\":\"Person\",\"@id\":\"https:\/\/aeronoticias.com.pe\/noticiero\/#\/schema\/person\/16212a617c73f78916b13194154243bd\",\"name\":\"Redacci\u00f3n\",\"sameAs\":[\"http:\/\/Redacci\u00f3n\"],\"url\":\"https:\/\/aeronoticias.com.pe\/noticiero\/author\/celeste\/\"}]}<\/script>\n<!-- \/ Yoast SEO plugin. -->","yoast_head_json":{"title":"Realiza Flight Safety cumbre de seguridad a\u00e9rea en Paris","description":"ASEGURA FLIGHT SAFETY QUE CONOCEN DE PRIMERA MANO LA IMPORTANCIA DE LA INNOVACI\u00d3N Y LA COLABORACI\u00d3N","robots":{"index":"index","follow":"follow","max-snippet":"max-snippet:-1","max-image-preview":"max-image-preview:large","max-video-preview":"max-video-preview:-1"},"canonical":"https:\/\/aeronoticias.com.pe\/noticiero\/transporte-aereo\/realiza-flight-safety-cumbre-de-seguridad-aerea-en-paris\/","og_locale":"es_ES","og_type":"article","og_title":"Realiza Flight Safety cumbre de seguridad a\u00e9rea en Paris","og_description":"ASEGURA FLIGHT SAFETY QUE CONOCEN DE PRIMERA MANO LA IMPORTANCIA DE LA INNOVACI\u00d3N Y LA COLABORACI\u00d3N","og_url":"https:\/\/aeronoticias.com.pe\/noticiero\/transporte-aereo\/realiza-flight-safety-cumbre-de-seguridad-aerea-en-paris\/","og_site_name":"Aeronoticias.com.pe","article_publisher":"https:\/\/www.facebook.com\/Aeronoticias.com.pe\/","article_published_time":"2023-08-03T17:11:05+00:00","article_modified_time":"2023-08-03T17:11:11+00:00","og_image":[{"width":1280,"height":719,"url":"https:\/\/aeronoticias.com.pe\/noticiero\/wp-content\/uploads\/2023\/08\/fly.jpg","type":"image\/jpeg"}],"author":"Redacci\u00f3n","twitter_card":"summary_large_image","twitter_creator":"@aeronoticias","twitter_site":"@aeronoticias","twitter_misc":{"Escrito por":"Redacci\u00f3n","Tiempo de lectura":"1 minuto"},"schema":{"@context":"https:\/\/schema.org","@graph":[{"@type":"WebPage","@id":"https:\/\/aeronoticias.com.pe\/noticiero\/transporte-aereo\/realiza-flight-safety-cumbre-de-seguridad-aerea-en-paris\/","url":"https:\/\/aeronoticias.com.pe\/noticiero\/transporte-aereo\/realiza-flight-safety-cumbre-de-seguridad-aerea-en-paris\/","name":"Realiza Flight Safety cumbre de seguridad a\u00e9rea en Paris","isPartOf":{"@id":"https:\/\/aeronoticias.com.pe\/noticiero\/#website"},"primaryImageOfPage":{"@id":"https:\/\/aeronoticias.com.pe\/noticiero\/transporte-aereo\/realiza-flight-safety-cumbre-de-seguridad-aerea-en-paris\/#primaryimage"},"image":{"@id":"https:\/\/aeronoticias.com.pe\/noticiero\/transporte-aereo\/realiza-flight-safety-cumbre-de-seguridad-aerea-en-paris\/#primaryimage"},"thumbnailUrl":"https:\/\/aeronoticias.com.pe\/noticiero\/wp-content\/uploads\/2023\/08\/fly.jpg","datePublished":"2023-08-03T17:11:05+00:00","dateModified":"2023-08-03T17:11:11+00:00","author":{"@id":"https:\/\/aeronoticias.com.pe\/noticiero\/#\/schema\/person\/16212a617c73f78916b13194154243bd"},"description":"ASEGURA FLIGHT SAFETY QUE CONOCEN DE PRIMERA MANO LA IMPORTANCIA DE LA INNOVACI\u00d3N Y LA COLABORACI\u00d3N","breadcrumb":{"@id":"https:\/\/aeronoticias.com.pe\/noticiero\/transporte-aereo\/realiza-flight-safety-cumbre-de-seguridad-aerea-en-paris\/#breadcrumb"},"inLanguage":"es","potentialAction":[{"@type":"ReadAction","target":["https:\/\/aeronoticias.com.pe\/noticiero\/transporte-aereo\/realiza-flight-safety-cumbre-de-seguridad-aerea-en-paris\/"]}]},{"@type":"ImageObject","inLanguage":"es","@id":"https:\/\/aeronoticias.com.pe\/noticiero\/transporte-aereo\/realiza-flight-safety-cumbre-de-seguridad-aerea-en-paris\/#primaryimage","url":"https:\/\/aeronoticias.com.pe\/noticiero\/wp-content\/uploads\/2023\/08\/fly.jpg","contentUrl":"https:\/\/aeronoticias.com.pe\/noticiero\/wp-content\/uploads\/2023\/08\/fly.jpg","width":1280,"height":719},{"@type":"BreadcrumbList","@id":"https:\/\/aeronoticias.com.pe\/noticiero\/transporte-aereo\/realiza-flight-safety-cumbre-de-seguridad-aerea-en-paris\/#breadcrumb","itemListElement":[{"@type":"ListItem","position":1,"name":"Portada","item":"https:\/\/aeronoticias.com.pe\/noticiero\/"},{"@type":"ListItem","position":2,"name":"Realiza Flight Safety cumbre de seguridad a\u00e9rea en Paris"}]},{"@type":"WebSite","@id":"https:\/\/aeronoticias.com.pe\/noticiero\/#website","url":"https:\/\/aeronoticias.com.pe\/noticiero\/","name":"Aeronoticias.com.pe","description":"Noticias de tranporte aereo, turismo, hoteles, gastronomia, actualidad, internacional","potentialAction":[{"@type":"SearchAction","target":{"@type":"EntryPoint","urlTemplate":"https:\/\/aeronoticias.com.pe\/noticiero\/?s={search_term_string}"},"query-input":{"@type":"PropertyValueSpecification","valueRequired":true,"valueName":"search_term_string"}}],"inLanguage":"es"},{"@type":"Person","@id":"https:\/\/aeronoticias.com.pe\/noticiero\/#\/schema\/person\/16212a617c73f78916b13194154243bd","name":"Redacci\u00f3n","sameAs":["http:\/\/Redacci\u00f3n"],"url":"https:\/\/aeronoticias.com.pe\/noticiero\/author\/celeste\/"}]}},"_links":{"self":[{"href":"https:\/\/aeronoticias.com.pe\/noticiero\/wp-json\/wp\/v2\/posts\/84942","targetHints":{"allow":["GET"]}}],"collection":[{"href":"https:\/\/aeronoticias.com.pe\/noticiero\/wp-json\/wp\/v2\/posts"}],"about":[{"href":"https:\/\/aeronoticias.com.pe\/noticiero\/wp-json\/wp\/v2\/types\/post"}],"author":[{"embeddable":true,"href":"https:\/\/aeronoticias.com.pe\/noticiero\/wp-json\/wp\/v2\/users\/3"}],"replies":[{"embeddable":true,"href":"https:\/\/aeronoticias.com.pe\/noticiero\/wp-json\/wp\/v2\/comments?post=84942"}],"version-history":[{"count":0,"href":"https:\/\/aeronoticias.com.pe\/noticiero\/wp-json\/wp\/v2\/posts\/84942\/revisions"}],"wp:featuredmedia":[{"embeddable":true,"href":"https:\/\/aeronoticias.com.pe\/noticiero\/wp-json\/wp\/v2\/media\/84943"}],"wp:attachment":[{"href":"https:\/\/aeronoticias.com.pe\/noticiero\/wp-json\/wp\/v2\/media?parent=84942"}],"wp:term":[{"taxonomy":"category","embeddable":true,"href":"https:\/\/aeronoticias.com.pe\/noticiero\/wp-json\/wp\/v2\/categories?post=84942"},{"taxonomy":"post_tag","embeddable":true,"href":"https:\/\/aeronoticias.com.pe\/noticiero\/wp-json\/wp\/v2\/tags?post=84942"}],"curies":[{"name":"wp","href":"https:\/\/api.w.org\/{rel}","templated":true}]}}