{"id":8495,"date":"2010-01-28T14:15:55","date_gmt":"2010-01-28T14:15:55","guid":{"rendered":"http:\/\/desarrollo.mcvicious.com\/aero2020\/2010\/01\/28\/obama-pidio-aprobar-la-reforma-sanitaria-y-aseguro-que-lo-peor-de-la-crisis-economica-ya-paso\/"},"modified":"2010-01-28T14:15:55","modified_gmt":"2010-01-28T14:15:55","slug":"obama-pidio-aprobar-la-reforma-sanitaria-y-aseguro-que-lo-peor-de-la-crisis-economica-ya-paso","status":"publish","type":"post","link":"https:\/\/aeronoticias.com.pe\/noticiero\/economia\/obama-pidio-aprobar-la-reforma-sanitaria-y-aseguro-que-lo-peor-de-la-crisis-economica-ya-paso\/","title":{"rendered":"Obama pidi\u00f3 aprobar la reforma sanitaria y asegur\u00f3 que lo peor de la crisis econ\u00f3mica &#8216;ya pas\u00f3&#8217;"},"content":{"rendered":"<div style=\"text-align: justify\">El presidente llam\u00f3 a los estadounidenses a \u00abno abandonar\u00bb la reforma sanitaria, una de sus principales iniciativas de gobierno y que corre peligro tras perder un esca\u00f1o en el Senado. En el tradicional discurso Estado de la Uni\u00f3n, recalc\u00f3 que la crisis qued\u00f3 atr\u00e1s. \u00abLo peor de la tormenta ya fue superado\u00bb.<\/div>\n<div style=\"text-align: justify\"><\/div>\n<div style=\"text-align: justify\">\u00abNo abandonemos la reforma. No ahora. No cuando estamos tan cerca. Encontremos una v\u00eda para unirnos y completar el trabajo en beneficio del pueblo estadounidense\u00bb, afirm\u00f3 Obama en su discurso, inform\u00f3 la cadena de noticias CNN.\u00a0<\/div>\n<div style=\"text-align: justify\">\n<div style=\"text-align: center\"><img decoding=\"async\" src=\"images\/stories\/10\/01\/280110\/reforma.jpg\" border=\"0\" alt=\"Obama pidi\u00f3 aprobar la reforma sanitaria y asegur\u00f3 que lo peor de la crisis econ\u00f3mica 'ya pas\u00f3'\" title=\"Obama pidi\u00f3 aprobar la reforma sanitaria y asegur\u00f3 que lo peor de la crisis econ\u00f3mica 'ya pas\u00f3'\" \/><\/div>\n<\/div>\n<div style=\"text-align: justify\">El mandatario, de 47 a\u00f1os, dijo a un a\u00f1o de asumir el cargo que la reforma sanitaria planteada por los dem\u00f3cratas ayudar\u00e1 a reducir gastos a \u00abmillones de familias y empresas\u00bb, y a recortar el d\u00e9ficit fiscal en cerca de un bill\u00f3n de d\u00f3lares en veinte a\u00f1os.\u00a0<\/div>\n<div style=\"text-align: justify\"><\/div>\n<div style=\"text-align: justify\">Tambi\u00e9n aportar\u00e1 cobertura a millones de estadounidenses que en la actualidad carecen de ella, dijo.\u00a0<\/div>\n<div style=\"text-align: justify\"><\/div>\n<div style=\"text-align: justify\">\u00abEste problema no va a desaparecer\u00bb, indic\u00f3 Obama, que asegur\u00f3 que \u00abno abandonar\u00e9 a esos ciudadanos y tampoco deber\u00eda hacerlo la gente presente en esta C\u00e1mara\u00bb.\u00a0<\/div>\n<div style=\"text-align: justify\"><\/div>\n<div style=\"text-align: justify\">Obama, el primer afroamericano en ser electo presidente de Estados Unidos, reconoci\u00f3 que la medida ha perdido popularidad gradualmente, al afirmar que aceptaba \u00abla parte de responsabilidad que me toca por no haberla explicado mejor a los estadounidenses\u00bb.\u00a0<\/div>\n<div style=\"text-align: justify\"><strong><br \/><\/strong><\/div>\n<div style=\"text-align: justify\"><strong>Aeronoticias<\/strong> considera que si bien la reforma sanitaria, la principal prioridad legislativa de Obama en su primer a\u00f1o de mandato, se encuentra en discusi\u00f3n luego de que el opositor Partido Republicano se impusiera la semana pasada en unas elecciones parciales en Massachusetts y arrebatara a los dem\u00f3cratas la mayor\u00eda especial necesaria para evitar cualquier intento de veto de la oposici\u00f3n, y esa derrota ha desmoralizado a los dem\u00f3cratas en un a\u00f1o en el que tambi\u00e9n se celebrar\u00e1n elecciones legislativas en noviembre, Obama envi\u00f3 un mensaje a los legisladores de su partido: \u00abLes recuerdo que seguimos teniendo la mayor\u00eda m\u00e1s amplia de las \u00faltimas d\u00e9cadas, y que la gente espera de nosotros que resolvamos los problemas, no que salgamos corriendo a la m\u00ednima\u00bb dificultad.\u00a0<\/div>\n<div style=\"text-align: justify\"><\/div>\n<div style=\"text-align: justify\">A los republicanos, por su parte, les indic\u00f3 que \u00abdecir que no a todo puede ser una buena estrategia pol\u00edtica a corto plazo, pero no demuestra liderazgo. Estamos aqu\u00ed para servir a los ciudadanos, no a nuestras ambiciones\u00bb.\u00a0<\/div>\n<div style=\"text-align: justify\"><\/div>\n<div style=\"text-align: justify\">Por otro lado, el presidente norteamericano se refiri\u00f3 a la crisis econ\u00f3mica mundial, y asegur\u00f3 que \u00abhay incertidumbre\u00bb en la poblaci\u00f3n sobre la situaci\u00f3n econ\u00f3mica del pa\u00eds, pero afirm\u00f3 que \u00ablo peor de la tormenta ya fue superado\u00bb.\u00a0<\/div>\n<div style=\"text-align: justify\"><\/div>\n<div style=\"text-align: justify\">\u00abPero la devastaci\u00f3n contin\u00faa\u00bb, a\u00f1adi\u00f3 el mandatario en relaci\u00f3n a la alta tasa de desempleo, que actualmente se ubica en el diez por ciento, su m\u00e1ximo en un cuarto de siglo.\u00a0<\/div>\n<div style=\"text-align: justify\"><\/div>\n<div style=\"text-align: justify\">\u00abSoy conciente de las preocupaciones que dominan all\u00ed afuera\u00bb, admiti\u00f3 Obama, quien dijo que para muchos estadounidenses el cambio que prometi\u00f3 no se dio lo suficientemente r\u00e1pido, por lo que \u00abalgunos est\u00e1n frustrados, algunos enojados\u00bb.<\/div>\n<div style=\"text-align: justify\"><\/div>\n","protected":false},"excerpt":{"rendered":"<p>El presidente llam\u00f3 a los estadounidenses a \u00abno abandonar\u00bb la reforma sanitaria, una de sus principales iniciativas de gobierno y que corre peligro tras perder un esca\u00f1o en el Senado. En el tradicional discurso Estado de la Uni\u00f3n, recalc\u00f3 que la crisis qued\u00f3 atr\u00e1s. \u00abLo peor de la tormenta ya fue superado\u00bb. \u00abNo abandonemos la [&hellip;]<\/p>\n","protected":false},"author":1,"featured_media":0,"comment_status":"open","ping_status":"open","sticky":false,"template":"","format":"standard","meta":{"tdm_status":"","tdm_grid_status":"","footnotes":""},"categories":[33],"tags":[],"class_list":{"0":"post-8495","1":"post","2":"type-post","3":"status-publish","4":"format-standard","6":"category-economia"},"yoast_head":"<!-- This site is optimized with the Yoast SEO plugin v25.1 - https:\/\/yoast.com\/wordpress\/plugins\/seo\/ -->\n<title>Obama pidi\u00f3 aprobar la reforma sanitaria y asegur\u00f3 que lo peor de la crisis econ\u00f3mica &#039;ya pas\u00f3&#039;<\/title>\n<meta name=\"description\" content=\"Portal de noticias del Per\u00fa sobre el transporte a\u00e9reo, aviaci\u00f3n, turismo, hoteleria, actualidad.\" \/>\n<meta name=\"robots\" content=\"index, follow, max-snippet:-1, max-image-preview:large, max-video-preview:-1\" \/>\n<link rel=\"canonical\" href=\"https:\/\/aeronoticias.com.pe\/noticiero\/economia\/obama-pidio-aprobar-la-reforma-sanitaria-y-aseguro-que-lo-peor-de-la-crisis-economica-ya-paso\/\" \/>\n<meta property=\"og:locale\" content=\"es_ES\" \/>\n<meta property=\"og:type\" content=\"article\" \/>\n<meta property=\"og:title\" content=\"Obama pidi\u00f3 aprobar la reforma sanitaria y asegur\u00f3 que lo peor de la crisis econ\u00f3mica &#039;ya pas\u00f3&#039;\" \/>\n<meta property=\"og:description\" content=\"Portal de noticias del Per\u00fa sobre el transporte a\u00e9reo, aviaci\u00f3n, turismo, hoteleria, actualidad.\" \/>\n<meta property=\"og:url\" content=\"https:\/\/aeronoticias.com.pe\/noticiero\/economia\/obama-pidio-aprobar-la-reforma-sanitaria-y-aseguro-que-lo-peor-de-la-crisis-economica-ya-paso\/\" \/>\n<meta property=\"og:site_name\" content=\"Aeronoticias.com.pe\" \/>\n<meta property=\"article:publisher\" content=\"https:\/\/www.facebook.com\/Aeronoticias.com.pe\/\" \/>\n<meta property=\"article:published_time\" content=\"2010-01-28T14:15:55+00:00\" \/>\n<meta name=\"author\" content=\"Redacci\u00f3n Aeronoticias\" \/>\n<meta name=\"twitter:card\" content=\"summary_large_image\" \/>\n<meta name=\"twitter:creator\" content=\"@aeronoticias\" \/>\n<meta name=\"twitter:site\" content=\"@aeronoticias\" \/>\n<meta name=\"twitter:label1\" content=\"Escrito por\" \/>\n\t<meta name=\"twitter:data1\" content=\"Redacci\u00f3n Aeronoticias\" \/>\n\t<meta name=\"twitter:label2\" content=\"Tiempo de lectura\" \/>\n\t<meta name=\"twitter:data2\" content=\"3 minutos\" \/>\n<script type=\"application\/ld+json\" class=\"yoast-schema-graph\">{\"@context\":\"https:\/\/schema.org\",\"@graph\":[{\"@type\":\"WebPage\",\"@id\":\"https:\/\/aeronoticias.com.pe\/noticiero\/economia\/obama-pidio-aprobar-la-reforma-sanitaria-y-aseguro-que-lo-peor-de-la-crisis-economica-ya-paso\/\",\"url\":\"https:\/\/aeronoticias.com.pe\/noticiero\/economia\/obama-pidio-aprobar-la-reforma-sanitaria-y-aseguro-que-lo-peor-de-la-crisis-economica-ya-paso\/\",\"name\":\"Obama pidi\u00f3 aprobar la reforma sanitaria y asegur\u00f3 que lo peor de la crisis econ\u00f3mica 'ya pas\u00f3'\",\"isPartOf\":{\"@id\":\"https:\/\/aeronoticias.com.pe\/noticiero\/#website\"},\"datePublished\":\"2010-01-28T14:15:55+00:00\",\"author\":{\"@id\":\"https:\/\/aeronoticias.com.pe\/noticiero\/#\/schema\/person\/fc1e5d578f4b62ba1cf7ac2bba1170a0\"},\"description\":\"Portal de noticias del Per\u00fa sobre el transporte a\u00e9reo, aviaci\u00f3n, turismo, hoteleria, actualidad.\",\"breadcrumb\":{\"@id\":\"https:\/\/aeronoticias.com.pe\/noticiero\/economia\/obama-pidio-aprobar-la-reforma-sanitaria-y-aseguro-que-lo-peor-de-la-crisis-economica-ya-paso\/#breadcrumb\"},\"inLanguage\":\"es\",\"potentialAction\":[{\"@type\":\"ReadAction\",\"target\":[\"https:\/\/aeronoticias.com.pe\/noticiero\/economia\/obama-pidio-aprobar-la-reforma-sanitaria-y-aseguro-que-lo-peor-de-la-crisis-economica-ya-paso\/\"]}]},{\"@type\":\"BreadcrumbList\",\"@id\":\"https:\/\/aeronoticias.com.pe\/noticiero\/economia\/obama-pidio-aprobar-la-reforma-sanitaria-y-aseguro-que-lo-peor-de-la-crisis-economica-ya-paso\/#breadcrumb\",\"itemListElement\":[{\"@type\":\"ListItem\",\"position\":1,\"name\":\"Portada\",\"item\":\"https:\/\/aeronoticias.com.pe\/noticiero\/\"},{\"@type\":\"ListItem\",\"position\":2,\"name\":\"Obama pidi\u00f3 aprobar la reforma sanitaria y asegur\u00f3 que lo peor de la crisis econ\u00f3mica &#8216;ya pas\u00f3&#8217;\"}]},{\"@type\":\"WebSite\",\"@id\":\"https:\/\/aeronoticias.com.pe\/noticiero\/#website\",\"url\":\"https:\/\/aeronoticias.com.pe\/noticiero\/\",\"name\":\"Aeronoticias.com.pe\",\"description\":\"Noticias de tranporte aereo, turismo, hoteles, gastronomia, actualidad, internacional\",\"potentialAction\":[{\"@type\":\"SearchAction\",\"target\":{\"@type\":\"EntryPoint\",\"urlTemplate\":\"https:\/\/aeronoticias.com.pe\/noticiero\/?s={search_term_string}\"},\"query-input\":{\"@type\":\"PropertyValueSpecification\",\"valueRequired\":true,\"valueName\":\"search_term_string\"}}],\"inLanguage\":\"es\"},{\"@type\":\"Person\",\"@id\":\"https:\/\/aeronoticias.com.pe\/noticiero\/#\/schema\/person\/fc1e5d578f4b62ba1cf7ac2bba1170a0\",\"name\":\"Redacci\u00f3n Aeronoticias\",\"url\":\"https:\/\/aeronoticias.com.pe\/noticiero\/author\/piloto\/\"}]}<\/script>\n<!-- \/ Yoast SEO plugin. -->","yoast_head_json":{"title":"Obama pidi\u00f3 aprobar la reforma sanitaria y asegur\u00f3 que lo peor de la crisis econ\u00f3mica 'ya pas\u00f3'","description":"Portal de noticias del Per\u00fa sobre el transporte a\u00e9reo, aviaci\u00f3n, turismo, hoteleria, actualidad.","robots":{"index":"index","follow":"follow","max-snippet":"max-snippet:-1","max-image-preview":"max-image-preview:large","max-video-preview":"max-video-preview:-1"},"canonical":"https:\/\/aeronoticias.com.pe\/noticiero\/economia\/obama-pidio-aprobar-la-reforma-sanitaria-y-aseguro-que-lo-peor-de-la-crisis-economica-ya-paso\/","og_locale":"es_ES","og_type":"article","og_title":"Obama pidi\u00f3 aprobar la reforma sanitaria y asegur\u00f3 que lo peor de la crisis econ\u00f3mica 'ya pas\u00f3'","og_description":"Portal de noticias del Per\u00fa sobre el transporte a\u00e9reo, aviaci\u00f3n, turismo, hoteleria, actualidad.","og_url":"https:\/\/aeronoticias.com.pe\/noticiero\/economia\/obama-pidio-aprobar-la-reforma-sanitaria-y-aseguro-que-lo-peor-de-la-crisis-economica-ya-paso\/","og_site_name":"Aeronoticias.com.pe","article_publisher":"https:\/\/www.facebook.com\/Aeronoticias.com.pe\/","article_published_time":"2010-01-28T14:15:55+00:00","author":"Redacci\u00f3n Aeronoticias","twitter_card":"summary_large_image","twitter_creator":"@aeronoticias","twitter_site":"@aeronoticias","twitter_misc":{"Escrito por":"Redacci\u00f3n Aeronoticias","Tiempo de lectura":"3 minutos"},"schema":{"@context":"https:\/\/schema.org","@graph":[{"@type":"WebPage","@id":"https:\/\/aeronoticias.com.pe\/noticiero\/economia\/obama-pidio-aprobar-la-reforma-sanitaria-y-aseguro-que-lo-peor-de-la-crisis-economica-ya-paso\/","url":"https:\/\/aeronoticias.com.pe\/noticiero\/economia\/obama-pidio-aprobar-la-reforma-sanitaria-y-aseguro-que-lo-peor-de-la-crisis-economica-ya-paso\/","name":"Obama pidi\u00f3 aprobar la reforma sanitaria y asegur\u00f3 que lo peor de la crisis econ\u00f3mica 'ya pas\u00f3'","isPartOf":{"@id":"https:\/\/aeronoticias.com.pe\/noticiero\/#website"},"datePublished":"2010-01-28T14:15:55+00:00","author":{"@id":"https:\/\/aeronoticias.com.pe\/noticiero\/#\/schema\/person\/fc1e5d578f4b62ba1cf7ac2bba1170a0"},"description":"Portal de noticias del Per\u00fa sobre el transporte a\u00e9reo, aviaci\u00f3n, turismo, hoteleria, actualidad.","breadcrumb":{"@id":"https:\/\/aeronoticias.com.pe\/noticiero\/economia\/obama-pidio-aprobar-la-reforma-sanitaria-y-aseguro-que-lo-peor-de-la-crisis-economica-ya-paso\/#breadcrumb"},"inLanguage":"es","potentialAction":[{"@type":"ReadAction","target":["https:\/\/aeronoticias.com.pe\/noticiero\/economia\/obama-pidio-aprobar-la-reforma-sanitaria-y-aseguro-que-lo-peor-de-la-crisis-economica-ya-paso\/"]}]},{"@type":"BreadcrumbList","@id":"https:\/\/aeronoticias.com.pe\/noticiero\/economia\/obama-pidio-aprobar-la-reforma-sanitaria-y-aseguro-que-lo-peor-de-la-crisis-economica-ya-paso\/#breadcrumb","itemListElement":[{"@type":"ListItem","position":1,"name":"Portada","item":"https:\/\/aeronoticias.com.pe\/noticiero\/"},{"@type":"ListItem","position":2,"name":"Obama pidi\u00f3 aprobar la reforma sanitaria y asegur\u00f3 que lo peor de la crisis econ\u00f3mica &#8216;ya pas\u00f3&#8217;"}]},{"@type":"WebSite","@id":"https:\/\/aeronoticias.com.pe\/noticiero\/#website","url":"https:\/\/aeronoticias.com.pe\/noticiero\/","name":"Aeronoticias.com.pe","description":"Noticias de tranporte aereo, turismo, hoteles, gastronomia, actualidad, internacional","potentialAction":[{"@type":"SearchAction","target":{"@type":"EntryPoint","urlTemplate":"https:\/\/aeronoticias.com.pe\/noticiero\/?s={search_term_string}"},"query-input":{"@type":"PropertyValueSpecification","valueRequired":true,"valueName":"search_term_string"}}],"inLanguage":"es"},{"@type":"Person","@id":"https:\/\/aeronoticias.com.pe\/noticiero\/#\/schema\/person\/fc1e5d578f4b62ba1cf7ac2bba1170a0","name":"Redacci\u00f3n Aeronoticias","url":"https:\/\/aeronoticias.com.pe\/noticiero\/author\/piloto\/"}]}},"_links":{"self":[{"href":"https:\/\/aeronoticias.com.pe\/noticiero\/wp-json\/wp\/v2\/posts\/8495","targetHints":{"allow":["GET"]}}],"collection":[{"href":"https:\/\/aeronoticias.com.pe\/noticiero\/wp-json\/wp\/v2\/posts"}],"about":[{"href":"https:\/\/aeronoticias.com.pe\/noticiero\/wp-json\/wp\/v2\/types\/post"}],"author":[{"embeddable":true,"href":"https:\/\/aeronoticias.com.pe\/noticiero\/wp-json\/wp\/v2\/users\/1"}],"replies":[{"embeddable":true,"href":"https:\/\/aeronoticias.com.pe\/noticiero\/wp-json\/wp\/v2\/comments?post=8495"}],"version-history":[{"count":0,"href":"https:\/\/aeronoticias.com.pe\/noticiero\/wp-json\/wp\/v2\/posts\/8495\/revisions"}],"wp:attachment":[{"href":"https:\/\/aeronoticias.com.pe\/noticiero\/wp-json\/wp\/v2\/media?parent=8495"}],"wp:term":[{"taxonomy":"category","embeddable":true,"href":"https:\/\/aeronoticias.com.pe\/noticiero\/wp-json\/wp\/v2\/categories?post=8495"},{"taxonomy":"post_tag","embeddable":true,"href":"https:\/\/aeronoticias.com.pe\/noticiero\/wp-json\/wp\/v2\/tags?post=8495"}],"curies":[{"name":"wp","href":"https:\/\/api.w.org\/{rel}","templated":true}]}}