{"id":8496,"date":"2010-01-28T14:41:32","date_gmt":"2010-01-28T14:41:32","guid":{"rendered":"http:\/\/desarrollo.mcvicious.com\/aero2020\/2010\/01\/28\/mincetur-hoy-se-evacuaran-a-800-turistas-de-machu-picchu-pueblo\/"},"modified":"2010-01-28T14:41:32","modified_gmt":"2010-01-28T14:41:32","slug":"mincetur-hoy-se-evacuaran-a-800-turistas-de-machu-picchu-pueblo","status":"publish","type":"post","link":"https:\/\/aeronoticias.com.pe\/noticiero\/turismo\/13\/mincetur-hoy-se-evacuaran-a-800-turistas-de-machu-picchu-pueblo\/","title":{"rendered":"Mincetur: Hoy se evacuaran a 800 turistas de Machu Picchu pueblo"},"content":{"rendered":"<div style=\"text-align: justify\">Seg\u00fan se inform\u00f3 ayer se evacuaron un total de 595 turistas en 36 vuelos de helic\u00f3pteros, en una jornada que empez\u00f3 alrededor del medio d\u00eda, y hoy el ministro de Comercio Exterior y Turismo, Mart\u00edn P\u00e9rez, estim\u00f3 que se evacuar\u00e1n entre 800 y 1,000 turistas que se encuentran varados en Machu Picchu pueblo, quienes permanecen varados por la interrupci\u00f3n de la l\u00ednea f\u00e9rrea a causa de los deslizamientos y fuertes lluvias.<\/div>\n<div style=\"text-align: justify\">\u00a0<\/div>\n<div style=\"text-align: justify\">\u201cSi pudi\u00e9ramos decolar temprano a golpe de las 6:30 a 7 de la ma\u00f1ana, podr\u00edamos tener unas tres o cuatro horas m\u00e1s, y elevar el n\u00famero de evacuados en 300 \u00f3 400 personas\u201d, declar\u00f3 \u00a0P\u00e9rez, reiterando que ning\u00fan turista extranjero o ciudadano peruano tiene que pagar \u201cni un sol o un d\u00f3lar\u201d para ser evacuado, y que no hay discriminaci\u00f3n en la ayuda que se le brinda a los afectados sean extranjeros o lugare\u00f1os.<\/div>\n<div style=\"text-align: justify\">\n<div style=\"text-align: center\"><img decoding=\"async\" src=\"images\/stories\/10\/01\/280110\/fer.jpg\" border=\"0\" alt=\"Mincetur: Hoy se evacuaran a 800 turistas de Machu Picchu pueblo \" title=\"Mincetur: Hoy se evacuaran a 800 turistas de Machu Picchu pueblo \" \/><\/div>\n<\/div>\n<div style=\"text-align: justify\">Inform\u00f3 que en la v\u00edspera llegaron dos helic\u00f3pteros m\u00e1s para sumarse al grupo de 11 aeronaves que realizan la evacuaci\u00f3n, pero que probablemente ma\u00f1ana prescindir\u00e1n de las naves que tienen menor capacidad de pasajeros, para utilizar las que pueden llevar m\u00e1s turistas. \u201cLos de la Fuerza Armada y de la Polic\u00eda pueden evacuar 20 a 22 personas\u201d<\/div>\n<div style=\"text-align: justify\"><\/div>\n<div style=\"text-align: justify\">Por otra parte, advirti\u00f3 que si bien se est\u00e1n evacuando una buena cantidad de turistas, se espera la llegada de unos 670 turistas m\u00e1s a Machu Picchu que partieron hacia dicho santuario por el camino Inca en d\u00edas previos.<\/div>\n<div style=\"text-align: justify\"><\/div>\n<div style=\"text-align: justify\">\u201cSe espera que lleguen 670 turistas, m\u00e1s 640 porteadores, y 100 gu\u00edas locales\u201d, agreg\u00f3.<\/div>\n<div style=\"text-align: justify\"><\/div>\n<div style=\"text-align: justify\">Indic\u00f3 que de los 1,900 turistas que estaban inicialmente incomunicados por v\u00eda terrestre, ahora solo restan unos 800, pero que la cifra se va a incrementar con la llegada de los visitantes que se acercan por el camino Inca.<\/div>\n<div style=\"text-align: justify\"><\/div>\n<div style=\"text-align: justify\">Tambi\u00e9n asegur\u00f3 que a los turistas que permanecen en Machu Picchu pueblo (Aguas Calientes) se les proporciona agua y comida, porque \u201ctodos los helic\u00f3pteros salen con agua, comida y regresan con pasajeros.\u201d<\/div>\n<div style=\"text-align: justify\"><\/div>\n<div style=\"text-align: justify\"><strong>Aeronoticias<\/strong> considera que la labor de P\u00e9rez en momentos como este es vital ya que se est\u00e1 probando la respuesta del Per\u00fa ante una crisis que involucra ciudadanos internacionales, por lo que se deben redoblar los esfuerzos para lograr una operaci\u00f3n exitosa y el salvamento de todos los turistas atrapados, adem\u00e1s de la ayuda para los lugare\u00f1os que se han visto desplazados, perjudicados y con sus casas destruidas.<\/div>\n<div style=\"text-align: justify\"><\/div>\n","protected":false},"excerpt":{"rendered":"<p>Seg\u00fan se inform\u00f3 ayer se evacuaron un total de 595 turistas en 36 vuelos de helic\u00f3pteros, en una jornada que empez\u00f3 alrededor del medio d\u00eda, y hoy el ministro de Comercio Exterior y Turismo, Mart\u00edn P\u00e9rez, estim\u00f3 que se evacuar\u00e1n entre 800 y 1,000 turistas que se encuentran varados en Machu Picchu pueblo, quienes permanecen [&hellip;]<\/p>\n","protected":false},"author":1,"featured_media":0,"comment_status":"open","ping_status":"open","sticky":false,"template":"","format":"standard","meta":{"tdm_status":"","tdm_grid_status":"","footnotes":""},"categories":[31],"tags":[],"class_list":{"0":"post-8496","1":"post","2":"type-post","3":"status-publish","4":"format-standard","6":"category-31"},"yoast_head":"<!-- This site is optimized with the Yoast SEO plugin v25.1 - https:\/\/yoast.com\/wordpress\/plugins\/seo\/ -->\n<title>Mincetur: Hoy se evacuaran a 800 turistas de Machu Picchu pueblo<\/title>\n<meta name=\"description\" content=\"Portal de noticias del Per\u00fa sobre el transporte a\u00e9reo, aviaci\u00f3n, turismo, hoteleria, actualidad.\" \/>\n<meta name=\"robots\" content=\"index, follow, max-snippet:-1, max-image-preview:large, max-video-preview:-1\" \/>\n<link rel=\"canonical\" href=\"https:\/\/aeronoticias.com.pe\/noticiero\/turismo\/13\/mincetur-hoy-se-evacuaran-a-800-turistas-de-machu-picchu-pueblo\/\" \/>\n<meta property=\"og:locale\" content=\"es_ES\" \/>\n<meta property=\"og:type\" content=\"article\" \/>\n<meta property=\"og:title\" content=\"Mincetur: Hoy se evacuaran a 800 turistas de Machu Picchu pueblo\" \/>\n<meta property=\"og:description\" content=\"Portal de noticias del Per\u00fa sobre el transporte a\u00e9reo, aviaci\u00f3n, turismo, hoteleria, actualidad.\" \/>\n<meta property=\"og:url\" content=\"https:\/\/aeronoticias.com.pe\/noticiero\/turismo\/13\/mincetur-hoy-se-evacuaran-a-800-turistas-de-machu-picchu-pueblo\/\" \/>\n<meta property=\"og:site_name\" content=\"Aeronoticias.com.pe\" \/>\n<meta property=\"article:publisher\" content=\"https:\/\/www.facebook.com\/Aeronoticias.com.pe\/\" \/>\n<meta property=\"article:published_time\" content=\"2010-01-28T14:41:32+00:00\" \/>\n<meta name=\"author\" content=\"Redacci\u00f3n Aeronoticias\" \/>\n<meta name=\"twitter:card\" content=\"summary_large_image\" \/>\n<meta name=\"twitter:creator\" content=\"@aeronoticias\" \/>\n<meta name=\"twitter:site\" content=\"@aeronoticias\" \/>\n<meta name=\"twitter:label1\" content=\"Escrito por\" \/>\n\t<meta name=\"twitter:data1\" content=\"Redacci\u00f3n Aeronoticias\" \/>\n\t<meta name=\"twitter:label2\" content=\"Tiempo de lectura\" \/>\n\t<meta name=\"twitter:data2\" content=\"2 minutos\" \/>\n<script type=\"application\/ld+json\" class=\"yoast-schema-graph\">{\"@context\":\"https:\/\/schema.org\",\"@graph\":[{\"@type\":\"WebPage\",\"@id\":\"https:\/\/aeronoticias.com.pe\/noticiero\/turismo\/13\/mincetur-hoy-se-evacuaran-a-800-turistas-de-machu-picchu-pueblo\/\",\"url\":\"https:\/\/aeronoticias.com.pe\/noticiero\/turismo\/13\/mincetur-hoy-se-evacuaran-a-800-turistas-de-machu-picchu-pueblo\/\",\"name\":\"Mincetur: Hoy se evacuaran a 800 turistas de Machu Picchu pueblo\",\"isPartOf\":{\"@id\":\"https:\/\/aeronoticias.com.pe\/noticiero\/#website\"},\"datePublished\":\"2010-01-28T14:41:32+00:00\",\"author\":{\"@id\":\"https:\/\/aeronoticias.com.pe\/noticiero\/#\/schema\/person\/fc1e5d578f4b62ba1cf7ac2bba1170a0\"},\"description\":\"Portal de noticias del Per\u00fa sobre el transporte a\u00e9reo, aviaci\u00f3n, turismo, hoteleria, actualidad.\",\"breadcrumb\":{\"@id\":\"https:\/\/aeronoticias.com.pe\/noticiero\/turismo\/13\/mincetur-hoy-se-evacuaran-a-800-turistas-de-machu-picchu-pueblo\/#breadcrumb\"},\"inLanguage\":\"es\",\"potentialAction\":[{\"@type\":\"ReadAction\",\"target\":[\"https:\/\/aeronoticias.com.pe\/noticiero\/turismo\/13\/mincetur-hoy-se-evacuaran-a-800-turistas-de-machu-picchu-pueblo\/\"]}]},{\"@type\":\"BreadcrumbList\",\"@id\":\"https:\/\/aeronoticias.com.pe\/noticiero\/turismo\/13\/mincetur-hoy-se-evacuaran-a-800-turistas-de-machu-picchu-pueblo\/#breadcrumb\",\"itemListElement\":[{\"@type\":\"ListItem\",\"position\":1,\"name\":\"Portada\",\"item\":\"https:\/\/aeronoticias.com.pe\/noticiero\/\"},{\"@type\":\"ListItem\",\"position\":2,\"name\":\"Mincetur: Hoy se evacuaran a 800 turistas de Machu Picchu pueblo\"}]},{\"@type\":\"WebSite\",\"@id\":\"https:\/\/aeronoticias.com.pe\/noticiero\/#website\",\"url\":\"https:\/\/aeronoticias.com.pe\/noticiero\/\",\"name\":\"Aeronoticias.com.pe\",\"description\":\"Noticias de tranporte aereo, turismo, hoteles, gastronomia, actualidad, internacional\",\"potentialAction\":[{\"@type\":\"SearchAction\",\"target\":{\"@type\":\"EntryPoint\",\"urlTemplate\":\"https:\/\/aeronoticias.com.pe\/noticiero\/?s={search_term_string}\"},\"query-input\":{\"@type\":\"PropertyValueSpecification\",\"valueRequired\":true,\"valueName\":\"search_term_string\"}}],\"inLanguage\":\"es\"},{\"@type\":\"Person\",\"@id\":\"https:\/\/aeronoticias.com.pe\/noticiero\/#\/schema\/person\/fc1e5d578f4b62ba1cf7ac2bba1170a0\",\"name\":\"Redacci\u00f3n Aeronoticias\",\"url\":\"https:\/\/aeronoticias.com.pe\/noticiero\/author\/piloto\/\"}]}<\/script>\n<!-- \/ Yoast SEO plugin. -->","yoast_head_json":{"title":"Mincetur: Hoy se evacuaran a 800 turistas de Machu Picchu pueblo","description":"Portal de noticias del Per\u00fa sobre el transporte a\u00e9reo, aviaci\u00f3n, turismo, hoteleria, actualidad.","robots":{"index":"index","follow":"follow","max-snippet":"max-snippet:-1","max-image-preview":"max-image-preview:large","max-video-preview":"max-video-preview:-1"},"canonical":"https:\/\/aeronoticias.com.pe\/noticiero\/turismo\/13\/mincetur-hoy-se-evacuaran-a-800-turistas-de-machu-picchu-pueblo\/","og_locale":"es_ES","og_type":"article","og_title":"Mincetur: Hoy se evacuaran a 800 turistas de Machu Picchu pueblo","og_description":"Portal de noticias del Per\u00fa sobre el transporte a\u00e9reo, aviaci\u00f3n, turismo, hoteleria, actualidad.","og_url":"https:\/\/aeronoticias.com.pe\/noticiero\/turismo\/13\/mincetur-hoy-se-evacuaran-a-800-turistas-de-machu-picchu-pueblo\/","og_site_name":"Aeronoticias.com.pe","article_publisher":"https:\/\/www.facebook.com\/Aeronoticias.com.pe\/","article_published_time":"2010-01-28T14:41:32+00:00","author":"Redacci\u00f3n Aeronoticias","twitter_card":"summary_large_image","twitter_creator":"@aeronoticias","twitter_site":"@aeronoticias","twitter_misc":{"Escrito por":"Redacci\u00f3n Aeronoticias","Tiempo de lectura":"2 minutos"},"schema":{"@context":"https:\/\/schema.org","@graph":[{"@type":"WebPage","@id":"https:\/\/aeronoticias.com.pe\/noticiero\/turismo\/13\/mincetur-hoy-se-evacuaran-a-800-turistas-de-machu-picchu-pueblo\/","url":"https:\/\/aeronoticias.com.pe\/noticiero\/turismo\/13\/mincetur-hoy-se-evacuaran-a-800-turistas-de-machu-picchu-pueblo\/","name":"Mincetur: Hoy se evacuaran a 800 turistas de Machu Picchu pueblo","isPartOf":{"@id":"https:\/\/aeronoticias.com.pe\/noticiero\/#website"},"datePublished":"2010-01-28T14:41:32+00:00","author":{"@id":"https:\/\/aeronoticias.com.pe\/noticiero\/#\/schema\/person\/fc1e5d578f4b62ba1cf7ac2bba1170a0"},"description":"Portal de noticias del Per\u00fa sobre el transporte a\u00e9reo, aviaci\u00f3n, turismo, hoteleria, actualidad.","breadcrumb":{"@id":"https:\/\/aeronoticias.com.pe\/noticiero\/turismo\/13\/mincetur-hoy-se-evacuaran-a-800-turistas-de-machu-picchu-pueblo\/#breadcrumb"},"inLanguage":"es","potentialAction":[{"@type":"ReadAction","target":["https:\/\/aeronoticias.com.pe\/noticiero\/turismo\/13\/mincetur-hoy-se-evacuaran-a-800-turistas-de-machu-picchu-pueblo\/"]}]},{"@type":"BreadcrumbList","@id":"https:\/\/aeronoticias.com.pe\/noticiero\/turismo\/13\/mincetur-hoy-se-evacuaran-a-800-turistas-de-machu-picchu-pueblo\/#breadcrumb","itemListElement":[{"@type":"ListItem","position":1,"name":"Portada","item":"https:\/\/aeronoticias.com.pe\/noticiero\/"},{"@type":"ListItem","position":2,"name":"Mincetur: Hoy se evacuaran a 800 turistas de Machu Picchu pueblo"}]},{"@type":"WebSite","@id":"https:\/\/aeronoticias.com.pe\/noticiero\/#website","url":"https:\/\/aeronoticias.com.pe\/noticiero\/","name":"Aeronoticias.com.pe","description":"Noticias de tranporte aereo, turismo, hoteles, gastronomia, actualidad, internacional","potentialAction":[{"@type":"SearchAction","target":{"@type":"EntryPoint","urlTemplate":"https:\/\/aeronoticias.com.pe\/noticiero\/?s={search_term_string}"},"query-input":{"@type":"PropertyValueSpecification","valueRequired":true,"valueName":"search_term_string"}}],"inLanguage":"es"},{"@type":"Person","@id":"https:\/\/aeronoticias.com.pe\/noticiero\/#\/schema\/person\/fc1e5d578f4b62ba1cf7ac2bba1170a0","name":"Redacci\u00f3n Aeronoticias","url":"https:\/\/aeronoticias.com.pe\/noticiero\/author\/piloto\/"}]}},"_links":{"self":[{"href":"https:\/\/aeronoticias.com.pe\/noticiero\/wp-json\/wp\/v2\/posts\/8496","targetHints":{"allow":["GET"]}}],"collection":[{"href":"https:\/\/aeronoticias.com.pe\/noticiero\/wp-json\/wp\/v2\/posts"}],"about":[{"href":"https:\/\/aeronoticias.com.pe\/noticiero\/wp-json\/wp\/v2\/types\/post"}],"author":[{"embeddable":true,"href":"https:\/\/aeronoticias.com.pe\/noticiero\/wp-json\/wp\/v2\/users\/1"}],"replies":[{"embeddable":true,"href":"https:\/\/aeronoticias.com.pe\/noticiero\/wp-json\/wp\/v2\/comments?post=8496"}],"version-history":[{"count":0,"href":"https:\/\/aeronoticias.com.pe\/noticiero\/wp-json\/wp\/v2\/posts\/8496\/revisions"}],"wp:attachment":[{"href":"https:\/\/aeronoticias.com.pe\/noticiero\/wp-json\/wp\/v2\/media?parent=8496"}],"wp:term":[{"taxonomy":"category","embeddable":true,"href":"https:\/\/aeronoticias.com.pe\/noticiero\/wp-json\/wp\/v2\/categories?post=8496"},{"taxonomy":"post_tag","embeddable":true,"href":"https:\/\/aeronoticias.com.pe\/noticiero\/wp-json\/wp\/v2\/tags?post=8496"}],"curies":[{"name":"wp","href":"https:\/\/api.w.org\/{rel}","templated":true}]}}