{"id":84974,"date":"2023-08-07T10:37:55","date_gmt":"2023-08-07T15:37:55","guid":{"rendered":"https:\/\/aeronoticias.com.pe\/noticiero\/?p=84974"},"modified":"2023-08-07T11:00:41","modified_gmt":"2023-08-07T16:00:41","slug":"hallan-restos-que-serian-de-avioneta-siniestrada-con-4-tripulantes-en-mar-de-trujillo","status":"publish","type":"post","link":"https:\/\/aeronoticias.com.pe\/noticiero\/ultimas\/1\/hallan-restos-que-serian-de-avioneta-siniestrada-con-4-tripulantes-en-mar-de-trujillo\/","title":{"rendered":"Hallan restos que ser\u00edan de avioneta siniestrada con 4 tripulantes en mar de Trujillo"},"content":{"rendered":"\n<p><strong>(Aeronoticias)<\/strong>: El \u00faltimo domingo 6 de julio, por informaci\u00f3n de vecinos de\u00a0<strong>Pacasmayo<\/strong>, autoridades regionales acudieron hasta el punto para recoger restos que ser\u00edan de la\u00a0<a href=\"https:\/\/larepublica.pe\/sociedad\/2023\/07\/30\/accidente-de-avioneta-cessna-172-en-trujillo-asi-fueron-los-ultimos-instantes-con-vida-de-los-tripulantes-la-libertad-lrsd-1404030\">avioneta Cessna 172 siniestrada el \u00faltimo 28 de julio en Trujillo<\/a>, regi\u00f3n La Libertad.<\/p>\n\n\n\n<p>Al respecto, el subgerente de Defensa Civil del Gobierno Regional de La Libertad, Wilfredo Agust\u00edn D\u00edaz, explic\u00f3 que se desplazaron para verificar la alerta. \u00abAyer (domingo 6 de julio), se nos indic\u00f3 que hubo indicios de lo que podr\u00eda ser parte de la avioneta. Nos hemos desplazado hasta San Pedro, Pacasmayo, y hemos encontrado unas evidencias que se est\u00e1n poniendo a\u00a0disposici\u00f3n de la Fuerza A\u00e9rea para determinar sin son del avi\u00f3n Cessna\u00bb, dijo a La Rep\u00fablica.<\/p>\n\n\n\n<p>Asimismo, explic\u00f3 que este lunes 7 los trabajos de b\u00fasqueda continuar\u00e1n, tanto de los tripulantes como de la aeronave. Son m\u00e1s de 15 kil\u00f3metros de per\u00edmetro que se han establecido para este fin.<\/p>\n\n\n\n<h2 class=\"wp-block-heading\"><strong>\u00bfCu\u00e1ntos tripulantes faltan rescatar?<\/strong><\/h2>\n\n\n\n<p>Las labores han dado como consecuencia el hallazgo de los cuerpos de<a href=\"https:\/\/larepublica.pe\/sociedad\/2023\/07\/29\/trujillo-hallan-cuerpos-de-tripulantes-de-la-avioneta-cessna-172-que-cayo-al-mar-de-huanchaco-la-libertad-accidentes-aereos-lrsd-2289724\">\u00a0Fabiana Hern\u00e1ndez Barba<\/a>\u00a0y\u00a0<a href=\"https:\/\/larepublica.pe\/sociedad\/2023\/08\/03\/accidente-de-avioneta-cessna-en-trujillo-amigos-de-santiago-garcia-le-brindan-el-ultimo-adios-lrsd-271506\">Santiago Aldaz Garc\u00eda.<\/a>\u00a0Sin embargo, falta encontrar a Mayt Jim\u00e9nez Barreto y Boris Corrales Pardo.<\/p>\n\n\n\n<p><strong>Fuente: La Rep\u00fablica.pe<\/strong><\/p>\n","protected":false},"excerpt":{"rendered":"<p>(Aeronoticias): El \u00faltimo domingo 6 de julio, por informaci\u00f3n de vecinos de\u00a0Pacasmayo, autoridades regionales acudieron hasta el punto para recoger restos que ser\u00edan de la\u00a0avioneta Cessna 172 siniestrada el \u00faltimo 28 de julio en Trujillo, regi\u00f3n La Libertad. Al respecto, el subgerente de Defensa Civil del Gobierno Regional de La Libertad, Wilfredo Agust\u00edn D\u00edaz, explic\u00f3 [&hellip;]<\/p>\n","protected":false},"author":3,"featured_media":84977,"comment_status":"open","ping_status":"open","sticky":false,"template":"","format":"standard","meta":{"tdm_status":"","tdm_grid_status":"","footnotes":""},"categories":[30,8],"tags":[3328,3329,1385],"class_list":{"0":"post-84974","1":"post","2":"type-post","3":"status-publish","4":"format-standard","5":"has-post-thumbnail","7":"category-30","8":"category-ultimas","9":"tag-avineta-cessna-172","10":"tag-fuerza-aerea","11":"tag-pacasmayo"},"yoast_head":"<!-- This site is optimized with the Yoast SEO plugin v25.1 - https:\/\/yoast.com\/wordpress\/plugins\/seo\/ -->\n<title>Hallan restos que ser\u00edan de avioneta siniestrada con 4 tripulantes en mar de Trujillo<\/title>\n<meta name=\"description\" content=\"Subgerente de Defensa Civil se\u00f1al\u00f3 que estas partes fueron reportadas en la provincia de Pacasmayo, a 2 horas de donde se suscit\u00f3 el accidente a\u00e9reo.\" \/>\n<meta name=\"robots\" content=\"index, follow, max-snippet:-1, max-image-preview:large, max-video-preview:-1\" \/>\n<link rel=\"canonical\" href=\"https:\/\/aeronoticias.com.pe\/noticiero\/ultimas\/1\/hallan-restos-que-serian-de-avioneta-siniestrada-con-4-tripulantes-en-mar-de-trujillo\/\" \/>\n<meta property=\"og:locale\" content=\"es_ES\" \/>\n<meta property=\"og:type\" content=\"article\" \/>\n<meta property=\"og:title\" content=\"Hallan restos que ser\u00edan de avioneta siniestrada con 4 tripulantes en mar de Trujillo\" \/>\n<meta property=\"og:description\" content=\"Subgerente de Defensa Civil se\u00f1al\u00f3 que estas partes fueron reportadas en la provincia de Pacasmayo, a 2 horas de donde se suscit\u00f3 el accidente a\u00e9reo.\" \/>\n<meta property=\"og:url\" content=\"https:\/\/aeronoticias.com.pe\/noticiero\/ultimas\/1\/hallan-restos-que-serian-de-avioneta-siniestrada-con-4-tripulantes-en-mar-de-trujillo\/\" \/>\n<meta property=\"og:site_name\" content=\"Aeronoticias.com.pe\" \/>\n<meta property=\"article:publisher\" content=\"https:\/\/www.facebook.com\/Aeronoticias.com.pe\/\" \/>\n<meta property=\"article:published_time\" content=\"2023-08-07T15:37:55+00:00\" \/>\n<meta property=\"article:modified_time\" content=\"2023-08-07T16:00:41+00:00\" \/>\n<meta property=\"og:image\" content=\"https:\/\/aeronoticias.com.pe\/noticiero\/wp-content\/uploads\/2023\/08\/la-rep.jpg\" \/>\n\t<meta property=\"og:image:width\" content=\"644\" \/>\n\t<meta property=\"og:image:height\" content=\"404\" \/>\n\t<meta property=\"og:image:type\" content=\"image\/jpeg\" \/>\n<meta name=\"author\" content=\"Redacci\u00f3n\" \/>\n<meta name=\"twitter:card\" content=\"summary_large_image\" \/>\n<meta name=\"twitter:creator\" content=\"@aeronoticias\" \/>\n<meta name=\"twitter:site\" content=\"@aeronoticias\" \/>\n<meta name=\"twitter:label1\" content=\"Escrito por\" \/>\n\t<meta name=\"twitter:data1\" content=\"Redacci\u00f3n\" \/>\n\t<meta name=\"twitter:label2\" content=\"Tiempo de lectura\" \/>\n\t<meta name=\"twitter:data2\" content=\"1 minuto\" \/>\n<script type=\"application\/ld+json\" class=\"yoast-schema-graph\">{\"@context\":\"https:\/\/schema.org\",\"@graph\":[{\"@type\":\"WebPage\",\"@id\":\"https:\/\/aeronoticias.com.pe\/noticiero\/ultimas\/1\/hallan-restos-que-serian-de-avioneta-siniestrada-con-4-tripulantes-en-mar-de-trujillo\/\",\"url\":\"https:\/\/aeronoticias.com.pe\/noticiero\/ultimas\/1\/hallan-restos-que-serian-de-avioneta-siniestrada-con-4-tripulantes-en-mar-de-trujillo\/\",\"name\":\"Hallan restos que ser\u00edan de avioneta siniestrada con 4 tripulantes en mar de Trujillo\",\"isPartOf\":{\"@id\":\"https:\/\/aeronoticias.com.pe\/noticiero\/#website\"},\"primaryImageOfPage\":{\"@id\":\"https:\/\/aeronoticias.com.pe\/noticiero\/ultimas\/1\/hallan-restos-que-serian-de-avioneta-siniestrada-con-4-tripulantes-en-mar-de-trujillo\/#primaryimage\"},\"image\":{\"@id\":\"https:\/\/aeronoticias.com.pe\/noticiero\/ultimas\/1\/hallan-restos-que-serian-de-avioneta-siniestrada-con-4-tripulantes-en-mar-de-trujillo\/#primaryimage\"},\"thumbnailUrl\":\"https:\/\/aeronoticias.com.pe\/noticiero\/wp-content\/uploads\/2023\/08\/la-rep.jpg\",\"datePublished\":\"2023-08-07T15:37:55+00:00\",\"dateModified\":\"2023-08-07T16:00:41+00:00\",\"author\":{\"@id\":\"https:\/\/aeronoticias.com.pe\/noticiero\/#\/schema\/person\/16212a617c73f78916b13194154243bd\"},\"description\":\"Subgerente de Defensa Civil se\u00f1al\u00f3 que estas partes fueron reportadas en la provincia de Pacasmayo, a 2 horas de donde se suscit\u00f3 el accidente a\u00e9reo.\",\"breadcrumb\":{\"@id\":\"https:\/\/aeronoticias.com.pe\/noticiero\/ultimas\/1\/hallan-restos-que-serian-de-avioneta-siniestrada-con-4-tripulantes-en-mar-de-trujillo\/#breadcrumb\"},\"inLanguage\":\"es\",\"potentialAction\":[{\"@type\":\"ReadAction\",\"target\":[\"https:\/\/aeronoticias.com.pe\/noticiero\/ultimas\/1\/hallan-restos-que-serian-de-avioneta-siniestrada-con-4-tripulantes-en-mar-de-trujillo\/\"]}]},{\"@type\":\"ImageObject\",\"inLanguage\":\"es\",\"@id\":\"https:\/\/aeronoticias.com.pe\/noticiero\/ultimas\/1\/hallan-restos-que-serian-de-avioneta-siniestrada-con-4-tripulantes-en-mar-de-trujillo\/#primaryimage\",\"url\":\"https:\/\/aeronoticias.com.pe\/noticiero\/wp-content\/uploads\/2023\/08\/la-rep.jpg\",\"contentUrl\":\"https:\/\/aeronoticias.com.pe\/noticiero\/wp-content\/uploads\/2023\/08\/la-rep.jpg\",\"width\":644,\"height\":404},{\"@type\":\"BreadcrumbList\",\"@id\":\"https:\/\/aeronoticias.com.pe\/noticiero\/ultimas\/1\/hallan-restos-que-serian-de-avioneta-siniestrada-con-4-tripulantes-en-mar-de-trujillo\/#breadcrumb\",\"itemListElement\":[{\"@type\":\"ListItem\",\"position\":1,\"name\":\"Portada\",\"item\":\"https:\/\/aeronoticias.com.pe\/noticiero\/\"},{\"@type\":\"ListItem\",\"position\":2,\"name\":\"Hallan restos que ser\u00edan de avioneta siniestrada con 4 tripulantes en mar de Trujillo\"}]},{\"@type\":\"WebSite\",\"@id\":\"https:\/\/aeronoticias.com.pe\/noticiero\/#website\",\"url\":\"https:\/\/aeronoticias.com.pe\/noticiero\/\",\"name\":\"Aeronoticias.com.pe\",\"description\":\"Noticias de tranporte aereo, turismo, hoteles, gastronomia, actualidad, internacional\",\"potentialAction\":[{\"@type\":\"SearchAction\",\"target\":{\"@type\":\"EntryPoint\",\"urlTemplate\":\"https:\/\/aeronoticias.com.pe\/noticiero\/?s={search_term_string}\"},\"query-input\":{\"@type\":\"PropertyValueSpecification\",\"valueRequired\":true,\"valueName\":\"search_term_string\"}}],\"inLanguage\":\"es\"},{\"@type\":\"Person\",\"@id\":\"https:\/\/aeronoticias.com.pe\/noticiero\/#\/schema\/person\/16212a617c73f78916b13194154243bd\",\"name\":\"Redacci\u00f3n\",\"sameAs\":[\"http:\/\/Redacci\u00f3n\"],\"url\":\"https:\/\/aeronoticias.com.pe\/noticiero\/author\/celeste\/\"}]}<\/script>\n<!-- \/ Yoast SEO plugin. -->","yoast_head_json":{"title":"Hallan restos que ser\u00edan de avioneta siniestrada con 4 tripulantes en mar de Trujillo","description":"Subgerente de Defensa Civil se\u00f1al\u00f3 que estas partes fueron reportadas en la provincia de Pacasmayo, a 2 horas de donde se suscit\u00f3 el accidente a\u00e9reo.","robots":{"index":"index","follow":"follow","max-snippet":"max-snippet:-1","max-image-preview":"max-image-preview:large","max-video-preview":"max-video-preview:-1"},"canonical":"https:\/\/aeronoticias.com.pe\/noticiero\/ultimas\/1\/hallan-restos-que-serian-de-avioneta-siniestrada-con-4-tripulantes-en-mar-de-trujillo\/","og_locale":"es_ES","og_type":"article","og_title":"Hallan restos que ser\u00edan de avioneta siniestrada con 4 tripulantes en mar de Trujillo","og_description":"Subgerente de Defensa Civil se\u00f1al\u00f3 que estas partes fueron reportadas en la provincia de Pacasmayo, a 2 horas de donde se suscit\u00f3 el accidente a\u00e9reo.","og_url":"https:\/\/aeronoticias.com.pe\/noticiero\/ultimas\/1\/hallan-restos-que-serian-de-avioneta-siniestrada-con-4-tripulantes-en-mar-de-trujillo\/","og_site_name":"Aeronoticias.com.pe","article_publisher":"https:\/\/www.facebook.com\/Aeronoticias.com.pe\/","article_published_time":"2023-08-07T15:37:55+00:00","article_modified_time":"2023-08-07T16:00:41+00:00","og_image":[{"width":644,"height":404,"url":"https:\/\/aeronoticias.com.pe\/noticiero\/wp-content\/uploads\/2023\/08\/la-rep.jpg","type":"image\/jpeg"}],"author":"Redacci\u00f3n","twitter_card":"summary_large_image","twitter_creator":"@aeronoticias","twitter_site":"@aeronoticias","twitter_misc":{"Escrito por":"Redacci\u00f3n","Tiempo de lectura":"1 minuto"},"schema":{"@context":"https:\/\/schema.org","@graph":[{"@type":"WebPage","@id":"https:\/\/aeronoticias.com.pe\/noticiero\/ultimas\/1\/hallan-restos-que-serian-de-avioneta-siniestrada-con-4-tripulantes-en-mar-de-trujillo\/","url":"https:\/\/aeronoticias.com.pe\/noticiero\/ultimas\/1\/hallan-restos-que-serian-de-avioneta-siniestrada-con-4-tripulantes-en-mar-de-trujillo\/","name":"Hallan restos que ser\u00edan de avioneta siniestrada con 4 tripulantes en mar de Trujillo","isPartOf":{"@id":"https:\/\/aeronoticias.com.pe\/noticiero\/#website"},"primaryImageOfPage":{"@id":"https:\/\/aeronoticias.com.pe\/noticiero\/ultimas\/1\/hallan-restos-que-serian-de-avioneta-siniestrada-con-4-tripulantes-en-mar-de-trujillo\/#primaryimage"},"image":{"@id":"https:\/\/aeronoticias.com.pe\/noticiero\/ultimas\/1\/hallan-restos-que-serian-de-avioneta-siniestrada-con-4-tripulantes-en-mar-de-trujillo\/#primaryimage"},"thumbnailUrl":"https:\/\/aeronoticias.com.pe\/noticiero\/wp-content\/uploads\/2023\/08\/la-rep.jpg","datePublished":"2023-08-07T15:37:55+00:00","dateModified":"2023-08-07T16:00:41+00:00","author":{"@id":"https:\/\/aeronoticias.com.pe\/noticiero\/#\/schema\/person\/16212a617c73f78916b13194154243bd"},"description":"Subgerente de Defensa Civil se\u00f1al\u00f3 que estas partes fueron reportadas en la provincia de Pacasmayo, a 2 horas de donde se suscit\u00f3 el accidente a\u00e9reo.","breadcrumb":{"@id":"https:\/\/aeronoticias.com.pe\/noticiero\/ultimas\/1\/hallan-restos-que-serian-de-avioneta-siniestrada-con-4-tripulantes-en-mar-de-trujillo\/#breadcrumb"},"inLanguage":"es","potentialAction":[{"@type":"ReadAction","target":["https:\/\/aeronoticias.com.pe\/noticiero\/ultimas\/1\/hallan-restos-que-serian-de-avioneta-siniestrada-con-4-tripulantes-en-mar-de-trujillo\/"]}]},{"@type":"ImageObject","inLanguage":"es","@id":"https:\/\/aeronoticias.com.pe\/noticiero\/ultimas\/1\/hallan-restos-que-serian-de-avioneta-siniestrada-con-4-tripulantes-en-mar-de-trujillo\/#primaryimage","url":"https:\/\/aeronoticias.com.pe\/noticiero\/wp-content\/uploads\/2023\/08\/la-rep.jpg","contentUrl":"https:\/\/aeronoticias.com.pe\/noticiero\/wp-content\/uploads\/2023\/08\/la-rep.jpg","width":644,"height":404},{"@type":"BreadcrumbList","@id":"https:\/\/aeronoticias.com.pe\/noticiero\/ultimas\/1\/hallan-restos-que-serian-de-avioneta-siniestrada-con-4-tripulantes-en-mar-de-trujillo\/#breadcrumb","itemListElement":[{"@type":"ListItem","position":1,"name":"Portada","item":"https:\/\/aeronoticias.com.pe\/noticiero\/"},{"@type":"ListItem","position":2,"name":"Hallan restos que ser\u00edan de avioneta siniestrada con 4 tripulantes en mar de Trujillo"}]},{"@type":"WebSite","@id":"https:\/\/aeronoticias.com.pe\/noticiero\/#website","url":"https:\/\/aeronoticias.com.pe\/noticiero\/","name":"Aeronoticias.com.pe","description":"Noticias de tranporte aereo, turismo, hoteles, gastronomia, actualidad, internacional","potentialAction":[{"@type":"SearchAction","target":{"@type":"EntryPoint","urlTemplate":"https:\/\/aeronoticias.com.pe\/noticiero\/?s={search_term_string}"},"query-input":{"@type":"PropertyValueSpecification","valueRequired":true,"valueName":"search_term_string"}}],"inLanguage":"es"},{"@type":"Person","@id":"https:\/\/aeronoticias.com.pe\/noticiero\/#\/schema\/person\/16212a617c73f78916b13194154243bd","name":"Redacci\u00f3n","sameAs":["http:\/\/Redacci\u00f3n"],"url":"https:\/\/aeronoticias.com.pe\/noticiero\/author\/celeste\/"}]}},"_links":{"self":[{"href":"https:\/\/aeronoticias.com.pe\/noticiero\/wp-json\/wp\/v2\/posts\/84974","targetHints":{"allow":["GET"]}}],"collection":[{"href":"https:\/\/aeronoticias.com.pe\/noticiero\/wp-json\/wp\/v2\/posts"}],"about":[{"href":"https:\/\/aeronoticias.com.pe\/noticiero\/wp-json\/wp\/v2\/types\/post"}],"author":[{"embeddable":true,"href":"https:\/\/aeronoticias.com.pe\/noticiero\/wp-json\/wp\/v2\/users\/3"}],"replies":[{"embeddable":true,"href":"https:\/\/aeronoticias.com.pe\/noticiero\/wp-json\/wp\/v2\/comments?post=84974"}],"version-history":[{"count":0,"href":"https:\/\/aeronoticias.com.pe\/noticiero\/wp-json\/wp\/v2\/posts\/84974\/revisions"}],"wp:featuredmedia":[{"embeddable":true,"href":"https:\/\/aeronoticias.com.pe\/noticiero\/wp-json\/wp\/v2\/media\/84977"}],"wp:attachment":[{"href":"https:\/\/aeronoticias.com.pe\/noticiero\/wp-json\/wp\/v2\/media?parent=84974"}],"wp:term":[{"taxonomy":"category","embeddable":true,"href":"https:\/\/aeronoticias.com.pe\/noticiero\/wp-json\/wp\/v2\/categories?post=84974"},{"taxonomy":"post_tag","embeddable":true,"href":"https:\/\/aeronoticias.com.pe\/noticiero\/wp-json\/wp\/v2\/tags?post=84974"}],"curies":[{"name":"wp","href":"https:\/\/api.w.org\/{rel}","templated":true}]}}