{"id":8505,"date":"2010-01-28T17:40:24","date_gmt":"2010-01-28T17:40:24","guid":{"rendered":"http:\/\/desarrollo.mcvicious.com\/aero2020\/2010\/01\/28\/alianza-perdio-en-su-noche-de-presentacion\/"},"modified":"2010-01-28T17:40:24","modified_gmt":"2010-01-28T17:40:24","slug":"alianza-perdio-en-su-noche-de-presentacion","status":"publish","type":"post","link":"https:\/\/aeronoticias.com.pe\/noticiero\/deportes\/alianza-perdio-en-su-noche-de-presentacion\/","title":{"rendered":"Alianza perdi\u00f3 en su noche de presentaci\u00f3n"},"content":{"rendered":"<div align=\"justify\">Anoche se realiz\u00f3 la noche blanquiazul donde se presentaron a todo el plantel de jugadores que disputar\u00e1 tanto la Copa Libertadores como el torneo local. Cabe destacar que entre los integrantes del plantel m\u00e1s aplaudidos destaca el colombiano Jonier Monta\u00f1o, Alexander S\u00e1nchez, y por supuesto el t\u00e9cnico Gustavo Costas, una realidad distinta fue para Dony Neyra, Villamar\u00edn y Amilton Prado, ya que como sabemos la temporada pasada estuvieron ellos, tanto en Universitario de Deportes como en Sporting Cristal.<\/p>\n<p>Tras la presentaci\u00f3n ven\u00eda de fondo el partido ante el Nacional de Ecuador, que lo dirige actualmente un conocido aliancista, estamos hablando de Jorge Luis Pinto, quien tuvo un reconocimiento por la dirigencia aliancista.<\/p>\n<div style=\"text-align: center\"><img decoding=\"async\" src=\"images\/stories\/10\/01\/280110\/alianza.jpg\" border=\"0\" alt=\"Alianza perdi\u00f3 en su noche de presentaci\u00f3n\" title=\"Alianza perdi\u00f3 en su noche de presentaci\u00f3n\" \/><\/div>\n<\/div>\n<div align=\"justify\">El partido inici\u00f3 y las ganas eran enormes por parte de los \u00edntimos, quienes desplegaban una buena velocidad en su juego, por lo que a los minutos de iniciado el encuentro Jos\u00e9 Carlos Fern\u00e1ndez recibe un paso de Wilmer Aguirre, y este define con potencia, desatando la primera alegr\u00eda de la noche. Pero la realidad de Alianza es que esta nueva l\u00ednea defensiva a\u00fan est\u00e1 muy fr\u00e1gil, ya que a los 10 minutos la primera falla hizo que cometan un penal que muy bien convirti\u00f3 \u00c9dison Preciado.<\/p>\n<p>Una nueva falla en salida por parte de la defensa aliancista hizo que Michael Jackson convirtiera el segundo tanto para los ecuatorianos. \u00a0<\/div>\n<div align=\"justify\">\u00a0<\/div>\n<div align=\"justify\">Tras ese gol Alianza buscaba el empate con fuerza, hasta que el \u00e1rbitro Manuel Garay cobr\u00f3 un penal que muy bien concreto Henry Quinteros. Con ese empate se fueron al descanso.<\/p>\n<p>Uno de los mejores jugadores de la cancha, Joel S\u00e1nchez apareci\u00f3 con m\u00e1s ganas en el segundo tiempo y as\u00ed en el minuto 71, sac\u00f3 un fuerte disparo desde fuera del \u00e1rea d\u00e1ndole la ventaja a los locales. A falta de\u00a0 pocos minutos para el final, las fallas en defensa se hicieron m\u00e1s graves tanto as\u00ed que le voltearon el partido con anotaciones de Christian Su\u00e1rez. <\/p><\/div>\n<div align=\"justify\">De esta manera Alianza Lima perdi\u00f3 en su noche de presentaci\u00f3n donde tendr\u00e1 que mejorar y trabajar esa l\u00ednea defensiva, sobre todo para la Copa Libertadores.<\/div>\n","protected":false},"excerpt":{"rendered":"<p>Anoche se realiz\u00f3 la noche blanquiazul donde se presentaron a todo el plantel de jugadores que disputar\u00e1 tanto la Copa Libertadores como el torneo local. Cabe destacar que entre los integrantes del plantel m\u00e1s aplaudidos destaca el colombiano Jonier Monta\u00f1o, Alexander S\u00e1nchez, y por supuesto el t\u00e9cnico Gustavo Costas, una realidad distinta fue para Dony [&hellip;]<\/p>\n","protected":false},"author":1,"featured_media":0,"comment_status":"open","ping_status":"open","sticky":false,"template":"","format":"standard","meta":{"tdm_status":"","tdm_grid_status":"","footnotes":""},"categories":[40],"tags":[],"class_list":{"0":"post-8505","1":"post","2":"type-post","3":"status-publish","4":"format-standard","6":"category-deportes"},"yoast_head":"<!-- This site is optimized with the Yoast SEO plugin v25.1 - https:\/\/yoast.com\/wordpress\/plugins\/seo\/ -->\n<title>Alianza perdi\u00f3 en su noche de presentaci\u00f3n<\/title>\n<meta name=\"description\" content=\"Portal de noticias del Per\u00fa sobre el transporte a\u00e9reo, aviaci\u00f3n, turismo, hoteleria, actualidad.\" \/>\n<meta name=\"robots\" content=\"index, follow, max-snippet:-1, max-image-preview:large, max-video-preview:-1\" \/>\n<link rel=\"canonical\" href=\"https:\/\/aeronoticias.com.pe\/noticiero\/deportes\/alianza-perdio-en-su-noche-de-presentacion\/\" \/>\n<meta property=\"og:locale\" content=\"es_ES\" \/>\n<meta property=\"og:type\" content=\"article\" \/>\n<meta property=\"og:title\" content=\"Alianza perdi\u00f3 en su noche de presentaci\u00f3n\" \/>\n<meta property=\"og:description\" content=\"Portal de noticias del Per\u00fa sobre el transporte a\u00e9reo, aviaci\u00f3n, turismo, hoteleria, actualidad.\" \/>\n<meta property=\"og:url\" content=\"https:\/\/aeronoticias.com.pe\/noticiero\/deportes\/alianza-perdio-en-su-noche-de-presentacion\/\" \/>\n<meta property=\"og:site_name\" content=\"Aeronoticias.com.pe\" \/>\n<meta property=\"article:publisher\" content=\"https:\/\/www.facebook.com\/Aeronoticias.com.pe\/\" \/>\n<meta property=\"article:published_time\" content=\"2010-01-28T17:40:24+00:00\" \/>\n<meta name=\"author\" content=\"Redacci\u00f3n Aeronoticias\" \/>\n<meta name=\"twitter:card\" content=\"summary_large_image\" \/>\n<meta name=\"twitter:creator\" content=\"@aeronoticias\" \/>\n<meta name=\"twitter:site\" content=\"@aeronoticias\" \/>\n<meta name=\"twitter:label1\" content=\"Escrito por\" \/>\n\t<meta name=\"twitter:data1\" content=\"Redacci\u00f3n Aeronoticias\" \/>\n\t<meta name=\"twitter:label2\" content=\"Tiempo de lectura\" \/>\n\t<meta name=\"twitter:data2\" content=\"2 minutos\" \/>\n<script type=\"application\/ld+json\" class=\"yoast-schema-graph\">{\"@context\":\"https:\/\/schema.org\",\"@graph\":[{\"@type\":\"WebPage\",\"@id\":\"https:\/\/aeronoticias.com.pe\/noticiero\/deportes\/alianza-perdio-en-su-noche-de-presentacion\/\",\"url\":\"https:\/\/aeronoticias.com.pe\/noticiero\/deportes\/alianza-perdio-en-su-noche-de-presentacion\/\",\"name\":\"Alianza perdi\u00f3 en su noche de presentaci\u00f3n\",\"isPartOf\":{\"@id\":\"https:\/\/aeronoticias.com.pe\/noticiero\/#website\"},\"datePublished\":\"2010-01-28T17:40:24+00:00\",\"author\":{\"@id\":\"https:\/\/aeronoticias.com.pe\/noticiero\/#\/schema\/person\/fc1e5d578f4b62ba1cf7ac2bba1170a0\"},\"description\":\"Portal de noticias del Per\u00fa sobre el transporte a\u00e9reo, aviaci\u00f3n, turismo, hoteleria, actualidad.\",\"breadcrumb\":{\"@id\":\"https:\/\/aeronoticias.com.pe\/noticiero\/deportes\/alianza-perdio-en-su-noche-de-presentacion\/#breadcrumb\"},\"inLanguage\":\"es\",\"potentialAction\":[{\"@type\":\"ReadAction\",\"target\":[\"https:\/\/aeronoticias.com.pe\/noticiero\/deportes\/alianza-perdio-en-su-noche-de-presentacion\/\"]}]},{\"@type\":\"BreadcrumbList\",\"@id\":\"https:\/\/aeronoticias.com.pe\/noticiero\/deportes\/alianza-perdio-en-su-noche-de-presentacion\/#breadcrumb\",\"itemListElement\":[{\"@type\":\"ListItem\",\"position\":1,\"name\":\"Portada\",\"item\":\"https:\/\/aeronoticias.com.pe\/noticiero\/\"},{\"@type\":\"ListItem\",\"position\":2,\"name\":\"Alianza perdi\u00f3 en su noche de presentaci\u00f3n\"}]},{\"@type\":\"WebSite\",\"@id\":\"https:\/\/aeronoticias.com.pe\/noticiero\/#website\",\"url\":\"https:\/\/aeronoticias.com.pe\/noticiero\/\",\"name\":\"Aeronoticias.com.pe\",\"description\":\"Noticias de tranporte aereo, turismo, hoteles, gastronomia, actualidad, internacional\",\"potentialAction\":[{\"@type\":\"SearchAction\",\"target\":{\"@type\":\"EntryPoint\",\"urlTemplate\":\"https:\/\/aeronoticias.com.pe\/noticiero\/?s={search_term_string}\"},\"query-input\":{\"@type\":\"PropertyValueSpecification\",\"valueRequired\":true,\"valueName\":\"search_term_string\"}}],\"inLanguage\":\"es\"},{\"@type\":\"Person\",\"@id\":\"https:\/\/aeronoticias.com.pe\/noticiero\/#\/schema\/person\/fc1e5d578f4b62ba1cf7ac2bba1170a0\",\"name\":\"Redacci\u00f3n Aeronoticias\",\"url\":\"https:\/\/aeronoticias.com.pe\/noticiero\/author\/piloto\/\"}]}<\/script>\n<!-- \/ Yoast SEO plugin. -->","yoast_head_json":{"title":"Alianza perdi\u00f3 en su noche de presentaci\u00f3n","description":"Portal de noticias del Per\u00fa sobre el transporte a\u00e9reo, aviaci\u00f3n, turismo, hoteleria, actualidad.","robots":{"index":"index","follow":"follow","max-snippet":"max-snippet:-1","max-image-preview":"max-image-preview:large","max-video-preview":"max-video-preview:-1"},"canonical":"https:\/\/aeronoticias.com.pe\/noticiero\/deportes\/alianza-perdio-en-su-noche-de-presentacion\/","og_locale":"es_ES","og_type":"article","og_title":"Alianza perdi\u00f3 en su noche de presentaci\u00f3n","og_description":"Portal de noticias del Per\u00fa sobre el transporte a\u00e9reo, aviaci\u00f3n, turismo, hoteleria, actualidad.","og_url":"https:\/\/aeronoticias.com.pe\/noticiero\/deportes\/alianza-perdio-en-su-noche-de-presentacion\/","og_site_name":"Aeronoticias.com.pe","article_publisher":"https:\/\/www.facebook.com\/Aeronoticias.com.pe\/","article_published_time":"2010-01-28T17:40:24+00:00","author":"Redacci\u00f3n Aeronoticias","twitter_card":"summary_large_image","twitter_creator":"@aeronoticias","twitter_site":"@aeronoticias","twitter_misc":{"Escrito por":"Redacci\u00f3n Aeronoticias","Tiempo de lectura":"2 minutos"},"schema":{"@context":"https:\/\/schema.org","@graph":[{"@type":"WebPage","@id":"https:\/\/aeronoticias.com.pe\/noticiero\/deportes\/alianza-perdio-en-su-noche-de-presentacion\/","url":"https:\/\/aeronoticias.com.pe\/noticiero\/deportes\/alianza-perdio-en-su-noche-de-presentacion\/","name":"Alianza perdi\u00f3 en su noche de presentaci\u00f3n","isPartOf":{"@id":"https:\/\/aeronoticias.com.pe\/noticiero\/#website"},"datePublished":"2010-01-28T17:40:24+00:00","author":{"@id":"https:\/\/aeronoticias.com.pe\/noticiero\/#\/schema\/person\/fc1e5d578f4b62ba1cf7ac2bba1170a0"},"description":"Portal de noticias del Per\u00fa sobre el transporte a\u00e9reo, aviaci\u00f3n, turismo, hoteleria, actualidad.","breadcrumb":{"@id":"https:\/\/aeronoticias.com.pe\/noticiero\/deportes\/alianza-perdio-en-su-noche-de-presentacion\/#breadcrumb"},"inLanguage":"es","potentialAction":[{"@type":"ReadAction","target":["https:\/\/aeronoticias.com.pe\/noticiero\/deportes\/alianza-perdio-en-su-noche-de-presentacion\/"]}]},{"@type":"BreadcrumbList","@id":"https:\/\/aeronoticias.com.pe\/noticiero\/deportes\/alianza-perdio-en-su-noche-de-presentacion\/#breadcrumb","itemListElement":[{"@type":"ListItem","position":1,"name":"Portada","item":"https:\/\/aeronoticias.com.pe\/noticiero\/"},{"@type":"ListItem","position":2,"name":"Alianza perdi\u00f3 en su noche de presentaci\u00f3n"}]},{"@type":"WebSite","@id":"https:\/\/aeronoticias.com.pe\/noticiero\/#website","url":"https:\/\/aeronoticias.com.pe\/noticiero\/","name":"Aeronoticias.com.pe","description":"Noticias de tranporte aereo, turismo, hoteles, gastronomia, actualidad, internacional","potentialAction":[{"@type":"SearchAction","target":{"@type":"EntryPoint","urlTemplate":"https:\/\/aeronoticias.com.pe\/noticiero\/?s={search_term_string}"},"query-input":{"@type":"PropertyValueSpecification","valueRequired":true,"valueName":"search_term_string"}}],"inLanguage":"es"},{"@type":"Person","@id":"https:\/\/aeronoticias.com.pe\/noticiero\/#\/schema\/person\/fc1e5d578f4b62ba1cf7ac2bba1170a0","name":"Redacci\u00f3n Aeronoticias","url":"https:\/\/aeronoticias.com.pe\/noticiero\/author\/piloto\/"}]}},"_links":{"self":[{"href":"https:\/\/aeronoticias.com.pe\/noticiero\/wp-json\/wp\/v2\/posts\/8505","targetHints":{"allow":["GET"]}}],"collection":[{"href":"https:\/\/aeronoticias.com.pe\/noticiero\/wp-json\/wp\/v2\/posts"}],"about":[{"href":"https:\/\/aeronoticias.com.pe\/noticiero\/wp-json\/wp\/v2\/types\/post"}],"author":[{"embeddable":true,"href":"https:\/\/aeronoticias.com.pe\/noticiero\/wp-json\/wp\/v2\/users\/1"}],"replies":[{"embeddable":true,"href":"https:\/\/aeronoticias.com.pe\/noticiero\/wp-json\/wp\/v2\/comments?post=8505"}],"version-history":[{"count":0,"href":"https:\/\/aeronoticias.com.pe\/noticiero\/wp-json\/wp\/v2\/posts\/8505\/revisions"}],"wp:attachment":[{"href":"https:\/\/aeronoticias.com.pe\/noticiero\/wp-json\/wp\/v2\/media?parent=8505"}],"wp:term":[{"taxonomy":"category","embeddable":true,"href":"https:\/\/aeronoticias.com.pe\/noticiero\/wp-json\/wp\/v2\/categories?post=8505"},{"taxonomy":"post_tag","embeddable":true,"href":"https:\/\/aeronoticias.com.pe\/noticiero\/wp-json\/wp\/v2\/tags?post=8505"}],"curies":[{"name":"wp","href":"https:\/\/api.w.org\/{rel}","templated":true}]}}