{"id":8506,"date":"2010-01-28T18:09:27","date_gmt":"2010-01-28T18:09:27","guid":{"rendered":"http:\/\/desarrollo.mcvicious.com\/aero2020\/2010\/01\/28\/gobierno-peruano-rechaza-venida-de-la-cruz-roja-internacional-a-cusco-y-no-envia-ninguna-ayuda-a-pobladores-del-urubamba\/"},"modified":"2010-01-28T18:09:27","modified_gmt":"2010-01-28T18:09:27","slug":"gobierno-peruano-rechaza-venida-de-la-cruz-roja-internacional-a-cusco-y-no-envia-ninguna-ayuda-a-pobladores-del-urubamba","status":"publish","type":"post","link":"https:\/\/aeronoticias.com.pe\/noticiero\/nacionales\/gobierno-peruano-rechaza-venida-de-la-cruz-roja-internacional-a-cusco-y-no-envia-ninguna-ayuda-a-pobladores-del-urubamba\/","title":{"rendered":"Ayuda Urgente: Gobierno rechaza ayuda de la Cruz Roja en Cusco y no env\u00eda ayuda a pobladores de Urubamba"},"content":{"rendered":"<p style=\"text-align: justify\">En una prueba magnificente de la incompetencia de respuesta ante uno de los hechos naturales m\u00e1s desastrosos ocurridos en la zona de Urumbaba y Machu Picchu en el Cusco en los \u00faltimos tiempos, donde la crecida del rio adem\u00e1s de las inclemencias del clima han causado destrozos mayores en la zona, la situaci\u00f3n se sale de control.<\/p>\n<p style=\"text-align: justify\">Lo grave del tema es que mucho se est\u00e1 diciendo en los medios respecto a qu\u00e9 es lo que se \u201cest\u00e1 haciendo\u201d (supuestamente) para ayudar a la gente, seg\u00fan informan fuentes de Aeronoticias la realidad es un poco (bastante en realidad) distinta.<\/p>\n<p style=\"text-align: center\"><img decoding=\"async\" src=\"images\/stories\/10\/01\/280110\/ayud5.jpg\" border=\"0\" alt=\"Ayuda Urgente: Gobierno rechaza ayuda de la Cruz Roja en Cusco y no env\u00eda ayuda a pobladores de Urubamba\" title=\"Ayuda Urgente: Gobierno rechaza ayuda de la Cruz Roja en Cusco y no env\u00eda ayuda a pobladores de Urubamba\" \/><\/p>\n<p> <!--more--> <\/p>\n<p style=\"text-align: justify\">Seg\u00fan informan a Aeronoticias, fuentes que permanecen en la zona del desastre tratando de ayudar a la gente damnificada de la zona, que ha visto como sus hogares destrozados se los lleva el rio, han afirmado que nadie les est\u00e1 enviando ayuda. Se dice en los medios que existen planes puestos en marcha para el salvamento de la gente, cuando la realidad es que se est\u00e1n evacuando a los turistas para ser enviados a Lima y regresados a sus respectivos pa\u00edses, hecho que consideramos positivo porque los visitantes merecen atenci\u00f3n pero la gente local de la zona no est\u00e1 recibiendo ayuda alguna, nadie les est\u00e1 enviando carpas, ni comida, ni agua, por lo que se est\u00e1n teniendo que valer por si mismos para refugiarse como puedan de las inclemencias, porque lo perdieron todo. <\/p>\n<p style=\"text-align: center\"><img decoding=\"async\" src=\"images\/stories\/10\/01\/280110\/ayud6.jpg\" border=\"0\" alt=\"Ayuda Urgente: Gobierno rechaza ayuda de la Cruz Roja en Cusco y no env\u00eda ayuda a pobladores de Urubamba\" title=\"Ayuda Urgente: Gobierno rechaza ayuda de la Cruz Roja en Cusco y no env\u00eda ayuda a pobladores de Urubamba\" \/><\/p>\n<p><\/p>\n<p style=\"text-align: justify\">La realidad es que necesitamos reevaluar que es lo que estamos haciendo y como se distribuye la ayuda, ya que esto no termina aqu\u00ed, en un panorama en el que la incompetencia elevada a la m\u00e1xima potencia ha hecho que el gobierno rechace la ayuda de la Cruz Roja Internacional y niegue la llegada de esta instituci\u00f3n a la zona \u201cpor no considerar la situaci\u00f3n como un desastre\u201d,  han dejado desamparados a los pobladores nativos de la zona y no est\u00e1n recibiendo ayuda.<\/p>\n<p style=\"text-align: justify\">Las fuentes de Aeronoticias se hicieron presentes en algunas comunidades que olvidadas por el gobierno, no hab\u00edan visto ayuda alguna hasta el momento en que nuestros colaboradores se presentaron en la zona, por lo que es absolutamente necesario exhortar al ministro Mart\u00edn P\u00e9rez y todo el equipo de la zona para reevaluar la distribuci\u00f3n de la ayuda, NO PODEMOS OLVIDAR A LOS POBLADORES DE LA ZONA!<\/p>\n<p style=\"text-align: center\"><img decoding=\"async\" src=\"images\/stories\/10\/01\/280110\/ayuda1.jpg\" border=\"0\" alt=\"Ayuda Urgente: Gobierno rechaza ayuda de la Cruz Roja en Cusco y no env\u00eda ayuda a pobladores de Urubamba\" title=\"Ayuda Urgente: Gobierno rechaza ayuda de la Cruz Roja en Cusco y no env\u00eda ayuda a pobladores de Urubamba\" \/><\/p>\n<p style=\"text-align: justify\">\u00a0<\/p>\n<p style=\"text-align: justify\">No podemos negarnos a ayuda como la de la Cruz Roja en un contexto en el que hace falta ayuda no s\u00f3lo para los turistas, sino para los pobladores, necesitamos agua, comida, carpas, frazadas, necesitamos \u2013y para exhortamos a nuestros amables lectores-  que todos nos hagamos presentes y colaboremos con la ayuda para esta gente que lo perdi\u00f3 todo y sigue siendo presa f\u00e1cil del Rio y las inclemencias del clima.<\/p>\n<p style=\"text-align: center\"><img decoding=\"async\" src=\"images\/stories\/10\/01\/280110\/nocusco2.jpg\" border=\"0\" alt=\"Ayuda Urgente: Gobierno rechaza ayuda de la Cruz Roja en Cusco y no env\u00eda ayuda a pobladores de Urubamba\" title=\"Ayuda Urgente: Gobierno rechaza ayuda de la Cruz Roja en Cusco y no env\u00eda ayuda a pobladores de Urubamba\" \/><\/p>\n<p>\u00a0<\/p>\n<p style=\"text-align: justify\"><strong>Dato para ayudar: <\/strong><\/p>\n<p style=\"text-align: justify\">Se van a enviar donaciones para Cusco el d\u00eda lunes, todo esto canalizado a trav\u00e9s de la Fundaci\u00f3n Ni\u00f1os del Arcoiris de Urubamba, usted puede dejar su donaci\u00f3n (y agradecemos mucho su ayuda! Se\u00f1or lector!) en  Los Geranios 379 &#8211; Lince, una cuadra atr\u00e1s del edif. de seguros La Positiva de la Av. Javier Prado, y tambi\u00e9n en Av. Argentina 5799, Carmen de la Legua de 8am. a 5pm.<\/p>\n<p>\u00a0<\/p>\n<p>\u00a0<\/p>\n<p>\u00a0<\/p>\n<p>\u00a0<br \/>Agradecimiento Especial.<br \/>Fotos:\u00a0<span style=\"font-family: 'lucida grande',tahoma,verdana,arial,sans-serif; font-size: 13px; line-height: normal\" class=\"Apple-style-span\"><span style=\"font-family: Tahoma,Helvetica,Arial,sans-serif; font-size: 12px; line-height: 15px\" class=\"Apple-style-span\"><a href=\"http:\/\/www.flickr.com\/photos\/wildkusi\/\">Kusi Seminario<\/a>\u00a0<\/span><\/span><\/p>\n","protected":false},"excerpt":{"rendered":"<p>En una prueba magnificente de la incompetencia de respuesta ante uno de los hechos naturales m\u00e1s desastrosos ocurridos en la zona de Urumbaba y Machu Picchu en el Cusco en los \u00faltimos tiempos, donde la crecida del rio adem\u00e1s de las inclemencias del clima han causado destrozos mayores en la zona, la situaci\u00f3n se sale [&hellip;]<\/p>\n","protected":false},"author":1,"featured_media":0,"comment_status":"open","ping_status":"open","sticky":false,"template":"","format":"standard","meta":{"tdm_status":"","tdm_grid_status":"","footnotes":""},"categories":[38],"tags":[],"class_list":{"0":"post-8506","1":"post","2":"type-post","3":"status-publish","4":"format-standard","6":"category-nacionales"},"yoast_head":"<!-- This site is optimized with the Yoast SEO plugin v25.1 - https:\/\/yoast.com\/wordpress\/plugins\/seo\/ -->\n<title>Ayuda Urgente: Gobierno rechaza ayuda de la Cruz Roja en Cusco y no env\u00eda ayuda a pobladores de Urubamba<\/title>\n<meta name=\"description\" content=\"Portal de noticias del Per\u00fa sobre el transporte a\u00e9reo, aviaci\u00f3n, turismo, hoteleria, actualidad.\" \/>\n<meta name=\"robots\" content=\"index, follow, max-snippet:-1, max-image-preview:large, max-video-preview:-1\" \/>\n<link rel=\"canonical\" href=\"https:\/\/aeronoticias.com.pe\/noticiero\/nacionales\/gobierno-peruano-rechaza-venida-de-la-cruz-roja-internacional-a-cusco-y-no-envia-ninguna-ayuda-a-pobladores-del-urubamba\/\" \/>\n<meta property=\"og:locale\" content=\"es_ES\" \/>\n<meta property=\"og:type\" content=\"article\" \/>\n<meta property=\"og:title\" content=\"Ayuda Urgente: Gobierno rechaza ayuda de la Cruz Roja en Cusco y no env\u00eda ayuda a pobladores de Urubamba\" \/>\n<meta property=\"og:description\" content=\"Portal de noticias del Per\u00fa sobre el transporte a\u00e9reo, aviaci\u00f3n, turismo, hoteleria, actualidad.\" \/>\n<meta property=\"og:url\" content=\"https:\/\/aeronoticias.com.pe\/noticiero\/nacionales\/gobierno-peruano-rechaza-venida-de-la-cruz-roja-internacional-a-cusco-y-no-envia-ninguna-ayuda-a-pobladores-del-urubamba\/\" \/>\n<meta property=\"og:site_name\" content=\"Aeronoticias.com.pe\" \/>\n<meta property=\"article:publisher\" content=\"https:\/\/www.facebook.com\/Aeronoticias.com.pe\/\" \/>\n<meta property=\"article:published_time\" content=\"2010-01-28T18:09:27+00:00\" \/>\n<meta name=\"author\" content=\"Redacci\u00f3n Aeronoticias\" \/>\n<meta name=\"twitter:card\" content=\"summary_large_image\" \/>\n<meta name=\"twitter:creator\" content=\"@aeronoticias\" \/>\n<meta name=\"twitter:site\" content=\"@aeronoticias\" \/>\n<meta name=\"twitter:label1\" content=\"Escrito por\" \/>\n\t<meta name=\"twitter:data1\" content=\"Redacci\u00f3n Aeronoticias\" \/>\n\t<meta name=\"twitter:label2\" content=\"Tiempo de lectura\" \/>\n\t<meta name=\"twitter:data2\" content=\"3 minutos\" \/>\n<script type=\"application\/ld+json\" class=\"yoast-schema-graph\">{\"@context\":\"https:\/\/schema.org\",\"@graph\":[{\"@type\":\"WebPage\",\"@id\":\"https:\/\/aeronoticias.com.pe\/noticiero\/nacionales\/gobierno-peruano-rechaza-venida-de-la-cruz-roja-internacional-a-cusco-y-no-envia-ninguna-ayuda-a-pobladores-del-urubamba\/\",\"url\":\"https:\/\/aeronoticias.com.pe\/noticiero\/nacionales\/gobierno-peruano-rechaza-venida-de-la-cruz-roja-internacional-a-cusco-y-no-envia-ninguna-ayuda-a-pobladores-del-urubamba\/\",\"name\":\"Ayuda Urgente: Gobierno rechaza ayuda de la Cruz Roja en Cusco y no env\u00eda ayuda a pobladores de Urubamba\",\"isPartOf\":{\"@id\":\"https:\/\/aeronoticias.com.pe\/noticiero\/#website\"},\"datePublished\":\"2010-01-28T18:09:27+00:00\",\"author\":{\"@id\":\"https:\/\/aeronoticias.com.pe\/noticiero\/#\/schema\/person\/fc1e5d578f4b62ba1cf7ac2bba1170a0\"},\"description\":\"Portal de noticias del Per\u00fa sobre el transporte a\u00e9reo, aviaci\u00f3n, turismo, hoteleria, actualidad.\",\"breadcrumb\":{\"@id\":\"https:\/\/aeronoticias.com.pe\/noticiero\/nacionales\/gobierno-peruano-rechaza-venida-de-la-cruz-roja-internacional-a-cusco-y-no-envia-ninguna-ayuda-a-pobladores-del-urubamba\/#breadcrumb\"},\"inLanguage\":\"es\",\"potentialAction\":[{\"@type\":\"ReadAction\",\"target\":[\"https:\/\/aeronoticias.com.pe\/noticiero\/nacionales\/gobierno-peruano-rechaza-venida-de-la-cruz-roja-internacional-a-cusco-y-no-envia-ninguna-ayuda-a-pobladores-del-urubamba\/\"]}]},{\"@type\":\"BreadcrumbList\",\"@id\":\"https:\/\/aeronoticias.com.pe\/noticiero\/nacionales\/gobierno-peruano-rechaza-venida-de-la-cruz-roja-internacional-a-cusco-y-no-envia-ninguna-ayuda-a-pobladores-del-urubamba\/#breadcrumb\",\"itemListElement\":[{\"@type\":\"ListItem\",\"position\":1,\"name\":\"Portada\",\"item\":\"https:\/\/aeronoticias.com.pe\/noticiero\/\"},{\"@type\":\"ListItem\",\"position\":2,\"name\":\"Ayuda Urgente: Gobierno rechaza ayuda de la Cruz Roja en Cusco y no env\u00eda ayuda a pobladores de Urubamba\"}]},{\"@type\":\"WebSite\",\"@id\":\"https:\/\/aeronoticias.com.pe\/noticiero\/#website\",\"url\":\"https:\/\/aeronoticias.com.pe\/noticiero\/\",\"name\":\"Aeronoticias.com.pe\",\"description\":\"Noticias de tranporte aereo, turismo, hoteles, gastronomia, actualidad, internacional\",\"potentialAction\":[{\"@type\":\"SearchAction\",\"target\":{\"@type\":\"EntryPoint\",\"urlTemplate\":\"https:\/\/aeronoticias.com.pe\/noticiero\/?s={search_term_string}\"},\"query-input\":{\"@type\":\"PropertyValueSpecification\",\"valueRequired\":true,\"valueName\":\"search_term_string\"}}],\"inLanguage\":\"es\"},{\"@type\":\"Person\",\"@id\":\"https:\/\/aeronoticias.com.pe\/noticiero\/#\/schema\/person\/fc1e5d578f4b62ba1cf7ac2bba1170a0\",\"name\":\"Redacci\u00f3n Aeronoticias\",\"url\":\"https:\/\/aeronoticias.com.pe\/noticiero\/author\/piloto\/\"}]}<\/script>\n<!-- \/ Yoast SEO plugin. -->","yoast_head_json":{"title":"Ayuda Urgente: Gobierno rechaza ayuda de la Cruz Roja en Cusco y no env\u00eda ayuda a pobladores de Urubamba","description":"Portal de noticias del Per\u00fa sobre el transporte a\u00e9reo, aviaci\u00f3n, turismo, hoteleria, actualidad.","robots":{"index":"index","follow":"follow","max-snippet":"max-snippet:-1","max-image-preview":"max-image-preview:large","max-video-preview":"max-video-preview:-1"},"canonical":"https:\/\/aeronoticias.com.pe\/noticiero\/nacionales\/gobierno-peruano-rechaza-venida-de-la-cruz-roja-internacional-a-cusco-y-no-envia-ninguna-ayuda-a-pobladores-del-urubamba\/","og_locale":"es_ES","og_type":"article","og_title":"Ayuda Urgente: Gobierno rechaza ayuda de la Cruz Roja en Cusco y no env\u00eda ayuda a pobladores de Urubamba","og_description":"Portal de noticias del Per\u00fa sobre el transporte a\u00e9reo, aviaci\u00f3n, turismo, hoteleria, actualidad.","og_url":"https:\/\/aeronoticias.com.pe\/noticiero\/nacionales\/gobierno-peruano-rechaza-venida-de-la-cruz-roja-internacional-a-cusco-y-no-envia-ninguna-ayuda-a-pobladores-del-urubamba\/","og_site_name":"Aeronoticias.com.pe","article_publisher":"https:\/\/www.facebook.com\/Aeronoticias.com.pe\/","article_published_time":"2010-01-28T18:09:27+00:00","author":"Redacci\u00f3n Aeronoticias","twitter_card":"summary_large_image","twitter_creator":"@aeronoticias","twitter_site":"@aeronoticias","twitter_misc":{"Escrito por":"Redacci\u00f3n Aeronoticias","Tiempo de lectura":"3 minutos"},"schema":{"@context":"https:\/\/schema.org","@graph":[{"@type":"WebPage","@id":"https:\/\/aeronoticias.com.pe\/noticiero\/nacionales\/gobierno-peruano-rechaza-venida-de-la-cruz-roja-internacional-a-cusco-y-no-envia-ninguna-ayuda-a-pobladores-del-urubamba\/","url":"https:\/\/aeronoticias.com.pe\/noticiero\/nacionales\/gobierno-peruano-rechaza-venida-de-la-cruz-roja-internacional-a-cusco-y-no-envia-ninguna-ayuda-a-pobladores-del-urubamba\/","name":"Ayuda Urgente: Gobierno rechaza ayuda de la Cruz Roja en Cusco y no env\u00eda ayuda a pobladores de Urubamba","isPartOf":{"@id":"https:\/\/aeronoticias.com.pe\/noticiero\/#website"},"datePublished":"2010-01-28T18:09:27+00:00","author":{"@id":"https:\/\/aeronoticias.com.pe\/noticiero\/#\/schema\/person\/fc1e5d578f4b62ba1cf7ac2bba1170a0"},"description":"Portal de noticias del Per\u00fa sobre el transporte a\u00e9reo, aviaci\u00f3n, turismo, hoteleria, actualidad.","breadcrumb":{"@id":"https:\/\/aeronoticias.com.pe\/noticiero\/nacionales\/gobierno-peruano-rechaza-venida-de-la-cruz-roja-internacional-a-cusco-y-no-envia-ninguna-ayuda-a-pobladores-del-urubamba\/#breadcrumb"},"inLanguage":"es","potentialAction":[{"@type":"ReadAction","target":["https:\/\/aeronoticias.com.pe\/noticiero\/nacionales\/gobierno-peruano-rechaza-venida-de-la-cruz-roja-internacional-a-cusco-y-no-envia-ninguna-ayuda-a-pobladores-del-urubamba\/"]}]},{"@type":"BreadcrumbList","@id":"https:\/\/aeronoticias.com.pe\/noticiero\/nacionales\/gobierno-peruano-rechaza-venida-de-la-cruz-roja-internacional-a-cusco-y-no-envia-ninguna-ayuda-a-pobladores-del-urubamba\/#breadcrumb","itemListElement":[{"@type":"ListItem","position":1,"name":"Portada","item":"https:\/\/aeronoticias.com.pe\/noticiero\/"},{"@type":"ListItem","position":2,"name":"Ayuda Urgente: Gobierno rechaza ayuda de la Cruz Roja en Cusco y no env\u00eda ayuda a pobladores de Urubamba"}]},{"@type":"WebSite","@id":"https:\/\/aeronoticias.com.pe\/noticiero\/#website","url":"https:\/\/aeronoticias.com.pe\/noticiero\/","name":"Aeronoticias.com.pe","description":"Noticias de tranporte aereo, turismo, hoteles, gastronomia, actualidad, internacional","potentialAction":[{"@type":"SearchAction","target":{"@type":"EntryPoint","urlTemplate":"https:\/\/aeronoticias.com.pe\/noticiero\/?s={search_term_string}"},"query-input":{"@type":"PropertyValueSpecification","valueRequired":true,"valueName":"search_term_string"}}],"inLanguage":"es"},{"@type":"Person","@id":"https:\/\/aeronoticias.com.pe\/noticiero\/#\/schema\/person\/fc1e5d578f4b62ba1cf7ac2bba1170a0","name":"Redacci\u00f3n Aeronoticias","url":"https:\/\/aeronoticias.com.pe\/noticiero\/author\/piloto\/"}]}},"_links":{"self":[{"href":"https:\/\/aeronoticias.com.pe\/noticiero\/wp-json\/wp\/v2\/posts\/8506","targetHints":{"allow":["GET"]}}],"collection":[{"href":"https:\/\/aeronoticias.com.pe\/noticiero\/wp-json\/wp\/v2\/posts"}],"about":[{"href":"https:\/\/aeronoticias.com.pe\/noticiero\/wp-json\/wp\/v2\/types\/post"}],"author":[{"embeddable":true,"href":"https:\/\/aeronoticias.com.pe\/noticiero\/wp-json\/wp\/v2\/users\/1"}],"replies":[{"embeddable":true,"href":"https:\/\/aeronoticias.com.pe\/noticiero\/wp-json\/wp\/v2\/comments?post=8506"}],"version-history":[{"count":0,"href":"https:\/\/aeronoticias.com.pe\/noticiero\/wp-json\/wp\/v2\/posts\/8506\/revisions"}],"wp:attachment":[{"href":"https:\/\/aeronoticias.com.pe\/noticiero\/wp-json\/wp\/v2\/media?parent=8506"}],"wp:term":[{"taxonomy":"category","embeddable":true,"href":"https:\/\/aeronoticias.com.pe\/noticiero\/wp-json\/wp\/v2\/categories?post=8506"},{"taxonomy":"post_tag","embeddable":true,"href":"https:\/\/aeronoticias.com.pe\/noticiero\/wp-json\/wp\/v2\/tags?post=8506"}],"curies":[{"name":"wp","href":"https:\/\/api.w.org\/{rel}","templated":true}]}}