{"id":8510,"date":"2010-01-28T20:15:05","date_gmt":"2010-01-28T20:15:05","guid":{"rendered":"http:\/\/desarrollo.mcvicious.com\/aero2020\/2010\/01\/28\/embajador-de-eeuu-se-encuentra-en-el-cusco\/"},"modified":"2010-01-28T20:15:05","modified_gmt":"2010-01-28T20:15:05","slug":"embajador-de-eeuu-se-encuentra-en-el-cusco","status":"publish","type":"post","link":"https:\/\/aeronoticias.com.pe\/noticiero\/politica\/embajador-de-eeuu-se-encuentra-en-el-cusco\/","title":{"rendered":"Embajador de EE.UU. se encuentra en el Cusco"},"content":{"rendered":"<p align=\"justify\">El embajador de los Estados Unidos en el Per\u00fa, Michael Mckinley, comunic\u00f3 telef\u00f3nicamente desde la ciudad del Cusco que los helic\u00f3pteros que ha puesto su pa\u00eds para rescatar a los turistas norteamericanos aislados en la localidad de Aguas Calientes contin\u00faan en su labor humanitaria, lamentando que estas aeronaves sean de escasa capacidad (aparentemente pertenecen a la DEA), pero que el operativo durar\u00e1n todav\u00eda de tres a cuatro d\u00edas m\u00e1s.<\/p>\n<p>Como se sabe, alrededor de dos mil turistas de diversas nacionalidades que visitaban la mundialmente famosa ciudadela inca de Machu Piucchu fueron s\u00fabitamente atrapados por las intensas lluvias que se precipitaron como no  hab\u00eda sucedido en los \u00faltimos 15 a\u00f1os, resultando aislados por el corte de las v\u00edas de comunicaci\u00f3n, incluyendo el ferrocarril, lo que adem\u00e1s produjo un caos generalizado.<\/p>\n<p style=\"text-align: center\"><img decoding=\"async\" src=\"images\/stories\/10\/01\/280110\/embajador.jpg\" border=\"0\" alt=\" Embajador de EE.UU. se encuentra en el Cusco\" title=\" Embajador de EE.UU. se encuentra en el Cusco\" \/><br \/>El rescate de los turistas norteamericanos, as\u00ed como de argentinos y chilenos, se lleva a cabo con el empleo de aviones de sus respectivas fuerzas a\u00e9reas que se han unido a los aviones y helic\u00f3pteros de las fuerzas armadas y policiales del Per\u00fa, conjurando de este modo los problemas que afrontan los visitantes extranjeros a causa de la naturaleza que result\u00f3 ser ahora un turista ingrato e inesperado.<\/p>\n","protected":false},"excerpt":{"rendered":"<p>El embajador de los Estados Unidos en el Per\u00fa, Michael Mckinley, comunic\u00f3 telef\u00f3nicamente desde la ciudad del Cusco que los helic\u00f3pteros que ha puesto su pa\u00eds para rescatar a los turistas norteamericanos aislados en la localidad de Aguas Calientes contin\u00faan en su labor humanitaria, lamentando que estas aeronaves sean de escasa capacidad (aparentemente pertenecen a [&hellip;]<\/p>\n","protected":false},"author":1,"featured_media":0,"comment_status":"open","ping_status":"open","sticky":false,"template":"","format":"standard","meta":{"tdm_status":"","tdm_grid_status":"","footnotes":""},"categories":[36],"tags":[],"class_list":{"0":"post-8510","1":"post","2":"type-post","3":"status-publish","4":"format-standard","6":"category-politica"},"yoast_head":"<!-- This site is optimized with the Yoast SEO plugin v25.1 - https:\/\/yoast.com\/wordpress\/plugins\/seo\/ -->\n<title>Embajador de EE.UU. se encuentra en el Cusco<\/title>\n<meta name=\"description\" content=\"Portal de noticias del Per\u00fa sobre el transporte a\u00e9reo, aviaci\u00f3n, turismo, hoteleria, actualidad.\" \/>\n<meta name=\"robots\" content=\"index, follow, max-snippet:-1, max-image-preview:large, max-video-preview:-1\" \/>\n<link rel=\"canonical\" href=\"https:\/\/aeronoticias.com.pe\/noticiero\/politica\/embajador-de-eeuu-se-encuentra-en-el-cusco\/\" \/>\n<meta property=\"og:locale\" content=\"es_ES\" \/>\n<meta property=\"og:type\" content=\"article\" \/>\n<meta property=\"og:title\" content=\"Embajador de EE.UU. se encuentra en el Cusco\" \/>\n<meta property=\"og:description\" content=\"Portal de noticias del Per\u00fa sobre el transporte a\u00e9reo, aviaci\u00f3n, turismo, hoteleria, actualidad.\" \/>\n<meta property=\"og:url\" content=\"https:\/\/aeronoticias.com.pe\/noticiero\/politica\/embajador-de-eeuu-se-encuentra-en-el-cusco\/\" \/>\n<meta property=\"og:site_name\" content=\"Aeronoticias.com.pe\" \/>\n<meta property=\"article:publisher\" content=\"https:\/\/www.facebook.com\/Aeronoticias.com.pe\/\" \/>\n<meta property=\"article:published_time\" content=\"2010-01-28T20:15:05+00:00\" \/>\n<meta name=\"author\" content=\"Redacci\u00f3n Aeronoticias\" \/>\n<meta name=\"twitter:card\" content=\"summary_large_image\" \/>\n<meta name=\"twitter:creator\" content=\"@aeronoticias\" \/>\n<meta name=\"twitter:site\" content=\"@aeronoticias\" \/>\n<meta name=\"twitter:label1\" content=\"Escrito por\" \/>\n\t<meta name=\"twitter:data1\" content=\"Redacci\u00f3n Aeronoticias\" \/>\n\t<meta name=\"twitter:label2\" content=\"Tiempo de lectura\" \/>\n\t<meta name=\"twitter:data2\" content=\"1 minuto\" \/>\n<script type=\"application\/ld+json\" class=\"yoast-schema-graph\">{\"@context\":\"https:\/\/schema.org\",\"@graph\":[{\"@type\":\"WebPage\",\"@id\":\"https:\/\/aeronoticias.com.pe\/noticiero\/politica\/embajador-de-eeuu-se-encuentra-en-el-cusco\/\",\"url\":\"https:\/\/aeronoticias.com.pe\/noticiero\/politica\/embajador-de-eeuu-se-encuentra-en-el-cusco\/\",\"name\":\"Embajador de EE.UU. se encuentra en el Cusco\",\"isPartOf\":{\"@id\":\"https:\/\/aeronoticias.com.pe\/noticiero\/#website\"},\"datePublished\":\"2010-01-28T20:15:05+00:00\",\"author\":{\"@id\":\"https:\/\/aeronoticias.com.pe\/noticiero\/#\/schema\/person\/fc1e5d578f4b62ba1cf7ac2bba1170a0\"},\"description\":\"Portal de noticias del Per\u00fa sobre el transporte a\u00e9reo, aviaci\u00f3n, turismo, hoteleria, actualidad.\",\"breadcrumb\":{\"@id\":\"https:\/\/aeronoticias.com.pe\/noticiero\/politica\/embajador-de-eeuu-se-encuentra-en-el-cusco\/#breadcrumb\"},\"inLanguage\":\"es\",\"potentialAction\":[{\"@type\":\"ReadAction\",\"target\":[\"https:\/\/aeronoticias.com.pe\/noticiero\/politica\/embajador-de-eeuu-se-encuentra-en-el-cusco\/\"]}]},{\"@type\":\"BreadcrumbList\",\"@id\":\"https:\/\/aeronoticias.com.pe\/noticiero\/politica\/embajador-de-eeuu-se-encuentra-en-el-cusco\/#breadcrumb\",\"itemListElement\":[{\"@type\":\"ListItem\",\"position\":1,\"name\":\"Portada\",\"item\":\"https:\/\/aeronoticias.com.pe\/noticiero\/\"},{\"@type\":\"ListItem\",\"position\":2,\"name\":\"Embajador de EE.UU. se encuentra en el Cusco\"}]},{\"@type\":\"WebSite\",\"@id\":\"https:\/\/aeronoticias.com.pe\/noticiero\/#website\",\"url\":\"https:\/\/aeronoticias.com.pe\/noticiero\/\",\"name\":\"Aeronoticias.com.pe\",\"description\":\"Noticias de tranporte aereo, turismo, hoteles, gastronomia, actualidad, internacional\",\"potentialAction\":[{\"@type\":\"SearchAction\",\"target\":{\"@type\":\"EntryPoint\",\"urlTemplate\":\"https:\/\/aeronoticias.com.pe\/noticiero\/?s={search_term_string}\"},\"query-input\":{\"@type\":\"PropertyValueSpecification\",\"valueRequired\":true,\"valueName\":\"search_term_string\"}}],\"inLanguage\":\"es\"},{\"@type\":\"Person\",\"@id\":\"https:\/\/aeronoticias.com.pe\/noticiero\/#\/schema\/person\/fc1e5d578f4b62ba1cf7ac2bba1170a0\",\"name\":\"Redacci\u00f3n Aeronoticias\",\"url\":\"https:\/\/aeronoticias.com.pe\/noticiero\/author\/piloto\/\"}]}<\/script>\n<!-- \/ Yoast SEO plugin. -->","yoast_head_json":{"title":"Embajador de EE.UU. se encuentra en el Cusco","description":"Portal de noticias del Per\u00fa sobre el transporte a\u00e9reo, aviaci\u00f3n, turismo, hoteleria, actualidad.","robots":{"index":"index","follow":"follow","max-snippet":"max-snippet:-1","max-image-preview":"max-image-preview:large","max-video-preview":"max-video-preview:-1"},"canonical":"https:\/\/aeronoticias.com.pe\/noticiero\/politica\/embajador-de-eeuu-se-encuentra-en-el-cusco\/","og_locale":"es_ES","og_type":"article","og_title":"Embajador de EE.UU. se encuentra en el Cusco","og_description":"Portal de noticias del Per\u00fa sobre el transporte a\u00e9reo, aviaci\u00f3n, turismo, hoteleria, actualidad.","og_url":"https:\/\/aeronoticias.com.pe\/noticiero\/politica\/embajador-de-eeuu-se-encuentra-en-el-cusco\/","og_site_name":"Aeronoticias.com.pe","article_publisher":"https:\/\/www.facebook.com\/Aeronoticias.com.pe\/","article_published_time":"2010-01-28T20:15:05+00:00","author":"Redacci\u00f3n Aeronoticias","twitter_card":"summary_large_image","twitter_creator":"@aeronoticias","twitter_site":"@aeronoticias","twitter_misc":{"Escrito por":"Redacci\u00f3n Aeronoticias","Tiempo de lectura":"1 minuto"},"schema":{"@context":"https:\/\/schema.org","@graph":[{"@type":"WebPage","@id":"https:\/\/aeronoticias.com.pe\/noticiero\/politica\/embajador-de-eeuu-se-encuentra-en-el-cusco\/","url":"https:\/\/aeronoticias.com.pe\/noticiero\/politica\/embajador-de-eeuu-se-encuentra-en-el-cusco\/","name":"Embajador de EE.UU. se encuentra en el Cusco","isPartOf":{"@id":"https:\/\/aeronoticias.com.pe\/noticiero\/#website"},"datePublished":"2010-01-28T20:15:05+00:00","author":{"@id":"https:\/\/aeronoticias.com.pe\/noticiero\/#\/schema\/person\/fc1e5d578f4b62ba1cf7ac2bba1170a0"},"description":"Portal de noticias del Per\u00fa sobre el transporte a\u00e9reo, aviaci\u00f3n, turismo, hoteleria, actualidad.","breadcrumb":{"@id":"https:\/\/aeronoticias.com.pe\/noticiero\/politica\/embajador-de-eeuu-se-encuentra-en-el-cusco\/#breadcrumb"},"inLanguage":"es","potentialAction":[{"@type":"ReadAction","target":["https:\/\/aeronoticias.com.pe\/noticiero\/politica\/embajador-de-eeuu-se-encuentra-en-el-cusco\/"]}]},{"@type":"BreadcrumbList","@id":"https:\/\/aeronoticias.com.pe\/noticiero\/politica\/embajador-de-eeuu-se-encuentra-en-el-cusco\/#breadcrumb","itemListElement":[{"@type":"ListItem","position":1,"name":"Portada","item":"https:\/\/aeronoticias.com.pe\/noticiero\/"},{"@type":"ListItem","position":2,"name":"Embajador de EE.UU. se encuentra en el Cusco"}]},{"@type":"WebSite","@id":"https:\/\/aeronoticias.com.pe\/noticiero\/#website","url":"https:\/\/aeronoticias.com.pe\/noticiero\/","name":"Aeronoticias.com.pe","description":"Noticias de tranporte aereo, turismo, hoteles, gastronomia, actualidad, internacional","potentialAction":[{"@type":"SearchAction","target":{"@type":"EntryPoint","urlTemplate":"https:\/\/aeronoticias.com.pe\/noticiero\/?s={search_term_string}"},"query-input":{"@type":"PropertyValueSpecification","valueRequired":true,"valueName":"search_term_string"}}],"inLanguage":"es"},{"@type":"Person","@id":"https:\/\/aeronoticias.com.pe\/noticiero\/#\/schema\/person\/fc1e5d578f4b62ba1cf7ac2bba1170a0","name":"Redacci\u00f3n Aeronoticias","url":"https:\/\/aeronoticias.com.pe\/noticiero\/author\/piloto\/"}]}},"_links":{"self":[{"href":"https:\/\/aeronoticias.com.pe\/noticiero\/wp-json\/wp\/v2\/posts\/8510","targetHints":{"allow":["GET"]}}],"collection":[{"href":"https:\/\/aeronoticias.com.pe\/noticiero\/wp-json\/wp\/v2\/posts"}],"about":[{"href":"https:\/\/aeronoticias.com.pe\/noticiero\/wp-json\/wp\/v2\/types\/post"}],"author":[{"embeddable":true,"href":"https:\/\/aeronoticias.com.pe\/noticiero\/wp-json\/wp\/v2\/users\/1"}],"replies":[{"embeddable":true,"href":"https:\/\/aeronoticias.com.pe\/noticiero\/wp-json\/wp\/v2\/comments?post=8510"}],"version-history":[{"count":0,"href":"https:\/\/aeronoticias.com.pe\/noticiero\/wp-json\/wp\/v2\/posts\/8510\/revisions"}],"wp:attachment":[{"href":"https:\/\/aeronoticias.com.pe\/noticiero\/wp-json\/wp\/v2\/media?parent=8510"}],"wp:term":[{"taxonomy":"category","embeddable":true,"href":"https:\/\/aeronoticias.com.pe\/noticiero\/wp-json\/wp\/v2\/categories?post=8510"},{"taxonomy":"post_tag","embeddable":true,"href":"https:\/\/aeronoticias.com.pe\/noticiero\/wp-json\/wp\/v2\/tags?post=8510"}],"curies":[{"name":"wp","href":"https:\/\/api.w.org\/{rel}","templated":true}]}}