{"id":8512,"date":"2010-01-28T21:48:26","date_gmt":"2010-01-28T21:48:26","guid":{"rendered":"http:\/\/desarrollo.mcvicious.com\/aero2020\/2010\/01\/28\/momento-crucial-para-jugador-salvador-cabanas\/"},"modified":"2010-01-28T21:48:26","modified_gmt":"2010-01-28T21:48:26","slug":"momento-crucial-para-jugador-salvador-cabanas","status":"publish","type":"post","link":"https:\/\/aeronoticias.com.pe\/noticiero\/deportes\/momento-crucial-para-jugador-salvador-cabanas\/","title":{"rendered":"Momento crucial para jugador Salvador Caba\u00f1as"},"content":{"rendered":"<div style=\"text-align: justify\">En un momento cr\u00edtico para la situaci\u00f3n de Salvador Caba\u00f1as, futbolista paraguayo que fue baleado en un bar, este jueves se hizo p\u00fablica la declaraci\u00f3n de su esposa, Mar\u00eda Alonso quien narr\u00f3 \u2013seg\u00fan el diario Record de M\u00e9xico- que antes del percance ya hab\u00eda ido junto al atacante del Am\u00e9rica al menos tres veces al ba\u00f1o sin mayor problema.\u00a0<\/div>\n<div style=\"text-align: justify\"><\/div>\n<div style=\"text-align: justify\">A las 5:30 de la ma\u00f1ana ella le pidi\u00f3 al jugador dirigirse de nuevo al sanitario. Entr\u00f3 al m\u00f3dulo de damas y cuando acababa de lavarse las manos escucho una detonaci\u00f3n, intent\u00f3 asomarse en el ba\u00f1o de hombres, pero dos mujeres (la fot\u00f3grafa del local y la que da el papel) se lo impidieron. Alonso habr\u00eda insistido, pero fue un guardia quien le dijo que Caba\u00f1as hab\u00eda ido a buscar su auto.\u00a0<\/div>\n<div style=\"text-align: justify\">\n<div style=\"text-align: center\"><img decoding=\"async\" src=\"images\/stories\/10\/01\/280110\/cabama.jpg\" border=\"0\" alt=\"Momento crucial para jugador Salvador Caba\u00f1as\" title=\"Momento crucial para jugador Salvador Caba\u00f1as\" \/><\/div>\n<\/div>\n<div style=\"text-align: justify\">Luego de cinco minutos, y tras darse cuenta que Caba\u00f1as no estaba abajo, reci\u00e9n pudo subir con su cu\u00f1ado \u2013y junto a los param\u00e9dico-, donde vio a su marido boca abajo y con un disparo en la frente, cuando era retirado en camilla Alonso evit\u00f3 que le sacaran fotograf\u00edas dos polic\u00edas que lo intentaron hacer, partiendo entonces rumbo al hospital.\u00a0<\/div>\n<div style=\"text-align: justify\"><\/div>\n<div style=\"text-align: justify\">Antes de cerrar su declaraci\u00f3n asegur\u00f3 que al momento de subir a la ambulancia el gerente del local, C\u00e1rlos C\u00e1zares, se acerc\u00f3 para decirle que ten\u00eda que comentar que todo hab\u00eda pasado fuera del bar y que no deb\u00eda preocuparse por los gastos, porque la discoteca (Bar-Bar) iba a cubrir totalmente lo que pidiera el hospital.<\/div>\n<div style=\"text-align: justify\">Por otro lado, los m\u00e9dicos afirmaron que mientras el nivel de inflamaci\u00f3n cerebral sea alto, las probabilidades que el futbolista paraguayo Salvador Caba\u00f1as salve la vida son menores, se\u00f1al\u00f3 Alfonso D\u00edaz, jefe de los servicios m\u00e9dicos del Am\u00e9rica.<\/div>\n<div style=\"text-align: justify\"><\/div>\n<div style=\"text-align: justify\">\u00abMientras el cerebro est\u00e9 m\u00e1s inflamado, menos posibilidades de vida tiene, entonces al cumplirse las 72 horas empieza una declinaci\u00f3n, esto se ha visto en pacientes que pasan en un proceso similar, entonces estamos con la esperanza que descienda el proceso desinflamatorio\u00bb, indic\u00f3.<\/div>\n<div style=\"text-align: justify\"><\/div>\n<div style=\"text-align: justify\">Entrevistado en el hospital privado donde se encuentra el jugador sudamericano, D\u00edaz manifest\u00f3 que pr\u00e1cticamente al cumplirse las 72 horas posteriores al hecho, se espera que exista una mejor\u00eda en la condici\u00f3n de la persona.<\/div>\n<div style=\"text-align: justify\"><\/div>\n<div style=\"text-align: justify\">\u00abComienza una etapa en el que uno tiene esperanzas que el proceso inflamatorio baje, pero no estamos hablando que las 72 horas sean determinantes, uno espera que haya un descenso a partir de este momento\u00bb, apunt\u00f3.<\/div>\n<div style=\"text-align: justify\"><\/div>\n<div style=\"text-align: justify\">Cuestionado sobre cu\u00e1l es el porcentaje de las personas que han sufrido una situaci\u00f3n similar logran salir adelante, explic\u00f3 que \u00abtodo depende del grado de edema cerebral y l\u00f3gicamente cada paciente es diferente, no puedes comparar a un sedentario o a un oficinista con un deportista, habr\u00e1 que esperar cu\u00e1l es la respuesta\u00bb.<\/div>\n<div style=\"text-align: justify\"><\/div>\n<div style=\"text-align: justify\">Explic\u00f3 que en este momento no puede decir si ha existido un avance o un retroceso, ya que deber\u00e1n hacer estudios, por lo que el informe m\u00e9dico se dar\u00e1 a conocer por la tarde.<\/div>\n<div style=\"text-align: justify\"><\/div>\n<div style=\"text-align: justify\">\u00abAhorita no hay ning\u00fan avance, la idea del reporte en la tarde es que ustedes tengan un reporte completo y no un reporte parcial, en este momento s\u00f3lo es una apreciaci\u00f3n porque sin los estudios es imposible saber exactamente en qu\u00e9 grado est\u00e1 el cerebro de Caba\u00f1as en cuanto al proceso inflamatorio\u00bb, expuso.<\/div>\n<div style=\"text-align: justify\"><\/div>\n<div style=\"text-align: justify\">D\u00edaz, quien explic\u00f3 que en las siguientes horas se le practicar\u00e1 una tomograf\u00eda y los estudios normales a Caba\u00f1as, consider\u00f3 que se interpretaron mal las palabras del neurocirujano Ernesto Mart\u00ednez Duhart, quien el pasado martes indic\u00f3 que el paraguayo hab\u00eda reaccionado a est\u00edmulos.<\/div>\n<div style=\"text-align: justify\"><\/div>\n<div style=\"text-align: justify\">\u00abEst\u00e1 dormido, es dif\u00edcil saber si \u00e9l mueve alguna parte, la verdad yo creo que interpretaron mal esa situaci\u00f3n, la situaci\u00f3n de los est\u00edmulos dijo el doctor que en determinado momento parec\u00eda si pudiera mover o reconocer, pero son reflejos\u00bb, estableci\u00f3.<\/div>\n<div style=\"text-align: justify\"><\/div>\n<div style=\"text-align: justify\"><strong>Aeronoticias<\/strong> considera que este ataque es muestra de la inseguridad reinante y se deber\u00e1 juzgar y castigar al responsable de haber herido a este jugador que ha salido perjudicado y cuya vida corre riesgo.<\/div>\n<div style=\"text-align: justify\"><\/div>\n","protected":false},"excerpt":{"rendered":"<p>En un momento cr\u00edtico para la situaci\u00f3n de Salvador Caba\u00f1as, futbolista paraguayo que fue baleado en un bar, este jueves se hizo p\u00fablica la declaraci\u00f3n de su esposa, Mar\u00eda Alonso quien narr\u00f3 \u2013seg\u00fan el diario Record de M\u00e9xico- que antes del percance ya hab\u00eda ido junto al atacante del Am\u00e9rica al menos tres veces al [&hellip;]<\/p>\n","protected":false},"author":1,"featured_media":0,"comment_status":"open","ping_status":"open","sticky":false,"template":"","format":"standard","meta":{"tdm_status":"","tdm_grid_status":"","footnotes":""},"categories":[40],"tags":[],"class_list":{"0":"post-8512","1":"post","2":"type-post","3":"status-publish","4":"format-standard","6":"category-deportes"},"yoast_head":"<!-- This site is optimized with the Yoast SEO plugin v25.1 - https:\/\/yoast.com\/wordpress\/plugins\/seo\/ -->\n<title>Momento crucial para jugador Salvador Caba\u00f1as<\/title>\n<meta name=\"description\" content=\"Portal de noticias del Per\u00fa sobre el transporte a\u00e9reo, aviaci\u00f3n, turismo, hoteleria, actualidad.\" \/>\n<meta name=\"robots\" content=\"index, follow, max-snippet:-1, max-image-preview:large, max-video-preview:-1\" \/>\n<link rel=\"canonical\" href=\"https:\/\/aeronoticias.com.pe\/noticiero\/deportes\/momento-crucial-para-jugador-salvador-cabanas\/\" \/>\n<meta property=\"og:locale\" content=\"es_ES\" \/>\n<meta property=\"og:type\" content=\"article\" \/>\n<meta property=\"og:title\" content=\"Momento crucial para jugador Salvador Caba\u00f1as\" \/>\n<meta property=\"og:description\" content=\"Portal de noticias del Per\u00fa sobre el transporte a\u00e9reo, aviaci\u00f3n, turismo, hoteleria, actualidad.\" \/>\n<meta property=\"og:url\" content=\"https:\/\/aeronoticias.com.pe\/noticiero\/deportes\/momento-crucial-para-jugador-salvador-cabanas\/\" \/>\n<meta property=\"og:site_name\" content=\"Aeronoticias.com.pe\" \/>\n<meta property=\"article:publisher\" content=\"https:\/\/www.facebook.com\/Aeronoticias.com.pe\/\" \/>\n<meta property=\"article:published_time\" content=\"2010-01-28T21:48:26+00:00\" \/>\n<meta name=\"author\" content=\"Redacci\u00f3n Aeronoticias\" \/>\n<meta name=\"twitter:card\" content=\"summary_large_image\" \/>\n<meta name=\"twitter:creator\" content=\"@aeronoticias\" \/>\n<meta name=\"twitter:site\" content=\"@aeronoticias\" \/>\n<meta name=\"twitter:label1\" content=\"Escrito por\" \/>\n\t<meta name=\"twitter:data1\" content=\"Redacci\u00f3n Aeronoticias\" \/>\n\t<meta name=\"twitter:label2\" content=\"Tiempo de lectura\" \/>\n\t<meta name=\"twitter:data2\" content=\"4 minutos\" \/>\n<script type=\"application\/ld+json\" class=\"yoast-schema-graph\">{\"@context\":\"https:\/\/schema.org\",\"@graph\":[{\"@type\":\"WebPage\",\"@id\":\"https:\/\/aeronoticias.com.pe\/noticiero\/deportes\/momento-crucial-para-jugador-salvador-cabanas\/\",\"url\":\"https:\/\/aeronoticias.com.pe\/noticiero\/deportes\/momento-crucial-para-jugador-salvador-cabanas\/\",\"name\":\"Momento crucial para jugador Salvador Caba\u00f1as\",\"isPartOf\":{\"@id\":\"https:\/\/aeronoticias.com.pe\/noticiero\/#website\"},\"datePublished\":\"2010-01-28T21:48:26+00:00\",\"author\":{\"@id\":\"https:\/\/aeronoticias.com.pe\/noticiero\/#\/schema\/person\/fc1e5d578f4b62ba1cf7ac2bba1170a0\"},\"description\":\"Portal de noticias del Per\u00fa sobre el transporte a\u00e9reo, aviaci\u00f3n, turismo, hoteleria, actualidad.\",\"breadcrumb\":{\"@id\":\"https:\/\/aeronoticias.com.pe\/noticiero\/deportes\/momento-crucial-para-jugador-salvador-cabanas\/#breadcrumb\"},\"inLanguage\":\"es\",\"potentialAction\":[{\"@type\":\"ReadAction\",\"target\":[\"https:\/\/aeronoticias.com.pe\/noticiero\/deportes\/momento-crucial-para-jugador-salvador-cabanas\/\"]}]},{\"@type\":\"BreadcrumbList\",\"@id\":\"https:\/\/aeronoticias.com.pe\/noticiero\/deportes\/momento-crucial-para-jugador-salvador-cabanas\/#breadcrumb\",\"itemListElement\":[{\"@type\":\"ListItem\",\"position\":1,\"name\":\"Portada\",\"item\":\"https:\/\/aeronoticias.com.pe\/noticiero\/\"},{\"@type\":\"ListItem\",\"position\":2,\"name\":\"Momento crucial para jugador Salvador Caba\u00f1as\"}]},{\"@type\":\"WebSite\",\"@id\":\"https:\/\/aeronoticias.com.pe\/noticiero\/#website\",\"url\":\"https:\/\/aeronoticias.com.pe\/noticiero\/\",\"name\":\"Aeronoticias.com.pe\",\"description\":\"Noticias de tranporte aereo, turismo, hoteles, gastronomia, actualidad, internacional\",\"potentialAction\":[{\"@type\":\"SearchAction\",\"target\":{\"@type\":\"EntryPoint\",\"urlTemplate\":\"https:\/\/aeronoticias.com.pe\/noticiero\/?s={search_term_string}\"},\"query-input\":{\"@type\":\"PropertyValueSpecification\",\"valueRequired\":true,\"valueName\":\"search_term_string\"}}],\"inLanguage\":\"es\"},{\"@type\":\"Person\",\"@id\":\"https:\/\/aeronoticias.com.pe\/noticiero\/#\/schema\/person\/fc1e5d578f4b62ba1cf7ac2bba1170a0\",\"name\":\"Redacci\u00f3n Aeronoticias\",\"url\":\"https:\/\/aeronoticias.com.pe\/noticiero\/author\/piloto\/\"}]}<\/script>\n<!-- \/ Yoast SEO plugin. -->","yoast_head_json":{"title":"Momento crucial para jugador Salvador Caba\u00f1as","description":"Portal de noticias del Per\u00fa sobre el transporte a\u00e9reo, aviaci\u00f3n, turismo, hoteleria, actualidad.","robots":{"index":"index","follow":"follow","max-snippet":"max-snippet:-1","max-image-preview":"max-image-preview:large","max-video-preview":"max-video-preview:-1"},"canonical":"https:\/\/aeronoticias.com.pe\/noticiero\/deportes\/momento-crucial-para-jugador-salvador-cabanas\/","og_locale":"es_ES","og_type":"article","og_title":"Momento crucial para jugador Salvador Caba\u00f1as","og_description":"Portal de noticias del Per\u00fa sobre el transporte a\u00e9reo, aviaci\u00f3n, turismo, hoteleria, actualidad.","og_url":"https:\/\/aeronoticias.com.pe\/noticiero\/deportes\/momento-crucial-para-jugador-salvador-cabanas\/","og_site_name":"Aeronoticias.com.pe","article_publisher":"https:\/\/www.facebook.com\/Aeronoticias.com.pe\/","article_published_time":"2010-01-28T21:48:26+00:00","author":"Redacci\u00f3n Aeronoticias","twitter_card":"summary_large_image","twitter_creator":"@aeronoticias","twitter_site":"@aeronoticias","twitter_misc":{"Escrito por":"Redacci\u00f3n Aeronoticias","Tiempo de lectura":"4 minutos"},"schema":{"@context":"https:\/\/schema.org","@graph":[{"@type":"WebPage","@id":"https:\/\/aeronoticias.com.pe\/noticiero\/deportes\/momento-crucial-para-jugador-salvador-cabanas\/","url":"https:\/\/aeronoticias.com.pe\/noticiero\/deportes\/momento-crucial-para-jugador-salvador-cabanas\/","name":"Momento crucial para jugador Salvador Caba\u00f1as","isPartOf":{"@id":"https:\/\/aeronoticias.com.pe\/noticiero\/#website"},"datePublished":"2010-01-28T21:48:26+00:00","author":{"@id":"https:\/\/aeronoticias.com.pe\/noticiero\/#\/schema\/person\/fc1e5d578f4b62ba1cf7ac2bba1170a0"},"description":"Portal de noticias del Per\u00fa sobre el transporte a\u00e9reo, aviaci\u00f3n, turismo, hoteleria, actualidad.","breadcrumb":{"@id":"https:\/\/aeronoticias.com.pe\/noticiero\/deportes\/momento-crucial-para-jugador-salvador-cabanas\/#breadcrumb"},"inLanguage":"es","potentialAction":[{"@type":"ReadAction","target":["https:\/\/aeronoticias.com.pe\/noticiero\/deportes\/momento-crucial-para-jugador-salvador-cabanas\/"]}]},{"@type":"BreadcrumbList","@id":"https:\/\/aeronoticias.com.pe\/noticiero\/deportes\/momento-crucial-para-jugador-salvador-cabanas\/#breadcrumb","itemListElement":[{"@type":"ListItem","position":1,"name":"Portada","item":"https:\/\/aeronoticias.com.pe\/noticiero\/"},{"@type":"ListItem","position":2,"name":"Momento crucial para jugador Salvador Caba\u00f1as"}]},{"@type":"WebSite","@id":"https:\/\/aeronoticias.com.pe\/noticiero\/#website","url":"https:\/\/aeronoticias.com.pe\/noticiero\/","name":"Aeronoticias.com.pe","description":"Noticias de tranporte aereo, turismo, hoteles, gastronomia, actualidad, internacional","potentialAction":[{"@type":"SearchAction","target":{"@type":"EntryPoint","urlTemplate":"https:\/\/aeronoticias.com.pe\/noticiero\/?s={search_term_string}"},"query-input":{"@type":"PropertyValueSpecification","valueRequired":true,"valueName":"search_term_string"}}],"inLanguage":"es"},{"@type":"Person","@id":"https:\/\/aeronoticias.com.pe\/noticiero\/#\/schema\/person\/fc1e5d578f4b62ba1cf7ac2bba1170a0","name":"Redacci\u00f3n Aeronoticias","url":"https:\/\/aeronoticias.com.pe\/noticiero\/author\/piloto\/"}]}},"_links":{"self":[{"href":"https:\/\/aeronoticias.com.pe\/noticiero\/wp-json\/wp\/v2\/posts\/8512","targetHints":{"allow":["GET"]}}],"collection":[{"href":"https:\/\/aeronoticias.com.pe\/noticiero\/wp-json\/wp\/v2\/posts"}],"about":[{"href":"https:\/\/aeronoticias.com.pe\/noticiero\/wp-json\/wp\/v2\/types\/post"}],"author":[{"embeddable":true,"href":"https:\/\/aeronoticias.com.pe\/noticiero\/wp-json\/wp\/v2\/users\/1"}],"replies":[{"embeddable":true,"href":"https:\/\/aeronoticias.com.pe\/noticiero\/wp-json\/wp\/v2\/comments?post=8512"}],"version-history":[{"count":0,"href":"https:\/\/aeronoticias.com.pe\/noticiero\/wp-json\/wp\/v2\/posts\/8512\/revisions"}],"wp:attachment":[{"href":"https:\/\/aeronoticias.com.pe\/noticiero\/wp-json\/wp\/v2\/media?parent=8512"}],"wp:term":[{"taxonomy":"category","embeddable":true,"href":"https:\/\/aeronoticias.com.pe\/noticiero\/wp-json\/wp\/v2\/categories?post=8512"},{"taxonomy":"post_tag","embeddable":true,"href":"https:\/\/aeronoticias.com.pe\/noticiero\/wp-json\/wp\/v2\/tags?post=8512"}],"curies":[{"name":"wp","href":"https:\/\/api.w.org\/{rel}","templated":true}]}}