{"id":8515,"date":"2010-01-28T22:26:35","date_gmt":"2010-01-28T22:26:35","guid":{"rendered":"http:\/\/desarrollo.mcvicious.com\/aero2020\/2010\/01\/28\/condenaron-a-cuatro-anos-de-carcel-al-piloto-victor-girao-alatrista\/"},"modified":"2010-01-28T22:26:35","modified_gmt":"2010-01-28T22:26:35","slug":"condenaron-a-cuatro-anos-de-carcel-al-piloto-victor-girao-alatrista","status":"publish","type":"post","link":"https:\/\/aeronoticias.com.pe\/noticiero\/49\/condenaron-a-cuatro-anos-de-carcel-al-piloto-victor-girao-alatrista\/","title":{"rendered":"Condenaron a cuatro a\u00f1os de c\u00e1rcel al Piloto V\u00edctor Girao Alatrista"},"content":{"rendered":"<p align=\"justify\">La cuarta Sala Penal de Reos en C\u00e1rcel de la Corte Superior de Justicia de Lima, que preside el Dr. Carlos Ventura Cueva\u00a0 sentenci\u00f3 a 25 a\u00f1os de c\u00e1rcel a Randy G\u00f3mez por el asesinato de la joven modelo loretana Juliana Villacorta Garc\u00eda y a cuatro a\u00f1os de c\u00e1rcel a su abogado V\u00edctor Girao Alatrista por encubrimiento real, delito contra la administraci\u00f3n de justicia, al haber aconsejado a su cliente Randy G\u00f3mez a esconder el cad\u00e1ver.<\/p>\n<div style=\"text-align: center\"><img decoding=\"async\" src=\"images\/stories\/10\/01\/280110\/pdj.jpg\" border=\"0\" \/><\/div>\n<p align=\"justify\">Este caso, que conmocion\u00f3 a la opini\u00f3n p\u00fablica origin\u00f3 que Randy G\u00f3mez y la madre de la manicurista asesinada interpusieran queja contra el abogado V\u00edctor Girao al Colegio de Abogados de Lima, quien expidi\u00f3 una resoluci\u00f3n suspendiendo por 5 a\u00f1os al letrado, sin embargo, en una Resoluci\u00f3n inexplicable el Tribunal de Honor integrado por Fernando Vidal Ramirez, Felipe Osterling Parodi y Mart\u00edn Belaunde Moreyra anul\u00f3 esta resoluci\u00f3n permitiendo que el abogado Girao siga ejerciendo hasta la fecha.<\/p>\n<p align=\"justify\"><strong>Aeronoticias<\/strong> considera que el ilustre colegio de abogados presidido por el Jurista Jos\u00e9 Antonio \u00d1ique de la Puente debe exigir a la Direcci\u00f3n de \u00c9tica Profesional del CAL que resuelva la nulidad planteada por el Tribunal de Honor del CAL y expida Resoluci\u00f3n que expulse de la orden al abogado condenado V\u00edctor Octavio Girao Alatrista.<\/p>\n","protected":false},"excerpt":{"rendered":"<p>La cuarta Sala Penal de Reos en C\u00e1rcel de la Corte Superior de Justicia de Lima, que preside el Dr. Carlos Ventura Cueva\u00a0 sentenci\u00f3 a 25 a\u00f1os de c\u00e1rcel a Randy G\u00f3mez por el asesinato de la joven modelo loretana Juliana Villacorta Garc\u00eda y a cuatro a\u00f1os de c\u00e1rcel a su abogado V\u00edctor Girao Alatrista [&hellip;]<\/p>\n","protected":false},"author":1,"featured_media":0,"comment_status":"open","ping_status":"open","sticky":false,"template":"","format":"standard","meta":{"tdm_status":"","tdm_grid_status":"","footnotes":""},"categories":[39],"tags":[],"class_list":{"0":"post-8515","1":"post","2":"type-post","3":"status-publish","4":"format-standard","6":"category-39"},"yoast_head":"<!-- This site is optimized with the Yoast SEO plugin v25.1 - https:\/\/yoast.com\/wordpress\/plugins\/seo\/ -->\n<title>Condenaron a cuatro a\u00f1os de c\u00e1rcel al Piloto V\u00edctor Girao Alatrista<\/title>\n<meta name=\"description\" content=\"Portal de noticias del Per\u00fa sobre el transporte a\u00e9reo, aviaci\u00f3n, turismo, hoteleria, actualidad.\" \/>\n<meta name=\"robots\" content=\"index, follow, max-snippet:-1, max-image-preview:large, max-video-preview:-1\" \/>\n<link rel=\"canonical\" href=\"https:\/\/aeronoticias.com.pe\/noticiero\/49\/condenaron-a-cuatro-anos-de-carcel-al-piloto-victor-girao-alatrista\/\" \/>\n<meta property=\"og:locale\" content=\"es_ES\" \/>\n<meta property=\"og:type\" content=\"article\" \/>\n<meta property=\"og:title\" content=\"Condenaron a cuatro a\u00f1os de c\u00e1rcel al Piloto V\u00edctor Girao Alatrista\" \/>\n<meta property=\"og:description\" content=\"Portal de noticias del Per\u00fa sobre el transporte a\u00e9reo, aviaci\u00f3n, turismo, hoteleria, actualidad.\" \/>\n<meta property=\"og:url\" content=\"https:\/\/aeronoticias.com.pe\/noticiero\/49\/condenaron-a-cuatro-anos-de-carcel-al-piloto-victor-girao-alatrista\/\" \/>\n<meta property=\"og:site_name\" content=\"Aeronoticias.com.pe\" \/>\n<meta property=\"article:publisher\" content=\"https:\/\/www.facebook.com\/Aeronoticias.com.pe\/\" \/>\n<meta property=\"article:published_time\" content=\"2010-01-28T22:26:35+00:00\" \/>\n<meta name=\"author\" content=\"Redacci\u00f3n Aeronoticias\" \/>\n<meta name=\"twitter:card\" content=\"summary_large_image\" \/>\n<meta name=\"twitter:creator\" content=\"@aeronoticias\" \/>\n<meta name=\"twitter:site\" content=\"@aeronoticias\" \/>\n<meta name=\"twitter:label1\" content=\"Escrito por\" \/>\n\t<meta name=\"twitter:data1\" content=\"Redacci\u00f3n Aeronoticias\" \/>\n\t<meta name=\"twitter:label2\" content=\"Tiempo de lectura\" \/>\n\t<meta name=\"twitter:data2\" content=\"1 minuto\" \/>\n<script type=\"application\/ld+json\" class=\"yoast-schema-graph\">{\"@context\":\"https:\/\/schema.org\",\"@graph\":[{\"@type\":\"WebPage\",\"@id\":\"https:\/\/aeronoticias.com.pe\/noticiero\/49\/condenaron-a-cuatro-anos-de-carcel-al-piloto-victor-girao-alatrista\/\",\"url\":\"https:\/\/aeronoticias.com.pe\/noticiero\/49\/condenaron-a-cuatro-anos-de-carcel-al-piloto-victor-girao-alatrista\/\",\"name\":\"Condenaron a cuatro a\u00f1os de c\u00e1rcel al Piloto V\u00edctor Girao Alatrista\",\"isPartOf\":{\"@id\":\"https:\/\/aeronoticias.com.pe\/noticiero\/#website\"},\"datePublished\":\"2010-01-28T22:26:35+00:00\",\"author\":{\"@id\":\"https:\/\/aeronoticias.com.pe\/noticiero\/#\/schema\/person\/fc1e5d578f4b62ba1cf7ac2bba1170a0\"},\"description\":\"Portal de noticias del Per\u00fa sobre el transporte a\u00e9reo, aviaci\u00f3n, turismo, hoteleria, actualidad.\",\"breadcrumb\":{\"@id\":\"https:\/\/aeronoticias.com.pe\/noticiero\/49\/condenaron-a-cuatro-anos-de-carcel-al-piloto-victor-girao-alatrista\/#breadcrumb\"},\"inLanguage\":\"es\",\"potentialAction\":[{\"@type\":\"ReadAction\",\"target\":[\"https:\/\/aeronoticias.com.pe\/noticiero\/49\/condenaron-a-cuatro-anos-de-carcel-al-piloto-victor-girao-alatrista\/\"]}]},{\"@type\":\"BreadcrumbList\",\"@id\":\"https:\/\/aeronoticias.com.pe\/noticiero\/49\/condenaron-a-cuatro-anos-de-carcel-al-piloto-victor-girao-alatrista\/#breadcrumb\",\"itemListElement\":[{\"@type\":\"ListItem\",\"position\":1,\"name\":\"Portada\",\"item\":\"https:\/\/aeronoticias.com.pe\/noticiero\/\"},{\"@type\":\"ListItem\",\"position\":2,\"name\":\"Condenaron a cuatro a\u00f1os de c\u00e1rcel al Piloto V\u00edctor Girao Alatrista\"}]},{\"@type\":\"WebSite\",\"@id\":\"https:\/\/aeronoticias.com.pe\/noticiero\/#website\",\"url\":\"https:\/\/aeronoticias.com.pe\/noticiero\/\",\"name\":\"Aeronoticias.com.pe\",\"description\":\"Noticias de tranporte aereo, turismo, hoteles, gastronomia, actualidad, internacional\",\"potentialAction\":[{\"@type\":\"SearchAction\",\"target\":{\"@type\":\"EntryPoint\",\"urlTemplate\":\"https:\/\/aeronoticias.com.pe\/noticiero\/?s={search_term_string}\"},\"query-input\":{\"@type\":\"PropertyValueSpecification\",\"valueRequired\":true,\"valueName\":\"search_term_string\"}}],\"inLanguage\":\"es\"},{\"@type\":\"Person\",\"@id\":\"https:\/\/aeronoticias.com.pe\/noticiero\/#\/schema\/person\/fc1e5d578f4b62ba1cf7ac2bba1170a0\",\"name\":\"Redacci\u00f3n Aeronoticias\",\"url\":\"https:\/\/aeronoticias.com.pe\/noticiero\/author\/piloto\/\"}]}<\/script>\n<!-- \/ Yoast SEO plugin. -->","yoast_head_json":{"title":"Condenaron a cuatro a\u00f1os de c\u00e1rcel al Piloto V\u00edctor Girao Alatrista","description":"Portal de noticias del Per\u00fa sobre el transporte a\u00e9reo, aviaci\u00f3n, turismo, hoteleria, actualidad.","robots":{"index":"index","follow":"follow","max-snippet":"max-snippet:-1","max-image-preview":"max-image-preview:large","max-video-preview":"max-video-preview:-1"},"canonical":"https:\/\/aeronoticias.com.pe\/noticiero\/49\/condenaron-a-cuatro-anos-de-carcel-al-piloto-victor-girao-alatrista\/","og_locale":"es_ES","og_type":"article","og_title":"Condenaron a cuatro a\u00f1os de c\u00e1rcel al Piloto V\u00edctor Girao Alatrista","og_description":"Portal de noticias del Per\u00fa sobre el transporte a\u00e9reo, aviaci\u00f3n, turismo, hoteleria, actualidad.","og_url":"https:\/\/aeronoticias.com.pe\/noticiero\/49\/condenaron-a-cuatro-anos-de-carcel-al-piloto-victor-girao-alatrista\/","og_site_name":"Aeronoticias.com.pe","article_publisher":"https:\/\/www.facebook.com\/Aeronoticias.com.pe\/","article_published_time":"2010-01-28T22:26:35+00:00","author":"Redacci\u00f3n Aeronoticias","twitter_card":"summary_large_image","twitter_creator":"@aeronoticias","twitter_site":"@aeronoticias","twitter_misc":{"Escrito por":"Redacci\u00f3n Aeronoticias","Tiempo de lectura":"1 minuto"},"schema":{"@context":"https:\/\/schema.org","@graph":[{"@type":"WebPage","@id":"https:\/\/aeronoticias.com.pe\/noticiero\/49\/condenaron-a-cuatro-anos-de-carcel-al-piloto-victor-girao-alatrista\/","url":"https:\/\/aeronoticias.com.pe\/noticiero\/49\/condenaron-a-cuatro-anos-de-carcel-al-piloto-victor-girao-alatrista\/","name":"Condenaron a cuatro a\u00f1os de c\u00e1rcel al Piloto V\u00edctor Girao Alatrista","isPartOf":{"@id":"https:\/\/aeronoticias.com.pe\/noticiero\/#website"},"datePublished":"2010-01-28T22:26:35+00:00","author":{"@id":"https:\/\/aeronoticias.com.pe\/noticiero\/#\/schema\/person\/fc1e5d578f4b62ba1cf7ac2bba1170a0"},"description":"Portal de noticias del Per\u00fa sobre el transporte a\u00e9reo, aviaci\u00f3n, turismo, hoteleria, actualidad.","breadcrumb":{"@id":"https:\/\/aeronoticias.com.pe\/noticiero\/49\/condenaron-a-cuatro-anos-de-carcel-al-piloto-victor-girao-alatrista\/#breadcrumb"},"inLanguage":"es","potentialAction":[{"@type":"ReadAction","target":["https:\/\/aeronoticias.com.pe\/noticiero\/49\/condenaron-a-cuatro-anos-de-carcel-al-piloto-victor-girao-alatrista\/"]}]},{"@type":"BreadcrumbList","@id":"https:\/\/aeronoticias.com.pe\/noticiero\/49\/condenaron-a-cuatro-anos-de-carcel-al-piloto-victor-girao-alatrista\/#breadcrumb","itemListElement":[{"@type":"ListItem","position":1,"name":"Portada","item":"https:\/\/aeronoticias.com.pe\/noticiero\/"},{"@type":"ListItem","position":2,"name":"Condenaron a cuatro a\u00f1os de c\u00e1rcel al Piloto V\u00edctor Girao Alatrista"}]},{"@type":"WebSite","@id":"https:\/\/aeronoticias.com.pe\/noticiero\/#website","url":"https:\/\/aeronoticias.com.pe\/noticiero\/","name":"Aeronoticias.com.pe","description":"Noticias de tranporte aereo, turismo, hoteles, gastronomia, actualidad, internacional","potentialAction":[{"@type":"SearchAction","target":{"@type":"EntryPoint","urlTemplate":"https:\/\/aeronoticias.com.pe\/noticiero\/?s={search_term_string}"},"query-input":{"@type":"PropertyValueSpecification","valueRequired":true,"valueName":"search_term_string"}}],"inLanguage":"es"},{"@type":"Person","@id":"https:\/\/aeronoticias.com.pe\/noticiero\/#\/schema\/person\/fc1e5d578f4b62ba1cf7ac2bba1170a0","name":"Redacci\u00f3n Aeronoticias","url":"https:\/\/aeronoticias.com.pe\/noticiero\/author\/piloto\/"}]}},"_links":{"self":[{"href":"https:\/\/aeronoticias.com.pe\/noticiero\/wp-json\/wp\/v2\/posts\/8515","targetHints":{"allow":["GET"]}}],"collection":[{"href":"https:\/\/aeronoticias.com.pe\/noticiero\/wp-json\/wp\/v2\/posts"}],"about":[{"href":"https:\/\/aeronoticias.com.pe\/noticiero\/wp-json\/wp\/v2\/types\/post"}],"author":[{"embeddable":true,"href":"https:\/\/aeronoticias.com.pe\/noticiero\/wp-json\/wp\/v2\/users\/1"}],"replies":[{"embeddable":true,"href":"https:\/\/aeronoticias.com.pe\/noticiero\/wp-json\/wp\/v2\/comments?post=8515"}],"version-history":[{"count":0,"href":"https:\/\/aeronoticias.com.pe\/noticiero\/wp-json\/wp\/v2\/posts\/8515\/revisions"}],"wp:attachment":[{"href":"https:\/\/aeronoticias.com.pe\/noticiero\/wp-json\/wp\/v2\/media?parent=8515"}],"wp:term":[{"taxonomy":"category","embeddable":true,"href":"https:\/\/aeronoticias.com.pe\/noticiero\/wp-json\/wp\/v2\/categories?post=8515"},{"taxonomy":"post_tag","embeddable":true,"href":"https:\/\/aeronoticias.com.pe\/noticiero\/wp-json\/wp\/v2\/tags?post=8515"}],"curies":[{"name":"wp","href":"https:\/\/api.w.org\/{rel}","templated":true}]}}