{"id":8517,"date":"2010-01-29T14:04:04","date_gmt":"2010-01-29T14:04:04","guid":{"rendered":"http:\/\/desarrollo.mcvicious.com\/aero2020\/2010\/01\/29\/bin-laden-responsabiliza-a-a-potencias-mundiales-por-el-cambio-climatico\/"},"modified":"2010-01-29T14:04:04","modified_gmt":"2010-01-29T14:04:04","slug":"bin-laden-responsabiliza-a-a-potencias-mundiales-por-el-cambio-climatico","status":"publish","type":"post","link":"https:\/\/aeronoticias.com.pe\/noticiero\/internacionales\/bin-laden-responsabiliza-a-a-potencias-mundiales-por-el-cambio-climatico\/","title":{"rendered":"Bin Laden responsabiliza a a potencias mundiales por el cambio clim\u00e1tico"},"content":{"rendered":"<div style=\"text-align: justify\">\u00ab\u00c9ste es un mensaje al mundo entero sobre los responsables del cambio clim\u00e1tico y sus repercusiones, ya sean intencionadas o no, y sobre la acci\u00f3n que debemos emprender\u00bb, se\u00f1ala la grabaci\u00f3n difundida hoy por la cadena Al Yazeera, en un nuevo mensaje de audio de la red terrorista Al Qaeda, responsabiliz\u00f3 a Estados Unidos y otros pa\u00edses de ser los culpables. \u00abEllos son los verdaderos terroristas\u00bb , dice la grabaci\u00f3n atribuida al l\u00edder de la red.<\/div>\n<div style=\"text-align: justify\">\u00a0<\/div>\n<div style=\"text-align: justify\">Hablar de cambio clim\u00e1tico no es \u00abun lujo intelectual\u00bb, a\u00f1ade Ben Laden. Como una primera medida, el mensaje pide que se deje de utilizar el d\u00f3lar para \u00abliberar a la humanidad de la esclavitud de Estados Unidos\u00bb.<\/div>\n<div style=\"text-align: justify\">\u00a0<\/p>\n<div style=\"text-align: center\"><img decoding=\"async\" src=\"images\/stories\/10\/01\/290110\/binladen.jpg\" border=\"0\" alt=\"Bin Laden responsabiliza a a potencias mundiales por el cambio clim\u00e1tico\" title=\"Bin Laden responsabiliza a a potencias mundiales por el cambio clim\u00e1tico\" \/><\/div>\n<\/div>\n<div style=\"text-align: justify\">\u00abNoam Chomsky estaba en lo cierto cuando compar\u00f3 las pol\u00edticas de Estados Unidos con las de la mafia\u00bb, a\u00f1ade el l\u00edder terrorista en referencia al conocido ling\u00fcista y activista pol\u00edtico estadounidense. \u00abEllos son los verdaderos terroristas\u00bb.<\/div>\n<div style=\"text-align: justify\">\u00a0<\/div>\n<div style=\"text-align: justify\">Hasta ahora no pudo verificarse la autenticidad del mensaje, el segundo atribuido al l\u00edder de Al Qaida en una semana. \u00a0En otra cinta titulada \u00abOsama a Obama\u00bb y difundida hace pocos d\u00edas, Ben Laden advierte al presidente estadounidense, Barack Obama, que su pa\u00eds sufrir\u00e1 nuevos ataques si sigue apoyando a Israel.<\/div>\n<div style=\"text-align: justify\">\u00a0<\/div>\n<div style=\"text-align: justify\"><strong>Aeronoticias<\/strong> considera que es absolutamente necesario tomar con mucho cuidado las declaraciones del principal cabecilla terrorista de los \u00faltimos tiempos, que ha causado uno de los m\u00e1s terribles sucesos terroristas de los \u00faltimos tiempos.<\/div>\n<div style=\"text-align: justify\"><\/div>\n","protected":false},"excerpt":{"rendered":"<p>\u00ab\u00c9ste es un mensaje al mundo entero sobre los responsables del cambio clim\u00e1tico y sus repercusiones, ya sean intencionadas o no, y sobre la acci\u00f3n que debemos emprender\u00bb, se\u00f1ala la grabaci\u00f3n difundida hoy por la cadena Al Yazeera, en un nuevo mensaje de audio de la red terrorista Al Qaeda, responsabiliz\u00f3 a Estados Unidos y [&hellip;]<\/p>\n","protected":false},"author":1,"featured_media":0,"comment_status":"open","ping_status":"open","sticky":false,"template":"","format":"standard","meta":{"tdm_status":"","tdm_grid_status":"","footnotes":""},"categories":[34],"tags":[],"class_list":{"0":"post-8517","1":"post","2":"type-post","3":"status-publish","4":"format-standard","6":"category-internacionales"},"yoast_head":"<!-- This site is optimized with the Yoast SEO plugin v25.1 - https:\/\/yoast.com\/wordpress\/plugins\/seo\/ -->\n<title>Bin Laden responsabiliza a a potencias mundiales por el cambio clim\u00e1tico<\/title>\n<meta name=\"description\" content=\"Portal de noticias del Per\u00fa sobre el transporte a\u00e9reo, aviaci\u00f3n, turismo, hoteleria, actualidad.\" \/>\n<meta name=\"robots\" content=\"index, follow, max-snippet:-1, max-image-preview:large, max-video-preview:-1\" \/>\n<link rel=\"canonical\" href=\"https:\/\/aeronoticias.com.pe\/noticiero\/internacionales\/bin-laden-responsabiliza-a-a-potencias-mundiales-por-el-cambio-climatico\/\" \/>\n<meta property=\"og:locale\" content=\"es_ES\" \/>\n<meta property=\"og:type\" content=\"article\" \/>\n<meta property=\"og:title\" content=\"Bin Laden responsabiliza a a potencias mundiales por el cambio clim\u00e1tico\" \/>\n<meta property=\"og:description\" content=\"Portal de noticias del Per\u00fa sobre el transporte a\u00e9reo, aviaci\u00f3n, turismo, hoteleria, actualidad.\" \/>\n<meta property=\"og:url\" content=\"https:\/\/aeronoticias.com.pe\/noticiero\/internacionales\/bin-laden-responsabiliza-a-a-potencias-mundiales-por-el-cambio-climatico\/\" \/>\n<meta property=\"og:site_name\" content=\"Aeronoticias.com.pe\" \/>\n<meta property=\"article:publisher\" content=\"https:\/\/www.facebook.com\/Aeronoticias.com.pe\/\" \/>\n<meta property=\"article:published_time\" content=\"2010-01-29T14:04:04+00:00\" \/>\n<meta name=\"author\" content=\"Redacci\u00f3n Aeronoticias\" \/>\n<meta name=\"twitter:card\" content=\"summary_large_image\" \/>\n<meta name=\"twitter:creator\" content=\"@aeronoticias\" \/>\n<meta name=\"twitter:site\" content=\"@aeronoticias\" \/>\n<meta name=\"twitter:label1\" content=\"Escrito por\" \/>\n\t<meta name=\"twitter:data1\" content=\"Redacci\u00f3n Aeronoticias\" \/>\n\t<meta name=\"twitter:label2\" content=\"Tiempo de lectura\" \/>\n\t<meta name=\"twitter:data2\" content=\"1 minuto\" \/>\n<script type=\"application\/ld+json\" class=\"yoast-schema-graph\">{\"@context\":\"https:\/\/schema.org\",\"@graph\":[{\"@type\":\"WebPage\",\"@id\":\"https:\/\/aeronoticias.com.pe\/noticiero\/internacionales\/bin-laden-responsabiliza-a-a-potencias-mundiales-por-el-cambio-climatico\/\",\"url\":\"https:\/\/aeronoticias.com.pe\/noticiero\/internacionales\/bin-laden-responsabiliza-a-a-potencias-mundiales-por-el-cambio-climatico\/\",\"name\":\"Bin Laden responsabiliza a a potencias mundiales por el cambio clim\u00e1tico\",\"isPartOf\":{\"@id\":\"https:\/\/aeronoticias.com.pe\/noticiero\/#website\"},\"datePublished\":\"2010-01-29T14:04:04+00:00\",\"author\":{\"@id\":\"https:\/\/aeronoticias.com.pe\/noticiero\/#\/schema\/person\/fc1e5d578f4b62ba1cf7ac2bba1170a0\"},\"description\":\"Portal de noticias del Per\u00fa sobre el transporte a\u00e9reo, aviaci\u00f3n, turismo, hoteleria, actualidad.\",\"breadcrumb\":{\"@id\":\"https:\/\/aeronoticias.com.pe\/noticiero\/internacionales\/bin-laden-responsabiliza-a-a-potencias-mundiales-por-el-cambio-climatico\/#breadcrumb\"},\"inLanguage\":\"es\",\"potentialAction\":[{\"@type\":\"ReadAction\",\"target\":[\"https:\/\/aeronoticias.com.pe\/noticiero\/internacionales\/bin-laden-responsabiliza-a-a-potencias-mundiales-por-el-cambio-climatico\/\"]}]},{\"@type\":\"BreadcrumbList\",\"@id\":\"https:\/\/aeronoticias.com.pe\/noticiero\/internacionales\/bin-laden-responsabiliza-a-a-potencias-mundiales-por-el-cambio-climatico\/#breadcrumb\",\"itemListElement\":[{\"@type\":\"ListItem\",\"position\":1,\"name\":\"Portada\",\"item\":\"https:\/\/aeronoticias.com.pe\/noticiero\/\"},{\"@type\":\"ListItem\",\"position\":2,\"name\":\"Bin Laden responsabiliza a a potencias mundiales por el cambio clim\u00e1tico\"}]},{\"@type\":\"WebSite\",\"@id\":\"https:\/\/aeronoticias.com.pe\/noticiero\/#website\",\"url\":\"https:\/\/aeronoticias.com.pe\/noticiero\/\",\"name\":\"Aeronoticias.com.pe\",\"description\":\"Noticias de tranporte aereo, turismo, hoteles, gastronomia, actualidad, internacional\",\"potentialAction\":[{\"@type\":\"SearchAction\",\"target\":{\"@type\":\"EntryPoint\",\"urlTemplate\":\"https:\/\/aeronoticias.com.pe\/noticiero\/?s={search_term_string}\"},\"query-input\":{\"@type\":\"PropertyValueSpecification\",\"valueRequired\":true,\"valueName\":\"search_term_string\"}}],\"inLanguage\":\"es\"},{\"@type\":\"Person\",\"@id\":\"https:\/\/aeronoticias.com.pe\/noticiero\/#\/schema\/person\/fc1e5d578f4b62ba1cf7ac2bba1170a0\",\"name\":\"Redacci\u00f3n Aeronoticias\",\"url\":\"https:\/\/aeronoticias.com.pe\/noticiero\/author\/piloto\/\"}]}<\/script>\n<!-- \/ Yoast SEO plugin. -->","yoast_head_json":{"title":"Bin Laden responsabiliza a a potencias mundiales por el cambio clim\u00e1tico","description":"Portal de noticias del Per\u00fa sobre el transporte a\u00e9reo, aviaci\u00f3n, turismo, hoteleria, actualidad.","robots":{"index":"index","follow":"follow","max-snippet":"max-snippet:-1","max-image-preview":"max-image-preview:large","max-video-preview":"max-video-preview:-1"},"canonical":"https:\/\/aeronoticias.com.pe\/noticiero\/internacionales\/bin-laden-responsabiliza-a-a-potencias-mundiales-por-el-cambio-climatico\/","og_locale":"es_ES","og_type":"article","og_title":"Bin Laden responsabiliza a a potencias mundiales por el cambio clim\u00e1tico","og_description":"Portal de noticias del Per\u00fa sobre el transporte a\u00e9reo, aviaci\u00f3n, turismo, hoteleria, actualidad.","og_url":"https:\/\/aeronoticias.com.pe\/noticiero\/internacionales\/bin-laden-responsabiliza-a-a-potencias-mundiales-por-el-cambio-climatico\/","og_site_name":"Aeronoticias.com.pe","article_publisher":"https:\/\/www.facebook.com\/Aeronoticias.com.pe\/","article_published_time":"2010-01-29T14:04:04+00:00","author":"Redacci\u00f3n Aeronoticias","twitter_card":"summary_large_image","twitter_creator":"@aeronoticias","twitter_site":"@aeronoticias","twitter_misc":{"Escrito por":"Redacci\u00f3n Aeronoticias","Tiempo de lectura":"1 minuto"},"schema":{"@context":"https:\/\/schema.org","@graph":[{"@type":"WebPage","@id":"https:\/\/aeronoticias.com.pe\/noticiero\/internacionales\/bin-laden-responsabiliza-a-a-potencias-mundiales-por-el-cambio-climatico\/","url":"https:\/\/aeronoticias.com.pe\/noticiero\/internacionales\/bin-laden-responsabiliza-a-a-potencias-mundiales-por-el-cambio-climatico\/","name":"Bin Laden responsabiliza a a potencias mundiales por el cambio clim\u00e1tico","isPartOf":{"@id":"https:\/\/aeronoticias.com.pe\/noticiero\/#website"},"datePublished":"2010-01-29T14:04:04+00:00","author":{"@id":"https:\/\/aeronoticias.com.pe\/noticiero\/#\/schema\/person\/fc1e5d578f4b62ba1cf7ac2bba1170a0"},"description":"Portal de noticias del Per\u00fa sobre el transporte a\u00e9reo, aviaci\u00f3n, turismo, hoteleria, actualidad.","breadcrumb":{"@id":"https:\/\/aeronoticias.com.pe\/noticiero\/internacionales\/bin-laden-responsabiliza-a-a-potencias-mundiales-por-el-cambio-climatico\/#breadcrumb"},"inLanguage":"es","potentialAction":[{"@type":"ReadAction","target":["https:\/\/aeronoticias.com.pe\/noticiero\/internacionales\/bin-laden-responsabiliza-a-a-potencias-mundiales-por-el-cambio-climatico\/"]}]},{"@type":"BreadcrumbList","@id":"https:\/\/aeronoticias.com.pe\/noticiero\/internacionales\/bin-laden-responsabiliza-a-a-potencias-mundiales-por-el-cambio-climatico\/#breadcrumb","itemListElement":[{"@type":"ListItem","position":1,"name":"Portada","item":"https:\/\/aeronoticias.com.pe\/noticiero\/"},{"@type":"ListItem","position":2,"name":"Bin Laden responsabiliza a a potencias mundiales por el cambio clim\u00e1tico"}]},{"@type":"WebSite","@id":"https:\/\/aeronoticias.com.pe\/noticiero\/#website","url":"https:\/\/aeronoticias.com.pe\/noticiero\/","name":"Aeronoticias.com.pe","description":"Noticias de tranporte aereo, turismo, hoteles, gastronomia, actualidad, internacional","potentialAction":[{"@type":"SearchAction","target":{"@type":"EntryPoint","urlTemplate":"https:\/\/aeronoticias.com.pe\/noticiero\/?s={search_term_string}"},"query-input":{"@type":"PropertyValueSpecification","valueRequired":true,"valueName":"search_term_string"}}],"inLanguage":"es"},{"@type":"Person","@id":"https:\/\/aeronoticias.com.pe\/noticiero\/#\/schema\/person\/fc1e5d578f4b62ba1cf7ac2bba1170a0","name":"Redacci\u00f3n Aeronoticias","url":"https:\/\/aeronoticias.com.pe\/noticiero\/author\/piloto\/"}]}},"_links":{"self":[{"href":"https:\/\/aeronoticias.com.pe\/noticiero\/wp-json\/wp\/v2\/posts\/8517","targetHints":{"allow":["GET"]}}],"collection":[{"href":"https:\/\/aeronoticias.com.pe\/noticiero\/wp-json\/wp\/v2\/posts"}],"about":[{"href":"https:\/\/aeronoticias.com.pe\/noticiero\/wp-json\/wp\/v2\/types\/post"}],"author":[{"embeddable":true,"href":"https:\/\/aeronoticias.com.pe\/noticiero\/wp-json\/wp\/v2\/users\/1"}],"replies":[{"embeddable":true,"href":"https:\/\/aeronoticias.com.pe\/noticiero\/wp-json\/wp\/v2\/comments?post=8517"}],"version-history":[{"count":0,"href":"https:\/\/aeronoticias.com.pe\/noticiero\/wp-json\/wp\/v2\/posts\/8517\/revisions"}],"wp:attachment":[{"href":"https:\/\/aeronoticias.com.pe\/noticiero\/wp-json\/wp\/v2\/media?parent=8517"}],"wp:term":[{"taxonomy":"category","embeddable":true,"href":"https:\/\/aeronoticias.com.pe\/noticiero\/wp-json\/wp\/v2\/categories?post=8517"},{"taxonomy":"post_tag","embeddable":true,"href":"https:\/\/aeronoticias.com.pe\/noticiero\/wp-json\/wp\/v2\/tags?post=8517"}],"curies":[{"name":"wp","href":"https:\/\/api.w.org\/{rel}","templated":true}]}}