{"id":8518,"date":"2010-01-29T14:08:00","date_gmt":"2010-01-29T14:08:00","guid":{"rendered":"http:\/\/desarrollo.mcvicious.com\/aero2020\/2010\/01\/29\/turistas-que-seran-evacuados-hoy-de-machu-picchu-gozan-de-buena-salud-afirma-ministro-perez\/"},"modified":"2010-01-29T14:08:00","modified_gmt":"2010-01-29T14:08:00","slug":"turistas-que-seran-evacuados-hoy-de-machu-picchu-gozan-de-buena-salud-afirma-ministro-perez","status":"publish","type":"post","link":"https:\/\/aeronoticias.com.pe\/noticiero\/nacionales\/turistas-que-seran-evacuados-hoy-de-machu-picchu-gozan-de-buena-salud-afirma-ministro-perez\/","title":{"rendered":"Turistas que ser\u00e1n evacuados hoy de Machu Picchu gozan de buena salud, afirma ministro P\u00e9rez"},"content":{"rendered":"<div style=\"text-align: justify\">El ministro de Comercio Exterior y Turismo, Mart\u00edn P\u00e9rez, afirm\u00f3 que el grupo de 800 turistas que est\u00e1n por ser evacuados de Machu Picchu, se encuentran en perfecto estado de salud y tienen acceso a alimentos.\u00a0En comunicaci\u00f3n telef\u00f3nica desde el Cusco, indic\u00f3 que la zona de rescate se encuentra despejada por lo que consider\u00f3 que el d\u00eda de hoy culminar\u00e1 este proceso.<\/div>\n<div style=\"text-align: justify\"><\/div>\n<div style=\"text-align: justify\">\u201cTenemos alrededor de 800 turistas, todos gozan de buena salud. Este es un mensaje para las familias de todos los turistas, que son chicos entre 20 y 30 a\u00f1os, hay alimento, hay agua y todos est\u00e1n en perfecto estado de salud\u201d, dijo en RPP.\u00a0En ese sentido, desminti\u00f3 alg\u00fan tipo de preferencia al momento de distribuir alimentos a los afectados por las lluvias y sostuvo que una vez culminada la evacuaci\u00f3n de los turistas, continuar\u00e1 el puente a\u00e9reo a esta zona afectada por las torrenciales lluvias de los \u00faltimos d\u00edas.<\/div>\n<div style=\"text-align: justify\">\n<div style=\"text-align: center\"><img decoding=\"async\" src=\"images\/stories\/10\/01\/290110\/turistas.jpg\" border=\"0\" alt=\"Turistas que ser\u00e1n evacuados hoy de Machu Picchu gozan de buena salud, afirma ministro P\u00e9rez\" title=\"Turistas que ser\u00e1n evacuados hoy de Machu Picchu gozan de buena salud, afirma ministro P\u00e9rez\" \/><\/div>\n<\/div>\n<div style=\"text-align: justify\">\u201cLos alimentos se han repartido para todos, es igual un ni\u00f1o de la poblaci\u00f3n, que un ni\u00f1o argentino, un ni\u00f1o colombiano, que un ni\u00f1o alem\u00e1n, nosotros hemos dejado muy en claro eso\u201d, precis\u00f3.\u00a0P\u00e9rez a\u00f1adi\u00f3 que cada 10 minutos saldr\u00e1 un helic\u00f3ptero y que en cada una de estas unidades se podr\u00e1 evacuar a un total de 130 personas, lo que supone un m\u00e1ximo de 8 horas para culminar el rescate de los turistas.<\/div>\n<div style=\"text-align: justify\"><\/div>\n<div style=\"text-align: justify\">En declaraciones a CPN Radio, el ministro se\u00f1al\u00f3 que existen cerca de 20 vuelos diarios hacia el Cusco, debido a que la ciudad no est\u00e1 cerrada y las agencias de turismo est\u00e1n \u201credireccionando\u201d los programas para aquellos que deseen visitar Machu Picchu pues no hay acceso.\u00a0Respecto a algunas denuncias sobre el cobro de algunos helic\u00f3pteros para evacuar a las personas, dijo que el primer d\u00eda existieron algunas empresas particulares que si efectuaron esta labor.<\/div>\n<div style=\"text-align: justify\"><\/div>\n<div style=\"text-align: justify\">\u201cLos vuelos particulares est\u00e1n prohibidos en la zona, ellos cobraban, \u00e9stas denuncias son del primer d\u00eda, pero una vez que se investigue este hecho les caer\u00e1 el m\u00e1ximo peso de la ley a lo responsables\u201d, subray\u00f3.<\/div>\n<div style=\"text-align: justify\"><\/div>\n","protected":false},"excerpt":{"rendered":"<p>El ministro de Comercio Exterior y Turismo, Mart\u00edn P\u00e9rez, afirm\u00f3 que el grupo de 800 turistas que est\u00e1n por ser evacuados de Machu Picchu, se encuentran en perfecto estado de salud y tienen acceso a alimentos.\u00a0En comunicaci\u00f3n telef\u00f3nica desde el Cusco, indic\u00f3 que la zona de rescate se encuentra despejada por lo que consider\u00f3 que [&hellip;]<\/p>\n","protected":false},"author":1,"featured_media":0,"comment_status":"open","ping_status":"open","sticky":false,"template":"","format":"standard","meta":{"tdm_status":"","tdm_grid_status":"","footnotes":""},"categories":[38],"tags":[],"class_list":{"0":"post-8518","1":"post","2":"type-post","3":"status-publish","4":"format-standard","6":"category-nacionales"},"yoast_head":"<!-- This site is optimized with the Yoast SEO plugin v25.1 - https:\/\/yoast.com\/wordpress\/plugins\/seo\/ -->\n<title>Turistas que ser\u00e1n evacuados hoy de Machu Picchu gozan de buena salud, afirma ministro P\u00e9rez<\/title>\n<meta name=\"description\" content=\"Portal de noticias del Per\u00fa sobre el transporte a\u00e9reo, aviaci\u00f3n, turismo, hoteleria, actualidad.\" \/>\n<meta name=\"robots\" content=\"index, follow, max-snippet:-1, max-image-preview:large, max-video-preview:-1\" \/>\n<link rel=\"canonical\" href=\"https:\/\/aeronoticias.com.pe\/noticiero\/nacionales\/turistas-que-seran-evacuados-hoy-de-machu-picchu-gozan-de-buena-salud-afirma-ministro-perez\/\" \/>\n<meta property=\"og:locale\" content=\"es_ES\" \/>\n<meta property=\"og:type\" content=\"article\" \/>\n<meta property=\"og:title\" content=\"Turistas que ser\u00e1n evacuados hoy de Machu Picchu gozan de buena salud, afirma ministro P\u00e9rez\" \/>\n<meta property=\"og:description\" content=\"Portal de noticias del Per\u00fa sobre el transporte a\u00e9reo, aviaci\u00f3n, turismo, hoteleria, actualidad.\" \/>\n<meta property=\"og:url\" content=\"https:\/\/aeronoticias.com.pe\/noticiero\/nacionales\/turistas-que-seran-evacuados-hoy-de-machu-picchu-gozan-de-buena-salud-afirma-ministro-perez\/\" \/>\n<meta property=\"og:site_name\" content=\"Aeronoticias.com.pe\" \/>\n<meta property=\"article:publisher\" content=\"https:\/\/www.facebook.com\/Aeronoticias.com.pe\/\" \/>\n<meta property=\"article:published_time\" content=\"2010-01-29T14:08:00+00:00\" \/>\n<meta name=\"author\" content=\"Redacci\u00f3n Aeronoticias\" \/>\n<meta name=\"twitter:card\" content=\"summary_large_image\" \/>\n<meta name=\"twitter:creator\" content=\"@aeronoticias\" \/>\n<meta name=\"twitter:site\" content=\"@aeronoticias\" \/>\n<meta name=\"twitter:label1\" content=\"Escrito por\" \/>\n\t<meta name=\"twitter:data1\" content=\"Redacci\u00f3n Aeronoticias\" \/>\n\t<meta name=\"twitter:label2\" content=\"Tiempo de lectura\" \/>\n\t<meta name=\"twitter:data2\" content=\"2 minutos\" \/>\n<script type=\"application\/ld+json\" class=\"yoast-schema-graph\">{\"@context\":\"https:\/\/schema.org\",\"@graph\":[{\"@type\":\"WebPage\",\"@id\":\"https:\/\/aeronoticias.com.pe\/noticiero\/nacionales\/turistas-que-seran-evacuados-hoy-de-machu-picchu-gozan-de-buena-salud-afirma-ministro-perez\/\",\"url\":\"https:\/\/aeronoticias.com.pe\/noticiero\/nacionales\/turistas-que-seran-evacuados-hoy-de-machu-picchu-gozan-de-buena-salud-afirma-ministro-perez\/\",\"name\":\"Turistas que ser\u00e1n evacuados hoy de Machu Picchu gozan de buena salud, afirma ministro P\u00e9rez\",\"isPartOf\":{\"@id\":\"https:\/\/aeronoticias.com.pe\/noticiero\/#website\"},\"datePublished\":\"2010-01-29T14:08:00+00:00\",\"author\":{\"@id\":\"https:\/\/aeronoticias.com.pe\/noticiero\/#\/schema\/person\/fc1e5d578f4b62ba1cf7ac2bba1170a0\"},\"description\":\"Portal de noticias del Per\u00fa sobre el transporte a\u00e9reo, aviaci\u00f3n, turismo, hoteleria, actualidad.\",\"breadcrumb\":{\"@id\":\"https:\/\/aeronoticias.com.pe\/noticiero\/nacionales\/turistas-que-seran-evacuados-hoy-de-machu-picchu-gozan-de-buena-salud-afirma-ministro-perez\/#breadcrumb\"},\"inLanguage\":\"es\",\"potentialAction\":[{\"@type\":\"ReadAction\",\"target\":[\"https:\/\/aeronoticias.com.pe\/noticiero\/nacionales\/turistas-que-seran-evacuados-hoy-de-machu-picchu-gozan-de-buena-salud-afirma-ministro-perez\/\"]}]},{\"@type\":\"BreadcrumbList\",\"@id\":\"https:\/\/aeronoticias.com.pe\/noticiero\/nacionales\/turistas-que-seran-evacuados-hoy-de-machu-picchu-gozan-de-buena-salud-afirma-ministro-perez\/#breadcrumb\",\"itemListElement\":[{\"@type\":\"ListItem\",\"position\":1,\"name\":\"Portada\",\"item\":\"https:\/\/aeronoticias.com.pe\/noticiero\/\"},{\"@type\":\"ListItem\",\"position\":2,\"name\":\"Turistas que ser\u00e1n evacuados hoy de Machu Picchu gozan de buena salud, afirma ministro P\u00e9rez\"}]},{\"@type\":\"WebSite\",\"@id\":\"https:\/\/aeronoticias.com.pe\/noticiero\/#website\",\"url\":\"https:\/\/aeronoticias.com.pe\/noticiero\/\",\"name\":\"Aeronoticias.com.pe\",\"description\":\"Noticias de tranporte aereo, turismo, hoteles, gastronomia, actualidad, internacional\",\"potentialAction\":[{\"@type\":\"SearchAction\",\"target\":{\"@type\":\"EntryPoint\",\"urlTemplate\":\"https:\/\/aeronoticias.com.pe\/noticiero\/?s={search_term_string}\"},\"query-input\":{\"@type\":\"PropertyValueSpecification\",\"valueRequired\":true,\"valueName\":\"search_term_string\"}}],\"inLanguage\":\"es\"},{\"@type\":\"Person\",\"@id\":\"https:\/\/aeronoticias.com.pe\/noticiero\/#\/schema\/person\/fc1e5d578f4b62ba1cf7ac2bba1170a0\",\"name\":\"Redacci\u00f3n Aeronoticias\",\"url\":\"https:\/\/aeronoticias.com.pe\/noticiero\/author\/piloto\/\"}]}<\/script>\n<!-- \/ Yoast SEO plugin. -->","yoast_head_json":{"title":"Turistas que ser\u00e1n evacuados hoy de Machu Picchu gozan de buena salud, afirma ministro P\u00e9rez","description":"Portal de noticias del Per\u00fa sobre el transporte a\u00e9reo, aviaci\u00f3n, turismo, hoteleria, actualidad.","robots":{"index":"index","follow":"follow","max-snippet":"max-snippet:-1","max-image-preview":"max-image-preview:large","max-video-preview":"max-video-preview:-1"},"canonical":"https:\/\/aeronoticias.com.pe\/noticiero\/nacionales\/turistas-que-seran-evacuados-hoy-de-machu-picchu-gozan-de-buena-salud-afirma-ministro-perez\/","og_locale":"es_ES","og_type":"article","og_title":"Turistas que ser\u00e1n evacuados hoy de Machu Picchu gozan de buena salud, afirma ministro P\u00e9rez","og_description":"Portal de noticias del Per\u00fa sobre el transporte a\u00e9reo, aviaci\u00f3n, turismo, hoteleria, actualidad.","og_url":"https:\/\/aeronoticias.com.pe\/noticiero\/nacionales\/turistas-que-seran-evacuados-hoy-de-machu-picchu-gozan-de-buena-salud-afirma-ministro-perez\/","og_site_name":"Aeronoticias.com.pe","article_publisher":"https:\/\/www.facebook.com\/Aeronoticias.com.pe\/","article_published_time":"2010-01-29T14:08:00+00:00","author":"Redacci\u00f3n Aeronoticias","twitter_card":"summary_large_image","twitter_creator":"@aeronoticias","twitter_site":"@aeronoticias","twitter_misc":{"Escrito por":"Redacci\u00f3n Aeronoticias","Tiempo de lectura":"2 minutos"},"schema":{"@context":"https:\/\/schema.org","@graph":[{"@type":"WebPage","@id":"https:\/\/aeronoticias.com.pe\/noticiero\/nacionales\/turistas-que-seran-evacuados-hoy-de-machu-picchu-gozan-de-buena-salud-afirma-ministro-perez\/","url":"https:\/\/aeronoticias.com.pe\/noticiero\/nacionales\/turistas-que-seran-evacuados-hoy-de-machu-picchu-gozan-de-buena-salud-afirma-ministro-perez\/","name":"Turistas que ser\u00e1n evacuados hoy de Machu Picchu gozan de buena salud, afirma ministro P\u00e9rez","isPartOf":{"@id":"https:\/\/aeronoticias.com.pe\/noticiero\/#website"},"datePublished":"2010-01-29T14:08:00+00:00","author":{"@id":"https:\/\/aeronoticias.com.pe\/noticiero\/#\/schema\/person\/fc1e5d578f4b62ba1cf7ac2bba1170a0"},"description":"Portal de noticias del Per\u00fa sobre el transporte a\u00e9reo, aviaci\u00f3n, turismo, hoteleria, actualidad.","breadcrumb":{"@id":"https:\/\/aeronoticias.com.pe\/noticiero\/nacionales\/turistas-que-seran-evacuados-hoy-de-machu-picchu-gozan-de-buena-salud-afirma-ministro-perez\/#breadcrumb"},"inLanguage":"es","potentialAction":[{"@type":"ReadAction","target":["https:\/\/aeronoticias.com.pe\/noticiero\/nacionales\/turistas-que-seran-evacuados-hoy-de-machu-picchu-gozan-de-buena-salud-afirma-ministro-perez\/"]}]},{"@type":"BreadcrumbList","@id":"https:\/\/aeronoticias.com.pe\/noticiero\/nacionales\/turistas-que-seran-evacuados-hoy-de-machu-picchu-gozan-de-buena-salud-afirma-ministro-perez\/#breadcrumb","itemListElement":[{"@type":"ListItem","position":1,"name":"Portada","item":"https:\/\/aeronoticias.com.pe\/noticiero\/"},{"@type":"ListItem","position":2,"name":"Turistas que ser\u00e1n evacuados hoy de Machu Picchu gozan de buena salud, afirma ministro P\u00e9rez"}]},{"@type":"WebSite","@id":"https:\/\/aeronoticias.com.pe\/noticiero\/#website","url":"https:\/\/aeronoticias.com.pe\/noticiero\/","name":"Aeronoticias.com.pe","description":"Noticias de tranporte aereo, turismo, hoteles, gastronomia, actualidad, internacional","potentialAction":[{"@type":"SearchAction","target":{"@type":"EntryPoint","urlTemplate":"https:\/\/aeronoticias.com.pe\/noticiero\/?s={search_term_string}"},"query-input":{"@type":"PropertyValueSpecification","valueRequired":true,"valueName":"search_term_string"}}],"inLanguage":"es"},{"@type":"Person","@id":"https:\/\/aeronoticias.com.pe\/noticiero\/#\/schema\/person\/fc1e5d578f4b62ba1cf7ac2bba1170a0","name":"Redacci\u00f3n Aeronoticias","url":"https:\/\/aeronoticias.com.pe\/noticiero\/author\/piloto\/"}]}},"_links":{"self":[{"href":"https:\/\/aeronoticias.com.pe\/noticiero\/wp-json\/wp\/v2\/posts\/8518","targetHints":{"allow":["GET"]}}],"collection":[{"href":"https:\/\/aeronoticias.com.pe\/noticiero\/wp-json\/wp\/v2\/posts"}],"about":[{"href":"https:\/\/aeronoticias.com.pe\/noticiero\/wp-json\/wp\/v2\/types\/post"}],"author":[{"embeddable":true,"href":"https:\/\/aeronoticias.com.pe\/noticiero\/wp-json\/wp\/v2\/users\/1"}],"replies":[{"embeddable":true,"href":"https:\/\/aeronoticias.com.pe\/noticiero\/wp-json\/wp\/v2\/comments?post=8518"}],"version-history":[{"count":0,"href":"https:\/\/aeronoticias.com.pe\/noticiero\/wp-json\/wp\/v2\/posts\/8518\/revisions"}],"wp:attachment":[{"href":"https:\/\/aeronoticias.com.pe\/noticiero\/wp-json\/wp\/v2\/media?parent=8518"}],"wp:term":[{"taxonomy":"category","embeddable":true,"href":"https:\/\/aeronoticias.com.pe\/noticiero\/wp-json\/wp\/v2\/categories?post=8518"},{"taxonomy":"post_tag","embeddable":true,"href":"https:\/\/aeronoticias.com.pe\/noticiero\/wp-json\/wp\/v2\/tags?post=8518"}],"curies":[{"name":"wp","href":"https:\/\/api.w.org\/{rel}","templated":true}]}}