{"id":8521,"date":"2010-01-29T14:13:57","date_gmt":"2010-01-29T14:13:57","guid":{"rendered":"http:\/\/desarrollo.mcvicious.com\/aero2020\/2010\/01\/29\/un-triple-fenomeno-astronomico-para-ver-a-simple-vista\/"},"modified":"2010-01-29T14:13:57","modified_gmt":"2010-01-29T14:13:57","slug":"un-triple-fenomeno-astronomico-para-ver-a-simple-vista","status":"publish","type":"post","link":"https:\/\/aeronoticias.com.pe\/noticiero\/ultimas\/1\/un-triple-fenomeno-astronomico-para-ver-a-simple-vista\/","title":{"rendered":"Un triple fen\u00f3meno astron\u00f3mico para ver a simple vista"},"content":{"rendered":"<div style=\"text-align: justify\">La Luna y Marte estar\u00e1n hoy al mismo tiempo a su m\u00ednima distancia de la Tierra, algo no volver\u00e1 a ocurrir hasta 2014. La primera lucir\u00e1 m\u00e1s brillante y el planeta rojo se ver\u00e1 m\u00e1s anaranjado. D\u00f3nde observarlo.\u00a0La luna se ver\u00e1 un poco m\u00e1s grande y brillante de lo normal. Y adem\u00e1s se observar\u00e1 muy cercana a Marte en el cielo. A su vez, el planeta rojo se ver\u00e1 de un color anaranjado\u00bb, cuenta Mariano Ribas, coordinador del \u00e1rea de Astronom\u00eda del Planetario de la ciudad de Buenos Aires.<\/div>\n<div style=\"text-align: justify\"><\/div>\n<div style=\"text-align: justify\">Precisamente, all\u00ed se organizar\u00e1 una serie de actividades para presenciar este singular \u00abtriple fen\u00f3meno astron\u00f3mico\u00bb. A partir de las 22 comenzar\u00e1 la primera actividad, que ser\u00e1 gratuita y abierta para todo p\u00fablico, seg\u00fan el diario Clar\u00edn.\u00a0En el lugar, habr\u00e1 dos telescopios para ver a la Luna y Marte, respectivamente, para quienes prefieran ver detalles. Adem\u00e1s, habr\u00e1 una pantalla gigante con im\u00e1genes de lo que estar\u00e1 aconteciendo en el cielo.\u00a0<\/div>\n<div style=\"text-align: justify\">\n<div style=\"text-align: center\"><img decoding=\"async\" src=\"images\/stories\/10\/01\/290110\/luna.jpg\" border=\"0\" alt=\"Un triple fen\u00f3meno astron\u00f3mico para ver a simple vista \" title=\"Un triple fen\u00f3meno astron\u00f3mico para ver a simple vista \" \/><\/div>\n<\/div>\n<div style=\"text-align: justify\">El fen\u00f3meno se podr\u00e1 apreciar desde que oscurezca, es decir, a partir de las 20 aproximadamente, y ser\u00e1 visible hasta las 6 de la ma\u00f1ana, cuando amanezca.\u00a0Seg\u00fan la explicaci\u00f3n cient\u00edfica, ocurrir\u00e1 porque, cada 26 meses, la Tierra y Marte se encuentran del mismo lado de sus \u00f3rbitas con respecto del Sol. Y en consecuencia, se acortan notablemente sus distancias.<\/div>\n<div style=\"text-align: justify\"><\/div>\n<div style=\"text-align: justify\">En esos casos, se dice que Marte est\u00e1 en oposici\u00f3n porque, debido a esta configuraci\u00f3n, se coloca en direcci\u00f3n opuesta al Sol. El planeta rojo se ubicar\u00e1 \u00aba s\u00f3lo 99 millones de kil\u00f3metros de la Tierra\u00bb y se lo observar\u00e1 brillante y con su t\u00edpico color anaranjado m\u00e1s intenso.<\/div>\n<div style=\"text-align: justify\"><\/div>\n<div style=\"text-align: justify\">No se trata de un fen\u00f3meno astron\u00f3mico in\u00e9dito, pero puede resultar interesante observarlo porque la pr\u00f3xima vez que ocurra ser\u00e1 reci\u00e9n en 2014.<\/div>\n","protected":false},"excerpt":{"rendered":"<p>La Luna y Marte estar\u00e1n hoy al mismo tiempo a su m\u00ednima distancia de la Tierra, algo no volver\u00e1 a ocurrir hasta 2014. La primera lucir\u00e1 m\u00e1s brillante y el planeta rojo se ver\u00e1 m\u00e1s anaranjado. D\u00f3nde observarlo.\u00a0La luna se ver\u00e1 un poco m\u00e1s grande y brillante de lo normal. Y adem\u00e1s se observar\u00e1 muy [&hellip;]<\/p>\n","protected":false},"author":1,"featured_media":0,"comment_status":"open","ping_status":"open","sticky":false,"template":"","format":"standard","meta":{"tdm_status":"","tdm_grid_status":"","footnotes":""},"categories":[30],"tags":[],"class_list":{"0":"post-8521","1":"post","2":"type-post","3":"status-publish","4":"format-standard","6":"category-30"},"yoast_head":"<!-- This site is optimized with the Yoast SEO plugin v25.1 - https:\/\/yoast.com\/wordpress\/plugins\/seo\/ -->\n<title>Un triple fen\u00f3meno astron\u00f3mico para ver a simple vista<\/title>\n<meta name=\"description\" content=\"Portal de noticias del Per\u00fa sobre el transporte a\u00e9reo, aviaci\u00f3n, turismo, hoteleria, actualidad.\" \/>\n<meta name=\"robots\" content=\"index, follow, max-snippet:-1, max-image-preview:large, max-video-preview:-1\" \/>\n<link rel=\"canonical\" href=\"https:\/\/aeronoticias.com.pe\/noticiero\/ultimas\/1\/un-triple-fenomeno-astronomico-para-ver-a-simple-vista\/\" \/>\n<meta property=\"og:locale\" content=\"es_ES\" \/>\n<meta property=\"og:type\" content=\"article\" \/>\n<meta property=\"og:title\" content=\"Un triple fen\u00f3meno astron\u00f3mico para ver a simple vista\" \/>\n<meta property=\"og:description\" content=\"Portal de noticias del Per\u00fa sobre el transporte a\u00e9reo, aviaci\u00f3n, turismo, hoteleria, actualidad.\" \/>\n<meta property=\"og:url\" content=\"https:\/\/aeronoticias.com.pe\/noticiero\/ultimas\/1\/un-triple-fenomeno-astronomico-para-ver-a-simple-vista\/\" \/>\n<meta property=\"og:site_name\" content=\"Aeronoticias.com.pe\" \/>\n<meta property=\"article:publisher\" content=\"https:\/\/www.facebook.com\/Aeronoticias.com.pe\/\" \/>\n<meta property=\"article:published_time\" content=\"2010-01-29T14:13:57+00:00\" \/>\n<meta name=\"author\" content=\"Redacci\u00f3n Aeronoticias\" \/>\n<meta name=\"twitter:card\" content=\"summary_large_image\" \/>\n<meta name=\"twitter:creator\" content=\"@aeronoticias\" \/>\n<meta name=\"twitter:site\" content=\"@aeronoticias\" \/>\n<meta name=\"twitter:label1\" content=\"Escrito por\" \/>\n\t<meta name=\"twitter:data1\" content=\"Redacci\u00f3n Aeronoticias\" \/>\n\t<meta name=\"twitter:label2\" content=\"Tiempo de lectura\" \/>\n\t<meta name=\"twitter:data2\" content=\"2 minutos\" \/>\n<script type=\"application\/ld+json\" class=\"yoast-schema-graph\">{\"@context\":\"https:\/\/schema.org\",\"@graph\":[{\"@type\":\"WebPage\",\"@id\":\"https:\/\/aeronoticias.com.pe\/noticiero\/ultimas\/1\/un-triple-fenomeno-astronomico-para-ver-a-simple-vista\/\",\"url\":\"https:\/\/aeronoticias.com.pe\/noticiero\/ultimas\/1\/un-triple-fenomeno-astronomico-para-ver-a-simple-vista\/\",\"name\":\"Un triple fen\u00f3meno astron\u00f3mico para ver a simple vista\",\"isPartOf\":{\"@id\":\"https:\/\/aeronoticias.com.pe\/noticiero\/#website\"},\"datePublished\":\"2010-01-29T14:13:57+00:00\",\"author\":{\"@id\":\"https:\/\/aeronoticias.com.pe\/noticiero\/#\/schema\/person\/fc1e5d578f4b62ba1cf7ac2bba1170a0\"},\"description\":\"Portal de noticias del Per\u00fa sobre el transporte a\u00e9reo, aviaci\u00f3n, turismo, hoteleria, actualidad.\",\"breadcrumb\":{\"@id\":\"https:\/\/aeronoticias.com.pe\/noticiero\/ultimas\/1\/un-triple-fenomeno-astronomico-para-ver-a-simple-vista\/#breadcrumb\"},\"inLanguage\":\"es\",\"potentialAction\":[{\"@type\":\"ReadAction\",\"target\":[\"https:\/\/aeronoticias.com.pe\/noticiero\/ultimas\/1\/un-triple-fenomeno-astronomico-para-ver-a-simple-vista\/\"]}]},{\"@type\":\"BreadcrumbList\",\"@id\":\"https:\/\/aeronoticias.com.pe\/noticiero\/ultimas\/1\/un-triple-fenomeno-astronomico-para-ver-a-simple-vista\/#breadcrumb\",\"itemListElement\":[{\"@type\":\"ListItem\",\"position\":1,\"name\":\"Portada\",\"item\":\"https:\/\/aeronoticias.com.pe\/noticiero\/\"},{\"@type\":\"ListItem\",\"position\":2,\"name\":\"Un triple fen\u00f3meno astron\u00f3mico para ver a simple vista\"}]},{\"@type\":\"WebSite\",\"@id\":\"https:\/\/aeronoticias.com.pe\/noticiero\/#website\",\"url\":\"https:\/\/aeronoticias.com.pe\/noticiero\/\",\"name\":\"Aeronoticias.com.pe\",\"description\":\"Noticias de tranporte aereo, turismo, hoteles, gastronomia, actualidad, internacional\",\"potentialAction\":[{\"@type\":\"SearchAction\",\"target\":{\"@type\":\"EntryPoint\",\"urlTemplate\":\"https:\/\/aeronoticias.com.pe\/noticiero\/?s={search_term_string}\"},\"query-input\":{\"@type\":\"PropertyValueSpecification\",\"valueRequired\":true,\"valueName\":\"search_term_string\"}}],\"inLanguage\":\"es\"},{\"@type\":\"Person\",\"@id\":\"https:\/\/aeronoticias.com.pe\/noticiero\/#\/schema\/person\/fc1e5d578f4b62ba1cf7ac2bba1170a0\",\"name\":\"Redacci\u00f3n Aeronoticias\",\"url\":\"https:\/\/aeronoticias.com.pe\/noticiero\/author\/piloto\/\"}]}<\/script>\n<!-- \/ Yoast SEO plugin. -->","yoast_head_json":{"title":"Un triple fen\u00f3meno astron\u00f3mico para ver a simple vista","description":"Portal de noticias del Per\u00fa sobre el transporte a\u00e9reo, aviaci\u00f3n, turismo, hoteleria, actualidad.","robots":{"index":"index","follow":"follow","max-snippet":"max-snippet:-1","max-image-preview":"max-image-preview:large","max-video-preview":"max-video-preview:-1"},"canonical":"https:\/\/aeronoticias.com.pe\/noticiero\/ultimas\/1\/un-triple-fenomeno-astronomico-para-ver-a-simple-vista\/","og_locale":"es_ES","og_type":"article","og_title":"Un triple fen\u00f3meno astron\u00f3mico para ver a simple vista","og_description":"Portal de noticias del Per\u00fa sobre el transporte a\u00e9reo, aviaci\u00f3n, turismo, hoteleria, actualidad.","og_url":"https:\/\/aeronoticias.com.pe\/noticiero\/ultimas\/1\/un-triple-fenomeno-astronomico-para-ver-a-simple-vista\/","og_site_name":"Aeronoticias.com.pe","article_publisher":"https:\/\/www.facebook.com\/Aeronoticias.com.pe\/","article_published_time":"2010-01-29T14:13:57+00:00","author":"Redacci\u00f3n Aeronoticias","twitter_card":"summary_large_image","twitter_creator":"@aeronoticias","twitter_site":"@aeronoticias","twitter_misc":{"Escrito por":"Redacci\u00f3n Aeronoticias","Tiempo de lectura":"2 minutos"},"schema":{"@context":"https:\/\/schema.org","@graph":[{"@type":"WebPage","@id":"https:\/\/aeronoticias.com.pe\/noticiero\/ultimas\/1\/un-triple-fenomeno-astronomico-para-ver-a-simple-vista\/","url":"https:\/\/aeronoticias.com.pe\/noticiero\/ultimas\/1\/un-triple-fenomeno-astronomico-para-ver-a-simple-vista\/","name":"Un triple fen\u00f3meno astron\u00f3mico para ver a simple vista","isPartOf":{"@id":"https:\/\/aeronoticias.com.pe\/noticiero\/#website"},"datePublished":"2010-01-29T14:13:57+00:00","author":{"@id":"https:\/\/aeronoticias.com.pe\/noticiero\/#\/schema\/person\/fc1e5d578f4b62ba1cf7ac2bba1170a0"},"description":"Portal de noticias del Per\u00fa sobre el transporte a\u00e9reo, aviaci\u00f3n, turismo, hoteleria, actualidad.","breadcrumb":{"@id":"https:\/\/aeronoticias.com.pe\/noticiero\/ultimas\/1\/un-triple-fenomeno-astronomico-para-ver-a-simple-vista\/#breadcrumb"},"inLanguage":"es","potentialAction":[{"@type":"ReadAction","target":["https:\/\/aeronoticias.com.pe\/noticiero\/ultimas\/1\/un-triple-fenomeno-astronomico-para-ver-a-simple-vista\/"]}]},{"@type":"BreadcrumbList","@id":"https:\/\/aeronoticias.com.pe\/noticiero\/ultimas\/1\/un-triple-fenomeno-astronomico-para-ver-a-simple-vista\/#breadcrumb","itemListElement":[{"@type":"ListItem","position":1,"name":"Portada","item":"https:\/\/aeronoticias.com.pe\/noticiero\/"},{"@type":"ListItem","position":2,"name":"Un triple fen\u00f3meno astron\u00f3mico para ver a simple vista"}]},{"@type":"WebSite","@id":"https:\/\/aeronoticias.com.pe\/noticiero\/#website","url":"https:\/\/aeronoticias.com.pe\/noticiero\/","name":"Aeronoticias.com.pe","description":"Noticias de tranporte aereo, turismo, hoteles, gastronomia, actualidad, internacional","potentialAction":[{"@type":"SearchAction","target":{"@type":"EntryPoint","urlTemplate":"https:\/\/aeronoticias.com.pe\/noticiero\/?s={search_term_string}"},"query-input":{"@type":"PropertyValueSpecification","valueRequired":true,"valueName":"search_term_string"}}],"inLanguage":"es"},{"@type":"Person","@id":"https:\/\/aeronoticias.com.pe\/noticiero\/#\/schema\/person\/fc1e5d578f4b62ba1cf7ac2bba1170a0","name":"Redacci\u00f3n Aeronoticias","url":"https:\/\/aeronoticias.com.pe\/noticiero\/author\/piloto\/"}]}},"_links":{"self":[{"href":"https:\/\/aeronoticias.com.pe\/noticiero\/wp-json\/wp\/v2\/posts\/8521","targetHints":{"allow":["GET"]}}],"collection":[{"href":"https:\/\/aeronoticias.com.pe\/noticiero\/wp-json\/wp\/v2\/posts"}],"about":[{"href":"https:\/\/aeronoticias.com.pe\/noticiero\/wp-json\/wp\/v2\/types\/post"}],"author":[{"embeddable":true,"href":"https:\/\/aeronoticias.com.pe\/noticiero\/wp-json\/wp\/v2\/users\/1"}],"replies":[{"embeddable":true,"href":"https:\/\/aeronoticias.com.pe\/noticiero\/wp-json\/wp\/v2\/comments?post=8521"}],"version-history":[{"count":0,"href":"https:\/\/aeronoticias.com.pe\/noticiero\/wp-json\/wp\/v2\/posts\/8521\/revisions"}],"wp:attachment":[{"href":"https:\/\/aeronoticias.com.pe\/noticiero\/wp-json\/wp\/v2\/media?parent=8521"}],"wp:term":[{"taxonomy":"category","embeddable":true,"href":"https:\/\/aeronoticias.com.pe\/noticiero\/wp-json\/wp\/v2\/categories?post=8521"},{"taxonomy":"post_tag","embeddable":true,"href":"https:\/\/aeronoticias.com.pe\/noticiero\/wp-json\/wp\/v2\/tags?post=8521"}],"curies":[{"name":"wp","href":"https:\/\/api.w.org\/{rel}","templated":true}]}}