{"id":8522,"date":"2010-01-29T14:21:53","date_gmt":"2010-01-29T14:21:53","guid":{"rendered":"http:\/\/desarrollo.mcvicious.com\/aero2020\/2010\/01\/29\/proinversion-aprueba-plan-de-promocion-de-inversion-privada-para-concesion-de-puerto-de-marcona\/"},"modified":"2010-01-29T14:21:53","modified_gmt":"2010-01-29T14:21:53","slug":"proinversion-aprueba-plan-de-promocion-de-inversion-privada-para-concesion-de-puerto-de-marcona","status":"publish","type":"post","link":"https:\/\/aeronoticias.com.pe\/noticiero\/economia\/proinversion-aprueba-plan-de-promocion-de-inversion-privada-para-concesion-de-puerto-de-marcona\/","title":{"rendered":"ProInversi\u00f3n aprueba plan de promoci\u00f3n de inversi\u00f3n privada para concesi\u00f3n de puerto de Marcona"},"content":{"rendered":"<div style=\"text-align: justify\">La Agencia de Promoci\u00f3n de la Inversi\u00f3n Privada (ProInversi\u00f3n) aprob\u00f3 el Plan de Promoci\u00f3n de la Inversi\u00f3n Privada para la concesi\u00f3n del Terminal Portuario de San Juan de Marcona, ubicado en la Regi\u00f3n Ica.\u00a0Mediante acuerdo publicado hoy en la separata de Normas Legales del Diario El Peruano, ProInversi\u00f3n inform\u00f3 que ha encargado al Comit\u00e9 de Proyectos de Infraestructura Portuaria- Propuertos la ejecuci\u00f3n del proceso de promoci\u00f3n de dicho Terminal.<\/div>\n<div style=\"text-align: justify\"><\/div>\n<div style=\"text-align: justify\">El puerto de San Juan de Marcona est\u00e1 incorporado al proceso de promoci\u00f3n de la inversi\u00f3n privada en el marco del Decreto de Urgencia N\u00b0 121- 2009.\u00a0Dicha norma prioriza la promoci\u00f3n de la inversi\u00f3n privada de 20 proyectos de asociaciones p\u00fablico privadas y concesiones de obras p\u00fablicas de infraestructura y de servicios p\u00fablicos en el a\u00f1o 2010.<\/div>\n<div style=\"text-align: justify\">\n<div style=\"text-align: center\"><img decoding=\"async\" src=\"images\/stories\/10\/01\/290110\/pmarcona.jpg\" border=\"0\" alt=\"ProInversi\u00f3n aprueba plan de promoci\u00f3n de inversi\u00f3n privada para concesi\u00f3n de puerto de Marcona\" title=\"ProInversi\u00f3n aprueba plan de promoci\u00f3n de inversi\u00f3n privada para concesi\u00f3n de puerto de Marcona\" \/><\/div>\n<\/div>\n<div style=\"text-align: justify\">A fines del 2008, el Ministerio de Transportes y Comunicaciones (MTC) modific\u00f3 el Plan Nacional de Desarrollo Portuario para incluir en este documento una propuesta t\u00e9cnica que facilite el desarrollo y construcci\u00f3n de nueva infraestructura en el Terminal portuario San Juan de Marcona.\u00a0Ello en l\u00ednea con el desarrollo que se requiere para impulsar el comercio exterior peruano que tiene como destino al mercado de Estados Unidos y otros pa\u00edses con los que se vienen alcanzando acuerdos comerciales.<\/div>\n<div style=\"text-align: justify\"><\/div>\n<div style=\"text-align: justify\">La Autoridad Portuaria Nacional (APN) ya hab\u00eda concluido la reasignaci\u00f3n de \u00e1reas del proyecto portuario San Juan de Marcona, y se han definido los l\u00edmites perim\u00e9tricos respectivos sin que se superponga al proyecto de la Base Naval de San Juan de Marcona.\u00a0<\/div>\n<div style=\"text-align: justify\"><\/div>\n<div style=\"text-align: justify\">Se estima que dicho Terminal requiere en una primera etapa una inversi\u00f3n de 170 millones de d\u00f3lares para su modernizaci\u00f3n, mientras que una segunda etapa contempla una inversi\u00f3n promedio de 250 millones.<\/div>\n<div style=\"text-align: justify\"><\/div>\n","protected":false},"excerpt":{"rendered":"<p>La Agencia de Promoci\u00f3n de la Inversi\u00f3n Privada (ProInversi\u00f3n) aprob\u00f3 el Plan de Promoci\u00f3n de la Inversi\u00f3n Privada para la concesi\u00f3n del Terminal Portuario de San Juan de Marcona, ubicado en la Regi\u00f3n Ica.\u00a0Mediante acuerdo publicado hoy en la separata de Normas Legales del Diario El Peruano, ProInversi\u00f3n inform\u00f3 que ha encargado al Comit\u00e9 de [&hellip;]<\/p>\n","protected":false},"author":1,"featured_media":0,"comment_status":"open","ping_status":"open","sticky":false,"template":"","format":"standard","meta":{"tdm_status":"","tdm_grid_status":"","footnotes":""},"categories":[33],"tags":[],"class_list":{"0":"post-8522","1":"post","2":"type-post","3":"status-publish","4":"format-standard","6":"category-economia"},"yoast_head":"<!-- This site is optimized with the Yoast SEO plugin v25.1 - https:\/\/yoast.com\/wordpress\/plugins\/seo\/ -->\n<title>ProInversi\u00f3n aprueba plan de promoci\u00f3n de inversi\u00f3n privada para concesi\u00f3n de puerto de Marcona<\/title>\n<meta name=\"description\" content=\"Portal de noticias del Per\u00fa sobre el transporte a\u00e9reo, aviaci\u00f3n, turismo, hoteleria, actualidad.\" \/>\n<meta name=\"robots\" content=\"index, follow, max-snippet:-1, max-image-preview:large, max-video-preview:-1\" \/>\n<link rel=\"canonical\" href=\"https:\/\/aeronoticias.com.pe\/noticiero\/economia\/proinversion-aprueba-plan-de-promocion-de-inversion-privada-para-concesion-de-puerto-de-marcona\/\" \/>\n<meta property=\"og:locale\" content=\"es_ES\" \/>\n<meta property=\"og:type\" content=\"article\" \/>\n<meta property=\"og:title\" content=\"ProInversi\u00f3n aprueba plan de promoci\u00f3n de inversi\u00f3n privada para concesi\u00f3n de puerto de Marcona\" \/>\n<meta property=\"og:description\" content=\"Portal de noticias del Per\u00fa sobre el transporte a\u00e9reo, aviaci\u00f3n, turismo, hoteleria, actualidad.\" \/>\n<meta property=\"og:url\" content=\"https:\/\/aeronoticias.com.pe\/noticiero\/economia\/proinversion-aprueba-plan-de-promocion-de-inversion-privada-para-concesion-de-puerto-de-marcona\/\" \/>\n<meta property=\"og:site_name\" content=\"Aeronoticias.com.pe\" \/>\n<meta property=\"article:publisher\" content=\"https:\/\/www.facebook.com\/Aeronoticias.com.pe\/\" \/>\n<meta property=\"article:published_time\" content=\"2010-01-29T14:21:53+00:00\" \/>\n<meta name=\"author\" content=\"Redacci\u00f3n Aeronoticias\" \/>\n<meta name=\"twitter:card\" content=\"summary_large_image\" \/>\n<meta name=\"twitter:creator\" content=\"@aeronoticias\" \/>\n<meta name=\"twitter:site\" content=\"@aeronoticias\" \/>\n<meta name=\"twitter:label1\" content=\"Escrito por\" \/>\n\t<meta name=\"twitter:data1\" content=\"Redacci\u00f3n Aeronoticias\" \/>\n\t<meta name=\"twitter:label2\" content=\"Tiempo de lectura\" \/>\n\t<meta name=\"twitter:data2\" content=\"2 minutos\" \/>\n<script type=\"application\/ld+json\" class=\"yoast-schema-graph\">{\"@context\":\"https:\/\/schema.org\",\"@graph\":[{\"@type\":\"WebPage\",\"@id\":\"https:\/\/aeronoticias.com.pe\/noticiero\/economia\/proinversion-aprueba-plan-de-promocion-de-inversion-privada-para-concesion-de-puerto-de-marcona\/\",\"url\":\"https:\/\/aeronoticias.com.pe\/noticiero\/economia\/proinversion-aprueba-plan-de-promocion-de-inversion-privada-para-concesion-de-puerto-de-marcona\/\",\"name\":\"ProInversi\u00f3n aprueba plan de promoci\u00f3n de inversi\u00f3n privada para concesi\u00f3n de puerto de Marcona\",\"isPartOf\":{\"@id\":\"https:\/\/aeronoticias.com.pe\/noticiero\/#website\"},\"datePublished\":\"2010-01-29T14:21:53+00:00\",\"author\":{\"@id\":\"https:\/\/aeronoticias.com.pe\/noticiero\/#\/schema\/person\/fc1e5d578f4b62ba1cf7ac2bba1170a0\"},\"description\":\"Portal de noticias del Per\u00fa sobre el transporte a\u00e9reo, aviaci\u00f3n, turismo, hoteleria, actualidad.\",\"breadcrumb\":{\"@id\":\"https:\/\/aeronoticias.com.pe\/noticiero\/economia\/proinversion-aprueba-plan-de-promocion-de-inversion-privada-para-concesion-de-puerto-de-marcona\/#breadcrumb\"},\"inLanguage\":\"es\",\"potentialAction\":[{\"@type\":\"ReadAction\",\"target\":[\"https:\/\/aeronoticias.com.pe\/noticiero\/economia\/proinversion-aprueba-plan-de-promocion-de-inversion-privada-para-concesion-de-puerto-de-marcona\/\"]}]},{\"@type\":\"BreadcrumbList\",\"@id\":\"https:\/\/aeronoticias.com.pe\/noticiero\/economia\/proinversion-aprueba-plan-de-promocion-de-inversion-privada-para-concesion-de-puerto-de-marcona\/#breadcrumb\",\"itemListElement\":[{\"@type\":\"ListItem\",\"position\":1,\"name\":\"Portada\",\"item\":\"https:\/\/aeronoticias.com.pe\/noticiero\/\"},{\"@type\":\"ListItem\",\"position\":2,\"name\":\"ProInversi\u00f3n aprueba plan de promoci\u00f3n de inversi\u00f3n privada para concesi\u00f3n de puerto de Marcona\"}]},{\"@type\":\"WebSite\",\"@id\":\"https:\/\/aeronoticias.com.pe\/noticiero\/#website\",\"url\":\"https:\/\/aeronoticias.com.pe\/noticiero\/\",\"name\":\"Aeronoticias.com.pe\",\"description\":\"Noticias de tranporte aereo, turismo, hoteles, gastronomia, actualidad, internacional\",\"potentialAction\":[{\"@type\":\"SearchAction\",\"target\":{\"@type\":\"EntryPoint\",\"urlTemplate\":\"https:\/\/aeronoticias.com.pe\/noticiero\/?s={search_term_string}\"},\"query-input\":{\"@type\":\"PropertyValueSpecification\",\"valueRequired\":true,\"valueName\":\"search_term_string\"}}],\"inLanguage\":\"es\"},{\"@type\":\"Person\",\"@id\":\"https:\/\/aeronoticias.com.pe\/noticiero\/#\/schema\/person\/fc1e5d578f4b62ba1cf7ac2bba1170a0\",\"name\":\"Redacci\u00f3n Aeronoticias\",\"url\":\"https:\/\/aeronoticias.com.pe\/noticiero\/author\/piloto\/\"}]}<\/script>\n<!-- \/ Yoast SEO plugin. -->","yoast_head_json":{"title":"ProInversi\u00f3n aprueba plan de promoci\u00f3n de inversi\u00f3n privada para concesi\u00f3n de puerto de Marcona","description":"Portal de noticias del Per\u00fa sobre el transporte a\u00e9reo, aviaci\u00f3n, turismo, hoteleria, actualidad.","robots":{"index":"index","follow":"follow","max-snippet":"max-snippet:-1","max-image-preview":"max-image-preview:large","max-video-preview":"max-video-preview:-1"},"canonical":"https:\/\/aeronoticias.com.pe\/noticiero\/economia\/proinversion-aprueba-plan-de-promocion-de-inversion-privada-para-concesion-de-puerto-de-marcona\/","og_locale":"es_ES","og_type":"article","og_title":"ProInversi\u00f3n aprueba plan de promoci\u00f3n de inversi\u00f3n privada para concesi\u00f3n de puerto de Marcona","og_description":"Portal de noticias del Per\u00fa sobre el transporte a\u00e9reo, aviaci\u00f3n, turismo, hoteleria, actualidad.","og_url":"https:\/\/aeronoticias.com.pe\/noticiero\/economia\/proinversion-aprueba-plan-de-promocion-de-inversion-privada-para-concesion-de-puerto-de-marcona\/","og_site_name":"Aeronoticias.com.pe","article_publisher":"https:\/\/www.facebook.com\/Aeronoticias.com.pe\/","article_published_time":"2010-01-29T14:21:53+00:00","author":"Redacci\u00f3n Aeronoticias","twitter_card":"summary_large_image","twitter_creator":"@aeronoticias","twitter_site":"@aeronoticias","twitter_misc":{"Escrito por":"Redacci\u00f3n Aeronoticias","Tiempo de lectura":"2 minutos"},"schema":{"@context":"https:\/\/schema.org","@graph":[{"@type":"WebPage","@id":"https:\/\/aeronoticias.com.pe\/noticiero\/economia\/proinversion-aprueba-plan-de-promocion-de-inversion-privada-para-concesion-de-puerto-de-marcona\/","url":"https:\/\/aeronoticias.com.pe\/noticiero\/economia\/proinversion-aprueba-plan-de-promocion-de-inversion-privada-para-concesion-de-puerto-de-marcona\/","name":"ProInversi\u00f3n aprueba plan de promoci\u00f3n de inversi\u00f3n privada para concesi\u00f3n de puerto de Marcona","isPartOf":{"@id":"https:\/\/aeronoticias.com.pe\/noticiero\/#website"},"datePublished":"2010-01-29T14:21:53+00:00","author":{"@id":"https:\/\/aeronoticias.com.pe\/noticiero\/#\/schema\/person\/fc1e5d578f4b62ba1cf7ac2bba1170a0"},"description":"Portal de noticias del Per\u00fa sobre el transporte a\u00e9reo, aviaci\u00f3n, turismo, hoteleria, actualidad.","breadcrumb":{"@id":"https:\/\/aeronoticias.com.pe\/noticiero\/economia\/proinversion-aprueba-plan-de-promocion-de-inversion-privada-para-concesion-de-puerto-de-marcona\/#breadcrumb"},"inLanguage":"es","potentialAction":[{"@type":"ReadAction","target":["https:\/\/aeronoticias.com.pe\/noticiero\/economia\/proinversion-aprueba-plan-de-promocion-de-inversion-privada-para-concesion-de-puerto-de-marcona\/"]}]},{"@type":"BreadcrumbList","@id":"https:\/\/aeronoticias.com.pe\/noticiero\/economia\/proinversion-aprueba-plan-de-promocion-de-inversion-privada-para-concesion-de-puerto-de-marcona\/#breadcrumb","itemListElement":[{"@type":"ListItem","position":1,"name":"Portada","item":"https:\/\/aeronoticias.com.pe\/noticiero\/"},{"@type":"ListItem","position":2,"name":"ProInversi\u00f3n aprueba plan de promoci\u00f3n de inversi\u00f3n privada para concesi\u00f3n de puerto de Marcona"}]},{"@type":"WebSite","@id":"https:\/\/aeronoticias.com.pe\/noticiero\/#website","url":"https:\/\/aeronoticias.com.pe\/noticiero\/","name":"Aeronoticias.com.pe","description":"Noticias de tranporte aereo, turismo, hoteles, gastronomia, actualidad, internacional","potentialAction":[{"@type":"SearchAction","target":{"@type":"EntryPoint","urlTemplate":"https:\/\/aeronoticias.com.pe\/noticiero\/?s={search_term_string}"},"query-input":{"@type":"PropertyValueSpecification","valueRequired":true,"valueName":"search_term_string"}}],"inLanguage":"es"},{"@type":"Person","@id":"https:\/\/aeronoticias.com.pe\/noticiero\/#\/schema\/person\/fc1e5d578f4b62ba1cf7ac2bba1170a0","name":"Redacci\u00f3n Aeronoticias","url":"https:\/\/aeronoticias.com.pe\/noticiero\/author\/piloto\/"}]}},"_links":{"self":[{"href":"https:\/\/aeronoticias.com.pe\/noticiero\/wp-json\/wp\/v2\/posts\/8522","targetHints":{"allow":["GET"]}}],"collection":[{"href":"https:\/\/aeronoticias.com.pe\/noticiero\/wp-json\/wp\/v2\/posts"}],"about":[{"href":"https:\/\/aeronoticias.com.pe\/noticiero\/wp-json\/wp\/v2\/types\/post"}],"author":[{"embeddable":true,"href":"https:\/\/aeronoticias.com.pe\/noticiero\/wp-json\/wp\/v2\/users\/1"}],"replies":[{"embeddable":true,"href":"https:\/\/aeronoticias.com.pe\/noticiero\/wp-json\/wp\/v2\/comments?post=8522"}],"version-history":[{"count":0,"href":"https:\/\/aeronoticias.com.pe\/noticiero\/wp-json\/wp\/v2\/posts\/8522\/revisions"}],"wp:attachment":[{"href":"https:\/\/aeronoticias.com.pe\/noticiero\/wp-json\/wp\/v2\/media?parent=8522"}],"wp:term":[{"taxonomy":"category","embeddable":true,"href":"https:\/\/aeronoticias.com.pe\/noticiero\/wp-json\/wp\/v2\/categories?post=8522"},{"taxonomy":"post_tag","embeddable":true,"href":"https:\/\/aeronoticias.com.pe\/noticiero\/wp-json\/wp\/v2\/tags?post=8522"}],"curies":[{"name":"wp","href":"https:\/\/api.w.org\/{rel}","templated":true}]}}