{"id":8523,"date":"2010-01-29T14:33:02","date_gmt":"2010-01-29T14:33:02","guid":{"rendered":"http:\/\/desarrollo.mcvicious.com\/aero2020\/2010\/01\/29\/kouri-postularia-la-alcaldia-de-lima-como-candidato-independiente\/"},"modified":"2010-01-29T14:33:02","modified_gmt":"2010-01-29T14:33:02","slug":"kouri-postularia-la-alcaldia-de-lima-como-candidato-independiente","status":"publish","type":"post","link":"https:\/\/aeronoticias.com.pe\/noticiero\/politica\/kouri-postularia-la-alcaldia-de-lima-como-candidato-independiente\/","title":{"rendered":"Kouri postular\u00eda la alcald\u00eda de Lima como candidato independiente"},"content":{"rendered":"<div align=\"justify\">Alex\u00a0 Kouri, ex alcalde del Callao y actual presidente regional de la misma jurisdicci\u00f3n, anunci\u00f3 esta ma\u00f1ana que si se decida finalmente a postular a la alcald\u00eda de Lima en las elecciones de Octubre pr\u00f3ximo, lo har\u00eda en calidad de candidato independiente, mostr\u00e1ndose optimista en el \u00e9xito de este empe\u00f1o por las numerosas adhesiones que viene recibiendo por parte de diversos grupos pol\u00edticos.<br \/>\u00a0<br \/>Fue durante la entrevista que concedi\u00f3\u00a0 al panel de periodistas de Radio Programas del Per\u00fa (RPP) subrayando que si tal\u00a0 fuera el caso ir\u00eda acompa\u00f1ado por un equipo de experimentados t\u00e9cnicos que convirtieron en exitosas sus gestiones en el manejo administrativo de la Municipalidad del Callao as\u00ed como al mando del gobierno regional que ahora desempe\u00f1a.<br \/>\u00a0<\/p>\n<div style=\"text-align: center\"><img decoding=\"async\" src=\"images\/stories\/10\/01\/290110\/kouri.jpg\" border=\"0\" alt=\"Kouri postular\u00eda la alcald\u00eda de Lima como candidato independienteKouri postular\u00eda la alcald\u00eda de Lima como candidato independiente\" title=\"Kouri postular\u00eda la alcald\u00eda de Lima como candidato independiente\" \/><\/div>\n<p>Sobre las cr\u00edticas de que es objeto por su pasado que lo vincula con el ex asesor presidencial de Alberto Fujimori, Vladimiro Montesinos, actualmente purgando prisi\u00f3n por diversos delitos, as\u00ed como por la llamada v\u00eda expresa que apenas tiene 2 kil\u00f3metros rumbo al Aeropuerto internacional \u201cJorge Ch\u00e1vez\u201d, Kouri respondi\u00f3 que en el primer caso se trata de un episodio que tiene m\u00e1s de 10 a\u00f1os de producido ,en tanto que en lo de la v\u00eda expresa es un asunto que\u00a0 est\u00e1 en\u00a0 proceso hace 4 a\u00f1os-\u201cHe tenido errores pero tambi\u00e9n aciertos\u201d, explic\u00f3.<\/div>\n","protected":false},"excerpt":{"rendered":"<p>Alex\u00a0 Kouri, ex alcalde del Callao y actual presidente regional de la misma jurisdicci\u00f3n, anunci\u00f3 esta ma\u00f1ana que si se decida finalmente a postular a la alcald\u00eda de Lima en las elecciones de Octubre pr\u00f3ximo, lo har\u00eda en calidad de candidato independiente, mostr\u00e1ndose optimista en el \u00e9xito de este empe\u00f1o por las numerosas adhesiones que [&hellip;]<\/p>\n","protected":false},"author":1,"featured_media":0,"comment_status":"open","ping_status":"open","sticky":false,"template":"","format":"standard","meta":{"tdm_status":"","tdm_grid_status":"","footnotes":""},"categories":[36],"tags":[],"class_list":{"0":"post-8523","1":"post","2":"type-post","3":"status-publish","4":"format-standard","6":"category-politica"},"yoast_head":"<!-- This site is optimized with the Yoast SEO plugin v25.1 - https:\/\/yoast.com\/wordpress\/plugins\/seo\/ -->\n<title>Kouri postular\u00eda la alcald\u00eda de Lima como candidato independiente<\/title>\n<meta name=\"description\" content=\"Portal de noticias del Per\u00fa sobre el transporte a\u00e9reo, aviaci\u00f3n, turismo, hoteleria, actualidad.\" \/>\n<meta name=\"robots\" content=\"index, follow, max-snippet:-1, max-image-preview:large, max-video-preview:-1\" \/>\n<link rel=\"canonical\" href=\"https:\/\/aeronoticias.com.pe\/noticiero\/politica\/kouri-postularia-la-alcaldia-de-lima-como-candidato-independiente\/\" \/>\n<meta property=\"og:locale\" content=\"es_ES\" \/>\n<meta property=\"og:type\" content=\"article\" \/>\n<meta property=\"og:title\" content=\"Kouri postular\u00eda la alcald\u00eda de Lima como candidato independiente\" \/>\n<meta property=\"og:description\" content=\"Portal de noticias del Per\u00fa sobre el transporte a\u00e9reo, aviaci\u00f3n, turismo, hoteleria, actualidad.\" \/>\n<meta property=\"og:url\" content=\"https:\/\/aeronoticias.com.pe\/noticiero\/politica\/kouri-postularia-la-alcaldia-de-lima-como-candidato-independiente\/\" \/>\n<meta property=\"og:site_name\" content=\"Aeronoticias.com.pe\" \/>\n<meta property=\"article:publisher\" content=\"https:\/\/www.facebook.com\/Aeronoticias.com.pe\/\" \/>\n<meta property=\"article:published_time\" content=\"2010-01-29T14:33:02+00:00\" \/>\n<meta name=\"author\" content=\"Redacci\u00f3n Aeronoticias\" \/>\n<meta name=\"twitter:card\" content=\"summary_large_image\" \/>\n<meta name=\"twitter:creator\" content=\"@aeronoticias\" \/>\n<meta name=\"twitter:site\" content=\"@aeronoticias\" \/>\n<meta name=\"twitter:label1\" content=\"Escrito por\" \/>\n\t<meta name=\"twitter:data1\" content=\"Redacci\u00f3n Aeronoticias\" \/>\n\t<meta name=\"twitter:label2\" content=\"Tiempo de lectura\" \/>\n\t<meta name=\"twitter:data2\" content=\"1 minuto\" \/>\n<script type=\"application\/ld+json\" class=\"yoast-schema-graph\">{\"@context\":\"https:\/\/schema.org\",\"@graph\":[{\"@type\":\"WebPage\",\"@id\":\"https:\/\/aeronoticias.com.pe\/noticiero\/politica\/kouri-postularia-la-alcaldia-de-lima-como-candidato-independiente\/\",\"url\":\"https:\/\/aeronoticias.com.pe\/noticiero\/politica\/kouri-postularia-la-alcaldia-de-lima-como-candidato-independiente\/\",\"name\":\"Kouri postular\u00eda la alcald\u00eda de Lima como candidato independiente\",\"isPartOf\":{\"@id\":\"https:\/\/aeronoticias.com.pe\/noticiero\/#website\"},\"datePublished\":\"2010-01-29T14:33:02+00:00\",\"author\":{\"@id\":\"https:\/\/aeronoticias.com.pe\/noticiero\/#\/schema\/person\/fc1e5d578f4b62ba1cf7ac2bba1170a0\"},\"description\":\"Portal de noticias del Per\u00fa sobre el transporte a\u00e9reo, aviaci\u00f3n, turismo, hoteleria, actualidad.\",\"breadcrumb\":{\"@id\":\"https:\/\/aeronoticias.com.pe\/noticiero\/politica\/kouri-postularia-la-alcaldia-de-lima-como-candidato-independiente\/#breadcrumb\"},\"inLanguage\":\"es\",\"potentialAction\":[{\"@type\":\"ReadAction\",\"target\":[\"https:\/\/aeronoticias.com.pe\/noticiero\/politica\/kouri-postularia-la-alcaldia-de-lima-como-candidato-independiente\/\"]}]},{\"@type\":\"BreadcrumbList\",\"@id\":\"https:\/\/aeronoticias.com.pe\/noticiero\/politica\/kouri-postularia-la-alcaldia-de-lima-como-candidato-independiente\/#breadcrumb\",\"itemListElement\":[{\"@type\":\"ListItem\",\"position\":1,\"name\":\"Portada\",\"item\":\"https:\/\/aeronoticias.com.pe\/noticiero\/\"},{\"@type\":\"ListItem\",\"position\":2,\"name\":\"Kouri postular\u00eda la alcald\u00eda de Lima como candidato independiente\"}]},{\"@type\":\"WebSite\",\"@id\":\"https:\/\/aeronoticias.com.pe\/noticiero\/#website\",\"url\":\"https:\/\/aeronoticias.com.pe\/noticiero\/\",\"name\":\"Aeronoticias.com.pe\",\"description\":\"Noticias de tranporte aereo, turismo, hoteles, gastronomia, actualidad, internacional\",\"potentialAction\":[{\"@type\":\"SearchAction\",\"target\":{\"@type\":\"EntryPoint\",\"urlTemplate\":\"https:\/\/aeronoticias.com.pe\/noticiero\/?s={search_term_string}\"},\"query-input\":{\"@type\":\"PropertyValueSpecification\",\"valueRequired\":true,\"valueName\":\"search_term_string\"}}],\"inLanguage\":\"es\"},{\"@type\":\"Person\",\"@id\":\"https:\/\/aeronoticias.com.pe\/noticiero\/#\/schema\/person\/fc1e5d578f4b62ba1cf7ac2bba1170a0\",\"name\":\"Redacci\u00f3n Aeronoticias\",\"url\":\"https:\/\/aeronoticias.com.pe\/noticiero\/author\/piloto\/\"}]}<\/script>\n<!-- \/ Yoast SEO plugin. -->","yoast_head_json":{"title":"Kouri postular\u00eda la alcald\u00eda de Lima como candidato independiente","description":"Portal de noticias del Per\u00fa sobre el transporte a\u00e9reo, aviaci\u00f3n, turismo, hoteleria, actualidad.","robots":{"index":"index","follow":"follow","max-snippet":"max-snippet:-1","max-image-preview":"max-image-preview:large","max-video-preview":"max-video-preview:-1"},"canonical":"https:\/\/aeronoticias.com.pe\/noticiero\/politica\/kouri-postularia-la-alcaldia-de-lima-como-candidato-independiente\/","og_locale":"es_ES","og_type":"article","og_title":"Kouri postular\u00eda la alcald\u00eda de Lima como candidato independiente","og_description":"Portal de noticias del Per\u00fa sobre el transporte a\u00e9reo, aviaci\u00f3n, turismo, hoteleria, actualidad.","og_url":"https:\/\/aeronoticias.com.pe\/noticiero\/politica\/kouri-postularia-la-alcaldia-de-lima-como-candidato-independiente\/","og_site_name":"Aeronoticias.com.pe","article_publisher":"https:\/\/www.facebook.com\/Aeronoticias.com.pe\/","article_published_time":"2010-01-29T14:33:02+00:00","author":"Redacci\u00f3n Aeronoticias","twitter_card":"summary_large_image","twitter_creator":"@aeronoticias","twitter_site":"@aeronoticias","twitter_misc":{"Escrito por":"Redacci\u00f3n Aeronoticias","Tiempo de lectura":"1 minuto"},"schema":{"@context":"https:\/\/schema.org","@graph":[{"@type":"WebPage","@id":"https:\/\/aeronoticias.com.pe\/noticiero\/politica\/kouri-postularia-la-alcaldia-de-lima-como-candidato-independiente\/","url":"https:\/\/aeronoticias.com.pe\/noticiero\/politica\/kouri-postularia-la-alcaldia-de-lima-como-candidato-independiente\/","name":"Kouri postular\u00eda la alcald\u00eda de Lima como candidato independiente","isPartOf":{"@id":"https:\/\/aeronoticias.com.pe\/noticiero\/#website"},"datePublished":"2010-01-29T14:33:02+00:00","author":{"@id":"https:\/\/aeronoticias.com.pe\/noticiero\/#\/schema\/person\/fc1e5d578f4b62ba1cf7ac2bba1170a0"},"description":"Portal de noticias del Per\u00fa sobre el transporte a\u00e9reo, aviaci\u00f3n, turismo, hoteleria, actualidad.","breadcrumb":{"@id":"https:\/\/aeronoticias.com.pe\/noticiero\/politica\/kouri-postularia-la-alcaldia-de-lima-como-candidato-independiente\/#breadcrumb"},"inLanguage":"es","potentialAction":[{"@type":"ReadAction","target":["https:\/\/aeronoticias.com.pe\/noticiero\/politica\/kouri-postularia-la-alcaldia-de-lima-como-candidato-independiente\/"]}]},{"@type":"BreadcrumbList","@id":"https:\/\/aeronoticias.com.pe\/noticiero\/politica\/kouri-postularia-la-alcaldia-de-lima-como-candidato-independiente\/#breadcrumb","itemListElement":[{"@type":"ListItem","position":1,"name":"Portada","item":"https:\/\/aeronoticias.com.pe\/noticiero\/"},{"@type":"ListItem","position":2,"name":"Kouri postular\u00eda la alcald\u00eda de Lima como candidato independiente"}]},{"@type":"WebSite","@id":"https:\/\/aeronoticias.com.pe\/noticiero\/#website","url":"https:\/\/aeronoticias.com.pe\/noticiero\/","name":"Aeronoticias.com.pe","description":"Noticias de tranporte aereo, turismo, hoteles, gastronomia, actualidad, internacional","potentialAction":[{"@type":"SearchAction","target":{"@type":"EntryPoint","urlTemplate":"https:\/\/aeronoticias.com.pe\/noticiero\/?s={search_term_string}"},"query-input":{"@type":"PropertyValueSpecification","valueRequired":true,"valueName":"search_term_string"}}],"inLanguage":"es"},{"@type":"Person","@id":"https:\/\/aeronoticias.com.pe\/noticiero\/#\/schema\/person\/fc1e5d578f4b62ba1cf7ac2bba1170a0","name":"Redacci\u00f3n Aeronoticias","url":"https:\/\/aeronoticias.com.pe\/noticiero\/author\/piloto\/"}]}},"_links":{"self":[{"href":"https:\/\/aeronoticias.com.pe\/noticiero\/wp-json\/wp\/v2\/posts\/8523","targetHints":{"allow":["GET"]}}],"collection":[{"href":"https:\/\/aeronoticias.com.pe\/noticiero\/wp-json\/wp\/v2\/posts"}],"about":[{"href":"https:\/\/aeronoticias.com.pe\/noticiero\/wp-json\/wp\/v2\/types\/post"}],"author":[{"embeddable":true,"href":"https:\/\/aeronoticias.com.pe\/noticiero\/wp-json\/wp\/v2\/users\/1"}],"replies":[{"embeddable":true,"href":"https:\/\/aeronoticias.com.pe\/noticiero\/wp-json\/wp\/v2\/comments?post=8523"}],"version-history":[{"count":0,"href":"https:\/\/aeronoticias.com.pe\/noticiero\/wp-json\/wp\/v2\/posts\/8523\/revisions"}],"wp:attachment":[{"href":"https:\/\/aeronoticias.com.pe\/noticiero\/wp-json\/wp\/v2\/media?parent=8523"}],"wp:term":[{"taxonomy":"category","embeddable":true,"href":"https:\/\/aeronoticias.com.pe\/noticiero\/wp-json\/wp\/v2\/categories?post=8523"},{"taxonomy":"post_tag","embeddable":true,"href":"https:\/\/aeronoticias.com.pe\/noticiero\/wp-json\/wp\/v2\/tags?post=8523"}],"curies":[{"name":"wp","href":"https:\/\/api.w.org\/{rel}","templated":true}]}}