{"id":85672,"date":"2023-09-13T14:58:33","date_gmt":"2023-09-13T19:58:33","guid":{"rendered":"https:\/\/aeronoticias.com.pe\/noticiero\/?p=85672"},"modified":"2023-09-13T14:58:36","modified_gmt":"2023-09-13T19:58:36","slug":"nishimura-el-cometa-espectacular-que-iluminara-nuestros-cielos-en-septiembre","status":"publish","type":"post","link":"https:\/\/aeronoticias.com.pe\/noticiero\/27\/nishimura-el-cometa-espectacular-que-iluminara-nuestros-cielos-en-septiembre\/","title":{"rendered":"\u00a1Nishimura, el cometa espectacular que iluminar\u00e1 nuestros cielos en Septiembre!"},"content":{"rendered":"\n<p><strong>(Aeronoticias):<\/strong> El cometa Nishimura, nombrado en honor al astr\u00f3nomo japon\u00e9s Yuji Nishimura, quien lo descubri\u00f3, est\u00e1 generando una gran expectaci\u00f3n en la comunidad cient\u00edfica y entre los observadores del cielo debido a su brillo y pron\u00f3stico de visibilidad.<\/p>\n\n\n\n<p>Seg\u00fan los expertos, Nishimura alcanzar\u00e1 su punto m\u00e1s cercano a la Tierra a mediados de septiembre, lo que lo convertir\u00e1 en un objeto celeste especialmente brillante y visible sin la necesidad de telescopios o binoculares, siempre y cuando las condiciones meteorol\u00f3gicas lo permitan.<\/p>\n\n\n\n<p>El cometa Nishimura, que se cree que proviene de la Nube de Oort, una regi\u00f3n lejana del sistema solar, ofrecer\u00e1 una oportunidad \u00fanica para que los observadores del cielo disfruten de su belleza mientras se desplaza a trav\u00e9s del espacio.<\/p>\n\n\n\n<p>Se recomienda a los entusiastas de la astronom\u00eda que busquen lugares alejados de la contaminaci\u00f3n lum\u00ednica de las ciudades para tener la mejor vista del cometa. Adem\u00e1s, se espera que los astr\u00f3nomos aficionados y profesionales tomen fotograf\u00edas y realicen observaciones detalladas para aprender m\u00e1s sobre las caracter\u00edsticas y la composici\u00f3n del cometa Nishimura.<\/p>\n\n\n\n<p>No pierdas la oportunidad de presenciar este impresionante fen\u00f3meno celestial que adornar\u00e1 nuestros cielos en septiembre. Aseg\u00farate de mirar hacia arriba y disfrutar de la belleza del cometa Nishimura durante su paso por nuestra vecindad c\u00f3smica. \u00a1Un espect\u00e1culo que no querr\u00e1s perderte!<\/p>\n\n\n\n<p><strong>Fuente: RPP<\/strong><\/p>\n","protected":false},"excerpt":{"rendered":"<p>(Aeronoticias): El cometa Nishimura, nombrado en honor al astr\u00f3nomo japon\u00e9s Yuji Nishimura, quien lo descubri\u00f3, est\u00e1 generando una gran expectaci\u00f3n en la comunidad cient\u00edfica y entre los observadores del cielo debido a su brillo y pron\u00f3stico de visibilidad. Seg\u00fan los expertos, Nishimura alcanzar\u00e1 su punto m\u00e1s cercano a la Tierra a mediados de septiembre, lo [&hellip;]<\/p>\n","protected":false},"author":7,"featured_media":85673,"comment_status":"open","ping_status":"open","sticky":false,"template":"","format":"standard","meta":{"tdm_status":"","tdm_grid_status":"","footnotes":""},"categories":[28,35],"tags":[3614,3615],"class_list":{"0":"post-85672","1":"post","2":"type-post","3":"status-publish","4":"format-standard","5":"has-post-thumbnail","7":"category-mundo","8":"category-35","9":"tag-cometa-nishimura","10":"tag-nube-de-oort"},"yoast_head":"<!-- This site is optimized with the Yoast SEO plugin v25.1 - https:\/\/yoast.com\/wordpress\/plugins\/seo\/ -->\n<title>\u00a1Nishimura, el cometa espectacular que iluminar\u00e1 nuestros cielos en Septiembre!<\/title>\n<meta name=\"description\" content=\"Este mes, los amantes de la astronom\u00eda tendr\u00e1n la oportunidad de presenciar un espect\u00e1culo celestial \u00fanico con la aparici\u00f3n del cometa Nishimura, que se espera que sea visible en los cielos durante las pr\u00f3ximas semanas.\" \/>\n<meta name=\"robots\" content=\"index, follow, max-snippet:-1, max-image-preview:large, max-video-preview:-1\" \/>\n<link rel=\"canonical\" href=\"https:\/\/aeronoticias.com.pe\/noticiero\/27\/nishimura-el-cometa-espectacular-que-iluminara-nuestros-cielos-en-septiembre\/\" \/>\n<meta property=\"og:locale\" content=\"es_ES\" \/>\n<meta property=\"og:type\" content=\"article\" \/>\n<meta property=\"og:title\" content=\"\u00a1Nishimura, el cometa espectacular que iluminar\u00e1 nuestros cielos en Septiembre!\" \/>\n<meta property=\"og:description\" content=\"Este mes, los amantes de la astronom\u00eda tendr\u00e1n la oportunidad de presenciar un espect\u00e1culo celestial \u00fanico con la aparici\u00f3n del cometa Nishimura, que se espera que sea visible en los cielos durante las pr\u00f3ximas semanas.\" \/>\n<meta property=\"og:url\" content=\"https:\/\/aeronoticias.com.pe\/noticiero\/27\/nishimura-el-cometa-espectacular-que-iluminara-nuestros-cielos-en-septiembre\/\" \/>\n<meta property=\"og:site_name\" content=\"Aeronoticias.com.pe\" \/>\n<meta property=\"article:publisher\" content=\"https:\/\/www.facebook.com\/Aeronoticias.com.pe\/\" \/>\n<meta property=\"article:published_time\" content=\"2023-09-13T19:58:33+00:00\" \/>\n<meta property=\"article:modified_time\" content=\"2023-09-13T19:58:36+00:00\" \/>\n<meta property=\"og:image\" content=\"https:\/\/aeronoticias.com.pe\/noticiero\/wp-content\/uploads\/2023\/09\/cometa-21pgiacobini-zinner_d2fe43e2_1033295278_230824133434_1280x853.jpeg\" \/>\n\t<meta property=\"og:image:width\" content=\"1280\" \/>\n\t<meta property=\"og:image:height\" content=\"853\" \/>\n\t<meta property=\"og:image:type\" content=\"image\/jpeg\" \/>\n<meta name=\"author\" content=\"sebastian\" \/>\n<meta name=\"twitter:card\" content=\"summary_large_image\" \/>\n<meta name=\"twitter:creator\" content=\"@aeronoticias\" \/>\n<meta name=\"twitter:site\" content=\"@aeronoticias\" \/>\n<meta name=\"twitter:label1\" content=\"Escrito por\" \/>\n\t<meta name=\"twitter:data1\" content=\"sebastian\" \/>\n\t<meta name=\"twitter:label2\" content=\"Tiempo de lectura\" \/>\n\t<meta name=\"twitter:data2\" content=\"1 minuto\" \/>\n<script type=\"application\/ld+json\" class=\"yoast-schema-graph\">{\"@context\":\"https:\/\/schema.org\",\"@graph\":[{\"@type\":\"WebPage\",\"@id\":\"https:\/\/aeronoticias.com.pe\/noticiero\/27\/nishimura-el-cometa-espectacular-que-iluminara-nuestros-cielos-en-septiembre\/\",\"url\":\"https:\/\/aeronoticias.com.pe\/noticiero\/27\/nishimura-el-cometa-espectacular-que-iluminara-nuestros-cielos-en-septiembre\/\",\"name\":\"\u00a1Nishimura, el cometa espectacular que iluminar\u00e1 nuestros cielos en Septiembre!\",\"isPartOf\":{\"@id\":\"https:\/\/aeronoticias.com.pe\/noticiero\/#website\"},\"primaryImageOfPage\":{\"@id\":\"https:\/\/aeronoticias.com.pe\/noticiero\/27\/nishimura-el-cometa-espectacular-que-iluminara-nuestros-cielos-en-septiembre\/#primaryimage\"},\"image\":{\"@id\":\"https:\/\/aeronoticias.com.pe\/noticiero\/27\/nishimura-el-cometa-espectacular-que-iluminara-nuestros-cielos-en-septiembre\/#primaryimage\"},\"thumbnailUrl\":\"https:\/\/aeronoticias.com.pe\/noticiero\/wp-content\/uploads\/2023\/09\/cometa-21pgiacobini-zinner_d2fe43e2_1033295278_230824133434_1280x853.jpeg\",\"datePublished\":\"2023-09-13T19:58:33+00:00\",\"dateModified\":\"2023-09-13T19:58:36+00:00\",\"author\":{\"@id\":\"https:\/\/aeronoticias.com.pe\/noticiero\/#\/schema\/person\/45ec58b0c4aefb9b6ee48f40659be5a3\"},\"description\":\"Este mes, los amantes de la astronom\u00eda tendr\u00e1n la oportunidad de presenciar un espect\u00e1culo celestial \u00fanico con la aparici\u00f3n del cometa Nishimura, que se espera que sea visible en los cielos durante las pr\u00f3ximas semanas.\",\"breadcrumb\":{\"@id\":\"https:\/\/aeronoticias.com.pe\/noticiero\/27\/nishimura-el-cometa-espectacular-que-iluminara-nuestros-cielos-en-septiembre\/#breadcrumb\"},\"inLanguage\":\"es\",\"potentialAction\":[{\"@type\":\"ReadAction\",\"target\":[\"https:\/\/aeronoticias.com.pe\/noticiero\/27\/nishimura-el-cometa-espectacular-que-iluminara-nuestros-cielos-en-septiembre\/\"]}]},{\"@type\":\"ImageObject\",\"inLanguage\":\"es\",\"@id\":\"https:\/\/aeronoticias.com.pe\/noticiero\/27\/nishimura-el-cometa-espectacular-que-iluminara-nuestros-cielos-en-septiembre\/#primaryimage\",\"url\":\"https:\/\/aeronoticias.com.pe\/noticiero\/wp-content\/uploads\/2023\/09\/cometa-21pgiacobini-zinner_d2fe43e2_1033295278_230824133434_1280x853.jpeg\",\"contentUrl\":\"https:\/\/aeronoticias.com.pe\/noticiero\/wp-content\/uploads\/2023\/09\/cometa-21pgiacobini-zinner_d2fe43e2_1033295278_230824133434_1280x853.jpeg\",\"width\":1280,\"height\":853},{\"@type\":\"BreadcrumbList\",\"@id\":\"https:\/\/aeronoticias.com.pe\/noticiero\/27\/nishimura-el-cometa-espectacular-que-iluminara-nuestros-cielos-en-septiembre\/#breadcrumb\",\"itemListElement\":[{\"@type\":\"ListItem\",\"position\":1,\"name\":\"Portada\",\"item\":\"https:\/\/aeronoticias.com.pe\/noticiero\/\"},{\"@type\":\"ListItem\",\"position\":2,\"name\":\"\u00a1Nishimura, el cometa espectacular que iluminar\u00e1 nuestros cielos en Septiembre!\"}]},{\"@type\":\"WebSite\",\"@id\":\"https:\/\/aeronoticias.com.pe\/noticiero\/#website\",\"url\":\"https:\/\/aeronoticias.com.pe\/noticiero\/\",\"name\":\"Aeronoticias.com.pe\",\"description\":\"Noticias de tranporte aereo, turismo, hoteles, gastronomia, actualidad, internacional\",\"potentialAction\":[{\"@type\":\"SearchAction\",\"target\":{\"@type\":\"EntryPoint\",\"urlTemplate\":\"https:\/\/aeronoticias.com.pe\/noticiero\/?s={search_term_string}\"},\"query-input\":{\"@type\":\"PropertyValueSpecification\",\"valueRequired\":true,\"valueName\":\"search_term_string\"}}],\"inLanguage\":\"es\"},{\"@type\":\"Person\",\"@id\":\"https:\/\/aeronoticias.com.pe\/noticiero\/#\/schema\/person\/45ec58b0c4aefb9b6ee48f40659be5a3\",\"name\":\"sebastian\",\"url\":\"https:\/\/aeronoticias.com.pe\/noticiero\/author\/sebastian\/\"}]}<\/script>\n<!-- \/ Yoast SEO plugin. -->","yoast_head_json":{"title":"\u00a1Nishimura, el cometa espectacular que iluminar\u00e1 nuestros cielos en Septiembre!","description":"Este mes, los amantes de la astronom\u00eda tendr\u00e1n la oportunidad de presenciar un espect\u00e1culo celestial \u00fanico con la aparici\u00f3n del cometa Nishimura, que se espera que sea visible en los cielos durante las pr\u00f3ximas semanas.","robots":{"index":"index","follow":"follow","max-snippet":"max-snippet:-1","max-image-preview":"max-image-preview:large","max-video-preview":"max-video-preview:-1"},"canonical":"https:\/\/aeronoticias.com.pe\/noticiero\/27\/nishimura-el-cometa-espectacular-que-iluminara-nuestros-cielos-en-septiembre\/","og_locale":"es_ES","og_type":"article","og_title":"\u00a1Nishimura, el cometa espectacular que iluminar\u00e1 nuestros cielos en Septiembre!","og_description":"Este mes, los amantes de la astronom\u00eda tendr\u00e1n la oportunidad de presenciar un espect\u00e1culo celestial \u00fanico con la aparici\u00f3n del cometa Nishimura, que se espera que sea visible en los cielos durante las pr\u00f3ximas semanas.","og_url":"https:\/\/aeronoticias.com.pe\/noticiero\/27\/nishimura-el-cometa-espectacular-que-iluminara-nuestros-cielos-en-septiembre\/","og_site_name":"Aeronoticias.com.pe","article_publisher":"https:\/\/www.facebook.com\/Aeronoticias.com.pe\/","article_published_time":"2023-09-13T19:58:33+00:00","article_modified_time":"2023-09-13T19:58:36+00:00","og_image":[{"width":1280,"height":853,"url":"https:\/\/aeronoticias.com.pe\/noticiero\/wp-content\/uploads\/2023\/09\/cometa-21pgiacobini-zinner_d2fe43e2_1033295278_230824133434_1280x853.jpeg","type":"image\/jpeg"}],"author":"sebastian","twitter_card":"summary_large_image","twitter_creator":"@aeronoticias","twitter_site":"@aeronoticias","twitter_misc":{"Escrito por":"sebastian","Tiempo de lectura":"1 minuto"},"schema":{"@context":"https:\/\/schema.org","@graph":[{"@type":"WebPage","@id":"https:\/\/aeronoticias.com.pe\/noticiero\/27\/nishimura-el-cometa-espectacular-que-iluminara-nuestros-cielos-en-septiembre\/","url":"https:\/\/aeronoticias.com.pe\/noticiero\/27\/nishimura-el-cometa-espectacular-que-iluminara-nuestros-cielos-en-septiembre\/","name":"\u00a1Nishimura, el cometa espectacular que iluminar\u00e1 nuestros cielos en Septiembre!","isPartOf":{"@id":"https:\/\/aeronoticias.com.pe\/noticiero\/#website"},"primaryImageOfPage":{"@id":"https:\/\/aeronoticias.com.pe\/noticiero\/27\/nishimura-el-cometa-espectacular-que-iluminara-nuestros-cielos-en-septiembre\/#primaryimage"},"image":{"@id":"https:\/\/aeronoticias.com.pe\/noticiero\/27\/nishimura-el-cometa-espectacular-que-iluminara-nuestros-cielos-en-septiembre\/#primaryimage"},"thumbnailUrl":"https:\/\/aeronoticias.com.pe\/noticiero\/wp-content\/uploads\/2023\/09\/cometa-21pgiacobini-zinner_d2fe43e2_1033295278_230824133434_1280x853.jpeg","datePublished":"2023-09-13T19:58:33+00:00","dateModified":"2023-09-13T19:58:36+00:00","author":{"@id":"https:\/\/aeronoticias.com.pe\/noticiero\/#\/schema\/person\/45ec58b0c4aefb9b6ee48f40659be5a3"},"description":"Este mes, los amantes de la astronom\u00eda tendr\u00e1n la oportunidad de presenciar un espect\u00e1culo celestial \u00fanico con la aparici\u00f3n del cometa Nishimura, que se espera que sea visible en los cielos durante las pr\u00f3ximas semanas.","breadcrumb":{"@id":"https:\/\/aeronoticias.com.pe\/noticiero\/27\/nishimura-el-cometa-espectacular-que-iluminara-nuestros-cielos-en-septiembre\/#breadcrumb"},"inLanguage":"es","potentialAction":[{"@type":"ReadAction","target":["https:\/\/aeronoticias.com.pe\/noticiero\/27\/nishimura-el-cometa-espectacular-que-iluminara-nuestros-cielos-en-septiembre\/"]}]},{"@type":"ImageObject","inLanguage":"es","@id":"https:\/\/aeronoticias.com.pe\/noticiero\/27\/nishimura-el-cometa-espectacular-que-iluminara-nuestros-cielos-en-septiembre\/#primaryimage","url":"https:\/\/aeronoticias.com.pe\/noticiero\/wp-content\/uploads\/2023\/09\/cometa-21pgiacobini-zinner_d2fe43e2_1033295278_230824133434_1280x853.jpeg","contentUrl":"https:\/\/aeronoticias.com.pe\/noticiero\/wp-content\/uploads\/2023\/09\/cometa-21pgiacobini-zinner_d2fe43e2_1033295278_230824133434_1280x853.jpeg","width":1280,"height":853},{"@type":"BreadcrumbList","@id":"https:\/\/aeronoticias.com.pe\/noticiero\/27\/nishimura-el-cometa-espectacular-que-iluminara-nuestros-cielos-en-septiembre\/#breadcrumb","itemListElement":[{"@type":"ListItem","position":1,"name":"Portada","item":"https:\/\/aeronoticias.com.pe\/noticiero\/"},{"@type":"ListItem","position":2,"name":"\u00a1Nishimura, el cometa espectacular que iluminar\u00e1 nuestros cielos en Septiembre!"}]},{"@type":"WebSite","@id":"https:\/\/aeronoticias.com.pe\/noticiero\/#website","url":"https:\/\/aeronoticias.com.pe\/noticiero\/","name":"Aeronoticias.com.pe","description":"Noticias de tranporte aereo, turismo, hoteles, gastronomia, actualidad, internacional","potentialAction":[{"@type":"SearchAction","target":{"@type":"EntryPoint","urlTemplate":"https:\/\/aeronoticias.com.pe\/noticiero\/?s={search_term_string}"},"query-input":{"@type":"PropertyValueSpecification","valueRequired":true,"valueName":"search_term_string"}}],"inLanguage":"es"},{"@type":"Person","@id":"https:\/\/aeronoticias.com.pe\/noticiero\/#\/schema\/person\/45ec58b0c4aefb9b6ee48f40659be5a3","name":"sebastian","url":"https:\/\/aeronoticias.com.pe\/noticiero\/author\/sebastian\/"}]}},"_links":{"self":[{"href":"https:\/\/aeronoticias.com.pe\/noticiero\/wp-json\/wp\/v2\/posts\/85672","targetHints":{"allow":["GET"]}}],"collection":[{"href":"https:\/\/aeronoticias.com.pe\/noticiero\/wp-json\/wp\/v2\/posts"}],"about":[{"href":"https:\/\/aeronoticias.com.pe\/noticiero\/wp-json\/wp\/v2\/types\/post"}],"author":[{"embeddable":true,"href":"https:\/\/aeronoticias.com.pe\/noticiero\/wp-json\/wp\/v2\/users\/7"}],"replies":[{"embeddable":true,"href":"https:\/\/aeronoticias.com.pe\/noticiero\/wp-json\/wp\/v2\/comments?post=85672"}],"version-history":[{"count":0,"href":"https:\/\/aeronoticias.com.pe\/noticiero\/wp-json\/wp\/v2\/posts\/85672\/revisions"}],"wp:featuredmedia":[{"embeddable":true,"href":"https:\/\/aeronoticias.com.pe\/noticiero\/wp-json\/wp\/v2\/media\/85673"}],"wp:attachment":[{"href":"https:\/\/aeronoticias.com.pe\/noticiero\/wp-json\/wp\/v2\/media?parent=85672"}],"wp:term":[{"taxonomy":"category","embeddable":true,"href":"https:\/\/aeronoticias.com.pe\/noticiero\/wp-json\/wp\/v2\/categories?post=85672"},{"taxonomy":"post_tag","embeddable":true,"href":"https:\/\/aeronoticias.com.pe\/noticiero\/wp-json\/wp\/v2\/tags?post=85672"}],"curies":[{"name":"wp","href":"https:\/\/api.w.org\/{rel}","templated":true}]}}