{"id":85768,"date":"2023-09-08T12:48:24","date_gmt":"2023-09-08T17:48:24","guid":{"rendered":"https:\/\/aeronoticias.com.pe\/noticiero\/?p=85768"},"modified":"2023-09-08T12:48:31","modified_gmt":"2023-09-08T17:48:31","slug":"misterio-del-cosmos-por-que-la-corona-del-sol-es-mas-caliente-que-su-superficie","status":"publish","type":"post","link":"https:\/\/aeronoticias.com.pe\/noticiero\/mundo\/misterio-del-cosmos-por-que-la-corona-del-sol-es-mas-caliente-que-su-superficie\/","title":{"rendered":"Misterio del Cosmos: \u00bfPor Qu\u00e9 la Corona del Sol es M\u00e1s Caliente que su Superficie?"},"content":{"rendered":"\n<p><strong>(Aeronoticias):<\/strong> Cient\u00edficos de todo el mundo contin\u00faan intrigados por uno de los misterios m\u00e1s profundos del universo: la raz\u00f3n detr\u00e1s de por qu\u00e9 la corona del Sol, la capa m\u00e1s externa de su atm\u00f3sfera, es notablemente m\u00e1s caliente que su superficie. A pesar de d\u00e9cadas de investigaci\u00f3n, esta pregunta sigue sin respuesta definitiva, y nuevos estudios buscan arrojar luz sobre este enigma c\u00f3smico.<\/p>\n\n\n\n<p>La superficie del Sol, conocida como fotosfera, tiene una temperatura de aproximadamente 5,500 grados Celsius (9,932 grados Fahrenheit). Sin embargo, cuando se observa la corona solar, la temperatura se dispara a millones de grados Celsius, lo que resulta en un brillo extremadamente caliente que es visible durante los eclipses solares.<\/p>\n\n\n\n<p>Varios fen\u00f3menos y teor\u00edas han sido propuestos para explicar este contraste en las temperaturas solares. Algunas de las teor\u00edas m\u00e1s destacadas incluyen:<\/p>\n\n\n\n<ol class=\"wp-block-list\"><li><strong>Magnetismo Solar<\/strong>: Se cree que los campos magn\u00e9ticos del Sol desempe\u00f1an un papel fundamental en el calentamiento de la corona. La energ\u00eda almacenada en estos campos se libera en forma de calor cuando interact\u00faa y se distorsiona en la atm\u00f3sfera solar.<\/li><li><strong>Ondas Alfv\u00e9nicas<\/strong>: Otra teor\u00eda sugiere que las ondas Alfv\u00e9nicas, que son ondas electromagn\u00e9ticas que viajan a lo largo de los campos magn\u00e9ticos, podr\u00edan llevar energ\u00eda desde la fotosfera hasta la corona, calent\u00e1ndola en el proceso.<\/li><li><strong>Reconexi\u00f3n Magn\u00e9tica<\/strong>: La reconexi\u00f3n magn\u00e9tica es un proceso en el que los campos magn\u00e9ticos se rompen y vuelven a conectarse, liberando energ\u00eda en el proceso. Esto podr\u00eda estar ocurriendo en la corona y calent\u00e1ndola.<\/li><li><strong>Ondas de Choque<\/strong>: Algunos cient\u00edficos sugieren que las ondas de choque generadas por turbulencias en la fotosfera podr\u00edan calentar la corona al propagarse hacia arriba.<\/li><\/ol>\n\n\n\n<p>A pesar de estas teor\u00edas, el misterio de por qu\u00e9 la corona solar es m\u00e1s caliente que la superficie del Sol a\u00fan no se ha resuelto por completo. Los investigadores utilizan telescopios espaciales y observaciones desde la Tierra para estudiar este fen\u00f3meno en detalle, pero la respuesta sigue escap\u00e1ndose.<\/p>\n\n\n\n<p>Comprender este enigma es crucial, ya que la corona solar tiene un impacto significativo en la actividad espacial y en el clima espacial de la Tierra. Se espera que futuras misiones espaciales y avances en la investigaci\u00f3n solar arrojen m\u00e1s luz sobre este misterio c\u00f3smico y ayuden a resolver este intrigante rompecabezas cient\u00edfico.<\/p>\n\n\n\n<p><strong>Fuente: CNN.<\/strong><\/p>\n","protected":false},"excerpt":{"rendered":"<p>(Aeronoticias): Cient\u00edficos de todo el mundo contin\u00faan intrigados por uno de los misterios m\u00e1s profundos del universo: la raz\u00f3n detr\u00e1s de por qu\u00e9 la corona del Sol, la capa m\u00e1s externa de su atm\u00f3sfera, es notablemente m\u00e1s caliente que su superficie. A pesar de d\u00e9cadas de investigaci\u00f3n, esta pregunta sigue sin respuesta definitiva, y nuevos [&hellip;]<\/p>\n","protected":false},"author":7,"featured_media":85771,"comment_status":"open","ping_status":"open","sticky":false,"template":"","format":"standard","meta":{"tdm_status":"","tdm_grid_status":"","footnotes":""},"categories":[26,28],"tags":[3551,3553],"class_list":{"0":"post-85768","1":"post","2":"type-post","3":"status-publish","4":"format-standard","5":"has-post-thumbnail","7":"category-cultural","8":"category-mundo","9":"tag-misterio-del-cosmos","10":"tag-superficie-solar"},"yoast_head":"<!-- This site is optimized with the Yoast SEO plugin v25.1 - https:\/\/yoast.com\/wordpress\/plugins\/seo\/ -->\n<title>Misterio del Cosmos: \u00bfPor Qu\u00e9 la Corona del Sol es M\u00e1s Caliente que su Superficie?<\/title>\n<meta name=\"description\" content=\"Cient\u00edficos de todo el mundo contin\u00faan intrigados por uno de los misterios m\u00e1s profundos del universo: la raz\u00f3n detr\u00e1s de por qu\u00e9 la corona del Sol, la capa m\u00e1s externa de su atm\u00f3sfera, es notablemente m\u00e1s caliente que su superficie. A pesar de d\u00e9cadas de investigaci\u00f3n, esta pregunta sigue sin respuesta definitiva, y nuevos estudios buscan arrojar luz sobre este enigma c\u00f3smico.\" \/>\n<meta name=\"robots\" content=\"index, follow, max-snippet:-1, max-image-preview:large, max-video-preview:-1\" \/>\n<link rel=\"canonical\" href=\"https:\/\/aeronoticias.com.pe\/noticiero\/mundo\/misterio-del-cosmos-por-que-la-corona-del-sol-es-mas-caliente-que-su-superficie\/\" \/>\n<meta property=\"og:locale\" content=\"es_ES\" \/>\n<meta property=\"og:type\" content=\"article\" \/>\n<meta property=\"og:title\" content=\"Misterio del Cosmos: \u00bfPor Qu\u00e9 la Corona del Sol es M\u00e1s Caliente que su Superficie?\" \/>\n<meta property=\"og:description\" content=\"Cient\u00edficos de todo el mundo contin\u00faan intrigados por uno de los misterios m\u00e1s profundos del universo: la raz\u00f3n detr\u00e1s de por qu\u00e9 la corona del Sol, la capa m\u00e1s externa de su atm\u00f3sfera, es notablemente m\u00e1s caliente que su superficie. A pesar de d\u00e9cadas de investigaci\u00f3n, esta pregunta sigue sin respuesta definitiva, y nuevos estudios buscan arrojar luz sobre este enigma c\u00f3smico.\" \/>\n<meta property=\"og:url\" content=\"https:\/\/aeronoticias.com.pe\/noticiero\/mundo\/misterio-del-cosmos-por-que-la-corona-del-sol-es-mas-caliente-que-su-superficie\/\" \/>\n<meta property=\"og:site_name\" content=\"Aeronoticias.com.pe\" \/>\n<meta property=\"article:publisher\" content=\"https:\/\/www.facebook.com\/Aeronoticias.com.pe\/\" \/>\n<meta property=\"article:published_time\" content=\"2023-09-08T17:48:24+00:00\" \/>\n<meta property=\"article:modified_time\" content=\"2023-09-08T17:48:31+00:00\" \/>\n<meta property=\"og:image\" content=\"https:\/\/aeronoticias.com.pe\/noticiero\/wp-content\/uploads\/2023\/09\/el-sol-asi-es-la-estrella-de-nuestro-sistema-planetario.jpeg\" \/>\n\t<meta property=\"og:image:width\" content=\"1200\" \/>\n\t<meta property=\"og:image:height\" content=\"672\" \/>\n\t<meta property=\"og:image:type\" content=\"image\/jpeg\" \/>\n<meta name=\"author\" content=\"sebastian\" \/>\n<meta name=\"twitter:card\" content=\"summary_large_image\" \/>\n<meta name=\"twitter:creator\" content=\"@aeronoticias\" \/>\n<meta name=\"twitter:site\" content=\"@aeronoticias\" \/>\n<meta name=\"twitter:label1\" content=\"Escrito por\" \/>\n\t<meta name=\"twitter:data1\" content=\"sebastian\" \/>\n\t<meta name=\"twitter:label2\" content=\"Tiempo de lectura\" \/>\n\t<meta name=\"twitter:data2\" content=\"2 minutos\" \/>\n<script type=\"application\/ld+json\" class=\"yoast-schema-graph\">{\"@context\":\"https:\/\/schema.org\",\"@graph\":[{\"@type\":\"WebPage\",\"@id\":\"https:\/\/aeronoticias.com.pe\/noticiero\/mundo\/misterio-del-cosmos-por-que-la-corona-del-sol-es-mas-caliente-que-su-superficie\/\",\"url\":\"https:\/\/aeronoticias.com.pe\/noticiero\/mundo\/misterio-del-cosmos-por-que-la-corona-del-sol-es-mas-caliente-que-su-superficie\/\",\"name\":\"Misterio del Cosmos: \u00bfPor Qu\u00e9 la Corona del Sol es M\u00e1s Caliente que su Superficie?\",\"isPartOf\":{\"@id\":\"https:\/\/aeronoticias.com.pe\/noticiero\/#website\"},\"primaryImageOfPage\":{\"@id\":\"https:\/\/aeronoticias.com.pe\/noticiero\/mundo\/misterio-del-cosmos-por-que-la-corona-del-sol-es-mas-caliente-que-su-superficie\/#primaryimage\"},\"image\":{\"@id\":\"https:\/\/aeronoticias.com.pe\/noticiero\/mundo\/misterio-del-cosmos-por-que-la-corona-del-sol-es-mas-caliente-que-su-superficie\/#primaryimage\"},\"thumbnailUrl\":\"https:\/\/aeronoticias.com.pe\/noticiero\/wp-content\/uploads\/2023\/09\/el-sol-asi-es-la-estrella-de-nuestro-sistema-planetario.jpeg\",\"datePublished\":\"2023-09-08T17:48:24+00:00\",\"dateModified\":\"2023-09-08T17:48:31+00:00\",\"author\":{\"@id\":\"https:\/\/aeronoticias.com.pe\/noticiero\/#\/schema\/person\/45ec58b0c4aefb9b6ee48f40659be5a3\"},\"description\":\"Cient\u00edficos de todo el mundo contin\u00faan intrigados por uno de los misterios m\u00e1s profundos del universo: la raz\u00f3n detr\u00e1s de por qu\u00e9 la corona del Sol, la capa m\u00e1s externa de su atm\u00f3sfera, es notablemente m\u00e1s caliente que su superficie. A pesar de d\u00e9cadas de investigaci\u00f3n, esta pregunta sigue sin respuesta definitiva, y nuevos estudios buscan arrojar luz sobre este enigma c\u00f3smico.\",\"breadcrumb\":{\"@id\":\"https:\/\/aeronoticias.com.pe\/noticiero\/mundo\/misterio-del-cosmos-por-que-la-corona-del-sol-es-mas-caliente-que-su-superficie\/#breadcrumb\"},\"inLanguage\":\"es\",\"potentialAction\":[{\"@type\":\"ReadAction\",\"target\":[\"https:\/\/aeronoticias.com.pe\/noticiero\/mundo\/misterio-del-cosmos-por-que-la-corona-del-sol-es-mas-caliente-que-su-superficie\/\"]}]},{\"@type\":\"ImageObject\",\"inLanguage\":\"es\",\"@id\":\"https:\/\/aeronoticias.com.pe\/noticiero\/mundo\/misterio-del-cosmos-por-que-la-corona-del-sol-es-mas-caliente-que-su-superficie\/#primaryimage\",\"url\":\"https:\/\/aeronoticias.com.pe\/noticiero\/wp-content\/uploads\/2023\/09\/el-sol-asi-es-la-estrella-de-nuestro-sistema-planetario.jpeg\",\"contentUrl\":\"https:\/\/aeronoticias.com.pe\/noticiero\/wp-content\/uploads\/2023\/09\/el-sol-asi-es-la-estrella-de-nuestro-sistema-planetario.jpeg\",\"width\":1200,\"height\":672},{\"@type\":\"BreadcrumbList\",\"@id\":\"https:\/\/aeronoticias.com.pe\/noticiero\/mundo\/misterio-del-cosmos-por-que-la-corona-del-sol-es-mas-caliente-que-su-superficie\/#breadcrumb\",\"itemListElement\":[{\"@type\":\"ListItem\",\"position\":1,\"name\":\"Portada\",\"item\":\"https:\/\/aeronoticias.com.pe\/noticiero\/\"},{\"@type\":\"ListItem\",\"position\":2,\"name\":\"Misterio del Cosmos: \u00bfPor Qu\u00e9 la Corona del Sol es M\u00e1s Caliente que su Superficie?\"}]},{\"@type\":\"WebSite\",\"@id\":\"https:\/\/aeronoticias.com.pe\/noticiero\/#website\",\"url\":\"https:\/\/aeronoticias.com.pe\/noticiero\/\",\"name\":\"Aeronoticias.com.pe\",\"description\":\"Noticias de tranporte aereo, turismo, hoteles, gastronomia, actualidad, internacional\",\"potentialAction\":[{\"@type\":\"SearchAction\",\"target\":{\"@type\":\"EntryPoint\",\"urlTemplate\":\"https:\/\/aeronoticias.com.pe\/noticiero\/?s={search_term_string}\"},\"query-input\":{\"@type\":\"PropertyValueSpecification\",\"valueRequired\":true,\"valueName\":\"search_term_string\"}}],\"inLanguage\":\"es\"},{\"@type\":\"Person\",\"@id\":\"https:\/\/aeronoticias.com.pe\/noticiero\/#\/schema\/person\/45ec58b0c4aefb9b6ee48f40659be5a3\",\"name\":\"sebastian\",\"url\":\"https:\/\/aeronoticias.com.pe\/noticiero\/author\/sebastian\/\"}]}<\/script>\n<!-- \/ Yoast SEO plugin. -->","yoast_head_json":{"title":"Misterio del Cosmos: \u00bfPor Qu\u00e9 la Corona del Sol es M\u00e1s Caliente que su Superficie?","description":"Cient\u00edficos de todo el mundo contin\u00faan intrigados por uno de los misterios m\u00e1s profundos del universo: la raz\u00f3n detr\u00e1s de por qu\u00e9 la corona del Sol, la capa m\u00e1s externa de su atm\u00f3sfera, es notablemente m\u00e1s caliente que su superficie. A pesar de d\u00e9cadas de investigaci\u00f3n, esta pregunta sigue sin respuesta definitiva, y nuevos estudios buscan arrojar luz sobre este enigma c\u00f3smico.","robots":{"index":"index","follow":"follow","max-snippet":"max-snippet:-1","max-image-preview":"max-image-preview:large","max-video-preview":"max-video-preview:-1"},"canonical":"https:\/\/aeronoticias.com.pe\/noticiero\/mundo\/misterio-del-cosmos-por-que-la-corona-del-sol-es-mas-caliente-que-su-superficie\/","og_locale":"es_ES","og_type":"article","og_title":"Misterio del Cosmos: \u00bfPor Qu\u00e9 la Corona del Sol es M\u00e1s Caliente que su Superficie?","og_description":"Cient\u00edficos de todo el mundo contin\u00faan intrigados por uno de los misterios m\u00e1s profundos del universo: la raz\u00f3n detr\u00e1s de por qu\u00e9 la corona del Sol, la capa m\u00e1s externa de su atm\u00f3sfera, es notablemente m\u00e1s caliente que su superficie. A pesar de d\u00e9cadas de investigaci\u00f3n, esta pregunta sigue sin respuesta definitiva, y nuevos estudios buscan arrojar luz sobre este enigma c\u00f3smico.","og_url":"https:\/\/aeronoticias.com.pe\/noticiero\/mundo\/misterio-del-cosmos-por-que-la-corona-del-sol-es-mas-caliente-que-su-superficie\/","og_site_name":"Aeronoticias.com.pe","article_publisher":"https:\/\/www.facebook.com\/Aeronoticias.com.pe\/","article_published_time":"2023-09-08T17:48:24+00:00","article_modified_time":"2023-09-08T17:48:31+00:00","og_image":[{"width":1200,"height":672,"url":"https:\/\/aeronoticias.com.pe\/noticiero\/wp-content\/uploads\/2023\/09\/el-sol-asi-es-la-estrella-de-nuestro-sistema-planetario.jpeg","type":"image\/jpeg"}],"author":"sebastian","twitter_card":"summary_large_image","twitter_creator":"@aeronoticias","twitter_site":"@aeronoticias","twitter_misc":{"Escrito por":"sebastian","Tiempo de lectura":"2 minutos"},"schema":{"@context":"https:\/\/schema.org","@graph":[{"@type":"WebPage","@id":"https:\/\/aeronoticias.com.pe\/noticiero\/mundo\/misterio-del-cosmos-por-que-la-corona-del-sol-es-mas-caliente-que-su-superficie\/","url":"https:\/\/aeronoticias.com.pe\/noticiero\/mundo\/misterio-del-cosmos-por-que-la-corona-del-sol-es-mas-caliente-que-su-superficie\/","name":"Misterio del Cosmos: \u00bfPor Qu\u00e9 la Corona del Sol es M\u00e1s Caliente que su Superficie?","isPartOf":{"@id":"https:\/\/aeronoticias.com.pe\/noticiero\/#website"},"primaryImageOfPage":{"@id":"https:\/\/aeronoticias.com.pe\/noticiero\/mundo\/misterio-del-cosmos-por-que-la-corona-del-sol-es-mas-caliente-que-su-superficie\/#primaryimage"},"image":{"@id":"https:\/\/aeronoticias.com.pe\/noticiero\/mundo\/misterio-del-cosmos-por-que-la-corona-del-sol-es-mas-caliente-que-su-superficie\/#primaryimage"},"thumbnailUrl":"https:\/\/aeronoticias.com.pe\/noticiero\/wp-content\/uploads\/2023\/09\/el-sol-asi-es-la-estrella-de-nuestro-sistema-planetario.jpeg","datePublished":"2023-09-08T17:48:24+00:00","dateModified":"2023-09-08T17:48:31+00:00","author":{"@id":"https:\/\/aeronoticias.com.pe\/noticiero\/#\/schema\/person\/45ec58b0c4aefb9b6ee48f40659be5a3"},"description":"Cient\u00edficos de todo el mundo contin\u00faan intrigados por uno de los misterios m\u00e1s profundos del universo: la raz\u00f3n detr\u00e1s de por qu\u00e9 la corona del Sol, la capa m\u00e1s externa de su atm\u00f3sfera, es notablemente m\u00e1s caliente que su superficie. A pesar de d\u00e9cadas de investigaci\u00f3n, esta pregunta sigue sin respuesta definitiva, y nuevos estudios buscan arrojar luz sobre este enigma c\u00f3smico.","breadcrumb":{"@id":"https:\/\/aeronoticias.com.pe\/noticiero\/mundo\/misterio-del-cosmos-por-que-la-corona-del-sol-es-mas-caliente-que-su-superficie\/#breadcrumb"},"inLanguage":"es","potentialAction":[{"@type":"ReadAction","target":["https:\/\/aeronoticias.com.pe\/noticiero\/mundo\/misterio-del-cosmos-por-que-la-corona-del-sol-es-mas-caliente-que-su-superficie\/"]}]},{"@type":"ImageObject","inLanguage":"es","@id":"https:\/\/aeronoticias.com.pe\/noticiero\/mundo\/misterio-del-cosmos-por-que-la-corona-del-sol-es-mas-caliente-que-su-superficie\/#primaryimage","url":"https:\/\/aeronoticias.com.pe\/noticiero\/wp-content\/uploads\/2023\/09\/el-sol-asi-es-la-estrella-de-nuestro-sistema-planetario.jpeg","contentUrl":"https:\/\/aeronoticias.com.pe\/noticiero\/wp-content\/uploads\/2023\/09\/el-sol-asi-es-la-estrella-de-nuestro-sistema-planetario.jpeg","width":1200,"height":672},{"@type":"BreadcrumbList","@id":"https:\/\/aeronoticias.com.pe\/noticiero\/mundo\/misterio-del-cosmos-por-que-la-corona-del-sol-es-mas-caliente-que-su-superficie\/#breadcrumb","itemListElement":[{"@type":"ListItem","position":1,"name":"Portada","item":"https:\/\/aeronoticias.com.pe\/noticiero\/"},{"@type":"ListItem","position":2,"name":"Misterio del Cosmos: \u00bfPor Qu\u00e9 la Corona del Sol es M\u00e1s Caliente que su Superficie?"}]},{"@type":"WebSite","@id":"https:\/\/aeronoticias.com.pe\/noticiero\/#website","url":"https:\/\/aeronoticias.com.pe\/noticiero\/","name":"Aeronoticias.com.pe","description":"Noticias de tranporte aereo, turismo, hoteles, gastronomia, actualidad, internacional","potentialAction":[{"@type":"SearchAction","target":{"@type":"EntryPoint","urlTemplate":"https:\/\/aeronoticias.com.pe\/noticiero\/?s={search_term_string}"},"query-input":{"@type":"PropertyValueSpecification","valueRequired":true,"valueName":"search_term_string"}}],"inLanguage":"es"},{"@type":"Person","@id":"https:\/\/aeronoticias.com.pe\/noticiero\/#\/schema\/person\/45ec58b0c4aefb9b6ee48f40659be5a3","name":"sebastian","url":"https:\/\/aeronoticias.com.pe\/noticiero\/author\/sebastian\/"}]}},"_links":{"self":[{"href":"https:\/\/aeronoticias.com.pe\/noticiero\/wp-json\/wp\/v2\/posts\/85768","targetHints":{"allow":["GET"]}}],"collection":[{"href":"https:\/\/aeronoticias.com.pe\/noticiero\/wp-json\/wp\/v2\/posts"}],"about":[{"href":"https:\/\/aeronoticias.com.pe\/noticiero\/wp-json\/wp\/v2\/types\/post"}],"author":[{"embeddable":true,"href":"https:\/\/aeronoticias.com.pe\/noticiero\/wp-json\/wp\/v2\/users\/7"}],"replies":[{"embeddable":true,"href":"https:\/\/aeronoticias.com.pe\/noticiero\/wp-json\/wp\/v2\/comments?post=85768"}],"version-history":[{"count":0,"href":"https:\/\/aeronoticias.com.pe\/noticiero\/wp-json\/wp\/v2\/posts\/85768\/revisions"}],"wp:featuredmedia":[{"embeddable":true,"href":"https:\/\/aeronoticias.com.pe\/noticiero\/wp-json\/wp\/v2\/media\/85771"}],"wp:attachment":[{"href":"https:\/\/aeronoticias.com.pe\/noticiero\/wp-json\/wp\/v2\/media?parent=85768"}],"wp:term":[{"taxonomy":"category","embeddable":true,"href":"https:\/\/aeronoticias.com.pe\/noticiero\/wp-json\/wp\/v2\/categories?post=85768"},{"taxonomy":"post_tag","embeddable":true,"href":"https:\/\/aeronoticias.com.pe\/noticiero\/wp-json\/wp\/v2\/tags?post=85768"}],"curies":[{"name":"wp","href":"https:\/\/api.w.org\/{rel}","templated":true}]}}