{"id":8600,"date":"2010-02-02T14:33:08","date_gmt":"2010-02-02T14:33:08","guid":{"rendered":"http:\/\/desarrollo.mcvicious.com\/aero2020\/2010\/02\/02\/pese-a-los-diferendos-argentina-autoriza-el-regreso-de-uruguayos-varados-en-peru\/"},"modified":"2010-02-02T14:33:08","modified_gmt":"2010-02-02T14:33:08","slug":"pese-a-los-diferendos-argentina-autoriza-el-regreso-de-uruguayos-varados-en-peru","status":"publish","type":"post","link":"https:\/\/aeronoticias.com.pe\/noticiero\/ultimas\/1\/pese-a-los-diferendos-argentina-autoriza-el-regreso-de-uruguayos-varados-en-peru\/","title":{"rendered":"Pese a los diferendos Argentina autoriza el regreso de uruguayos varados en Per\u00fa"},"content":{"rendered":"<div style=\"text-align: justify\">En uno de los ejemplos m\u00e1s importantes de los \u00faltimos tiempos de una pol\u00edtica limpia y de apoyo bilateral internacional, el gobierno Argentino autoriz\u00f3 a que unos 15 ciudadanos uruguayos fueron incluidos en el operativo de regreso de los ciudadanos argentinos que estaban varados en Per\u00fa tras un alud, decisi\u00f3n que el Gobierno calific\u00f3 como \u00abun gesto a Uruguay\u00bb luego de un pedido del pa\u00eds vecino.<\/div>\n<div style=\"text-align: justify\"><\/div>\n<div style=\"text-align: justify\">\u00abAnoche culmin\u00f3 con \u00e9xito el operativo de regreso al pa\u00eds de varados en Per\u00fa\u00bb, que fue coordinado por la cartera que conduce Jorge Taiana junto al Ministerio de Defensa, destac\u00f3 Canciller\u00eda.<\/div>\n<div style=\"text-align: justify\">\n<div style=\"text-align: center\"><img decoding=\"async\" src=\"images\/stories\/10\/02\/020110\/urug.jpg\" border=\"0\" alt=\"Pese a los diferendos Argentina autoriza el regreso de uruguayos varados en Per\u00fa\" title=\"Pese a los diferendos Argentina autoriza el regreso de uruguayos varados en Per\u00fa\" \/><\/div>\n<\/div>\n<div style=\"text-align: justify\">As\u00ed, se concret\u00f3 el rescate de los \u00faltimos argentinos que segu\u00edan en tierra peruana, luego de que un alud los sorprendiera, junto a cientos de turistas, en Aguas Calientes, cerca de Machu Picchu.<\/div>\n<div style=\"text-align: justify\"><\/div>\n<div style=\"text-align: justify\">Junto a estos compatriotas, 15 uruguayos abordaron los aviones que envi\u00f3 el Gobierno nacional, tras una solicitud oficial de la Canciller\u00eda del vecino oriental realizada ante Taiana, donde se ped\u00eda colaboraci\u00f3n y ayuda para facilitar el regreso.<\/div>\n<div style=\"text-align: justify\"><\/div>\n<div style=\"text-align: justify\">El jefe de la diplomacia argentina instruy\u00f3 para que se \u00abcumpla con la mayor celeridad posible\u00bb esta petici\u00f3n del gobierno de Tabar\u00e9 V\u00e1zquez, \u00abcomo una forma m\u00e1s de reafirmar la hermandad y solidaridad de ambos pueblos, especialmente ante situaciones dif\u00edciles donde se ponen en manifiesto la profunda amistad que nos une\u00bb, indic\u00f3 a trav\u00e9s de un comunicado el Palacio San Mart\u00edn.<\/div>\n<div style=\"text-align: justify\"><\/div>\n<div style=\"text-align: justify\">De este modo, los ciudadanos uruguayos regresaron en los dos H\u00e9rcules arribados a \u00faltima hora de ayer, para emprender luego desde Buenos Aires el tramo final hacia Montevideo.<\/div>\n<div style=\"text-align: justify\"><\/div>\n<div style=\"text-align: justify\"><strong>Aeronoticias <\/strong>considera que este gesto del gobierno Argentino es absolutamente positivo ya que demuestra la instauraci\u00f3n de pol\u00edticas limpias que en momentos de desastre dejan de lado diferendos (como los de Botnia que separaron los ideales Argentinos de los Uruguayos en alg\u00fan momento) para ayudar a la gente necesitada.<\/div>\n<div style=\"text-align: justify\"><\/div>\n<div style=\"text-align: justify\">La Canciller\u00eda record\u00f3 que entre el viernes 29 de enero y anoche, ya han emprendido el regreso desde Lima y Cusco todos los argentinos que luego del tr\u00e1gico alud del domingo 24 de enero, que se cobr\u00f3 la vida de una joven compatriota, solicitaron a la Embajada y al Consulado argentino en Per\u00fa salir de las zonas afectadas y regresar a nuestro pa\u00eds.-<\/div>\n<div style=\"text-align: justify\"><\/div>\n","protected":false},"excerpt":{"rendered":"<p>En uno de los ejemplos m\u00e1s importantes de los \u00faltimos tiempos de una pol\u00edtica limpia y de apoyo bilateral internacional, el gobierno Argentino autoriz\u00f3 a que unos 15 ciudadanos uruguayos fueron incluidos en el operativo de regreso de los ciudadanos argentinos que estaban varados en Per\u00fa tras un alud, decisi\u00f3n que el Gobierno calific\u00f3 como [&hellip;]<\/p>\n","protected":false},"author":1,"featured_media":0,"comment_status":"open","ping_status":"open","sticky":false,"template":"","format":"standard","meta":{"tdm_status":"","tdm_grid_status":"","footnotes":""},"categories":[30],"tags":[],"class_list":{"0":"post-8600","1":"post","2":"type-post","3":"status-publish","4":"format-standard","6":"category-30"},"yoast_head":"<!-- This site is optimized with the Yoast SEO plugin v25.1 - https:\/\/yoast.com\/wordpress\/plugins\/seo\/ -->\n<title>Pese a los diferendos Argentina autoriza el regreso de uruguayos varados en Per\u00fa<\/title>\n<meta name=\"description\" content=\"Portal de noticias del Per\u00fa sobre el transporte a\u00e9reo, aviaci\u00f3n, turismo, hoteleria, actualidad.\" \/>\n<meta name=\"robots\" content=\"index, follow, max-snippet:-1, max-image-preview:large, max-video-preview:-1\" \/>\n<link rel=\"canonical\" href=\"https:\/\/aeronoticias.com.pe\/noticiero\/ultimas\/1\/pese-a-los-diferendos-argentina-autoriza-el-regreso-de-uruguayos-varados-en-peru\/\" \/>\n<meta property=\"og:locale\" content=\"es_ES\" \/>\n<meta property=\"og:type\" content=\"article\" \/>\n<meta property=\"og:title\" content=\"Pese a los diferendos Argentina autoriza el regreso de uruguayos varados en Per\u00fa\" \/>\n<meta property=\"og:description\" content=\"Portal de noticias del Per\u00fa sobre el transporte a\u00e9reo, aviaci\u00f3n, turismo, hoteleria, actualidad.\" \/>\n<meta property=\"og:url\" content=\"https:\/\/aeronoticias.com.pe\/noticiero\/ultimas\/1\/pese-a-los-diferendos-argentina-autoriza-el-regreso-de-uruguayos-varados-en-peru\/\" \/>\n<meta property=\"og:site_name\" content=\"Aeronoticias.com.pe\" \/>\n<meta property=\"article:publisher\" content=\"https:\/\/www.facebook.com\/Aeronoticias.com.pe\/\" \/>\n<meta property=\"article:published_time\" content=\"2010-02-02T14:33:08+00:00\" \/>\n<meta name=\"author\" content=\"Redacci\u00f3n Aeronoticias\" \/>\n<meta name=\"twitter:card\" content=\"summary_large_image\" \/>\n<meta name=\"twitter:creator\" content=\"@aeronoticias\" \/>\n<meta name=\"twitter:site\" content=\"@aeronoticias\" \/>\n<meta name=\"twitter:label1\" content=\"Escrito por\" \/>\n\t<meta name=\"twitter:data1\" content=\"Redacci\u00f3n Aeronoticias\" \/>\n\t<meta name=\"twitter:label2\" content=\"Tiempo de lectura\" \/>\n\t<meta name=\"twitter:data2\" content=\"2 minutos\" \/>\n<script type=\"application\/ld+json\" class=\"yoast-schema-graph\">{\"@context\":\"https:\/\/schema.org\",\"@graph\":[{\"@type\":\"WebPage\",\"@id\":\"https:\/\/aeronoticias.com.pe\/noticiero\/ultimas\/1\/pese-a-los-diferendos-argentina-autoriza-el-regreso-de-uruguayos-varados-en-peru\/\",\"url\":\"https:\/\/aeronoticias.com.pe\/noticiero\/ultimas\/1\/pese-a-los-diferendos-argentina-autoriza-el-regreso-de-uruguayos-varados-en-peru\/\",\"name\":\"Pese a los diferendos Argentina autoriza el regreso de uruguayos varados en Per\u00fa\",\"isPartOf\":{\"@id\":\"https:\/\/aeronoticias.com.pe\/noticiero\/#website\"},\"datePublished\":\"2010-02-02T14:33:08+00:00\",\"author\":{\"@id\":\"https:\/\/aeronoticias.com.pe\/noticiero\/#\/schema\/person\/fc1e5d578f4b62ba1cf7ac2bba1170a0\"},\"description\":\"Portal de noticias del Per\u00fa sobre el transporte a\u00e9reo, aviaci\u00f3n, turismo, hoteleria, actualidad.\",\"breadcrumb\":{\"@id\":\"https:\/\/aeronoticias.com.pe\/noticiero\/ultimas\/1\/pese-a-los-diferendos-argentina-autoriza-el-regreso-de-uruguayos-varados-en-peru\/#breadcrumb\"},\"inLanguage\":\"es\",\"potentialAction\":[{\"@type\":\"ReadAction\",\"target\":[\"https:\/\/aeronoticias.com.pe\/noticiero\/ultimas\/1\/pese-a-los-diferendos-argentina-autoriza-el-regreso-de-uruguayos-varados-en-peru\/\"]}]},{\"@type\":\"BreadcrumbList\",\"@id\":\"https:\/\/aeronoticias.com.pe\/noticiero\/ultimas\/1\/pese-a-los-diferendos-argentina-autoriza-el-regreso-de-uruguayos-varados-en-peru\/#breadcrumb\",\"itemListElement\":[{\"@type\":\"ListItem\",\"position\":1,\"name\":\"Portada\",\"item\":\"https:\/\/aeronoticias.com.pe\/noticiero\/\"},{\"@type\":\"ListItem\",\"position\":2,\"name\":\"Pese a los diferendos Argentina autoriza el regreso de uruguayos varados en Per\u00fa\"}]},{\"@type\":\"WebSite\",\"@id\":\"https:\/\/aeronoticias.com.pe\/noticiero\/#website\",\"url\":\"https:\/\/aeronoticias.com.pe\/noticiero\/\",\"name\":\"Aeronoticias.com.pe\",\"description\":\"Noticias de tranporte aereo, turismo, hoteles, gastronomia, actualidad, internacional\",\"potentialAction\":[{\"@type\":\"SearchAction\",\"target\":{\"@type\":\"EntryPoint\",\"urlTemplate\":\"https:\/\/aeronoticias.com.pe\/noticiero\/?s={search_term_string}\"},\"query-input\":{\"@type\":\"PropertyValueSpecification\",\"valueRequired\":true,\"valueName\":\"search_term_string\"}}],\"inLanguage\":\"es\"},{\"@type\":\"Person\",\"@id\":\"https:\/\/aeronoticias.com.pe\/noticiero\/#\/schema\/person\/fc1e5d578f4b62ba1cf7ac2bba1170a0\",\"name\":\"Redacci\u00f3n Aeronoticias\",\"url\":\"https:\/\/aeronoticias.com.pe\/noticiero\/author\/piloto\/\"}]}<\/script>\n<!-- \/ Yoast SEO plugin. -->","yoast_head_json":{"title":"Pese a los diferendos Argentina autoriza el regreso de uruguayos varados en Per\u00fa","description":"Portal de noticias del Per\u00fa sobre el transporte a\u00e9reo, aviaci\u00f3n, turismo, hoteleria, actualidad.","robots":{"index":"index","follow":"follow","max-snippet":"max-snippet:-1","max-image-preview":"max-image-preview:large","max-video-preview":"max-video-preview:-1"},"canonical":"https:\/\/aeronoticias.com.pe\/noticiero\/ultimas\/1\/pese-a-los-diferendos-argentina-autoriza-el-regreso-de-uruguayos-varados-en-peru\/","og_locale":"es_ES","og_type":"article","og_title":"Pese a los diferendos Argentina autoriza el regreso de uruguayos varados en Per\u00fa","og_description":"Portal de noticias del Per\u00fa sobre el transporte a\u00e9reo, aviaci\u00f3n, turismo, hoteleria, actualidad.","og_url":"https:\/\/aeronoticias.com.pe\/noticiero\/ultimas\/1\/pese-a-los-diferendos-argentina-autoriza-el-regreso-de-uruguayos-varados-en-peru\/","og_site_name":"Aeronoticias.com.pe","article_publisher":"https:\/\/www.facebook.com\/Aeronoticias.com.pe\/","article_published_time":"2010-02-02T14:33:08+00:00","author":"Redacci\u00f3n Aeronoticias","twitter_card":"summary_large_image","twitter_creator":"@aeronoticias","twitter_site":"@aeronoticias","twitter_misc":{"Escrito por":"Redacci\u00f3n Aeronoticias","Tiempo de lectura":"2 minutos"},"schema":{"@context":"https:\/\/schema.org","@graph":[{"@type":"WebPage","@id":"https:\/\/aeronoticias.com.pe\/noticiero\/ultimas\/1\/pese-a-los-diferendos-argentina-autoriza-el-regreso-de-uruguayos-varados-en-peru\/","url":"https:\/\/aeronoticias.com.pe\/noticiero\/ultimas\/1\/pese-a-los-diferendos-argentina-autoriza-el-regreso-de-uruguayos-varados-en-peru\/","name":"Pese a los diferendos Argentina autoriza el regreso de uruguayos varados en Per\u00fa","isPartOf":{"@id":"https:\/\/aeronoticias.com.pe\/noticiero\/#website"},"datePublished":"2010-02-02T14:33:08+00:00","author":{"@id":"https:\/\/aeronoticias.com.pe\/noticiero\/#\/schema\/person\/fc1e5d578f4b62ba1cf7ac2bba1170a0"},"description":"Portal de noticias del Per\u00fa sobre el transporte a\u00e9reo, aviaci\u00f3n, turismo, hoteleria, actualidad.","breadcrumb":{"@id":"https:\/\/aeronoticias.com.pe\/noticiero\/ultimas\/1\/pese-a-los-diferendos-argentina-autoriza-el-regreso-de-uruguayos-varados-en-peru\/#breadcrumb"},"inLanguage":"es","potentialAction":[{"@type":"ReadAction","target":["https:\/\/aeronoticias.com.pe\/noticiero\/ultimas\/1\/pese-a-los-diferendos-argentina-autoriza-el-regreso-de-uruguayos-varados-en-peru\/"]}]},{"@type":"BreadcrumbList","@id":"https:\/\/aeronoticias.com.pe\/noticiero\/ultimas\/1\/pese-a-los-diferendos-argentina-autoriza-el-regreso-de-uruguayos-varados-en-peru\/#breadcrumb","itemListElement":[{"@type":"ListItem","position":1,"name":"Portada","item":"https:\/\/aeronoticias.com.pe\/noticiero\/"},{"@type":"ListItem","position":2,"name":"Pese a los diferendos Argentina autoriza el regreso de uruguayos varados en Per\u00fa"}]},{"@type":"WebSite","@id":"https:\/\/aeronoticias.com.pe\/noticiero\/#website","url":"https:\/\/aeronoticias.com.pe\/noticiero\/","name":"Aeronoticias.com.pe","description":"Noticias de tranporte aereo, turismo, hoteles, gastronomia, actualidad, internacional","potentialAction":[{"@type":"SearchAction","target":{"@type":"EntryPoint","urlTemplate":"https:\/\/aeronoticias.com.pe\/noticiero\/?s={search_term_string}"},"query-input":{"@type":"PropertyValueSpecification","valueRequired":true,"valueName":"search_term_string"}}],"inLanguage":"es"},{"@type":"Person","@id":"https:\/\/aeronoticias.com.pe\/noticiero\/#\/schema\/person\/fc1e5d578f4b62ba1cf7ac2bba1170a0","name":"Redacci\u00f3n Aeronoticias","url":"https:\/\/aeronoticias.com.pe\/noticiero\/author\/piloto\/"}]}},"_links":{"self":[{"href":"https:\/\/aeronoticias.com.pe\/noticiero\/wp-json\/wp\/v2\/posts\/8600","targetHints":{"allow":["GET"]}}],"collection":[{"href":"https:\/\/aeronoticias.com.pe\/noticiero\/wp-json\/wp\/v2\/posts"}],"about":[{"href":"https:\/\/aeronoticias.com.pe\/noticiero\/wp-json\/wp\/v2\/types\/post"}],"author":[{"embeddable":true,"href":"https:\/\/aeronoticias.com.pe\/noticiero\/wp-json\/wp\/v2\/users\/1"}],"replies":[{"embeddable":true,"href":"https:\/\/aeronoticias.com.pe\/noticiero\/wp-json\/wp\/v2\/comments?post=8600"}],"version-history":[{"count":0,"href":"https:\/\/aeronoticias.com.pe\/noticiero\/wp-json\/wp\/v2\/posts\/8600\/revisions"}],"wp:attachment":[{"href":"https:\/\/aeronoticias.com.pe\/noticiero\/wp-json\/wp\/v2\/media?parent=8600"}],"wp:term":[{"taxonomy":"category","embeddable":true,"href":"https:\/\/aeronoticias.com.pe\/noticiero\/wp-json\/wp\/v2\/categories?post=8600"},{"taxonomy":"post_tag","embeddable":true,"href":"https:\/\/aeronoticias.com.pe\/noticiero\/wp-json\/wp\/v2\/tags?post=8600"}],"curies":[{"name":"wp","href":"https:\/\/api.w.org\/{rel}","templated":true}]}}