{"id":8601,"date":"2010-02-02T14:39:36","date_gmt":"2010-02-02T14:39:36","guid":{"rendered":"http:\/\/desarrollo.mcvicious.com\/aero2020\/2010\/02\/02\/haiti-diez-misioneros-podrian-ser-juzgados-en-estados-unidos-por-trafico-de-menores\/"},"modified":"2010-02-02T14:39:36","modified_gmt":"2010-02-02T14:39:36","slug":"haiti-diez-misioneros-podrian-ser-juzgados-en-estados-unidos-por-trafico-de-menores","status":"publish","type":"post","link":"https:\/\/aeronoticias.com.pe\/noticiero\/internacionales\/haiti-diez-misioneros-podrian-ser-juzgados-en-estados-unidos-por-trafico-de-menores\/","title":{"rendered":"Hait\u00ed: diez misioneros podr\u00edan ser juzgados en Estados Unidos por tr\u00e1fico de menores"},"content":{"rendered":"<div style=\"text-align: justify\">Un juez haitiano analiza el caso de diez misioneros baptistas estadounidenses, detenidos el domingo \u00faltimo cuando intentaban sacar ilegalmente del pa\u00eds a 33 ni\u00f1os haitianos de entre dos meses y 10 a\u00f1os, para decidir si autoriza su traslado y enjuiciamiento en Estados Unidos, explic\u00f3 la ministra de Comunicaci\u00f3n haitiana, Marie Lassegue.\u00a0El juez revisa las pruebas presentadas contra los diez estadounidenses, cinco hombres y cinco mujeres, para determinar si deben ser juzgados en Hait\u00ed o si ser\u00e1n enviados a Estados Unidos para ser encausados ante el lamentable estado del sistema jur\u00eddico haitiano, explic\u00f3 Lassegue en declaraciones citadas por Europa Press.<\/div>\n<div style=\"text-align: justify\"><\/div>\n<div style=\"text-align: justify\">En tanto, los misioneros baptistas negaron los cargos de tr\u00e1fico de menores e insistieron en que s\u00f3lo intentaban ayudar a un grupo de hu\u00e9rfanos vulnerables y pobres que hab\u00edan sido abandonados tras el terremoto.\u00a0El autob\u00fas que transportaba a los estadounidenses y a los 33 supuestos hu\u00e9rfanos fue registrado el viernes por la noche en el control de Malpasse, el principal paso fronterizo entre Hait\u00ed y Rep\u00fablica Dominicana.<\/div>\n<div style=\"text-align: justify\">\n<div style=\"text-align: center\"><img decoding=\"async\" src=\"images\/stories\/10\/02\/020110\/ong.jpg\" border=\"0\" alt=\"Hait\u00ed: diez misioneros podr\u00edan ser juzgados en Estados Unidos por tr\u00e1fico de menores\" title=\"Hait\u00ed: diez misioneros podr\u00edan ser juzgados en Estados Unidos por tr\u00e1fico de menores\" \/><\/div>\n<\/div>\n<div style=\"text-align: justify\">Los agentes detuvieron a los estadounidenses por no tener documentaci\u00f3n que justificara la tutela de los menores y m\u00e1s tarde las autoridades haitianas revelaron que la mayor\u00eda de ellos tienen familia.\u00a0Los misioneros admiten que no ten\u00edan ning\u00fan documento ni pasaportes de los ni\u00f1os, pero insisten en que s\u00f3lo quer\u00edan llevarlos a un orfanato en Rep\u00fablica Dominicana.<\/div>\n<div style=\"text-align: justify\"><\/div>\n<div style=\"text-align: justify\">\u00abNo hicieron los papeles (&#8230;). No cre\u00ed que fueran necesarios\u00bb, afirm\u00f3 la vocera de los detenidos, Laura Silsby.<\/div>\n<div style=\"text-align: justify\"><strong>\u00a0<\/strong><\/div>\n<div style=\"text-align: justify\"><strong>Aeronoticias<\/strong> considera que es necesario poner en acci\u00f3n las pol\u00edticas de protecci\u00f3n a los menores haitianos en un contexto en el que se juzgar\u00e1n a cierta cantidad de gente por intentos de sacar del pa\u00eds a menores para el tr\u00e1fico de adopciones.<\/div>\n<div style=\"text-align: justify\"><\/div>\n<div style=\"text-align: justify\">El primer ministro haitiano, Jean-Max Bellerive, denunci\u00f3 que las redes de tr\u00e1fico de menores e incluso de tr\u00e1fico de \u00f3rganos se aprovecharon del caos posterior al terremoto y no ha dudado en calificar de \u00absecuestradores\u00bb a los estadounidenses detenidos el viernes.\u00a0Sin embargo, admiti\u00f3 la posibilidad de que realmente estuvieran actuando de buena fe con la intenci\u00f3n de ayudar a los menores.<\/div>\n<div style=\"text-align: justify\"><\/div>\n<div style=\"text-align: justify\">\u00abHemos dado literalmente todo lo que ten\u00edamos, nuestros ingresos, y utilizamos nuestros propios fondos para venir aqu\u00ed y ayudar a estos ni\u00f1os\u00bb, declar\u00f3 Silsby a CNN.<\/div>\n<div style=\"text-align: justify\"><\/div>\n<div style=\"text-align: justify\">\u00abDios es el que nos ha pedido venir aqu\u00ed y nosotros simplemente creimos que \u00e9sta era su voluntad\u00bb, afirm\u00f3 otra de las misioneras, Carla Thompson.<\/div>\n<div style=\"text-align: justify\"><\/div>\n","protected":false},"excerpt":{"rendered":"<p>Un juez haitiano analiza el caso de diez misioneros baptistas estadounidenses, detenidos el domingo \u00faltimo cuando intentaban sacar ilegalmente del pa\u00eds a 33 ni\u00f1os haitianos de entre dos meses y 10 a\u00f1os, para decidir si autoriza su traslado y enjuiciamiento en Estados Unidos, explic\u00f3 la ministra de Comunicaci\u00f3n haitiana, Marie Lassegue.\u00a0El juez revisa las pruebas [&hellip;]<\/p>\n","protected":false},"author":1,"featured_media":0,"comment_status":"open","ping_status":"open","sticky":false,"template":"","format":"standard","meta":{"tdm_status":"","tdm_grid_status":"","footnotes":""},"categories":[34],"tags":[],"class_list":{"0":"post-8601","1":"post","2":"type-post","3":"status-publish","4":"format-standard","6":"category-internacionales"},"yoast_head":"<!-- This site is optimized with the Yoast SEO plugin v25.1 - https:\/\/yoast.com\/wordpress\/plugins\/seo\/ -->\n<title>Hait\u00ed: diez misioneros podr\u00edan ser juzgados en Estados Unidos por tr\u00e1fico de menores<\/title>\n<meta name=\"description\" content=\"Portal de noticias del Per\u00fa sobre el transporte a\u00e9reo, aviaci\u00f3n, turismo, hoteleria, actualidad.\" \/>\n<meta name=\"robots\" content=\"index, follow, max-snippet:-1, max-image-preview:large, max-video-preview:-1\" \/>\n<link rel=\"canonical\" href=\"https:\/\/aeronoticias.com.pe\/noticiero\/internacionales\/haiti-diez-misioneros-podrian-ser-juzgados-en-estados-unidos-por-trafico-de-menores\/\" \/>\n<meta property=\"og:locale\" content=\"es_ES\" \/>\n<meta property=\"og:type\" content=\"article\" \/>\n<meta property=\"og:title\" content=\"Hait\u00ed: diez misioneros podr\u00edan ser juzgados en Estados Unidos por tr\u00e1fico de menores\" \/>\n<meta property=\"og:description\" content=\"Portal de noticias del Per\u00fa sobre el transporte a\u00e9reo, aviaci\u00f3n, turismo, hoteleria, actualidad.\" \/>\n<meta property=\"og:url\" content=\"https:\/\/aeronoticias.com.pe\/noticiero\/internacionales\/haiti-diez-misioneros-podrian-ser-juzgados-en-estados-unidos-por-trafico-de-menores\/\" \/>\n<meta property=\"og:site_name\" content=\"Aeronoticias.com.pe\" \/>\n<meta property=\"article:publisher\" content=\"https:\/\/www.facebook.com\/Aeronoticias.com.pe\/\" \/>\n<meta property=\"article:published_time\" content=\"2010-02-02T14:39:36+00:00\" \/>\n<meta name=\"author\" content=\"Redacci\u00f3n Aeronoticias\" \/>\n<meta name=\"twitter:card\" content=\"summary_large_image\" \/>\n<meta name=\"twitter:creator\" content=\"@aeronoticias\" \/>\n<meta name=\"twitter:site\" content=\"@aeronoticias\" \/>\n<meta name=\"twitter:label1\" content=\"Escrito por\" \/>\n\t<meta name=\"twitter:data1\" content=\"Redacci\u00f3n Aeronoticias\" \/>\n\t<meta name=\"twitter:label2\" content=\"Tiempo de lectura\" \/>\n\t<meta name=\"twitter:data2\" content=\"2 minutos\" \/>\n<script type=\"application\/ld+json\" class=\"yoast-schema-graph\">{\"@context\":\"https:\/\/schema.org\",\"@graph\":[{\"@type\":\"WebPage\",\"@id\":\"https:\/\/aeronoticias.com.pe\/noticiero\/internacionales\/haiti-diez-misioneros-podrian-ser-juzgados-en-estados-unidos-por-trafico-de-menores\/\",\"url\":\"https:\/\/aeronoticias.com.pe\/noticiero\/internacionales\/haiti-diez-misioneros-podrian-ser-juzgados-en-estados-unidos-por-trafico-de-menores\/\",\"name\":\"Hait\u00ed: diez misioneros podr\u00edan ser juzgados en Estados Unidos por tr\u00e1fico de menores\",\"isPartOf\":{\"@id\":\"https:\/\/aeronoticias.com.pe\/noticiero\/#website\"},\"datePublished\":\"2010-02-02T14:39:36+00:00\",\"author\":{\"@id\":\"https:\/\/aeronoticias.com.pe\/noticiero\/#\/schema\/person\/fc1e5d578f4b62ba1cf7ac2bba1170a0\"},\"description\":\"Portal de noticias del Per\u00fa sobre el transporte a\u00e9reo, aviaci\u00f3n, turismo, hoteleria, actualidad.\",\"breadcrumb\":{\"@id\":\"https:\/\/aeronoticias.com.pe\/noticiero\/internacionales\/haiti-diez-misioneros-podrian-ser-juzgados-en-estados-unidos-por-trafico-de-menores\/#breadcrumb\"},\"inLanguage\":\"es\",\"potentialAction\":[{\"@type\":\"ReadAction\",\"target\":[\"https:\/\/aeronoticias.com.pe\/noticiero\/internacionales\/haiti-diez-misioneros-podrian-ser-juzgados-en-estados-unidos-por-trafico-de-menores\/\"]}]},{\"@type\":\"BreadcrumbList\",\"@id\":\"https:\/\/aeronoticias.com.pe\/noticiero\/internacionales\/haiti-diez-misioneros-podrian-ser-juzgados-en-estados-unidos-por-trafico-de-menores\/#breadcrumb\",\"itemListElement\":[{\"@type\":\"ListItem\",\"position\":1,\"name\":\"Portada\",\"item\":\"https:\/\/aeronoticias.com.pe\/noticiero\/\"},{\"@type\":\"ListItem\",\"position\":2,\"name\":\"Hait\u00ed: diez misioneros podr\u00edan ser juzgados en Estados Unidos por tr\u00e1fico de menores\"}]},{\"@type\":\"WebSite\",\"@id\":\"https:\/\/aeronoticias.com.pe\/noticiero\/#website\",\"url\":\"https:\/\/aeronoticias.com.pe\/noticiero\/\",\"name\":\"Aeronoticias.com.pe\",\"description\":\"Noticias de tranporte aereo, turismo, hoteles, gastronomia, actualidad, internacional\",\"potentialAction\":[{\"@type\":\"SearchAction\",\"target\":{\"@type\":\"EntryPoint\",\"urlTemplate\":\"https:\/\/aeronoticias.com.pe\/noticiero\/?s={search_term_string}\"},\"query-input\":{\"@type\":\"PropertyValueSpecification\",\"valueRequired\":true,\"valueName\":\"search_term_string\"}}],\"inLanguage\":\"es\"},{\"@type\":\"Person\",\"@id\":\"https:\/\/aeronoticias.com.pe\/noticiero\/#\/schema\/person\/fc1e5d578f4b62ba1cf7ac2bba1170a0\",\"name\":\"Redacci\u00f3n Aeronoticias\",\"url\":\"https:\/\/aeronoticias.com.pe\/noticiero\/author\/piloto\/\"}]}<\/script>\n<!-- \/ Yoast SEO plugin. -->","yoast_head_json":{"title":"Hait\u00ed: diez misioneros podr\u00edan ser juzgados en Estados Unidos por tr\u00e1fico de menores","description":"Portal de noticias del Per\u00fa sobre el transporte a\u00e9reo, aviaci\u00f3n, turismo, hoteleria, actualidad.","robots":{"index":"index","follow":"follow","max-snippet":"max-snippet:-1","max-image-preview":"max-image-preview:large","max-video-preview":"max-video-preview:-1"},"canonical":"https:\/\/aeronoticias.com.pe\/noticiero\/internacionales\/haiti-diez-misioneros-podrian-ser-juzgados-en-estados-unidos-por-trafico-de-menores\/","og_locale":"es_ES","og_type":"article","og_title":"Hait\u00ed: diez misioneros podr\u00edan ser juzgados en Estados Unidos por tr\u00e1fico de menores","og_description":"Portal de noticias del Per\u00fa sobre el transporte a\u00e9reo, aviaci\u00f3n, turismo, hoteleria, actualidad.","og_url":"https:\/\/aeronoticias.com.pe\/noticiero\/internacionales\/haiti-diez-misioneros-podrian-ser-juzgados-en-estados-unidos-por-trafico-de-menores\/","og_site_name":"Aeronoticias.com.pe","article_publisher":"https:\/\/www.facebook.com\/Aeronoticias.com.pe\/","article_published_time":"2010-02-02T14:39:36+00:00","author":"Redacci\u00f3n Aeronoticias","twitter_card":"summary_large_image","twitter_creator":"@aeronoticias","twitter_site":"@aeronoticias","twitter_misc":{"Escrito por":"Redacci\u00f3n Aeronoticias","Tiempo de lectura":"2 minutos"},"schema":{"@context":"https:\/\/schema.org","@graph":[{"@type":"WebPage","@id":"https:\/\/aeronoticias.com.pe\/noticiero\/internacionales\/haiti-diez-misioneros-podrian-ser-juzgados-en-estados-unidos-por-trafico-de-menores\/","url":"https:\/\/aeronoticias.com.pe\/noticiero\/internacionales\/haiti-diez-misioneros-podrian-ser-juzgados-en-estados-unidos-por-trafico-de-menores\/","name":"Hait\u00ed: diez misioneros podr\u00edan ser juzgados en Estados Unidos por tr\u00e1fico de menores","isPartOf":{"@id":"https:\/\/aeronoticias.com.pe\/noticiero\/#website"},"datePublished":"2010-02-02T14:39:36+00:00","author":{"@id":"https:\/\/aeronoticias.com.pe\/noticiero\/#\/schema\/person\/fc1e5d578f4b62ba1cf7ac2bba1170a0"},"description":"Portal de noticias del Per\u00fa sobre el transporte a\u00e9reo, aviaci\u00f3n, turismo, hoteleria, actualidad.","breadcrumb":{"@id":"https:\/\/aeronoticias.com.pe\/noticiero\/internacionales\/haiti-diez-misioneros-podrian-ser-juzgados-en-estados-unidos-por-trafico-de-menores\/#breadcrumb"},"inLanguage":"es","potentialAction":[{"@type":"ReadAction","target":["https:\/\/aeronoticias.com.pe\/noticiero\/internacionales\/haiti-diez-misioneros-podrian-ser-juzgados-en-estados-unidos-por-trafico-de-menores\/"]}]},{"@type":"BreadcrumbList","@id":"https:\/\/aeronoticias.com.pe\/noticiero\/internacionales\/haiti-diez-misioneros-podrian-ser-juzgados-en-estados-unidos-por-trafico-de-menores\/#breadcrumb","itemListElement":[{"@type":"ListItem","position":1,"name":"Portada","item":"https:\/\/aeronoticias.com.pe\/noticiero\/"},{"@type":"ListItem","position":2,"name":"Hait\u00ed: diez misioneros podr\u00edan ser juzgados en Estados Unidos por tr\u00e1fico de menores"}]},{"@type":"WebSite","@id":"https:\/\/aeronoticias.com.pe\/noticiero\/#website","url":"https:\/\/aeronoticias.com.pe\/noticiero\/","name":"Aeronoticias.com.pe","description":"Noticias de tranporte aereo, turismo, hoteles, gastronomia, actualidad, internacional","potentialAction":[{"@type":"SearchAction","target":{"@type":"EntryPoint","urlTemplate":"https:\/\/aeronoticias.com.pe\/noticiero\/?s={search_term_string}"},"query-input":{"@type":"PropertyValueSpecification","valueRequired":true,"valueName":"search_term_string"}}],"inLanguage":"es"},{"@type":"Person","@id":"https:\/\/aeronoticias.com.pe\/noticiero\/#\/schema\/person\/fc1e5d578f4b62ba1cf7ac2bba1170a0","name":"Redacci\u00f3n Aeronoticias","url":"https:\/\/aeronoticias.com.pe\/noticiero\/author\/piloto\/"}]}},"_links":{"self":[{"href":"https:\/\/aeronoticias.com.pe\/noticiero\/wp-json\/wp\/v2\/posts\/8601","targetHints":{"allow":["GET"]}}],"collection":[{"href":"https:\/\/aeronoticias.com.pe\/noticiero\/wp-json\/wp\/v2\/posts"}],"about":[{"href":"https:\/\/aeronoticias.com.pe\/noticiero\/wp-json\/wp\/v2\/types\/post"}],"author":[{"embeddable":true,"href":"https:\/\/aeronoticias.com.pe\/noticiero\/wp-json\/wp\/v2\/users\/1"}],"replies":[{"embeddable":true,"href":"https:\/\/aeronoticias.com.pe\/noticiero\/wp-json\/wp\/v2\/comments?post=8601"}],"version-history":[{"count":0,"href":"https:\/\/aeronoticias.com.pe\/noticiero\/wp-json\/wp\/v2\/posts\/8601\/revisions"}],"wp:attachment":[{"href":"https:\/\/aeronoticias.com.pe\/noticiero\/wp-json\/wp\/v2\/media?parent=8601"}],"wp:term":[{"taxonomy":"category","embeddable":true,"href":"https:\/\/aeronoticias.com.pe\/noticiero\/wp-json\/wp\/v2\/categories?post=8601"},{"taxonomy":"post_tag","embeddable":true,"href":"https:\/\/aeronoticias.com.pe\/noticiero\/wp-json\/wp\/v2\/tags?post=8601"}],"curies":[{"name":"wp","href":"https:\/\/api.w.org\/{rel}","templated":true}]}}