{"id":8602,"date":"2010-02-02T14:44:32","date_gmt":"2010-02-02T14:44:32","guid":{"rendered":"http:\/\/desarrollo.mcvicious.com\/aero2020\/2010\/02\/02\/aprueban-internacionalizacion-de-aeroparque-jorge-newberry-en-argentina\/"},"modified":"2010-02-02T14:44:32","modified_gmt":"2010-02-02T14:44:32","slug":"aprueban-internacionalizacion-de-aeroparque-jorge-newberry-en-argentina","status":"publish","type":"post","link":"https:\/\/aeronoticias.com.pe\/noticiero\/transporte-aereo\/internacional\/aprueban-internacionalizacion-de-aeroparque-jorge-newberry-en-argentina\/","title":{"rendered":"Aprueban internacionalizaci\u00f3n de Aeroparque Jorge Newberry en Argentina"},"content":{"rendered":"<div style=\"text-align: justify\">Los organismos t\u00e9cnicos de la Administraci\u00f3n Nacional de Aviaci\u00f3n Civil (ANAC) del gobierno Argentino, con competencia en materia de leyes aeron\u00e1utica, presentaron sus conclusiones de las que surge que \u00abno existe impedimento alguno para acceder a la petici\u00f3n formulada, y consecuentemente disponer la internacionalizaci\u00f3n del Aeropuerto Jorge Newbery\u00bb.<\/div>\n<div style=\"text-align: justify\"><\/div>\n<div style=\"text-align: justify\">La internacionalizaci\u00f3n del aeroparque Jorge Newbery para que Aerol\u00edneas Argentinas pueda volar desde all\u00ed hacia Brasil, Paraguay y Chile, fue aprobada y comenzar\u00e1 a regir a partir del primero de marzo de este a\u00f1o.<\/div>\n<div style=\"text-align: justify\"><\/div>\n<div style=\"text-align: justify\">\n<div style=\"text-align: center\"><img decoding=\"async\" src=\"images\/stories\/10\/02\/020110\/Newberry.jpg\" border=\"0\" alt=\"Aprueban internacionalizaci\u00f3n de Aeroparque Jorge Newberry en Argentina \" title=\"Aprueban internacionalizaci\u00f3n de Aeroparque Jorge Newberry en Argentina \" \/><\/div>\n<\/div>\n<div style=\"text-align: justify\">La resoluci\u00f3n 265\/10 publicada hoy en el Bolet\u00edn Oficial, dispone que la decisi\u00f3n sea comunicada al Organismo Regulador del Sistema Nacional de Aeropuertos (ORSNA), a la Polic\u00eda de Seguridad Aeroportuaria (PCA), a la Direcci\u00f3n General de Aduanas, a la Direcci\u00f3n Nacional de Migraciones, al SENASA y a la Polic\u00eda Federal, para que intervengan dentro de sus competencias.<\/div>\n<div style=\"text-align: justify\"><\/div>\n<div style=\"text-align: justify\">Aerol\u00edneas Argentinas hab\u00eda efectuado una presentaci\u00f3n pidiendo la internacionalizaci\u00f3n del Aeroparque a partir del primero de marzo de 2010.<\/div>\n<div style=\"text-align: justify\"><\/div>\n<div style=\"text-align: justify\">La firma solicitante acompa\u00f1\u00f3 su presentaci\u00f3n con la programaci\u00f3n horaria regular de sus servicios a aprobar para el 2010.<\/div>\n<div style=\"text-align: justify\"><\/div>\n<div style=\"text-align: justify\"><strong>Aeronoticias <\/strong>considera que esta pol\u00e9mica iniciativa divide a la opini\u00f3n p\u00fablica en un contexto en el que por un lado se intenta reflotar la tan golpeada l\u00ednea de bandera argentina, hecho que consideramos positivo pero por otro lado se afecta la libre competencia del mercado aeron\u00e1utico argentino. La empresa fundament\u00f3 su petici\u00f3n en la necesidad de dar cumplimiento en forma adecuada al Plan General de Negocios que lleva adelante la misma (art. 3\u00ba de la Ley 26.466).<\/div>\n<div style=\"text-align: justify\"><\/div>\n<div style=\"text-align: justify\">\u00abPara la realizaci\u00f3n de los servicios internacionales regulares se tendr\u00e1 como instrumento elegido a Aerol\u00edneas Argentinas que queda as\u00ed designada como la empresa id\u00f3nea ejecutora de la pol\u00edtica aerocomercial de transporte del Estado&#8230;\u00bb, se se\u00f1ala en los considerandos de la resoluci\u00f3n difundida hoy.<\/div>\n<div style=\"text-align: justify\"><\/div>\n<div style=\"text-align: justify\">Dicha resoluci\u00f3n instruye adem\u00e1s a los organismos con jurisdicci\u00f3n en el \u00abJorge Newbery\u00bb, a fin de que implementen las medidas necesarias y pertinentes para posibilitar la operatoria proyectada para el aeroparque metropolitano.<\/div>\n<div style=\"text-align: justify\"><\/div>\n","protected":false},"excerpt":{"rendered":"<p>Los organismos t\u00e9cnicos de la Administraci\u00f3n Nacional de Aviaci\u00f3n Civil (ANAC) del gobierno Argentino, con competencia en materia de leyes aeron\u00e1utica, presentaron sus conclusiones de las que surge que \u00abno existe impedimento alguno para acceder a la petici\u00f3n formulada, y consecuentemente disponer la internacionalizaci\u00f3n del Aeropuerto Jorge Newbery\u00bb. La internacionalizaci\u00f3n del aeroparque Jorge Newbery para [&hellip;]<\/p>\n","protected":false},"author":1,"featured_media":0,"comment_status":"open","ping_status":"open","sticky":false,"template":"","format":"standard","meta":{"tdm_status":"","tdm_grid_status":"","footnotes":""},"categories":[32],"tags":[],"class_list":{"0":"post-8602","1":"post","2":"type-post","3":"status-publish","4":"format-standard","6":"category-internacional"},"yoast_head":"<!-- This site is optimized with the Yoast SEO plugin v25.1 - https:\/\/yoast.com\/wordpress\/plugins\/seo\/ -->\n<title>Aprueban internacionalizaci\u00f3n de Aeroparque Jorge Newberry en Argentina<\/title>\n<meta name=\"description\" content=\"Portal de noticias del Per\u00fa sobre el transporte a\u00e9reo, aviaci\u00f3n, turismo, hoteleria, actualidad.\" \/>\n<meta name=\"robots\" content=\"index, follow, max-snippet:-1, max-image-preview:large, max-video-preview:-1\" \/>\n<link rel=\"canonical\" href=\"https:\/\/aeronoticias.com.pe\/noticiero\/transporte-aereo\/internacional\/aprueban-internacionalizacion-de-aeroparque-jorge-newberry-en-argentina\/\" \/>\n<meta property=\"og:locale\" content=\"es_ES\" \/>\n<meta property=\"og:type\" content=\"article\" \/>\n<meta property=\"og:title\" content=\"Aprueban internacionalizaci\u00f3n de Aeroparque Jorge Newberry en Argentina\" \/>\n<meta property=\"og:description\" content=\"Portal de noticias del Per\u00fa sobre el transporte a\u00e9reo, aviaci\u00f3n, turismo, hoteleria, actualidad.\" \/>\n<meta property=\"og:url\" content=\"https:\/\/aeronoticias.com.pe\/noticiero\/transporte-aereo\/internacional\/aprueban-internacionalizacion-de-aeroparque-jorge-newberry-en-argentina\/\" \/>\n<meta property=\"og:site_name\" content=\"Aeronoticias.com.pe\" \/>\n<meta property=\"article:publisher\" content=\"https:\/\/www.facebook.com\/Aeronoticias.com.pe\/\" \/>\n<meta property=\"article:published_time\" content=\"2010-02-02T14:44:32+00:00\" \/>\n<meta name=\"author\" content=\"Redacci\u00f3n Aeronoticias\" \/>\n<meta name=\"twitter:card\" content=\"summary_large_image\" \/>\n<meta name=\"twitter:creator\" content=\"@aeronoticias\" \/>\n<meta name=\"twitter:site\" content=\"@aeronoticias\" \/>\n<meta name=\"twitter:label1\" content=\"Escrito por\" \/>\n\t<meta name=\"twitter:data1\" content=\"Redacci\u00f3n Aeronoticias\" \/>\n\t<meta name=\"twitter:label2\" content=\"Tiempo de lectura\" \/>\n\t<meta name=\"twitter:data2\" content=\"2 minutos\" \/>\n<script type=\"application\/ld+json\" class=\"yoast-schema-graph\">{\"@context\":\"https:\/\/schema.org\",\"@graph\":[{\"@type\":\"WebPage\",\"@id\":\"https:\/\/aeronoticias.com.pe\/noticiero\/transporte-aereo\/internacional\/aprueban-internacionalizacion-de-aeroparque-jorge-newberry-en-argentina\/\",\"url\":\"https:\/\/aeronoticias.com.pe\/noticiero\/transporte-aereo\/internacional\/aprueban-internacionalizacion-de-aeroparque-jorge-newberry-en-argentina\/\",\"name\":\"Aprueban internacionalizaci\u00f3n de Aeroparque Jorge Newberry en Argentina\",\"isPartOf\":{\"@id\":\"https:\/\/aeronoticias.com.pe\/noticiero\/#website\"},\"datePublished\":\"2010-02-02T14:44:32+00:00\",\"author\":{\"@id\":\"https:\/\/aeronoticias.com.pe\/noticiero\/#\/schema\/person\/fc1e5d578f4b62ba1cf7ac2bba1170a0\"},\"description\":\"Portal de noticias del Per\u00fa sobre el transporte a\u00e9reo, aviaci\u00f3n, turismo, hoteleria, actualidad.\",\"breadcrumb\":{\"@id\":\"https:\/\/aeronoticias.com.pe\/noticiero\/transporte-aereo\/internacional\/aprueban-internacionalizacion-de-aeroparque-jorge-newberry-en-argentina\/#breadcrumb\"},\"inLanguage\":\"es\",\"potentialAction\":[{\"@type\":\"ReadAction\",\"target\":[\"https:\/\/aeronoticias.com.pe\/noticiero\/transporte-aereo\/internacional\/aprueban-internacionalizacion-de-aeroparque-jorge-newberry-en-argentina\/\"]}]},{\"@type\":\"BreadcrumbList\",\"@id\":\"https:\/\/aeronoticias.com.pe\/noticiero\/transporte-aereo\/internacional\/aprueban-internacionalizacion-de-aeroparque-jorge-newberry-en-argentina\/#breadcrumb\",\"itemListElement\":[{\"@type\":\"ListItem\",\"position\":1,\"name\":\"Portada\",\"item\":\"https:\/\/aeronoticias.com.pe\/noticiero\/\"},{\"@type\":\"ListItem\",\"position\":2,\"name\":\"Aprueban internacionalizaci\u00f3n de Aeroparque Jorge Newberry en Argentina\"}]},{\"@type\":\"WebSite\",\"@id\":\"https:\/\/aeronoticias.com.pe\/noticiero\/#website\",\"url\":\"https:\/\/aeronoticias.com.pe\/noticiero\/\",\"name\":\"Aeronoticias.com.pe\",\"description\":\"Noticias de tranporte aereo, turismo, hoteles, gastronomia, actualidad, internacional\",\"potentialAction\":[{\"@type\":\"SearchAction\",\"target\":{\"@type\":\"EntryPoint\",\"urlTemplate\":\"https:\/\/aeronoticias.com.pe\/noticiero\/?s={search_term_string}\"},\"query-input\":{\"@type\":\"PropertyValueSpecification\",\"valueRequired\":true,\"valueName\":\"search_term_string\"}}],\"inLanguage\":\"es\"},{\"@type\":\"Person\",\"@id\":\"https:\/\/aeronoticias.com.pe\/noticiero\/#\/schema\/person\/fc1e5d578f4b62ba1cf7ac2bba1170a0\",\"name\":\"Redacci\u00f3n Aeronoticias\",\"url\":\"https:\/\/aeronoticias.com.pe\/noticiero\/author\/piloto\/\"}]}<\/script>\n<!-- \/ Yoast SEO plugin. -->","yoast_head_json":{"title":"Aprueban internacionalizaci\u00f3n de Aeroparque Jorge Newberry en Argentina","description":"Portal de noticias del Per\u00fa sobre el transporte a\u00e9reo, aviaci\u00f3n, turismo, hoteleria, actualidad.","robots":{"index":"index","follow":"follow","max-snippet":"max-snippet:-1","max-image-preview":"max-image-preview:large","max-video-preview":"max-video-preview:-1"},"canonical":"https:\/\/aeronoticias.com.pe\/noticiero\/transporte-aereo\/internacional\/aprueban-internacionalizacion-de-aeroparque-jorge-newberry-en-argentina\/","og_locale":"es_ES","og_type":"article","og_title":"Aprueban internacionalizaci\u00f3n de Aeroparque Jorge Newberry en Argentina","og_description":"Portal de noticias del Per\u00fa sobre el transporte a\u00e9reo, aviaci\u00f3n, turismo, hoteleria, actualidad.","og_url":"https:\/\/aeronoticias.com.pe\/noticiero\/transporte-aereo\/internacional\/aprueban-internacionalizacion-de-aeroparque-jorge-newberry-en-argentina\/","og_site_name":"Aeronoticias.com.pe","article_publisher":"https:\/\/www.facebook.com\/Aeronoticias.com.pe\/","article_published_time":"2010-02-02T14:44:32+00:00","author":"Redacci\u00f3n Aeronoticias","twitter_card":"summary_large_image","twitter_creator":"@aeronoticias","twitter_site":"@aeronoticias","twitter_misc":{"Escrito por":"Redacci\u00f3n Aeronoticias","Tiempo de lectura":"2 minutos"},"schema":{"@context":"https:\/\/schema.org","@graph":[{"@type":"WebPage","@id":"https:\/\/aeronoticias.com.pe\/noticiero\/transporte-aereo\/internacional\/aprueban-internacionalizacion-de-aeroparque-jorge-newberry-en-argentina\/","url":"https:\/\/aeronoticias.com.pe\/noticiero\/transporte-aereo\/internacional\/aprueban-internacionalizacion-de-aeroparque-jorge-newberry-en-argentina\/","name":"Aprueban internacionalizaci\u00f3n de Aeroparque Jorge Newberry en Argentina","isPartOf":{"@id":"https:\/\/aeronoticias.com.pe\/noticiero\/#website"},"datePublished":"2010-02-02T14:44:32+00:00","author":{"@id":"https:\/\/aeronoticias.com.pe\/noticiero\/#\/schema\/person\/fc1e5d578f4b62ba1cf7ac2bba1170a0"},"description":"Portal de noticias del Per\u00fa sobre el transporte a\u00e9reo, aviaci\u00f3n, turismo, hoteleria, actualidad.","breadcrumb":{"@id":"https:\/\/aeronoticias.com.pe\/noticiero\/transporte-aereo\/internacional\/aprueban-internacionalizacion-de-aeroparque-jorge-newberry-en-argentina\/#breadcrumb"},"inLanguage":"es","potentialAction":[{"@type":"ReadAction","target":["https:\/\/aeronoticias.com.pe\/noticiero\/transporte-aereo\/internacional\/aprueban-internacionalizacion-de-aeroparque-jorge-newberry-en-argentina\/"]}]},{"@type":"BreadcrumbList","@id":"https:\/\/aeronoticias.com.pe\/noticiero\/transporte-aereo\/internacional\/aprueban-internacionalizacion-de-aeroparque-jorge-newberry-en-argentina\/#breadcrumb","itemListElement":[{"@type":"ListItem","position":1,"name":"Portada","item":"https:\/\/aeronoticias.com.pe\/noticiero\/"},{"@type":"ListItem","position":2,"name":"Aprueban internacionalizaci\u00f3n de Aeroparque Jorge Newberry en Argentina"}]},{"@type":"WebSite","@id":"https:\/\/aeronoticias.com.pe\/noticiero\/#website","url":"https:\/\/aeronoticias.com.pe\/noticiero\/","name":"Aeronoticias.com.pe","description":"Noticias de tranporte aereo, turismo, hoteles, gastronomia, actualidad, internacional","potentialAction":[{"@type":"SearchAction","target":{"@type":"EntryPoint","urlTemplate":"https:\/\/aeronoticias.com.pe\/noticiero\/?s={search_term_string}"},"query-input":{"@type":"PropertyValueSpecification","valueRequired":true,"valueName":"search_term_string"}}],"inLanguage":"es"},{"@type":"Person","@id":"https:\/\/aeronoticias.com.pe\/noticiero\/#\/schema\/person\/fc1e5d578f4b62ba1cf7ac2bba1170a0","name":"Redacci\u00f3n Aeronoticias","url":"https:\/\/aeronoticias.com.pe\/noticiero\/author\/piloto\/"}]}},"_links":{"self":[{"href":"https:\/\/aeronoticias.com.pe\/noticiero\/wp-json\/wp\/v2\/posts\/8602","targetHints":{"allow":["GET"]}}],"collection":[{"href":"https:\/\/aeronoticias.com.pe\/noticiero\/wp-json\/wp\/v2\/posts"}],"about":[{"href":"https:\/\/aeronoticias.com.pe\/noticiero\/wp-json\/wp\/v2\/types\/post"}],"author":[{"embeddable":true,"href":"https:\/\/aeronoticias.com.pe\/noticiero\/wp-json\/wp\/v2\/users\/1"}],"replies":[{"embeddable":true,"href":"https:\/\/aeronoticias.com.pe\/noticiero\/wp-json\/wp\/v2\/comments?post=8602"}],"version-history":[{"count":0,"href":"https:\/\/aeronoticias.com.pe\/noticiero\/wp-json\/wp\/v2\/posts\/8602\/revisions"}],"wp:attachment":[{"href":"https:\/\/aeronoticias.com.pe\/noticiero\/wp-json\/wp\/v2\/media?parent=8602"}],"wp:term":[{"taxonomy":"category","embeddable":true,"href":"https:\/\/aeronoticias.com.pe\/noticiero\/wp-json\/wp\/v2\/categories?post=8602"},{"taxonomy":"post_tag","embeddable":true,"href":"https:\/\/aeronoticias.com.pe\/noticiero\/wp-json\/wp\/v2\/tags?post=8602"}],"curies":[{"name":"wp","href":"https:\/\/api.w.org\/{rel}","templated":true}]}}