{"id":8603,"date":"2010-02-02T14:51:20","date_gmt":"2010-02-02T14:51:20","guid":{"rendered":"http:\/\/desarrollo.mcvicious.com\/aero2020\/2010\/02\/02\/hoy-se-da-inicio-al-carnaval-cajamarquino\/"},"modified":"2010-02-02T14:51:20","modified_gmt":"2010-02-02T14:51:20","slug":"hoy-se-da-inicio-al-carnaval-cajamarquino","status":"publish","type":"post","link":"https:\/\/aeronoticias.com.pe\/noticiero\/turismo\/13\/hoy-se-da-inicio-al-carnaval-cajamarquino\/","title":{"rendered":"Hoy se da inicio al Carnaval Cajamarquino"},"content":{"rendered":"<div align=\"justify\">Hoy empieza el tradicional carnaval cajamarquino que espera la llegada de unos 30 mil turistas nacionales y extranjeros para participar de la celebraci\u00f3n de dicha fiesta popular que se prolongar\u00e1 hasta el 27 de febrero. <\/p>\n<p>Como cada a\u00f1o, el recorrido comenzar\u00e1 en la municipalidad provincial de Cajamarca, ubicada a una cuadra de la Plaza Mayor, y seguir\u00e1 por el jir\u00f3n Jun\u00edn, plazuela San Pedro, jir\u00f3n Jos\u00e9 G\u00e1lvez, Angamos, Arr\u00f3spide de Loyola, avenida 13 de Julio, jir\u00f3n del Comercio, Plaza Mayor, jir\u00f3n Dos de Mayo, las avenidas Mario Urteaga, El Maestro, Los H\u00e9roes, Independencia y Silva Santisteban.<\/p><\/div>\n<div align=\"justify\">\u00a0<\/div>\n<div align=\"justify\">\n<div style=\"text-align: center\"><img loading=\"lazy\" decoding=\"async\" src=\"images\/stories\/10\/02\/020110\/ccajamarca.jpg\" border=\"0\" alt=\"Hoy se da inicio al Carnaval Cajamarquino\" title=\"Hoy se da inicio al Carnaval Cajamarquino\" width=\"400\" height=\"266\" \/><\/div>\n<\/div>\n<div align=\"justify\">\u00a0<\/div>\n<div align=\"justify\">William Amayo, presidente de la Asociaci\u00f3n de Barrios, indic\u00f3 que todo est\u00e1 listo para dar inicio a la fiesta cajamarquina a las 11:00 horas.<\/p>\n<p>Todos los barrios participar\u00e1n en el bando carnavalesco, el cual ser\u00e1 encabezado por los directivos del Patronato del Carnaval de Cajamarca, que preside Kori Lezama, esposa del alcalde provincial Marco La Torre.<\/p>\n<p>Durante el recorrido, las delegaciones distribuir\u00e1n al p\u00fablico afiches, el programa general de la fiesta y serpentinas, y cantar\u00e1n y danzar\u00e1n al ritmo de las coplas de carnaval.<\/p>\n<p>El pasacalle finalizar\u00e1 en el barrio San Sebasti\u00e1n, dando inicio al Festival de la Chicha y el Pan en la plazuela Los H\u00e9roes. En esta actividad participan los vecinos en un concurso del plato t\u00edpico de Cajamarca denominado el frito (papa sancochada con tripas de chancho) y el cebiche, acompa\u00f1ado de la refrescante chicha de jora y man\u00ed.<\/p>\n<p>Las actividades siguen ma\u00f1ana mi\u00e9rcoles, a las 10:00 horas, con la presentaci\u00f3n de las candidatas a reina carnaval, evento que se desarrollar\u00e1 en las instalaciones del Hotel Laguna Seca, en el distrito de Ba\u00f1os del Inca.<\/p>\n<p>El 4 de febrero, a las 20:00 horas, se realizar\u00e1 el tradicional Jueves de Compadres en la plazuela Jos\u00e9 G\u00e1lvez del barrio San Pedro. Al d\u00eda siguiente, a las 20:00 horas, ser\u00e1 la primera noche de reinado en el coliseo San Ram\u00f3n, donde todas las candidatas a la corona se presentar\u00e1n ante el p\u00fablico. Esa noche se elegir\u00e1 a la reina infantil.<\/p>\n<p>La reina carnaval 2010 se har\u00e1 acreedora de un autom\u00f3vil cero kil\u00f3metros que ya se exhibe en el Hotel Costa del Sol en la Plaza Mayor<\/p>\n<p><\/div>\n","protected":false},"excerpt":{"rendered":"<p>Hoy empieza el tradicional carnaval cajamarquino que espera la llegada de unos 30 mil turistas nacionales y extranjeros para participar de la celebraci\u00f3n de dicha fiesta popular que se prolongar\u00e1 hasta el 27 de febrero. Como cada a\u00f1o, el recorrido comenzar\u00e1 en la municipalidad provincial de Cajamarca, ubicada a una cuadra de la Plaza Mayor, [&hellip;]<\/p>\n","protected":false},"author":1,"featured_media":0,"comment_status":"open","ping_status":"open","sticky":false,"template":"","format":"standard","meta":{"tdm_status":"","tdm_grid_status":"","footnotes":""},"categories":[31],"tags":[],"class_list":{"0":"post-8603","1":"post","2":"type-post","3":"status-publish","4":"format-standard","6":"category-31"},"yoast_head":"<!-- This site is optimized with the Yoast SEO plugin v25.1 - https:\/\/yoast.com\/wordpress\/plugins\/seo\/ -->\n<title>Hoy se da inicio al Carnaval Cajamarquino<\/title>\n<meta name=\"description\" content=\"Portal de noticias del Per\u00fa sobre el transporte a\u00e9reo, aviaci\u00f3n, turismo, hoteleria, actualidad.\" \/>\n<meta name=\"robots\" content=\"index, follow, max-snippet:-1, max-image-preview:large, max-video-preview:-1\" \/>\n<link rel=\"canonical\" href=\"https:\/\/aeronoticias.com.pe\/noticiero\/turismo\/13\/hoy-se-da-inicio-al-carnaval-cajamarquino\/\" \/>\n<meta property=\"og:locale\" content=\"es_ES\" \/>\n<meta property=\"og:type\" content=\"article\" \/>\n<meta property=\"og:title\" content=\"Hoy se da inicio al Carnaval Cajamarquino\" \/>\n<meta property=\"og:description\" content=\"Portal de noticias del Per\u00fa sobre el transporte a\u00e9reo, aviaci\u00f3n, turismo, hoteleria, actualidad.\" \/>\n<meta property=\"og:url\" content=\"https:\/\/aeronoticias.com.pe\/noticiero\/turismo\/13\/hoy-se-da-inicio-al-carnaval-cajamarquino\/\" \/>\n<meta property=\"og:site_name\" content=\"Aeronoticias.com.pe\" \/>\n<meta property=\"article:publisher\" content=\"https:\/\/www.facebook.com\/Aeronoticias.com.pe\/\" \/>\n<meta property=\"article:published_time\" content=\"2010-02-02T14:51:20+00:00\" \/>\n<meta name=\"author\" content=\"Redacci\u00f3n Aeronoticias\" \/>\n<meta name=\"twitter:card\" content=\"summary_large_image\" \/>\n<meta name=\"twitter:creator\" content=\"@aeronoticias\" \/>\n<meta name=\"twitter:site\" content=\"@aeronoticias\" \/>\n<meta name=\"twitter:label1\" content=\"Escrito por\" \/>\n\t<meta name=\"twitter:data1\" content=\"Redacci\u00f3n Aeronoticias\" \/>\n\t<meta name=\"twitter:label2\" content=\"Tiempo de lectura\" \/>\n\t<meta name=\"twitter:data2\" content=\"2 minutos\" \/>\n<script type=\"application\/ld+json\" class=\"yoast-schema-graph\">{\"@context\":\"https:\/\/schema.org\",\"@graph\":[{\"@type\":\"WebPage\",\"@id\":\"https:\/\/aeronoticias.com.pe\/noticiero\/turismo\/13\/hoy-se-da-inicio-al-carnaval-cajamarquino\/\",\"url\":\"https:\/\/aeronoticias.com.pe\/noticiero\/turismo\/13\/hoy-se-da-inicio-al-carnaval-cajamarquino\/\",\"name\":\"Hoy se da inicio al Carnaval Cajamarquino\",\"isPartOf\":{\"@id\":\"https:\/\/aeronoticias.com.pe\/noticiero\/#website\"},\"datePublished\":\"2010-02-02T14:51:20+00:00\",\"author\":{\"@id\":\"https:\/\/aeronoticias.com.pe\/noticiero\/#\/schema\/person\/fc1e5d578f4b62ba1cf7ac2bba1170a0\"},\"description\":\"Portal de noticias del Per\u00fa sobre el transporte a\u00e9reo, aviaci\u00f3n, turismo, hoteleria, actualidad.\",\"breadcrumb\":{\"@id\":\"https:\/\/aeronoticias.com.pe\/noticiero\/turismo\/13\/hoy-se-da-inicio-al-carnaval-cajamarquino\/#breadcrumb\"},\"inLanguage\":\"es\",\"potentialAction\":[{\"@type\":\"ReadAction\",\"target\":[\"https:\/\/aeronoticias.com.pe\/noticiero\/turismo\/13\/hoy-se-da-inicio-al-carnaval-cajamarquino\/\"]}]},{\"@type\":\"BreadcrumbList\",\"@id\":\"https:\/\/aeronoticias.com.pe\/noticiero\/turismo\/13\/hoy-se-da-inicio-al-carnaval-cajamarquino\/#breadcrumb\",\"itemListElement\":[{\"@type\":\"ListItem\",\"position\":1,\"name\":\"Portada\",\"item\":\"https:\/\/aeronoticias.com.pe\/noticiero\/\"},{\"@type\":\"ListItem\",\"position\":2,\"name\":\"Hoy se da inicio al Carnaval Cajamarquino\"}]},{\"@type\":\"WebSite\",\"@id\":\"https:\/\/aeronoticias.com.pe\/noticiero\/#website\",\"url\":\"https:\/\/aeronoticias.com.pe\/noticiero\/\",\"name\":\"Aeronoticias.com.pe\",\"description\":\"Noticias de tranporte aereo, turismo, hoteles, gastronomia, actualidad, internacional\",\"potentialAction\":[{\"@type\":\"SearchAction\",\"target\":{\"@type\":\"EntryPoint\",\"urlTemplate\":\"https:\/\/aeronoticias.com.pe\/noticiero\/?s={search_term_string}\"},\"query-input\":{\"@type\":\"PropertyValueSpecification\",\"valueRequired\":true,\"valueName\":\"search_term_string\"}}],\"inLanguage\":\"es\"},{\"@type\":\"Person\",\"@id\":\"https:\/\/aeronoticias.com.pe\/noticiero\/#\/schema\/person\/fc1e5d578f4b62ba1cf7ac2bba1170a0\",\"name\":\"Redacci\u00f3n Aeronoticias\",\"url\":\"https:\/\/aeronoticias.com.pe\/noticiero\/author\/piloto\/\"}]}<\/script>\n<!-- \/ Yoast SEO plugin. -->","yoast_head_json":{"title":"Hoy se da inicio al Carnaval Cajamarquino","description":"Portal de noticias del Per\u00fa sobre el transporte a\u00e9reo, aviaci\u00f3n, turismo, hoteleria, actualidad.","robots":{"index":"index","follow":"follow","max-snippet":"max-snippet:-1","max-image-preview":"max-image-preview:large","max-video-preview":"max-video-preview:-1"},"canonical":"https:\/\/aeronoticias.com.pe\/noticiero\/turismo\/13\/hoy-se-da-inicio-al-carnaval-cajamarquino\/","og_locale":"es_ES","og_type":"article","og_title":"Hoy se da inicio al Carnaval Cajamarquino","og_description":"Portal de noticias del Per\u00fa sobre el transporte a\u00e9reo, aviaci\u00f3n, turismo, hoteleria, actualidad.","og_url":"https:\/\/aeronoticias.com.pe\/noticiero\/turismo\/13\/hoy-se-da-inicio-al-carnaval-cajamarquino\/","og_site_name":"Aeronoticias.com.pe","article_publisher":"https:\/\/www.facebook.com\/Aeronoticias.com.pe\/","article_published_time":"2010-02-02T14:51:20+00:00","author":"Redacci\u00f3n Aeronoticias","twitter_card":"summary_large_image","twitter_creator":"@aeronoticias","twitter_site":"@aeronoticias","twitter_misc":{"Escrito por":"Redacci\u00f3n Aeronoticias","Tiempo de lectura":"2 minutos"},"schema":{"@context":"https:\/\/schema.org","@graph":[{"@type":"WebPage","@id":"https:\/\/aeronoticias.com.pe\/noticiero\/turismo\/13\/hoy-se-da-inicio-al-carnaval-cajamarquino\/","url":"https:\/\/aeronoticias.com.pe\/noticiero\/turismo\/13\/hoy-se-da-inicio-al-carnaval-cajamarquino\/","name":"Hoy se da inicio al Carnaval Cajamarquino","isPartOf":{"@id":"https:\/\/aeronoticias.com.pe\/noticiero\/#website"},"datePublished":"2010-02-02T14:51:20+00:00","author":{"@id":"https:\/\/aeronoticias.com.pe\/noticiero\/#\/schema\/person\/fc1e5d578f4b62ba1cf7ac2bba1170a0"},"description":"Portal de noticias del Per\u00fa sobre el transporte a\u00e9reo, aviaci\u00f3n, turismo, hoteleria, actualidad.","breadcrumb":{"@id":"https:\/\/aeronoticias.com.pe\/noticiero\/turismo\/13\/hoy-se-da-inicio-al-carnaval-cajamarquino\/#breadcrumb"},"inLanguage":"es","potentialAction":[{"@type":"ReadAction","target":["https:\/\/aeronoticias.com.pe\/noticiero\/turismo\/13\/hoy-se-da-inicio-al-carnaval-cajamarquino\/"]}]},{"@type":"BreadcrumbList","@id":"https:\/\/aeronoticias.com.pe\/noticiero\/turismo\/13\/hoy-se-da-inicio-al-carnaval-cajamarquino\/#breadcrumb","itemListElement":[{"@type":"ListItem","position":1,"name":"Portada","item":"https:\/\/aeronoticias.com.pe\/noticiero\/"},{"@type":"ListItem","position":2,"name":"Hoy se da inicio al Carnaval Cajamarquino"}]},{"@type":"WebSite","@id":"https:\/\/aeronoticias.com.pe\/noticiero\/#website","url":"https:\/\/aeronoticias.com.pe\/noticiero\/","name":"Aeronoticias.com.pe","description":"Noticias de tranporte aereo, turismo, hoteles, gastronomia, actualidad, internacional","potentialAction":[{"@type":"SearchAction","target":{"@type":"EntryPoint","urlTemplate":"https:\/\/aeronoticias.com.pe\/noticiero\/?s={search_term_string}"},"query-input":{"@type":"PropertyValueSpecification","valueRequired":true,"valueName":"search_term_string"}}],"inLanguage":"es"},{"@type":"Person","@id":"https:\/\/aeronoticias.com.pe\/noticiero\/#\/schema\/person\/fc1e5d578f4b62ba1cf7ac2bba1170a0","name":"Redacci\u00f3n Aeronoticias","url":"https:\/\/aeronoticias.com.pe\/noticiero\/author\/piloto\/"}]}},"_links":{"self":[{"href":"https:\/\/aeronoticias.com.pe\/noticiero\/wp-json\/wp\/v2\/posts\/8603","targetHints":{"allow":["GET"]}}],"collection":[{"href":"https:\/\/aeronoticias.com.pe\/noticiero\/wp-json\/wp\/v2\/posts"}],"about":[{"href":"https:\/\/aeronoticias.com.pe\/noticiero\/wp-json\/wp\/v2\/types\/post"}],"author":[{"embeddable":true,"href":"https:\/\/aeronoticias.com.pe\/noticiero\/wp-json\/wp\/v2\/users\/1"}],"replies":[{"embeddable":true,"href":"https:\/\/aeronoticias.com.pe\/noticiero\/wp-json\/wp\/v2\/comments?post=8603"}],"version-history":[{"count":0,"href":"https:\/\/aeronoticias.com.pe\/noticiero\/wp-json\/wp\/v2\/posts\/8603\/revisions"}],"wp:attachment":[{"href":"https:\/\/aeronoticias.com.pe\/noticiero\/wp-json\/wp\/v2\/media?parent=8603"}],"wp:term":[{"taxonomy":"category","embeddable":true,"href":"https:\/\/aeronoticias.com.pe\/noticiero\/wp-json\/wp\/v2\/categories?post=8603"},{"taxonomy":"post_tag","embeddable":true,"href":"https:\/\/aeronoticias.com.pe\/noticiero\/wp-json\/wp\/v2\/tags?post=8603"}],"curies":[{"name":"wp","href":"https:\/\/api.w.org\/{rel}","templated":true}]}}