{"id":8604,"date":"2010-02-02T14:55:26","date_gmt":"2010-02-02T14:55:26","guid":{"rendered":"http:\/\/desarrollo.mcvicious.com\/aero2020\/2010\/02\/02\/este-jueves-y-viernes-sera-el-festival-del-pisco-sour-en-asia\/"},"modified":"2010-02-02T14:55:26","modified_gmt":"2010-02-02T14:55:26","slug":"este-jueves-y-viernes-sera-el-festival-del-pisco-sour-en-asia","status":"publish","type":"post","link":"https:\/\/aeronoticias.com.pe\/noticiero\/turismo\/13\/este-jueves-y-viernes-sera-el-festival-del-pisco-sour-en-asia\/","title":{"rendered":"Este jueves y viernes ser\u00e1 el Festival del Pisco Sour en Asia"},"content":{"rendered":"<div style=\"text-align: justify\">Este jueves 4 y viernes 5 el balneario de Asia ser\u00e1 escenario del V Festival del Pisco Sour, que tendr\u00e1 lugar en el marco de las celebraciones por el D\u00eda de este c\u00f3ctel.<\/div>\n<div style=\"text-align: justify\">\u00a0<\/div>\n<div style=\"text-align: justify\">En el bulevar de Asia habr\u00e1 una celebraci\u00f3n especial con degustaciones el primer s\u00e1bado de febrero, d\u00eda oficial de \u00a0nuestro c\u00f3ctel de bandera, como lo estableci\u00f3 una resoluci\u00f3n del Ministerio de la Producci\u00f3n.<\/div>\n<div style=\"text-align: justify\">\n<div style=\"text-align: center\"><img decoding=\"async\" src=\"images\/stories\/10\/02\/020110\/fpisco.jpg\" border=\"0\" alt=\"Este jueves y viernes ser\u00e1 el Festival del Pisco Sour en Asia\" title=\"Este jueves y viernes ser\u00e1 el Festival del Pisco Sour en Asia\" \/><\/div>\n<\/div>\n<div style=\"text-align: justify\">Ese portafolio inform\u00f3 asimismo, que la elaboraci\u00f3n de pisco ha crecido m\u00e1s de cuatro veces en la \u00faltima d\u00e9cada, pasando de 1.64 millones de litros en el a\u00f1o 2002 a 6.67 millones en el 2009.<\/div>\n<div style=\"text-align: justify\"><\/div>\n<div style=\"text-align: justify\"><strong>Aeronoticias<\/strong> considera que el Festival del Pisco es positivo en un contexto en el que se tiene que seguir promoviendo una de las instituciones hist\u00f3ricas m\u00e1s importantes de la cultura peruana como es el Pisco.\u00a0<\/div>\n<div style=\"text-align: justify\">\u00a0<\/div>\n<div style=\"text-align: justify\">Asimismo, las exportaciones se han incrementado 11 veces, de 18,338 litros en el 2002 a 213,078 litros al cierre del a\u00f1o pasado, se\u00f1al\u00f3 el viceministro de Mype e Industria, Jos\u00e9 Luis Chicoma.<\/div>\n<div style=\"text-align: justify\"><\/div>\n","protected":false},"excerpt":{"rendered":"<p>Este jueves 4 y viernes 5 el balneario de Asia ser\u00e1 escenario del V Festival del Pisco Sour, que tendr\u00e1 lugar en el marco de las celebraciones por el D\u00eda de este c\u00f3ctel. \u00a0 En el bulevar de Asia habr\u00e1 una celebraci\u00f3n especial con degustaciones el primer s\u00e1bado de febrero, d\u00eda oficial de \u00a0nuestro c\u00f3ctel [&hellip;]<\/p>\n","protected":false},"author":1,"featured_media":0,"comment_status":"open","ping_status":"open","sticky":false,"template":"","format":"standard","meta":{"tdm_status":"","tdm_grid_status":"","footnotes":""},"categories":[31],"tags":[],"class_list":{"0":"post-8604","1":"post","2":"type-post","3":"status-publish","4":"format-standard","6":"category-31"},"yoast_head":"<!-- This site is optimized with the Yoast SEO plugin v25.1 - https:\/\/yoast.com\/wordpress\/plugins\/seo\/ -->\n<title>Este jueves y viernes ser\u00e1 el Festival del Pisco Sour en Asia<\/title>\n<meta name=\"description\" content=\"Portal de noticias del Per\u00fa sobre el transporte a\u00e9reo, aviaci\u00f3n, turismo, hoteleria, actualidad.\" \/>\n<meta name=\"robots\" content=\"index, follow, max-snippet:-1, max-image-preview:large, max-video-preview:-1\" \/>\n<link rel=\"canonical\" href=\"https:\/\/aeronoticias.com.pe\/noticiero\/turismo\/13\/este-jueves-y-viernes-sera-el-festival-del-pisco-sour-en-asia\/\" \/>\n<meta property=\"og:locale\" content=\"es_ES\" \/>\n<meta property=\"og:type\" content=\"article\" \/>\n<meta property=\"og:title\" content=\"Este jueves y viernes ser\u00e1 el Festival del Pisco Sour en Asia\" \/>\n<meta property=\"og:description\" content=\"Portal de noticias del Per\u00fa sobre el transporte a\u00e9reo, aviaci\u00f3n, turismo, hoteleria, actualidad.\" \/>\n<meta property=\"og:url\" content=\"https:\/\/aeronoticias.com.pe\/noticiero\/turismo\/13\/este-jueves-y-viernes-sera-el-festival-del-pisco-sour-en-asia\/\" \/>\n<meta property=\"og:site_name\" content=\"Aeronoticias.com.pe\" \/>\n<meta property=\"article:publisher\" content=\"https:\/\/www.facebook.com\/Aeronoticias.com.pe\/\" \/>\n<meta property=\"article:published_time\" content=\"2010-02-02T14:55:26+00:00\" \/>\n<meta name=\"author\" content=\"Redacci\u00f3n Aeronoticias\" \/>\n<meta name=\"twitter:card\" content=\"summary_large_image\" \/>\n<meta name=\"twitter:creator\" content=\"@aeronoticias\" \/>\n<meta name=\"twitter:site\" content=\"@aeronoticias\" \/>\n<meta name=\"twitter:label1\" content=\"Escrito por\" \/>\n\t<meta name=\"twitter:data1\" content=\"Redacci\u00f3n Aeronoticias\" \/>\n\t<meta name=\"twitter:label2\" content=\"Tiempo de lectura\" \/>\n\t<meta name=\"twitter:data2\" content=\"1 minuto\" \/>\n<script type=\"application\/ld+json\" class=\"yoast-schema-graph\">{\"@context\":\"https:\/\/schema.org\",\"@graph\":[{\"@type\":\"WebPage\",\"@id\":\"https:\/\/aeronoticias.com.pe\/noticiero\/turismo\/13\/este-jueves-y-viernes-sera-el-festival-del-pisco-sour-en-asia\/\",\"url\":\"https:\/\/aeronoticias.com.pe\/noticiero\/turismo\/13\/este-jueves-y-viernes-sera-el-festival-del-pisco-sour-en-asia\/\",\"name\":\"Este jueves y viernes ser\u00e1 el Festival del Pisco Sour en Asia\",\"isPartOf\":{\"@id\":\"https:\/\/aeronoticias.com.pe\/noticiero\/#website\"},\"datePublished\":\"2010-02-02T14:55:26+00:00\",\"author\":{\"@id\":\"https:\/\/aeronoticias.com.pe\/noticiero\/#\/schema\/person\/fc1e5d578f4b62ba1cf7ac2bba1170a0\"},\"description\":\"Portal de noticias del Per\u00fa sobre el transporte a\u00e9reo, aviaci\u00f3n, turismo, hoteleria, actualidad.\",\"breadcrumb\":{\"@id\":\"https:\/\/aeronoticias.com.pe\/noticiero\/turismo\/13\/este-jueves-y-viernes-sera-el-festival-del-pisco-sour-en-asia\/#breadcrumb\"},\"inLanguage\":\"es\",\"potentialAction\":[{\"@type\":\"ReadAction\",\"target\":[\"https:\/\/aeronoticias.com.pe\/noticiero\/turismo\/13\/este-jueves-y-viernes-sera-el-festival-del-pisco-sour-en-asia\/\"]}]},{\"@type\":\"BreadcrumbList\",\"@id\":\"https:\/\/aeronoticias.com.pe\/noticiero\/turismo\/13\/este-jueves-y-viernes-sera-el-festival-del-pisco-sour-en-asia\/#breadcrumb\",\"itemListElement\":[{\"@type\":\"ListItem\",\"position\":1,\"name\":\"Portada\",\"item\":\"https:\/\/aeronoticias.com.pe\/noticiero\/\"},{\"@type\":\"ListItem\",\"position\":2,\"name\":\"Este jueves y viernes ser\u00e1 el Festival del Pisco Sour en Asia\"}]},{\"@type\":\"WebSite\",\"@id\":\"https:\/\/aeronoticias.com.pe\/noticiero\/#website\",\"url\":\"https:\/\/aeronoticias.com.pe\/noticiero\/\",\"name\":\"Aeronoticias.com.pe\",\"description\":\"Noticias de tranporte aereo, turismo, hoteles, gastronomia, actualidad, internacional\",\"potentialAction\":[{\"@type\":\"SearchAction\",\"target\":{\"@type\":\"EntryPoint\",\"urlTemplate\":\"https:\/\/aeronoticias.com.pe\/noticiero\/?s={search_term_string}\"},\"query-input\":{\"@type\":\"PropertyValueSpecification\",\"valueRequired\":true,\"valueName\":\"search_term_string\"}}],\"inLanguage\":\"es\"},{\"@type\":\"Person\",\"@id\":\"https:\/\/aeronoticias.com.pe\/noticiero\/#\/schema\/person\/fc1e5d578f4b62ba1cf7ac2bba1170a0\",\"name\":\"Redacci\u00f3n Aeronoticias\",\"url\":\"https:\/\/aeronoticias.com.pe\/noticiero\/author\/piloto\/\"}]}<\/script>\n<!-- \/ Yoast SEO plugin. -->","yoast_head_json":{"title":"Este jueves y viernes ser\u00e1 el Festival del Pisco Sour en Asia","description":"Portal de noticias del Per\u00fa sobre el transporte a\u00e9reo, aviaci\u00f3n, turismo, hoteleria, actualidad.","robots":{"index":"index","follow":"follow","max-snippet":"max-snippet:-1","max-image-preview":"max-image-preview:large","max-video-preview":"max-video-preview:-1"},"canonical":"https:\/\/aeronoticias.com.pe\/noticiero\/turismo\/13\/este-jueves-y-viernes-sera-el-festival-del-pisco-sour-en-asia\/","og_locale":"es_ES","og_type":"article","og_title":"Este jueves y viernes ser\u00e1 el Festival del Pisco Sour en Asia","og_description":"Portal de noticias del Per\u00fa sobre el transporte a\u00e9reo, aviaci\u00f3n, turismo, hoteleria, actualidad.","og_url":"https:\/\/aeronoticias.com.pe\/noticiero\/turismo\/13\/este-jueves-y-viernes-sera-el-festival-del-pisco-sour-en-asia\/","og_site_name":"Aeronoticias.com.pe","article_publisher":"https:\/\/www.facebook.com\/Aeronoticias.com.pe\/","article_published_time":"2010-02-02T14:55:26+00:00","author":"Redacci\u00f3n Aeronoticias","twitter_card":"summary_large_image","twitter_creator":"@aeronoticias","twitter_site":"@aeronoticias","twitter_misc":{"Escrito por":"Redacci\u00f3n Aeronoticias","Tiempo de lectura":"1 minuto"},"schema":{"@context":"https:\/\/schema.org","@graph":[{"@type":"WebPage","@id":"https:\/\/aeronoticias.com.pe\/noticiero\/turismo\/13\/este-jueves-y-viernes-sera-el-festival-del-pisco-sour-en-asia\/","url":"https:\/\/aeronoticias.com.pe\/noticiero\/turismo\/13\/este-jueves-y-viernes-sera-el-festival-del-pisco-sour-en-asia\/","name":"Este jueves y viernes ser\u00e1 el Festival del Pisco Sour en Asia","isPartOf":{"@id":"https:\/\/aeronoticias.com.pe\/noticiero\/#website"},"datePublished":"2010-02-02T14:55:26+00:00","author":{"@id":"https:\/\/aeronoticias.com.pe\/noticiero\/#\/schema\/person\/fc1e5d578f4b62ba1cf7ac2bba1170a0"},"description":"Portal de noticias del Per\u00fa sobre el transporte a\u00e9reo, aviaci\u00f3n, turismo, hoteleria, actualidad.","breadcrumb":{"@id":"https:\/\/aeronoticias.com.pe\/noticiero\/turismo\/13\/este-jueves-y-viernes-sera-el-festival-del-pisco-sour-en-asia\/#breadcrumb"},"inLanguage":"es","potentialAction":[{"@type":"ReadAction","target":["https:\/\/aeronoticias.com.pe\/noticiero\/turismo\/13\/este-jueves-y-viernes-sera-el-festival-del-pisco-sour-en-asia\/"]}]},{"@type":"BreadcrumbList","@id":"https:\/\/aeronoticias.com.pe\/noticiero\/turismo\/13\/este-jueves-y-viernes-sera-el-festival-del-pisco-sour-en-asia\/#breadcrumb","itemListElement":[{"@type":"ListItem","position":1,"name":"Portada","item":"https:\/\/aeronoticias.com.pe\/noticiero\/"},{"@type":"ListItem","position":2,"name":"Este jueves y viernes ser\u00e1 el Festival del Pisco Sour en Asia"}]},{"@type":"WebSite","@id":"https:\/\/aeronoticias.com.pe\/noticiero\/#website","url":"https:\/\/aeronoticias.com.pe\/noticiero\/","name":"Aeronoticias.com.pe","description":"Noticias de tranporte aereo, turismo, hoteles, gastronomia, actualidad, internacional","potentialAction":[{"@type":"SearchAction","target":{"@type":"EntryPoint","urlTemplate":"https:\/\/aeronoticias.com.pe\/noticiero\/?s={search_term_string}"},"query-input":{"@type":"PropertyValueSpecification","valueRequired":true,"valueName":"search_term_string"}}],"inLanguage":"es"},{"@type":"Person","@id":"https:\/\/aeronoticias.com.pe\/noticiero\/#\/schema\/person\/fc1e5d578f4b62ba1cf7ac2bba1170a0","name":"Redacci\u00f3n Aeronoticias","url":"https:\/\/aeronoticias.com.pe\/noticiero\/author\/piloto\/"}]}},"_links":{"self":[{"href":"https:\/\/aeronoticias.com.pe\/noticiero\/wp-json\/wp\/v2\/posts\/8604","targetHints":{"allow":["GET"]}}],"collection":[{"href":"https:\/\/aeronoticias.com.pe\/noticiero\/wp-json\/wp\/v2\/posts"}],"about":[{"href":"https:\/\/aeronoticias.com.pe\/noticiero\/wp-json\/wp\/v2\/types\/post"}],"author":[{"embeddable":true,"href":"https:\/\/aeronoticias.com.pe\/noticiero\/wp-json\/wp\/v2\/users\/1"}],"replies":[{"embeddable":true,"href":"https:\/\/aeronoticias.com.pe\/noticiero\/wp-json\/wp\/v2\/comments?post=8604"}],"version-history":[{"count":0,"href":"https:\/\/aeronoticias.com.pe\/noticiero\/wp-json\/wp\/v2\/posts\/8604\/revisions"}],"wp:attachment":[{"href":"https:\/\/aeronoticias.com.pe\/noticiero\/wp-json\/wp\/v2\/media?parent=8604"}],"wp:term":[{"taxonomy":"category","embeddable":true,"href":"https:\/\/aeronoticias.com.pe\/noticiero\/wp-json\/wp\/v2\/categories?post=8604"},{"taxonomy":"post_tag","embeddable":true,"href":"https:\/\/aeronoticias.com.pe\/noticiero\/wp-json\/wp\/v2\/tags?post=8604"}],"curies":[{"name":"wp","href":"https:\/\/api.w.org\/{rel}","templated":true}]}}