{"id":8606,"date":"2010-02-02T15:00:50","date_gmt":"2010-02-02T15:00:50","guid":{"rendered":"http:\/\/desarrollo.mcvicious.com\/aero2020\/2010\/02\/02\/arequipa-celebrara-dia-del-pisco-sour-con-degustacion-masiva-en-el-balnerario-la-punta\/"},"modified":"2010-02-02T15:00:50","modified_gmt":"2010-02-02T15:00:50","slug":"arequipa-celebrara-dia-del-pisco-sour-con-degustacion-masiva-en-el-balnerario-la-punta","status":"publish","type":"post","link":"https:\/\/aeronoticias.com.pe\/noticiero\/nacionales\/arequipa-celebrara-dia-del-pisco-sour-con-degustacion-masiva-en-el-balnerario-la-punta\/","title":{"rendered":"Arequipa celebrar\u00e1 D\u00eda del Pisco Sour con degustaci\u00f3n masiva en el balnerario La Punta"},"content":{"rendered":"<div style=\"text-align: justify\">El departamento de Arequipa ha programado diversas actividades descentralizadas para celebrar el D\u00eda del Pisco Sour, con el fin de difundir y promover el consumo del c\u00f3ctel peruano, entre las cuales figura una degustaci\u00f3n masiva en el balneario La Punta, un pasacalle y festivales, inform\u00f3 Edgar Robles, subgerente regional de Producci\u00f3n.\u00a0Precis\u00f3 que la ceremonia por el D\u00eda del Pisco Sour se llevar\u00e1 a cabo este s\u00e1bado 6 de febrero en el balneario La Punta, en la provincia de Caman\u00e1, lugar al que llegan numerosos ba\u00f1istas cada fin de semana para disfrutar de las playas.<\/div>\n<div style=\"text-align: justify\"><\/div>\n<div style=\"text-align: justify\">En la actividad participar\u00e1n los 33 productores del aguardiente de uva con denominaci\u00f3n de origen de Arequipa, quienes har\u00e1n una degustaci\u00f3n masiva del pisco sour en el balneario arequipe\u00f1o m\u00e1s concurrido en esta \u00e9poca del a\u00f1o.\u00a0Mientras que este viernes, en la ciudad de Arequipa, se efectuar\u00e1 un pasacalle en el que participar\u00e1n los productores de pisco del departamento, estudiantes de institutos de gastronom\u00eda y bartender, entre otras instituciones.<\/div>\n<div style=\"text-align: justify\">\n<div style=\"text-align: center\"><img decoding=\"async\" src=\"images\/stories\/10\/02\/020110\/piscoarequipa.jpg\" border=\"0\" alt=\"Arequipa celebrar\u00e1 D\u00eda del Pisco Sour con degustaci\u00f3n masiva en el balnerario La Punta\" title=\"Arequipa celebrar\u00e1 D\u00eda del Pisco Sour con degustaci\u00f3n masiva en el balnerario La Punta\" \/><\/div>\n<\/div>\n<div style=\"text-align: justify\">Robles indic\u00f3 que el objetivo del pasacalle es motivar el consumo del pisco sour entre la poblaci\u00f3n para que lo consuma no solo el primer s\u00e1bado de febrero, si no todos los meses del a\u00f1o por ser una bebida nacional reconocida en otras ciudades del mundo.\u00a0Las actividades por esta fecha continuar\u00e1n el 12 de febrero con el desarrollo simult\u00e1neo de dos festivales de pisco sour en las provincias de Caravel\u00ed y Castillas, zonas consideradas principales productoras de pisco en Arequipa.<\/div>\n<div style=\"text-align: justify\"><\/div>\n<div style=\"text-align: justify\">\u201cQueremos promover el consumo de pisco en todo el departamento de Arequipa, por eso este a\u00f1o hemos programado actividades en las provincias de Caman\u00e1, Caravel\u00ed, Castilla y Arequipa\u201d, \u00a0indic\u00f3 Robles, quien coordina este trabajo con el gobierno regional de Arequipa y las gerencias regionales de la Producci\u00f3n y Comercio Exterior y Turismo.<\/div>\n<div style=\"text-align: justify\"><\/div>\n<div style=\"text-align: justify\">Los valles de Arequipa producen 400 mil litros de pisco al a\u00f1o, cifra que desde los \u00faltimos tres a\u00f1os va en aumento debido al crecimiento interno del consumo del aguardiente de uva.<\/div>\n<div style=\"text-align: justify\"><\/div>\n","protected":false},"excerpt":{"rendered":"<p>El departamento de Arequipa ha programado diversas actividades descentralizadas para celebrar el D\u00eda del Pisco Sour, con el fin de difundir y promover el consumo del c\u00f3ctel peruano, entre las cuales figura una degustaci\u00f3n masiva en el balneario La Punta, un pasacalle y festivales, inform\u00f3 Edgar Robles, subgerente regional de Producci\u00f3n.\u00a0Precis\u00f3 que la ceremonia por [&hellip;]<\/p>\n","protected":false},"author":1,"featured_media":0,"comment_status":"open","ping_status":"open","sticky":false,"template":"","format":"standard","meta":{"tdm_status":"","tdm_grid_status":"","footnotes":""},"categories":[38],"tags":[],"class_list":{"0":"post-8606","1":"post","2":"type-post","3":"status-publish","4":"format-standard","6":"category-nacionales"},"yoast_head":"<!-- This site is optimized with the Yoast SEO plugin v25.1 - https:\/\/yoast.com\/wordpress\/plugins\/seo\/ -->\n<title>Arequipa celebrar\u00e1 D\u00eda del Pisco Sour con degustaci\u00f3n masiva en el balnerario La Punta<\/title>\n<meta name=\"description\" content=\"Portal de noticias del Per\u00fa sobre el transporte a\u00e9reo, aviaci\u00f3n, turismo, hoteleria, actualidad.\" \/>\n<meta name=\"robots\" content=\"index, follow, max-snippet:-1, max-image-preview:large, max-video-preview:-1\" \/>\n<link rel=\"canonical\" href=\"https:\/\/aeronoticias.com.pe\/noticiero\/nacionales\/arequipa-celebrara-dia-del-pisco-sour-con-degustacion-masiva-en-el-balnerario-la-punta\/\" \/>\n<meta property=\"og:locale\" content=\"es_ES\" \/>\n<meta property=\"og:type\" content=\"article\" \/>\n<meta property=\"og:title\" content=\"Arequipa celebrar\u00e1 D\u00eda del Pisco Sour con degustaci\u00f3n masiva en el balnerario La Punta\" \/>\n<meta property=\"og:description\" content=\"Portal de noticias del Per\u00fa sobre el transporte a\u00e9reo, aviaci\u00f3n, turismo, hoteleria, actualidad.\" \/>\n<meta property=\"og:url\" content=\"https:\/\/aeronoticias.com.pe\/noticiero\/nacionales\/arequipa-celebrara-dia-del-pisco-sour-con-degustacion-masiva-en-el-balnerario-la-punta\/\" \/>\n<meta property=\"og:site_name\" content=\"Aeronoticias.com.pe\" \/>\n<meta property=\"article:publisher\" content=\"https:\/\/www.facebook.com\/Aeronoticias.com.pe\/\" \/>\n<meta property=\"article:published_time\" content=\"2010-02-02T15:00:50+00:00\" \/>\n<meta name=\"author\" content=\"Redacci\u00f3n Aeronoticias\" \/>\n<meta name=\"twitter:card\" content=\"summary_large_image\" \/>\n<meta name=\"twitter:creator\" content=\"@aeronoticias\" \/>\n<meta name=\"twitter:site\" content=\"@aeronoticias\" \/>\n<meta name=\"twitter:label1\" content=\"Escrito por\" \/>\n\t<meta name=\"twitter:data1\" content=\"Redacci\u00f3n Aeronoticias\" \/>\n\t<meta name=\"twitter:label2\" content=\"Tiempo de lectura\" \/>\n\t<meta name=\"twitter:data2\" content=\"2 minutos\" \/>\n<script type=\"application\/ld+json\" class=\"yoast-schema-graph\">{\"@context\":\"https:\/\/schema.org\",\"@graph\":[{\"@type\":\"WebPage\",\"@id\":\"https:\/\/aeronoticias.com.pe\/noticiero\/nacionales\/arequipa-celebrara-dia-del-pisco-sour-con-degustacion-masiva-en-el-balnerario-la-punta\/\",\"url\":\"https:\/\/aeronoticias.com.pe\/noticiero\/nacionales\/arequipa-celebrara-dia-del-pisco-sour-con-degustacion-masiva-en-el-balnerario-la-punta\/\",\"name\":\"Arequipa celebrar\u00e1 D\u00eda del Pisco Sour con degustaci\u00f3n masiva en el balnerario La Punta\",\"isPartOf\":{\"@id\":\"https:\/\/aeronoticias.com.pe\/noticiero\/#website\"},\"datePublished\":\"2010-02-02T15:00:50+00:00\",\"author\":{\"@id\":\"https:\/\/aeronoticias.com.pe\/noticiero\/#\/schema\/person\/fc1e5d578f4b62ba1cf7ac2bba1170a0\"},\"description\":\"Portal de noticias del Per\u00fa sobre el transporte a\u00e9reo, aviaci\u00f3n, turismo, hoteleria, actualidad.\",\"breadcrumb\":{\"@id\":\"https:\/\/aeronoticias.com.pe\/noticiero\/nacionales\/arequipa-celebrara-dia-del-pisco-sour-con-degustacion-masiva-en-el-balnerario-la-punta\/#breadcrumb\"},\"inLanguage\":\"es\",\"potentialAction\":[{\"@type\":\"ReadAction\",\"target\":[\"https:\/\/aeronoticias.com.pe\/noticiero\/nacionales\/arequipa-celebrara-dia-del-pisco-sour-con-degustacion-masiva-en-el-balnerario-la-punta\/\"]}]},{\"@type\":\"BreadcrumbList\",\"@id\":\"https:\/\/aeronoticias.com.pe\/noticiero\/nacionales\/arequipa-celebrara-dia-del-pisco-sour-con-degustacion-masiva-en-el-balnerario-la-punta\/#breadcrumb\",\"itemListElement\":[{\"@type\":\"ListItem\",\"position\":1,\"name\":\"Portada\",\"item\":\"https:\/\/aeronoticias.com.pe\/noticiero\/\"},{\"@type\":\"ListItem\",\"position\":2,\"name\":\"Arequipa celebrar\u00e1 D\u00eda del Pisco Sour con degustaci\u00f3n masiva en el balnerario La Punta\"}]},{\"@type\":\"WebSite\",\"@id\":\"https:\/\/aeronoticias.com.pe\/noticiero\/#website\",\"url\":\"https:\/\/aeronoticias.com.pe\/noticiero\/\",\"name\":\"Aeronoticias.com.pe\",\"description\":\"Noticias de tranporte aereo, turismo, hoteles, gastronomia, actualidad, internacional\",\"potentialAction\":[{\"@type\":\"SearchAction\",\"target\":{\"@type\":\"EntryPoint\",\"urlTemplate\":\"https:\/\/aeronoticias.com.pe\/noticiero\/?s={search_term_string}\"},\"query-input\":{\"@type\":\"PropertyValueSpecification\",\"valueRequired\":true,\"valueName\":\"search_term_string\"}}],\"inLanguage\":\"es\"},{\"@type\":\"Person\",\"@id\":\"https:\/\/aeronoticias.com.pe\/noticiero\/#\/schema\/person\/fc1e5d578f4b62ba1cf7ac2bba1170a0\",\"name\":\"Redacci\u00f3n Aeronoticias\",\"url\":\"https:\/\/aeronoticias.com.pe\/noticiero\/author\/piloto\/\"}]}<\/script>\n<!-- \/ Yoast SEO plugin. -->","yoast_head_json":{"title":"Arequipa celebrar\u00e1 D\u00eda del Pisco Sour con degustaci\u00f3n masiva en el balnerario La Punta","description":"Portal de noticias del Per\u00fa sobre el transporte a\u00e9reo, aviaci\u00f3n, turismo, hoteleria, actualidad.","robots":{"index":"index","follow":"follow","max-snippet":"max-snippet:-1","max-image-preview":"max-image-preview:large","max-video-preview":"max-video-preview:-1"},"canonical":"https:\/\/aeronoticias.com.pe\/noticiero\/nacionales\/arequipa-celebrara-dia-del-pisco-sour-con-degustacion-masiva-en-el-balnerario-la-punta\/","og_locale":"es_ES","og_type":"article","og_title":"Arequipa celebrar\u00e1 D\u00eda del Pisco Sour con degustaci\u00f3n masiva en el balnerario La Punta","og_description":"Portal de noticias del Per\u00fa sobre el transporte a\u00e9reo, aviaci\u00f3n, turismo, hoteleria, actualidad.","og_url":"https:\/\/aeronoticias.com.pe\/noticiero\/nacionales\/arequipa-celebrara-dia-del-pisco-sour-con-degustacion-masiva-en-el-balnerario-la-punta\/","og_site_name":"Aeronoticias.com.pe","article_publisher":"https:\/\/www.facebook.com\/Aeronoticias.com.pe\/","article_published_time":"2010-02-02T15:00:50+00:00","author":"Redacci\u00f3n Aeronoticias","twitter_card":"summary_large_image","twitter_creator":"@aeronoticias","twitter_site":"@aeronoticias","twitter_misc":{"Escrito por":"Redacci\u00f3n Aeronoticias","Tiempo de lectura":"2 minutos"},"schema":{"@context":"https:\/\/schema.org","@graph":[{"@type":"WebPage","@id":"https:\/\/aeronoticias.com.pe\/noticiero\/nacionales\/arequipa-celebrara-dia-del-pisco-sour-con-degustacion-masiva-en-el-balnerario-la-punta\/","url":"https:\/\/aeronoticias.com.pe\/noticiero\/nacionales\/arequipa-celebrara-dia-del-pisco-sour-con-degustacion-masiva-en-el-balnerario-la-punta\/","name":"Arequipa celebrar\u00e1 D\u00eda del Pisco Sour con degustaci\u00f3n masiva en el balnerario La Punta","isPartOf":{"@id":"https:\/\/aeronoticias.com.pe\/noticiero\/#website"},"datePublished":"2010-02-02T15:00:50+00:00","author":{"@id":"https:\/\/aeronoticias.com.pe\/noticiero\/#\/schema\/person\/fc1e5d578f4b62ba1cf7ac2bba1170a0"},"description":"Portal de noticias del Per\u00fa sobre el transporte a\u00e9reo, aviaci\u00f3n, turismo, hoteleria, actualidad.","breadcrumb":{"@id":"https:\/\/aeronoticias.com.pe\/noticiero\/nacionales\/arequipa-celebrara-dia-del-pisco-sour-con-degustacion-masiva-en-el-balnerario-la-punta\/#breadcrumb"},"inLanguage":"es","potentialAction":[{"@type":"ReadAction","target":["https:\/\/aeronoticias.com.pe\/noticiero\/nacionales\/arequipa-celebrara-dia-del-pisco-sour-con-degustacion-masiva-en-el-balnerario-la-punta\/"]}]},{"@type":"BreadcrumbList","@id":"https:\/\/aeronoticias.com.pe\/noticiero\/nacionales\/arequipa-celebrara-dia-del-pisco-sour-con-degustacion-masiva-en-el-balnerario-la-punta\/#breadcrumb","itemListElement":[{"@type":"ListItem","position":1,"name":"Portada","item":"https:\/\/aeronoticias.com.pe\/noticiero\/"},{"@type":"ListItem","position":2,"name":"Arequipa celebrar\u00e1 D\u00eda del Pisco Sour con degustaci\u00f3n masiva en el balnerario La Punta"}]},{"@type":"WebSite","@id":"https:\/\/aeronoticias.com.pe\/noticiero\/#website","url":"https:\/\/aeronoticias.com.pe\/noticiero\/","name":"Aeronoticias.com.pe","description":"Noticias de tranporte aereo, turismo, hoteles, gastronomia, actualidad, internacional","potentialAction":[{"@type":"SearchAction","target":{"@type":"EntryPoint","urlTemplate":"https:\/\/aeronoticias.com.pe\/noticiero\/?s={search_term_string}"},"query-input":{"@type":"PropertyValueSpecification","valueRequired":true,"valueName":"search_term_string"}}],"inLanguage":"es"},{"@type":"Person","@id":"https:\/\/aeronoticias.com.pe\/noticiero\/#\/schema\/person\/fc1e5d578f4b62ba1cf7ac2bba1170a0","name":"Redacci\u00f3n Aeronoticias","url":"https:\/\/aeronoticias.com.pe\/noticiero\/author\/piloto\/"}]}},"_links":{"self":[{"href":"https:\/\/aeronoticias.com.pe\/noticiero\/wp-json\/wp\/v2\/posts\/8606","targetHints":{"allow":["GET"]}}],"collection":[{"href":"https:\/\/aeronoticias.com.pe\/noticiero\/wp-json\/wp\/v2\/posts"}],"about":[{"href":"https:\/\/aeronoticias.com.pe\/noticiero\/wp-json\/wp\/v2\/types\/post"}],"author":[{"embeddable":true,"href":"https:\/\/aeronoticias.com.pe\/noticiero\/wp-json\/wp\/v2\/users\/1"}],"replies":[{"embeddable":true,"href":"https:\/\/aeronoticias.com.pe\/noticiero\/wp-json\/wp\/v2\/comments?post=8606"}],"version-history":[{"count":0,"href":"https:\/\/aeronoticias.com.pe\/noticiero\/wp-json\/wp\/v2\/posts\/8606\/revisions"}],"wp:attachment":[{"href":"https:\/\/aeronoticias.com.pe\/noticiero\/wp-json\/wp\/v2\/media?parent=8606"}],"wp:term":[{"taxonomy":"category","embeddable":true,"href":"https:\/\/aeronoticias.com.pe\/noticiero\/wp-json\/wp\/v2\/categories?post=8606"},{"taxonomy":"post_tag","embeddable":true,"href":"https:\/\/aeronoticias.com.pe\/noticiero\/wp-json\/wp\/v2\/tags?post=8606"}],"curies":[{"name":"wp","href":"https:\/\/api.w.org\/{rel}","templated":true}]}}