{"id":8607,"date":"2010-02-02T15:04:46","date_gmt":"2010-02-02T15:04:46","guid":{"rendered":"http:\/\/desarrollo.mcvicious.com\/aero2020\/2010\/02\/02\/y-los-nominados-al-oscar-son\/"},"modified":"2010-02-02T15:04:46","modified_gmt":"2010-02-02T15:04:46","slug":"y-los-nominados-al-oscar-son","status":"publish","type":"post","link":"https:\/\/aeronoticias.com.pe\/noticiero\/espectaculos\/y-los-nominados-al-oscar-son\/","title":{"rendered":"Y los nominados al Oscar son&#8230;"},"content":{"rendered":"<div style=\"text-align: justify\">Un total de 10 pel\u00edculas compiten por el Oscar a la mejor pel\u00edcula, entre ellas Avatar y The Hurt Locker. Avatar y The Hurt Locker recibieron, cada una, nueve nominaciones al Oscar, entre ellas, por mejor pel\u00edcula.<\/div>\n<div style=\"text-align: justify\">\u00a0<\/div>\n<div style=\"text-align: justify\">Por primera vez desde 1944, hay 10 nominaciones para mejor pel\u00edcula, en lugar de los tradicionales cinco. Entre ellas est\u00e1n tambi\u00e9n: Up in the Air, The Blind Side, Precious y District 9.<\/div>\n<div style=\"text-align: justify\">\u00a0<\/p>\n<div style=\"text-align: center\"><img decoding=\"async\" src=\"images\/stories\/10\/02\/020110\/nominados.jpg\" border=\"0\" alt=\"Y los nominados al Oscar son...\" title=\"Y los nominados al Oscar son...\" \/><\/div>\n<\/div>\n<div style=\"text-align: justify\">La lista la completan Up, A Serious Man, Inglourious Basterds y An Education.<\/div>\n<div style=\"text-align: justify\">\u00a0<\/div>\n<div style=\"text-align: justify\">Como dato curioso, James Cameron, director de Avatar, y Kathryn Bigelow, directora de The Hurt Locker, estuvieron casados.\u00a0Entre las cintas en lengua no inglesa, hay dos latinoamericanas. Una es el filme argentino \u00abEl secreto de sus ojos\u00bb, dirigido por Juan Jos\u00e9 Campanella, y la otra es la cinta peruana \u00abLa teta asustada\u00bb, seg\u00fan las nominaciones dadas a conocer en Los Angeles.<\/div>\n<div style=\"text-align: justify\">\u00a0<\/div>\n<div style=\"text-align: justify\"><strong>PEL\u00cdCULAS NOMINADAS<\/strong><\/div>\n<div style=\"text-align: justify\">\n<ul>\n<li>Avatar<\/li>\n<li>The Blind Side<\/li>\n<li>District 9<\/li>\n<li>An Education<\/li>\n<li>The Hurt Locker<\/li>\n<li>Inglourious Basterds<\/li>\n<li>Precious<\/li>\n<li>A Serious Man<\/li>\n<li>Up<\/li>\n<li>Up In The Air<\/li>\n<\/ul>\n<\/div>\n<div style=\"text-align: justify\">Junto a esta cintas, compiten la israel\u00ed Ajami, Un Prophete, de Francia; y la alemana The White Ribbon.<\/div>\n<div style=\"text-align: justify\"><\/div>\n<div style=\"text-align: justify\">El premio por Mejor Director lo disputan James Cameron por Avatar, Kathryn Bigelow por The Hurt Locker; Quentin Tarantino por Inglourious Basterds; Lee Daniels por Precious y Jason Reitman por su cinta Up in the Air.<\/div>\n<div style=\"text-align: justify\"><\/div>\n<div style=\"text-align: justify\">Las nominaciones para Mejor Actor fueron para Jeff Bridges en Crazy Heart, George Clooney por Up in the Air, Colin Firth en A Single Man, Morgan Freeman por Invictus y Jeremy Renner en The Hurt Locker.<\/div>\n<div style=\"text-align: justify\"><\/div>\n<div style=\"text-align: justify\">Meryl Streep (Julie &#038; Julia) y Sandra Bullock (The Blind Side) lograron hoy sendas nominaciones a la 82 edici\u00f3n de entrega de los Oscar en la categor\u00eda de Mejor Actriz. El premio lo disputar\u00e1n con Helen Mirren por The Last Station, Carey Mulligan en An Education y Gabourey Sidibe por Precious.<\/div>\n<div style=\"text-align: justify\"><\/div>\n<div style=\"text-align: justify\">La ceremonia de entrega del Oscar se realizar\u00e1 en el Teatro Kodak, en Hollywood, el 7 de marzo.<\/div>\n<div style=\"text-align: justify\"><\/div>\n<div style=\"text-align: justify\">Avatar es la primera pel\u00edcula que supera US$2.000 millones en recaudaci\u00f3n de taquilla.<\/div>\n<div style=\"text-align: justify\"><\/div>\n","protected":false},"excerpt":{"rendered":"<p>Un total de 10 pel\u00edculas compiten por el Oscar a la mejor pel\u00edcula, entre ellas Avatar y The Hurt Locker. Avatar y The Hurt Locker recibieron, cada una, nueve nominaciones al Oscar, entre ellas, por mejor pel\u00edcula. \u00a0 Por primera vez desde 1944, hay 10 nominaciones para mejor pel\u00edcula, en lugar de los tradicionales cinco. [&hellip;]<\/p>\n","protected":false},"author":1,"featured_media":0,"comment_status":"open","ping_status":"open","sticky":false,"template":"","format":"standard","meta":{"tdm_status":"","tdm_grid_status":"","footnotes":""},"categories":[41],"tags":[],"class_list":{"0":"post-8607","1":"post","2":"type-post","3":"status-publish","4":"format-standard","6":"category-espectaculos"},"yoast_head":"<!-- This site is optimized with the Yoast SEO plugin v25.1 - https:\/\/yoast.com\/wordpress\/plugins\/seo\/ -->\n<title>Y los nominados al Oscar son...<\/title>\n<meta name=\"description\" content=\"Portal de noticias del Per\u00fa sobre el transporte a\u00e9reo, aviaci\u00f3n, turismo, hoteleria, actualidad.\" \/>\n<meta name=\"robots\" content=\"index, follow, max-snippet:-1, max-image-preview:large, max-video-preview:-1\" \/>\n<link rel=\"canonical\" href=\"https:\/\/aeronoticias.com.pe\/noticiero\/espectaculos\/y-los-nominados-al-oscar-son\/\" \/>\n<meta property=\"og:locale\" content=\"es_ES\" \/>\n<meta property=\"og:type\" content=\"article\" \/>\n<meta property=\"og:title\" content=\"Y los nominados al Oscar son...\" \/>\n<meta property=\"og:description\" content=\"Portal de noticias del Per\u00fa sobre el transporte a\u00e9reo, aviaci\u00f3n, turismo, hoteleria, actualidad.\" \/>\n<meta property=\"og:url\" content=\"https:\/\/aeronoticias.com.pe\/noticiero\/espectaculos\/y-los-nominados-al-oscar-son\/\" \/>\n<meta property=\"og:site_name\" content=\"Aeronoticias.com.pe\" \/>\n<meta property=\"article:publisher\" content=\"https:\/\/www.facebook.com\/Aeronoticias.com.pe\/\" \/>\n<meta property=\"article:published_time\" content=\"2010-02-02T15:04:46+00:00\" \/>\n<meta name=\"author\" content=\"Redacci\u00f3n Aeronoticias\" \/>\n<meta name=\"twitter:card\" content=\"summary_large_image\" \/>\n<meta name=\"twitter:creator\" content=\"@aeronoticias\" \/>\n<meta name=\"twitter:site\" content=\"@aeronoticias\" \/>\n<meta name=\"twitter:label1\" content=\"Escrito por\" \/>\n\t<meta name=\"twitter:data1\" content=\"Redacci\u00f3n Aeronoticias\" \/>\n\t<meta name=\"twitter:label2\" content=\"Tiempo de lectura\" \/>\n\t<meta name=\"twitter:data2\" content=\"2 minutos\" \/>\n<script type=\"application\/ld+json\" class=\"yoast-schema-graph\">{\"@context\":\"https:\/\/schema.org\",\"@graph\":[{\"@type\":\"WebPage\",\"@id\":\"https:\/\/aeronoticias.com.pe\/noticiero\/espectaculos\/y-los-nominados-al-oscar-son\/\",\"url\":\"https:\/\/aeronoticias.com.pe\/noticiero\/espectaculos\/y-los-nominados-al-oscar-son\/\",\"name\":\"Y los nominados al Oscar son...\",\"isPartOf\":{\"@id\":\"https:\/\/aeronoticias.com.pe\/noticiero\/#website\"},\"datePublished\":\"2010-02-02T15:04:46+00:00\",\"author\":{\"@id\":\"https:\/\/aeronoticias.com.pe\/noticiero\/#\/schema\/person\/fc1e5d578f4b62ba1cf7ac2bba1170a0\"},\"description\":\"Portal de noticias del Per\u00fa sobre el transporte a\u00e9reo, aviaci\u00f3n, turismo, hoteleria, actualidad.\",\"breadcrumb\":{\"@id\":\"https:\/\/aeronoticias.com.pe\/noticiero\/espectaculos\/y-los-nominados-al-oscar-son\/#breadcrumb\"},\"inLanguage\":\"es\",\"potentialAction\":[{\"@type\":\"ReadAction\",\"target\":[\"https:\/\/aeronoticias.com.pe\/noticiero\/espectaculos\/y-los-nominados-al-oscar-son\/\"]}]},{\"@type\":\"BreadcrumbList\",\"@id\":\"https:\/\/aeronoticias.com.pe\/noticiero\/espectaculos\/y-los-nominados-al-oscar-son\/#breadcrumb\",\"itemListElement\":[{\"@type\":\"ListItem\",\"position\":1,\"name\":\"Portada\",\"item\":\"https:\/\/aeronoticias.com.pe\/noticiero\/\"},{\"@type\":\"ListItem\",\"position\":2,\"name\":\"Y los nominados al Oscar son&#8230;\"}]},{\"@type\":\"WebSite\",\"@id\":\"https:\/\/aeronoticias.com.pe\/noticiero\/#website\",\"url\":\"https:\/\/aeronoticias.com.pe\/noticiero\/\",\"name\":\"Aeronoticias.com.pe\",\"description\":\"Noticias de tranporte aereo, turismo, hoteles, gastronomia, actualidad, internacional\",\"potentialAction\":[{\"@type\":\"SearchAction\",\"target\":{\"@type\":\"EntryPoint\",\"urlTemplate\":\"https:\/\/aeronoticias.com.pe\/noticiero\/?s={search_term_string}\"},\"query-input\":{\"@type\":\"PropertyValueSpecification\",\"valueRequired\":true,\"valueName\":\"search_term_string\"}}],\"inLanguage\":\"es\"},{\"@type\":\"Person\",\"@id\":\"https:\/\/aeronoticias.com.pe\/noticiero\/#\/schema\/person\/fc1e5d578f4b62ba1cf7ac2bba1170a0\",\"name\":\"Redacci\u00f3n Aeronoticias\",\"url\":\"https:\/\/aeronoticias.com.pe\/noticiero\/author\/piloto\/\"}]}<\/script>\n<!-- \/ Yoast SEO plugin. -->","yoast_head_json":{"title":"Y los nominados al Oscar son...","description":"Portal de noticias del Per\u00fa sobre el transporte a\u00e9reo, aviaci\u00f3n, turismo, hoteleria, actualidad.","robots":{"index":"index","follow":"follow","max-snippet":"max-snippet:-1","max-image-preview":"max-image-preview:large","max-video-preview":"max-video-preview:-1"},"canonical":"https:\/\/aeronoticias.com.pe\/noticiero\/espectaculos\/y-los-nominados-al-oscar-son\/","og_locale":"es_ES","og_type":"article","og_title":"Y los nominados al Oscar son...","og_description":"Portal de noticias del Per\u00fa sobre el transporte a\u00e9reo, aviaci\u00f3n, turismo, hoteleria, actualidad.","og_url":"https:\/\/aeronoticias.com.pe\/noticiero\/espectaculos\/y-los-nominados-al-oscar-son\/","og_site_name":"Aeronoticias.com.pe","article_publisher":"https:\/\/www.facebook.com\/Aeronoticias.com.pe\/","article_published_time":"2010-02-02T15:04:46+00:00","author":"Redacci\u00f3n Aeronoticias","twitter_card":"summary_large_image","twitter_creator":"@aeronoticias","twitter_site":"@aeronoticias","twitter_misc":{"Escrito por":"Redacci\u00f3n Aeronoticias","Tiempo de lectura":"2 minutos"},"schema":{"@context":"https:\/\/schema.org","@graph":[{"@type":"WebPage","@id":"https:\/\/aeronoticias.com.pe\/noticiero\/espectaculos\/y-los-nominados-al-oscar-son\/","url":"https:\/\/aeronoticias.com.pe\/noticiero\/espectaculos\/y-los-nominados-al-oscar-son\/","name":"Y los nominados al Oscar son...","isPartOf":{"@id":"https:\/\/aeronoticias.com.pe\/noticiero\/#website"},"datePublished":"2010-02-02T15:04:46+00:00","author":{"@id":"https:\/\/aeronoticias.com.pe\/noticiero\/#\/schema\/person\/fc1e5d578f4b62ba1cf7ac2bba1170a0"},"description":"Portal de noticias del Per\u00fa sobre el transporte a\u00e9reo, aviaci\u00f3n, turismo, hoteleria, actualidad.","breadcrumb":{"@id":"https:\/\/aeronoticias.com.pe\/noticiero\/espectaculos\/y-los-nominados-al-oscar-son\/#breadcrumb"},"inLanguage":"es","potentialAction":[{"@type":"ReadAction","target":["https:\/\/aeronoticias.com.pe\/noticiero\/espectaculos\/y-los-nominados-al-oscar-son\/"]}]},{"@type":"BreadcrumbList","@id":"https:\/\/aeronoticias.com.pe\/noticiero\/espectaculos\/y-los-nominados-al-oscar-son\/#breadcrumb","itemListElement":[{"@type":"ListItem","position":1,"name":"Portada","item":"https:\/\/aeronoticias.com.pe\/noticiero\/"},{"@type":"ListItem","position":2,"name":"Y los nominados al Oscar son&#8230;"}]},{"@type":"WebSite","@id":"https:\/\/aeronoticias.com.pe\/noticiero\/#website","url":"https:\/\/aeronoticias.com.pe\/noticiero\/","name":"Aeronoticias.com.pe","description":"Noticias de tranporte aereo, turismo, hoteles, gastronomia, actualidad, internacional","potentialAction":[{"@type":"SearchAction","target":{"@type":"EntryPoint","urlTemplate":"https:\/\/aeronoticias.com.pe\/noticiero\/?s={search_term_string}"},"query-input":{"@type":"PropertyValueSpecification","valueRequired":true,"valueName":"search_term_string"}}],"inLanguage":"es"},{"@type":"Person","@id":"https:\/\/aeronoticias.com.pe\/noticiero\/#\/schema\/person\/fc1e5d578f4b62ba1cf7ac2bba1170a0","name":"Redacci\u00f3n Aeronoticias","url":"https:\/\/aeronoticias.com.pe\/noticiero\/author\/piloto\/"}]}},"_links":{"self":[{"href":"https:\/\/aeronoticias.com.pe\/noticiero\/wp-json\/wp\/v2\/posts\/8607","targetHints":{"allow":["GET"]}}],"collection":[{"href":"https:\/\/aeronoticias.com.pe\/noticiero\/wp-json\/wp\/v2\/posts"}],"about":[{"href":"https:\/\/aeronoticias.com.pe\/noticiero\/wp-json\/wp\/v2\/types\/post"}],"author":[{"embeddable":true,"href":"https:\/\/aeronoticias.com.pe\/noticiero\/wp-json\/wp\/v2\/users\/1"}],"replies":[{"embeddable":true,"href":"https:\/\/aeronoticias.com.pe\/noticiero\/wp-json\/wp\/v2\/comments?post=8607"}],"version-history":[{"count":0,"href":"https:\/\/aeronoticias.com.pe\/noticiero\/wp-json\/wp\/v2\/posts\/8607\/revisions"}],"wp:attachment":[{"href":"https:\/\/aeronoticias.com.pe\/noticiero\/wp-json\/wp\/v2\/media?parent=8607"}],"wp:term":[{"taxonomy":"category","embeddable":true,"href":"https:\/\/aeronoticias.com.pe\/noticiero\/wp-json\/wp\/v2\/categories?post=8607"},{"taxonomy":"post_tag","embeddable":true,"href":"https:\/\/aeronoticias.com.pe\/noticiero\/wp-json\/wp\/v2\/tags?post=8607"}],"curies":[{"name":"wp","href":"https:\/\/api.w.org\/{rel}","templated":true}]}}