{"id":8608,"date":"2010-02-02T15:06:44","date_gmt":"2010-02-02T15:06:44","guid":{"rendered":"http:\/\/desarrollo.mcvicious.com\/aero2020\/2010\/02\/02\/ceplan-afirma-insistira-en-invitar-a-humala-a-participar-en-elaboracion-del-plan-estrategico-nacional\/"},"modified":"2010-02-02T15:06:44","modified_gmt":"2010-02-02T15:06:44","slug":"ceplan-afirma-insistira-en-invitar-a-humala-a-participar-en-elaboracion-del-plan-estrategico-nacional","status":"publish","type":"post","link":"https:\/\/aeronoticias.com.pe\/noticiero\/politica\/ceplan-afirma-insistira-en-invitar-a-humala-a-participar-en-elaboracion-del-plan-estrategico-nacional\/","title":{"rendered":"Ceplan afirma insistir\u00e1 en invitar a Humala a participar en elaboraci\u00f3n del Plan Estrat\u00e9gico Nacional"},"content":{"rendered":"<div style=\"text-align: justify\">El Centro Nacional de Planeamiento Estrat\u00e9gico (Ceplan), persistir\u00e1 en invitar al l\u00edder del Partido Nacionalista, Ollanta Humala, para que participe con propuestas en la elaboraci\u00f3n del documento final del Plan Estrat\u00e9gico de Desarrollo Nacional 2010-2021, se\u00f1al\u00f3 hoy su director, Agust\u00edn Haya de la Torre.<\/p>\n<\/div>\n<div style=\"text-align: justify\">\u201cCuando se le invit\u00f3 directamente al comandante Ollanta Humala, se\u00f1al\u00f3 que no estaba en inter\u00e9s de su agenda, pero vamos a persistir, porque creemos que es muy importante para el pa\u00eds, conocer su aporte\u201d, dijo a la Agencia Andina.<\/div>\n<div style=\"text-align: justify\">\n<div style=\"text-align: center\"><img decoding=\"async\" src=\"images\/stories\/10\/02\/020110\/ceplan.jpg\" border=\"0\" alt=\"ceplan\" title=\"ceplan\" \/><\/div>\n<\/div>\n<div style=\"text-align: justify\">Se\u00f1al\u00f3 que desde octubre del 2009 cuando iniciaron la rueda de consultas a los partidos pol\u00edticos, se invit\u00f3 al Partido Nacionalista, y desde esa fecha el Ceplan no ha tenido una respuesta positiva.<\/div>\n<div style=\"text-align: justify\"><\/div>\n<div style=\"text-align: justify\">Asimismo, precis\u00f3 que el Partido Nacionalista es la \u00fanica fuerza pol\u00edtica que no ha concurrido a las reuniones con su l\u00edder, sin embargo cuando se ha dialogado con sus parlamentarios y t\u00e9cnicos, se ha tenido respuestas positivas y sugerencias.<\/div>\n<div style=\"text-align: justify\"><\/div>\n<div style=\"text-align: justify\">\u201cLamentablemente cuando hemos tratado de convocar al l\u00edder del Partido Nacionalista todav\u00eda no da resultados\u201d, agreg\u00f3.<\/div>\n<div style=\"text-align: justify\"><\/div>\n<div style=\"text-align: justify\">Haya de la Torre se\u00f1al\u00f3 que el pa\u00eds tiene que entender que el plan estrat\u00e9gico es \u201cuna pol\u00edtica de Estado, por lo tanto trasciende los propios periodos gubernamentales\u201d.<\/div>\n<div style=\"text-align: justify\"><\/div>\n<div style=\"text-align: justify\"><strong>Aeronoticias<\/strong> considera que Ceplan se reuni\u00f3 el lunes con el l\u00edder del movimiento pol\u00edtico \u201cOrden\u201d liderado por el ex ministro de Defensa, Antero Flores-Ar\u00e1oz, a quien se le expuso el plan estrat\u00e9gico e intercambiaron ideas.<\/div>\n<div style=\"text-align: justify\"><\/div>\n<div style=\"text-align: justify\">El plan tiene seis ejes estrat\u00e9gicos que apuntan al 2021 lograr un Producto Bruto Interno (PBI) per capita de 7,900 d\u00f3lares, meta que requiere duplicar el PBI, triplicar las exportaciones, aumentar la presi\u00f3n tributaria en cinco puntos porcentuales.<\/div>\n<div style=\"text-align: justify\"><\/div>\n<div style=\"text-align: justify\">\u201cEso significar\u00e1 reducir la pobreza al 13 por ciento y tambi\u00e9n la desigualdad\u201d, subray\u00f3.<\/div>\n<div style=\"text-align: justify\"><\/div>\n<div style=\"text-align: justify\">Asimismo, indic\u00f3 que en las reuniones que ha tenido con los diferentes partidos y movimientos pol\u00edticos, ha encontrado \u201cuna gran predisposici\u00f3n de las fuerzas democr\u00e1ticas en el sentido de respaldar la necesidad de un plan estrat\u00e9gico de desarrollo nacional\u201d.<\/div>\n<div style=\"text-align: justify\"><\/div>\n","protected":false},"excerpt":{"rendered":"<p>El Centro Nacional de Planeamiento Estrat\u00e9gico (Ceplan), persistir\u00e1 en invitar al l\u00edder del Partido Nacionalista, Ollanta Humala, para que participe con propuestas en la elaboraci\u00f3n del documento final del Plan Estrat\u00e9gico de Desarrollo Nacional 2010-2021, se\u00f1al\u00f3 hoy su director, Agust\u00edn Haya de la Torre. \u201cCuando se le invit\u00f3 directamente al comandante Ollanta Humala, se\u00f1al\u00f3 que [&hellip;]<\/p>\n","protected":false},"author":1,"featured_media":0,"comment_status":"open","ping_status":"open","sticky":false,"template":"","format":"standard","meta":{"tdm_status":"","tdm_grid_status":"","footnotes":""},"categories":[36],"tags":[],"class_list":{"0":"post-8608","1":"post","2":"type-post","3":"status-publish","4":"format-standard","6":"category-politica"},"yoast_head":"<!-- This site is optimized with the Yoast SEO plugin v25.1 - https:\/\/yoast.com\/wordpress\/plugins\/seo\/ -->\n<title>Ceplan afirma insistir\u00e1 en invitar a Humala a participar en elaboraci\u00f3n del Plan Estrat\u00e9gico Nacional<\/title>\n<meta name=\"description\" content=\"Portal de noticias del Per\u00fa sobre el transporte a\u00e9reo, aviaci\u00f3n, turismo, hoteleria, actualidad.\" \/>\n<meta name=\"robots\" content=\"index, follow, max-snippet:-1, max-image-preview:large, max-video-preview:-1\" \/>\n<link rel=\"canonical\" href=\"https:\/\/aeronoticias.com.pe\/noticiero\/politica\/ceplan-afirma-insistira-en-invitar-a-humala-a-participar-en-elaboracion-del-plan-estrategico-nacional\/\" \/>\n<meta property=\"og:locale\" content=\"es_ES\" \/>\n<meta property=\"og:type\" content=\"article\" \/>\n<meta property=\"og:title\" content=\"Ceplan afirma insistir\u00e1 en invitar a Humala a participar en elaboraci\u00f3n del Plan Estrat\u00e9gico Nacional\" \/>\n<meta property=\"og:description\" content=\"Portal de noticias del Per\u00fa sobre el transporte a\u00e9reo, aviaci\u00f3n, turismo, hoteleria, actualidad.\" \/>\n<meta property=\"og:url\" content=\"https:\/\/aeronoticias.com.pe\/noticiero\/politica\/ceplan-afirma-insistira-en-invitar-a-humala-a-participar-en-elaboracion-del-plan-estrategico-nacional\/\" \/>\n<meta property=\"og:site_name\" content=\"Aeronoticias.com.pe\" \/>\n<meta property=\"article:publisher\" content=\"https:\/\/www.facebook.com\/Aeronoticias.com.pe\/\" \/>\n<meta property=\"article:published_time\" content=\"2010-02-02T15:06:44+00:00\" \/>\n<meta name=\"author\" content=\"Redacci\u00f3n Aeronoticias\" \/>\n<meta name=\"twitter:card\" content=\"summary_large_image\" \/>\n<meta name=\"twitter:creator\" content=\"@aeronoticias\" \/>\n<meta name=\"twitter:site\" content=\"@aeronoticias\" \/>\n<meta name=\"twitter:label1\" content=\"Escrito por\" \/>\n\t<meta name=\"twitter:data1\" content=\"Redacci\u00f3n Aeronoticias\" \/>\n\t<meta name=\"twitter:label2\" content=\"Tiempo de lectura\" \/>\n\t<meta name=\"twitter:data2\" content=\"2 minutos\" \/>\n<script type=\"application\/ld+json\" class=\"yoast-schema-graph\">{\"@context\":\"https:\/\/schema.org\",\"@graph\":[{\"@type\":\"WebPage\",\"@id\":\"https:\/\/aeronoticias.com.pe\/noticiero\/politica\/ceplan-afirma-insistira-en-invitar-a-humala-a-participar-en-elaboracion-del-plan-estrategico-nacional\/\",\"url\":\"https:\/\/aeronoticias.com.pe\/noticiero\/politica\/ceplan-afirma-insistira-en-invitar-a-humala-a-participar-en-elaboracion-del-plan-estrategico-nacional\/\",\"name\":\"Ceplan afirma insistir\u00e1 en invitar a Humala a participar en elaboraci\u00f3n del Plan Estrat\u00e9gico Nacional\",\"isPartOf\":{\"@id\":\"https:\/\/aeronoticias.com.pe\/noticiero\/#website\"},\"datePublished\":\"2010-02-02T15:06:44+00:00\",\"author\":{\"@id\":\"https:\/\/aeronoticias.com.pe\/noticiero\/#\/schema\/person\/fc1e5d578f4b62ba1cf7ac2bba1170a0\"},\"description\":\"Portal de noticias del Per\u00fa sobre el transporte a\u00e9reo, aviaci\u00f3n, turismo, hoteleria, actualidad.\",\"breadcrumb\":{\"@id\":\"https:\/\/aeronoticias.com.pe\/noticiero\/politica\/ceplan-afirma-insistira-en-invitar-a-humala-a-participar-en-elaboracion-del-plan-estrategico-nacional\/#breadcrumb\"},\"inLanguage\":\"es\",\"potentialAction\":[{\"@type\":\"ReadAction\",\"target\":[\"https:\/\/aeronoticias.com.pe\/noticiero\/politica\/ceplan-afirma-insistira-en-invitar-a-humala-a-participar-en-elaboracion-del-plan-estrategico-nacional\/\"]}]},{\"@type\":\"BreadcrumbList\",\"@id\":\"https:\/\/aeronoticias.com.pe\/noticiero\/politica\/ceplan-afirma-insistira-en-invitar-a-humala-a-participar-en-elaboracion-del-plan-estrategico-nacional\/#breadcrumb\",\"itemListElement\":[{\"@type\":\"ListItem\",\"position\":1,\"name\":\"Portada\",\"item\":\"https:\/\/aeronoticias.com.pe\/noticiero\/\"},{\"@type\":\"ListItem\",\"position\":2,\"name\":\"Ceplan afirma insistir\u00e1 en invitar a Humala a participar en elaboraci\u00f3n del Plan Estrat\u00e9gico Nacional\"}]},{\"@type\":\"WebSite\",\"@id\":\"https:\/\/aeronoticias.com.pe\/noticiero\/#website\",\"url\":\"https:\/\/aeronoticias.com.pe\/noticiero\/\",\"name\":\"Aeronoticias.com.pe\",\"description\":\"Noticias de tranporte aereo, turismo, hoteles, gastronomia, actualidad, internacional\",\"potentialAction\":[{\"@type\":\"SearchAction\",\"target\":{\"@type\":\"EntryPoint\",\"urlTemplate\":\"https:\/\/aeronoticias.com.pe\/noticiero\/?s={search_term_string}\"},\"query-input\":{\"@type\":\"PropertyValueSpecification\",\"valueRequired\":true,\"valueName\":\"search_term_string\"}}],\"inLanguage\":\"es\"},{\"@type\":\"Person\",\"@id\":\"https:\/\/aeronoticias.com.pe\/noticiero\/#\/schema\/person\/fc1e5d578f4b62ba1cf7ac2bba1170a0\",\"name\":\"Redacci\u00f3n Aeronoticias\",\"url\":\"https:\/\/aeronoticias.com.pe\/noticiero\/author\/piloto\/\"}]}<\/script>\n<!-- \/ Yoast SEO plugin. -->","yoast_head_json":{"title":"Ceplan afirma insistir\u00e1 en invitar a Humala a participar en elaboraci\u00f3n del Plan Estrat\u00e9gico Nacional","description":"Portal de noticias del Per\u00fa sobre el transporte a\u00e9reo, aviaci\u00f3n, turismo, hoteleria, actualidad.","robots":{"index":"index","follow":"follow","max-snippet":"max-snippet:-1","max-image-preview":"max-image-preview:large","max-video-preview":"max-video-preview:-1"},"canonical":"https:\/\/aeronoticias.com.pe\/noticiero\/politica\/ceplan-afirma-insistira-en-invitar-a-humala-a-participar-en-elaboracion-del-plan-estrategico-nacional\/","og_locale":"es_ES","og_type":"article","og_title":"Ceplan afirma insistir\u00e1 en invitar a Humala a participar en elaboraci\u00f3n del Plan Estrat\u00e9gico Nacional","og_description":"Portal de noticias del Per\u00fa sobre el transporte a\u00e9reo, aviaci\u00f3n, turismo, hoteleria, actualidad.","og_url":"https:\/\/aeronoticias.com.pe\/noticiero\/politica\/ceplan-afirma-insistira-en-invitar-a-humala-a-participar-en-elaboracion-del-plan-estrategico-nacional\/","og_site_name":"Aeronoticias.com.pe","article_publisher":"https:\/\/www.facebook.com\/Aeronoticias.com.pe\/","article_published_time":"2010-02-02T15:06:44+00:00","author":"Redacci\u00f3n Aeronoticias","twitter_card":"summary_large_image","twitter_creator":"@aeronoticias","twitter_site":"@aeronoticias","twitter_misc":{"Escrito por":"Redacci\u00f3n Aeronoticias","Tiempo de lectura":"2 minutos"},"schema":{"@context":"https:\/\/schema.org","@graph":[{"@type":"WebPage","@id":"https:\/\/aeronoticias.com.pe\/noticiero\/politica\/ceplan-afirma-insistira-en-invitar-a-humala-a-participar-en-elaboracion-del-plan-estrategico-nacional\/","url":"https:\/\/aeronoticias.com.pe\/noticiero\/politica\/ceplan-afirma-insistira-en-invitar-a-humala-a-participar-en-elaboracion-del-plan-estrategico-nacional\/","name":"Ceplan afirma insistir\u00e1 en invitar a Humala a participar en elaboraci\u00f3n del Plan Estrat\u00e9gico Nacional","isPartOf":{"@id":"https:\/\/aeronoticias.com.pe\/noticiero\/#website"},"datePublished":"2010-02-02T15:06:44+00:00","author":{"@id":"https:\/\/aeronoticias.com.pe\/noticiero\/#\/schema\/person\/fc1e5d578f4b62ba1cf7ac2bba1170a0"},"description":"Portal de noticias del Per\u00fa sobre el transporte a\u00e9reo, aviaci\u00f3n, turismo, hoteleria, actualidad.","breadcrumb":{"@id":"https:\/\/aeronoticias.com.pe\/noticiero\/politica\/ceplan-afirma-insistira-en-invitar-a-humala-a-participar-en-elaboracion-del-plan-estrategico-nacional\/#breadcrumb"},"inLanguage":"es","potentialAction":[{"@type":"ReadAction","target":["https:\/\/aeronoticias.com.pe\/noticiero\/politica\/ceplan-afirma-insistira-en-invitar-a-humala-a-participar-en-elaboracion-del-plan-estrategico-nacional\/"]}]},{"@type":"BreadcrumbList","@id":"https:\/\/aeronoticias.com.pe\/noticiero\/politica\/ceplan-afirma-insistira-en-invitar-a-humala-a-participar-en-elaboracion-del-plan-estrategico-nacional\/#breadcrumb","itemListElement":[{"@type":"ListItem","position":1,"name":"Portada","item":"https:\/\/aeronoticias.com.pe\/noticiero\/"},{"@type":"ListItem","position":2,"name":"Ceplan afirma insistir\u00e1 en invitar a Humala a participar en elaboraci\u00f3n del Plan Estrat\u00e9gico Nacional"}]},{"@type":"WebSite","@id":"https:\/\/aeronoticias.com.pe\/noticiero\/#website","url":"https:\/\/aeronoticias.com.pe\/noticiero\/","name":"Aeronoticias.com.pe","description":"Noticias de tranporte aereo, turismo, hoteles, gastronomia, actualidad, internacional","potentialAction":[{"@type":"SearchAction","target":{"@type":"EntryPoint","urlTemplate":"https:\/\/aeronoticias.com.pe\/noticiero\/?s={search_term_string}"},"query-input":{"@type":"PropertyValueSpecification","valueRequired":true,"valueName":"search_term_string"}}],"inLanguage":"es"},{"@type":"Person","@id":"https:\/\/aeronoticias.com.pe\/noticiero\/#\/schema\/person\/fc1e5d578f4b62ba1cf7ac2bba1170a0","name":"Redacci\u00f3n Aeronoticias","url":"https:\/\/aeronoticias.com.pe\/noticiero\/author\/piloto\/"}]}},"_links":{"self":[{"href":"https:\/\/aeronoticias.com.pe\/noticiero\/wp-json\/wp\/v2\/posts\/8608","targetHints":{"allow":["GET"]}}],"collection":[{"href":"https:\/\/aeronoticias.com.pe\/noticiero\/wp-json\/wp\/v2\/posts"}],"about":[{"href":"https:\/\/aeronoticias.com.pe\/noticiero\/wp-json\/wp\/v2\/types\/post"}],"author":[{"embeddable":true,"href":"https:\/\/aeronoticias.com.pe\/noticiero\/wp-json\/wp\/v2\/users\/1"}],"replies":[{"embeddable":true,"href":"https:\/\/aeronoticias.com.pe\/noticiero\/wp-json\/wp\/v2\/comments?post=8608"}],"version-history":[{"count":0,"href":"https:\/\/aeronoticias.com.pe\/noticiero\/wp-json\/wp\/v2\/posts\/8608\/revisions"}],"wp:attachment":[{"href":"https:\/\/aeronoticias.com.pe\/noticiero\/wp-json\/wp\/v2\/media?parent=8608"}],"wp:term":[{"taxonomy":"category","embeddable":true,"href":"https:\/\/aeronoticias.com.pe\/noticiero\/wp-json\/wp\/v2\/categories?post=8608"},{"taxonomy":"post_tag","embeddable":true,"href":"https:\/\/aeronoticias.com.pe\/noticiero\/wp-json\/wp\/v2\/tags?post=8608"}],"curies":[{"name":"wp","href":"https:\/\/api.w.org\/{rel}","templated":true}]}}