{"id":86192,"date":"2023-09-21T11:12:15","date_gmt":"2023-09-21T16:12:15","guid":{"rendered":"https:\/\/aeronoticias.com.pe\/noticiero\/?p=86192"},"modified":"2023-09-21T11:12:18","modified_gmt":"2023-09-21T16:12:18","slug":"francia-podria-aumentar-los-impuestos-para-las-empresas-mas-contaminantes","status":"publish","type":"post","link":"https:\/\/aeronoticias.com.pe\/noticiero\/transporte-aereo\/francia-podria-aumentar-los-impuestos-para-las-empresas-mas-contaminantes\/","title":{"rendered":"Francia podr\u00eda aumentar los impuestos para las empresas m\u00e1s contaminantes"},"content":{"rendered":"\n<p><strong>(Aeronoticias)<\/strong>: <em><strong>Aviaci\u00f3n Digital, Sp. \u2013<\/strong>\u00a0Cl\u00e9ment Beaune, Ministro Delegado de Transportes de Francia, concedi\u00f3 una entrevista al medio del pa\u00eds\u00a0<a href=\"https:\/\/www.francetvinfo.fr\/monde\/environnement\/crise-climatique\/empreinte-carbone\/transports\/taxe-sur-les-billets-d-avion-la-contribution-supplementaire-du-secteur-aerien-c-est-certain-aura-lieu-dit-clement-beaune_6072996.html\">Franceinfo<\/a>\u00a0y advirti\u00f3 de que existe la posibilidad de\u00a0<strong>implementar una mayor contribuci\u00f3n por parte del sector a\u00e9reo para promover medios de transporte con menos impacto ambiental<\/strong>\u00a0y respaldar la descarbonizaci\u00f3n del sector. Sin embargo, se\u00f1al\u00f3 que\u00a0<strong>los detalles\u00a0<\/strong>precisos de c\u00f3mo se llevar\u00e1 a cabo esta contribuci\u00f3n, ya sea de manera directa o indirecta,<strong>\u00a0a\u00fan se encuentran en proceso de discusi\u00f3n.<\/strong><\/em><\/p>\n\n\n\n<p>\u00abEl impuesto es una herramienta, pero el objetivo principal es respaldar la<a href=\"https:\/\/aviaciondigital.com\/airbus-inicia-el-montaje-del-primer-prototipo-de-ala-ecologica-del-futuro\/\">&nbsp;transici\u00f3n ecol\u00f3gica<\/a>\u00ab, enfatiz\u00f3. A\u00f1adi\u00f3 que su principal preocupaci\u00f3n es la transici\u00f3n ecol\u00f3gica, no el impuesto en s\u00ed. El ministro confirm\u00f3 que&nbsp;<strong>el pr\u00f3ximo proyecto de ley de finanzas incluir\u00e1 impuestos sobre las compa\u00f1\u00edas de autopistas y los billetes de avi\u00f3n<\/strong>, a pesar de las afirmaciones previas en el diario Les Echos del 19 de septiembre que suger\u00edan que el Gobierno hab\u00eda abandonado este proyecto destinado a financiar el desarrollo ferroviario.<\/p>\n\n\n\n<p>\u00ab<strong>En el presupuesto de 2024, se contemplar\u00e1 un aumento en la carga fiscal para los sectores con mayores niveles de contaminaci\u00f3n<\/strong>\u00ab, declar\u00f3 el ministro, haciendo referencia espec\u00edficamente al \u00absector de las autopistas\u00bb y al&nbsp;<strong>\u00absector de la aviaci\u00f3n\u00bb.<\/strong>&nbsp;Explic\u00f3 que estos sectores, que son los principales emisores de gases de efecto invernadero,&nbsp;<strong>contribuir\u00e1n a la descarbonizaci\u00f3n y financiar\u00e1n a las industrias con un menor impacto ambiental.<\/strong><\/p>\n\n\n\n<p>\u00abEl enfoque preciso\u00bb para la contribuci\u00f3n del sector de la aviaci\u00f3n a\u00fan est\u00e1 siendo objeto de debate, afirm\u00f3 el Ministro. La&nbsp;<strong>pregunta pendiente<\/strong>&nbsp;es si esta contribuci\u00f3n ser\u00e1&nbsp;<strong>\u00abdirecta\u00bb, como un impuesto sobre los billetes de avi\u00f3n<\/strong>, o<strong>&nbsp;\u00abindirecta\u00bb, como un impuesto sobre los aeropuertos.<\/strong>&nbsp;En este sentido, se\u00f1al\u00f3 que est\u00e1n considerando esta opci\u00f3n dentro del marco de la fiscalidad relacionada con las concesiones aeroportuarias.<\/p>\n\n\n\n<p>El Ministro asegur\u00f3 su<strong>&nbsp;intenci\u00f3n de eximir a los territorios franceses de ultramar y a C\u00f3rcega del impuesto ecol\u00f3gico aplicado al sector a\u00e9reo<\/strong>, destacando la importancia de estas rutas en t\u00e9rminos de continuidad territorial y servicios p\u00fablicos esenciales. Lo mismo ocurre con el tratado&nbsp;<a href=\"https:\/\/aviaciondigital.com\/jose-ramon-bauza-espana-tiene-la-oportunidad-de-ser-el-mayor-productor-de-saf-de-europa\/\">ReFuelEU Aviation&nbsp;<\/a>y los territorios ultraperif\u00e9ricos, quienes est\u00e1n exentos.<\/p>\n\n\n\n<p>Cl\u00e9ment Beaune tambi\u00e9n reiter\u00f3 su\u00a0<strong>deseo de establecer \u00abuna tarifa a\u00e9rea m\u00ednima\u00bb en Europa<\/strong>\u00a0como medida para combatir el \u00abdumping social y medioambiental\u00bb. Argument\u00f3 que en ocasiones, \u00ab<strong>algunas compa\u00f1\u00edas ofrecen precios que no reflejan el verdadero costo, ni el costo ambiental<\/strong>, de un viaje en avi\u00f3n\u00bb.<\/p>\n\n\n\n<p><strong>Fuente: aviaciondigital.com<\/strong><\/p>\n","protected":false},"excerpt":{"rendered":"<p>(Aeronoticias): Aviaci\u00f3n Digital, Sp. \u2013\u00a0Cl\u00e9ment Beaune, Ministro Delegado de Transportes de Francia, concedi\u00f3 una entrevista al medio del pa\u00eds\u00a0Franceinfo\u00a0y advirti\u00f3 de que existe la posibilidad de\u00a0implementar una mayor contribuci\u00f3n por parte del sector a\u00e9reo para promover medios de transporte con menos impacto ambiental\u00a0y respaldar la descarbonizaci\u00f3n del sector. Sin embargo, se\u00f1al\u00f3 que\u00a0los detalles\u00a0precisos de c\u00f3mo [&hellip;]<\/p>\n","protected":false},"author":3,"featured_media":86193,"comment_status":"open","ping_status":"open","sticky":false,"template":"","format":"standard","meta":{"tdm_status":"","tdm_grid_status":"","footnotes":""},"categories":[32,11],"tags":[3748,291],"class_list":{"0":"post-86192","1":"post","2":"type-post","3":"status-publish","4":"format-standard","5":"has-post-thumbnail","7":"category-internacional","8":"category-transporte-aereo","9":"tag-empresas-contaminantes","10":"tag-francia"},"yoast_head":"<!-- This site is optimized with the Yoast SEO plugin v25.1 - https:\/\/yoast.com\/wordpress\/plugins\/seo\/ -->\n<title>Francia podr\u00eda aumentar los impuestos para las empresas m\u00e1s contaminantes<\/title>\n<meta name=\"description\" content=\"Afecta, principalmente, a los sectores de la aviaci\u00f3n y de las autopistas\" \/>\n<meta name=\"robots\" content=\"index, follow, max-snippet:-1, max-image-preview:large, max-video-preview:-1\" \/>\n<link rel=\"canonical\" href=\"https:\/\/aeronoticias.com.pe\/noticiero\/transporte-aereo\/francia-podria-aumentar-los-impuestos-para-las-empresas-mas-contaminantes\/\" \/>\n<meta property=\"og:locale\" content=\"es_ES\" \/>\n<meta property=\"og:type\" content=\"article\" \/>\n<meta property=\"og:title\" content=\"Francia podr\u00eda aumentar los impuestos para las empresas m\u00e1s contaminantes\" \/>\n<meta property=\"og:description\" content=\"Afecta, principalmente, a los sectores de la aviaci\u00f3n y de las autopistas\" \/>\n<meta property=\"og:url\" content=\"https:\/\/aeronoticias.com.pe\/noticiero\/transporte-aereo\/francia-podria-aumentar-los-impuestos-para-las-empresas-mas-contaminantes\/\" \/>\n<meta property=\"og:site_name\" content=\"Aeronoticias.com.pe\" \/>\n<meta property=\"article:publisher\" content=\"https:\/\/www.facebook.com\/Aeronoticias.com.pe\/\" \/>\n<meta property=\"article:published_time\" content=\"2023-09-21T16:12:15+00:00\" \/>\n<meta property=\"article:modified_time\" content=\"2023-09-21T16:12:18+00:00\" \/>\n<meta property=\"og:image\" content=\"https:\/\/aeronoticias.com.pe\/noticiero\/wp-content\/uploads\/2023\/09\/france2.jpg\" \/>\n\t<meta property=\"og:image:width\" content=\"1050\" \/>\n\t<meta property=\"og:image:height\" content=\"579\" \/>\n\t<meta property=\"og:image:type\" content=\"image\/jpeg\" \/>\n<meta name=\"author\" content=\"Redacci\u00f3n\" \/>\n<meta name=\"twitter:card\" content=\"summary_large_image\" \/>\n<meta name=\"twitter:creator\" content=\"@aeronoticias\" \/>\n<meta name=\"twitter:site\" content=\"@aeronoticias\" \/>\n<meta name=\"twitter:label1\" content=\"Escrito por\" \/>\n\t<meta name=\"twitter:data1\" content=\"Redacci\u00f3n\" \/>\n\t<meta name=\"twitter:label2\" content=\"Tiempo de lectura\" \/>\n\t<meta name=\"twitter:data2\" content=\"2 minutos\" \/>\n<script type=\"application\/ld+json\" class=\"yoast-schema-graph\">{\"@context\":\"https:\/\/schema.org\",\"@graph\":[{\"@type\":\"WebPage\",\"@id\":\"https:\/\/aeronoticias.com.pe\/noticiero\/transporte-aereo\/francia-podria-aumentar-los-impuestos-para-las-empresas-mas-contaminantes\/\",\"url\":\"https:\/\/aeronoticias.com.pe\/noticiero\/transporte-aereo\/francia-podria-aumentar-los-impuestos-para-las-empresas-mas-contaminantes\/\",\"name\":\"Francia podr\u00eda aumentar los impuestos para las empresas m\u00e1s contaminantes\",\"isPartOf\":{\"@id\":\"https:\/\/aeronoticias.com.pe\/noticiero\/#website\"},\"primaryImageOfPage\":{\"@id\":\"https:\/\/aeronoticias.com.pe\/noticiero\/transporte-aereo\/francia-podria-aumentar-los-impuestos-para-las-empresas-mas-contaminantes\/#primaryimage\"},\"image\":{\"@id\":\"https:\/\/aeronoticias.com.pe\/noticiero\/transporte-aereo\/francia-podria-aumentar-los-impuestos-para-las-empresas-mas-contaminantes\/#primaryimage\"},\"thumbnailUrl\":\"https:\/\/aeronoticias.com.pe\/noticiero\/wp-content\/uploads\/2023\/09\/france2.jpg\",\"datePublished\":\"2023-09-21T16:12:15+00:00\",\"dateModified\":\"2023-09-21T16:12:18+00:00\",\"author\":{\"@id\":\"https:\/\/aeronoticias.com.pe\/noticiero\/#\/schema\/person\/16212a617c73f78916b13194154243bd\"},\"description\":\"Afecta, principalmente, a los sectores de la aviaci\u00f3n y de las autopistas\",\"breadcrumb\":{\"@id\":\"https:\/\/aeronoticias.com.pe\/noticiero\/transporte-aereo\/francia-podria-aumentar-los-impuestos-para-las-empresas-mas-contaminantes\/#breadcrumb\"},\"inLanguage\":\"es\",\"potentialAction\":[{\"@type\":\"ReadAction\",\"target\":[\"https:\/\/aeronoticias.com.pe\/noticiero\/transporte-aereo\/francia-podria-aumentar-los-impuestos-para-las-empresas-mas-contaminantes\/\"]}]},{\"@type\":\"ImageObject\",\"inLanguage\":\"es\",\"@id\":\"https:\/\/aeronoticias.com.pe\/noticiero\/transporte-aereo\/francia-podria-aumentar-los-impuestos-para-las-empresas-mas-contaminantes\/#primaryimage\",\"url\":\"https:\/\/aeronoticias.com.pe\/noticiero\/wp-content\/uploads\/2023\/09\/france2.jpg\",\"contentUrl\":\"https:\/\/aeronoticias.com.pe\/noticiero\/wp-content\/uploads\/2023\/09\/france2.jpg\",\"width\":1050,\"height\":579},{\"@type\":\"BreadcrumbList\",\"@id\":\"https:\/\/aeronoticias.com.pe\/noticiero\/transporte-aereo\/francia-podria-aumentar-los-impuestos-para-las-empresas-mas-contaminantes\/#breadcrumb\",\"itemListElement\":[{\"@type\":\"ListItem\",\"position\":1,\"name\":\"Portada\",\"item\":\"https:\/\/aeronoticias.com.pe\/noticiero\/\"},{\"@type\":\"ListItem\",\"position\":2,\"name\":\"Francia podr\u00eda aumentar los impuestos para las empresas m\u00e1s contaminantes\"}]},{\"@type\":\"WebSite\",\"@id\":\"https:\/\/aeronoticias.com.pe\/noticiero\/#website\",\"url\":\"https:\/\/aeronoticias.com.pe\/noticiero\/\",\"name\":\"Aeronoticias.com.pe\",\"description\":\"Noticias de tranporte aereo, turismo, hoteles, gastronomia, actualidad, internacional\",\"potentialAction\":[{\"@type\":\"SearchAction\",\"target\":{\"@type\":\"EntryPoint\",\"urlTemplate\":\"https:\/\/aeronoticias.com.pe\/noticiero\/?s={search_term_string}\"},\"query-input\":{\"@type\":\"PropertyValueSpecification\",\"valueRequired\":true,\"valueName\":\"search_term_string\"}}],\"inLanguage\":\"es\"},{\"@type\":\"Person\",\"@id\":\"https:\/\/aeronoticias.com.pe\/noticiero\/#\/schema\/person\/16212a617c73f78916b13194154243bd\",\"name\":\"Redacci\u00f3n\",\"sameAs\":[\"http:\/\/Redacci\u00f3n\"],\"url\":\"https:\/\/aeronoticias.com.pe\/noticiero\/author\/celeste\/\"}]}<\/script>\n<!-- \/ Yoast SEO plugin. -->","yoast_head_json":{"title":"Francia podr\u00eda aumentar los impuestos para las empresas m\u00e1s contaminantes","description":"Afecta, principalmente, a los sectores de la aviaci\u00f3n y de las autopistas","robots":{"index":"index","follow":"follow","max-snippet":"max-snippet:-1","max-image-preview":"max-image-preview:large","max-video-preview":"max-video-preview:-1"},"canonical":"https:\/\/aeronoticias.com.pe\/noticiero\/transporte-aereo\/francia-podria-aumentar-los-impuestos-para-las-empresas-mas-contaminantes\/","og_locale":"es_ES","og_type":"article","og_title":"Francia podr\u00eda aumentar los impuestos para las empresas m\u00e1s contaminantes","og_description":"Afecta, principalmente, a los sectores de la aviaci\u00f3n y de las autopistas","og_url":"https:\/\/aeronoticias.com.pe\/noticiero\/transporte-aereo\/francia-podria-aumentar-los-impuestos-para-las-empresas-mas-contaminantes\/","og_site_name":"Aeronoticias.com.pe","article_publisher":"https:\/\/www.facebook.com\/Aeronoticias.com.pe\/","article_published_time":"2023-09-21T16:12:15+00:00","article_modified_time":"2023-09-21T16:12:18+00:00","og_image":[{"width":1050,"height":579,"url":"https:\/\/aeronoticias.com.pe\/noticiero\/wp-content\/uploads\/2023\/09\/france2.jpg","type":"image\/jpeg"}],"author":"Redacci\u00f3n","twitter_card":"summary_large_image","twitter_creator":"@aeronoticias","twitter_site":"@aeronoticias","twitter_misc":{"Escrito por":"Redacci\u00f3n","Tiempo de lectura":"2 minutos"},"schema":{"@context":"https:\/\/schema.org","@graph":[{"@type":"WebPage","@id":"https:\/\/aeronoticias.com.pe\/noticiero\/transporte-aereo\/francia-podria-aumentar-los-impuestos-para-las-empresas-mas-contaminantes\/","url":"https:\/\/aeronoticias.com.pe\/noticiero\/transporte-aereo\/francia-podria-aumentar-los-impuestos-para-las-empresas-mas-contaminantes\/","name":"Francia podr\u00eda aumentar los impuestos para las empresas m\u00e1s contaminantes","isPartOf":{"@id":"https:\/\/aeronoticias.com.pe\/noticiero\/#website"},"primaryImageOfPage":{"@id":"https:\/\/aeronoticias.com.pe\/noticiero\/transporte-aereo\/francia-podria-aumentar-los-impuestos-para-las-empresas-mas-contaminantes\/#primaryimage"},"image":{"@id":"https:\/\/aeronoticias.com.pe\/noticiero\/transporte-aereo\/francia-podria-aumentar-los-impuestos-para-las-empresas-mas-contaminantes\/#primaryimage"},"thumbnailUrl":"https:\/\/aeronoticias.com.pe\/noticiero\/wp-content\/uploads\/2023\/09\/france2.jpg","datePublished":"2023-09-21T16:12:15+00:00","dateModified":"2023-09-21T16:12:18+00:00","author":{"@id":"https:\/\/aeronoticias.com.pe\/noticiero\/#\/schema\/person\/16212a617c73f78916b13194154243bd"},"description":"Afecta, principalmente, a los sectores de la aviaci\u00f3n y de las autopistas","breadcrumb":{"@id":"https:\/\/aeronoticias.com.pe\/noticiero\/transporte-aereo\/francia-podria-aumentar-los-impuestos-para-las-empresas-mas-contaminantes\/#breadcrumb"},"inLanguage":"es","potentialAction":[{"@type":"ReadAction","target":["https:\/\/aeronoticias.com.pe\/noticiero\/transporte-aereo\/francia-podria-aumentar-los-impuestos-para-las-empresas-mas-contaminantes\/"]}]},{"@type":"ImageObject","inLanguage":"es","@id":"https:\/\/aeronoticias.com.pe\/noticiero\/transporte-aereo\/francia-podria-aumentar-los-impuestos-para-las-empresas-mas-contaminantes\/#primaryimage","url":"https:\/\/aeronoticias.com.pe\/noticiero\/wp-content\/uploads\/2023\/09\/france2.jpg","contentUrl":"https:\/\/aeronoticias.com.pe\/noticiero\/wp-content\/uploads\/2023\/09\/france2.jpg","width":1050,"height":579},{"@type":"BreadcrumbList","@id":"https:\/\/aeronoticias.com.pe\/noticiero\/transporte-aereo\/francia-podria-aumentar-los-impuestos-para-las-empresas-mas-contaminantes\/#breadcrumb","itemListElement":[{"@type":"ListItem","position":1,"name":"Portada","item":"https:\/\/aeronoticias.com.pe\/noticiero\/"},{"@type":"ListItem","position":2,"name":"Francia podr\u00eda aumentar los impuestos para las empresas m\u00e1s contaminantes"}]},{"@type":"WebSite","@id":"https:\/\/aeronoticias.com.pe\/noticiero\/#website","url":"https:\/\/aeronoticias.com.pe\/noticiero\/","name":"Aeronoticias.com.pe","description":"Noticias de tranporte aereo, turismo, hoteles, gastronomia, actualidad, internacional","potentialAction":[{"@type":"SearchAction","target":{"@type":"EntryPoint","urlTemplate":"https:\/\/aeronoticias.com.pe\/noticiero\/?s={search_term_string}"},"query-input":{"@type":"PropertyValueSpecification","valueRequired":true,"valueName":"search_term_string"}}],"inLanguage":"es"},{"@type":"Person","@id":"https:\/\/aeronoticias.com.pe\/noticiero\/#\/schema\/person\/16212a617c73f78916b13194154243bd","name":"Redacci\u00f3n","sameAs":["http:\/\/Redacci\u00f3n"],"url":"https:\/\/aeronoticias.com.pe\/noticiero\/author\/celeste\/"}]}},"_links":{"self":[{"href":"https:\/\/aeronoticias.com.pe\/noticiero\/wp-json\/wp\/v2\/posts\/86192","targetHints":{"allow":["GET"]}}],"collection":[{"href":"https:\/\/aeronoticias.com.pe\/noticiero\/wp-json\/wp\/v2\/posts"}],"about":[{"href":"https:\/\/aeronoticias.com.pe\/noticiero\/wp-json\/wp\/v2\/types\/post"}],"author":[{"embeddable":true,"href":"https:\/\/aeronoticias.com.pe\/noticiero\/wp-json\/wp\/v2\/users\/3"}],"replies":[{"embeddable":true,"href":"https:\/\/aeronoticias.com.pe\/noticiero\/wp-json\/wp\/v2\/comments?post=86192"}],"version-history":[{"count":0,"href":"https:\/\/aeronoticias.com.pe\/noticiero\/wp-json\/wp\/v2\/posts\/86192\/revisions"}],"wp:featuredmedia":[{"embeddable":true,"href":"https:\/\/aeronoticias.com.pe\/noticiero\/wp-json\/wp\/v2\/media\/86193"}],"wp:attachment":[{"href":"https:\/\/aeronoticias.com.pe\/noticiero\/wp-json\/wp\/v2\/media?parent=86192"}],"wp:term":[{"taxonomy":"category","embeddable":true,"href":"https:\/\/aeronoticias.com.pe\/noticiero\/wp-json\/wp\/v2\/categories?post=86192"},{"taxonomy":"post_tag","embeddable":true,"href":"https:\/\/aeronoticias.com.pe\/noticiero\/wp-json\/wp\/v2\/tags?post=86192"}],"curies":[{"name":"wp","href":"https:\/\/api.w.org\/{rel}","templated":true}]}}