{"id":8652,"date":"2010-02-03T22:17:56","date_gmt":"2010-02-03T22:17:56","guid":{"rendered":"http:\/\/desarrollo.mcvicious.com\/aero2020\/2010\/02\/03\/lan-dice-que-congresistas-peruanos-no-tienen-los-derechos-del-consumidor\/"},"modified":"2010-02-03T22:17:56","modified_gmt":"2010-02-03T22:17:56","slug":"lan-dice-que-congresistas-peruanos-no-tienen-los-derechos-del-consumidor","status":"publish","type":"post","link":"https:\/\/aeronoticias.com.pe\/noticiero\/transporte-aereo\/internacional\/lan-dice-que-congresistas-peruanos-no-tienen-los-derechos-del-consumidor\/","title":{"rendered":"LAN dice que congresistas peruanos no tienen los derechos del consumidor"},"content":{"rendered":"<div align=\"justify\">Luego de que INDECOPI declarara fundada la denuncia de la congresista nacionalista Susana Vilca Achata, por violaci\u00f3n a la Ley de Protecci\u00f3n al Consumidor al desembarcar esta l\u00ednea a\u00e9rea a la congresista por Puno en el vuelo del 01 de febrero de 2009, la l\u00ednea a\u00e9rea chilena ha interpuesto recurso de apelaci\u00f3n a la presidencia de la Comisi\u00f3n de Protecci\u00f3n del Consumidor de INDECOPI, en donde afirma que existe una incorrecta aplicaci\u00f3n de la normativa, en raz\u00f3n a que seg\u00fan la l\u00ednea a\u00e9rea, propiedad de Sebasti\u00e1n Pi\u00f1era, a los congresistas peruanos no les alcanza el art\u00edculo III de la Ley de Protecci\u00f3n al Consumidor, es decir ser\u00edan ciudadanos de segunda clase, no tendr\u00edan derechos y no importa que adquieran billetes de pasajes, en raz\u00f3n a que LAN interpreta en este recurso que los congresistas realizan actividades empresariales o realizan actividades profesionales y por ello, sencillamente no tienen derecho y le piden a INDECOPI ya que en segunda instancia declare infundada la denuncia.<\/p>\n<div style=\"text-align: center\"><img decoding=\"async\" src=\"images\/stories\/10\/02\/030110\/lanperu.jpg\" border=\"0\" alt=\"LAN dice que congresistas peruanos no tienen los derechos del consumidor\" title=\"LAN dice que congresistas peruanos no tienen los derechos del consumidor\" \/><\/div>\n<p>Aeronoticias considera que LAN AIRLINES, que utiliza rutas y frecuencias y derechos de tr\u00e1fico del Per\u00fa sin pagar decenas de millones de d\u00f3lares en aplicaci\u00f3n a la normativa del art\u00edculo 98 inciso d, de la Ley 27261 Ley de Aeron\u00e1utica Civil del Per\u00fa, en virtud de una dadivosa negociaci\u00f3n en un controvertido convenio bilateral firmado en marzo de 2007, deber\u00eda dar instrucciones a su filial en el Per\u00fa, LAN PER\u00da, para que entienda que las autoridades administrativas peruanas en este procedimiento administrativo, han aplicado el principio de legalidad, es decir han actuado con respeto a la Constituci\u00f3n y al derecho dentro de las facultades que le est\u00e1n atribuidas y de acuerdo con los fines que le fueron conferidos, no obstante que INDECOPI fall\u00f3 tibiamente, imponi\u00e9ndole solo cinco unidades impositivas tributarias a LAN, cuando debieron ser 300 y no se ha aclarado ni se han regulado los U$ 200,000 que debe pagar LAN por concepto de costas a los abogados de la congresista peruana, en un caso en donde claramente se le est\u00e1 faltando el respeto al Per\u00fa, ya que afirmar que un congresista no tiene los derechos de un consumidor no reviste el menor an\u00e1lisis.<\/p>\n<p>El presidente del Congreso, Luis Alva Castro, debe monitorear este caso como ya lo hizo acertadamente el ex presidente del Congreso y actual presidente del Consejo de Ministros, Javier Vel\u00e1squez Quesqu\u00e9n, ya que este precedente servir\u00e1 para ver si la empresa chilena respeta o no a futuro a los congresistas peruanos.<\/div>\n","protected":false},"excerpt":{"rendered":"<p>Luego de que INDECOPI declarara fundada la denuncia de la congresista nacionalista Susana Vilca Achata, por violaci\u00f3n a la Ley de Protecci\u00f3n al Consumidor al desembarcar esta l\u00ednea a\u00e9rea a la congresista por Puno en el vuelo del 01 de febrero de 2009, la l\u00ednea a\u00e9rea chilena ha interpuesto recurso de apelaci\u00f3n a la presidencia [&hellip;]<\/p>\n","protected":false},"author":1,"featured_media":0,"comment_status":"open","ping_status":"open","sticky":false,"template":"","format":"standard","meta":{"tdm_status":"","tdm_grid_status":"","footnotes":""},"categories":[32],"tags":[],"class_list":{"0":"post-8652","1":"post","2":"type-post","3":"status-publish","4":"format-standard","6":"category-internacional"},"yoast_head":"<!-- This site is optimized with the Yoast SEO plugin v25.1 - https:\/\/yoast.com\/wordpress\/plugins\/seo\/ -->\n<title>LAN dice que congresistas peruanos no tienen los derechos del consumidor<\/title>\n<meta name=\"description\" content=\"Portal de noticias del Per\u00fa sobre el transporte a\u00e9reo, aviaci\u00f3n, turismo, hoteleria, actualidad.\" \/>\n<meta name=\"robots\" content=\"index, follow, max-snippet:-1, max-image-preview:large, max-video-preview:-1\" \/>\n<link rel=\"canonical\" href=\"https:\/\/aeronoticias.com.pe\/noticiero\/transporte-aereo\/internacional\/lan-dice-que-congresistas-peruanos-no-tienen-los-derechos-del-consumidor\/\" \/>\n<meta property=\"og:locale\" content=\"es_ES\" \/>\n<meta property=\"og:type\" content=\"article\" \/>\n<meta property=\"og:title\" content=\"LAN dice que congresistas peruanos no tienen los derechos del consumidor\" \/>\n<meta property=\"og:description\" content=\"Portal de noticias del Per\u00fa sobre el transporte a\u00e9reo, aviaci\u00f3n, turismo, hoteleria, actualidad.\" \/>\n<meta property=\"og:url\" content=\"https:\/\/aeronoticias.com.pe\/noticiero\/transporte-aereo\/internacional\/lan-dice-que-congresistas-peruanos-no-tienen-los-derechos-del-consumidor\/\" \/>\n<meta property=\"og:site_name\" content=\"Aeronoticias.com.pe\" \/>\n<meta property=\"article:publisher\" content=\"https:\/\/www.facebook.com\/Aeronoticias.com.pe\/\" \/>\n<meta property=\"article:published_time\" content=\"2010-02-03T22:17:56+00:00\" \/>\n<meta name=\"author\" content=\"Redacci\u00f3n Aeronoticias\" \/>\n<meta name=\"twitter:card\" content=\"summary_large_image\" \/>\n<meta name=\"twitter:creator\" content=\"@aeronoticias\" \/>\n<meta name=\"twitter:site\" content=\"@aeronoticias\" \/>\n<meta name=\"twitter:label1\" content=\"Escrito por\" \/>\n\t<meta name=\"twitter:data1\" content=\"Redacci\u00f3n Aeronoticias\" \/>\n\t<meta name=\"twitter:label2\" content=\"Tiempo de lectura\" \/>\n\t<meta name=\"twitter:data2\" content=\"2 minutos\" \/>\n<script type=\"application\/ld+json\" class=\"yoast-schema-graph\">{\"@context\":\"https:\/\/schema.org\",\"@graph\":[{\"@type\":\"WebPage\",\"@id\":\"https:\/\/aeronoticias.com.pe\/noticiero\/transporte-aereo\/internacional\/lan-dice-que-congresistas-peruanos-no-tienen-los-derechos-del-consumidor\/\",\"url\":\"https:\/\/aeronoticias.com.pe\/noticiero\/transporte-aereo\/internacional\/lan-dice-que-congresistas-peruanos-no-tienen-los-derechos-del-consumidor\/\",\"name\":\"LAN dice que congresistas peruanos no tienen los derechos del consumidor\",\"isPartOf\":{\"@id\":\"https:\/\/aeronoticias.com.pe\/noticiero\/#website\"},\"datePublished\":\"2010-02-03T22:17:56+00:00\",\"author\":{\"@id\":\"https:\/\/aeronoticias.com.pe\/noticiero\/#\/schema\/person\/fc1e5d578f4b62ba1cf7ac2bba1170a0\"},\"description\":\"Portal de noticias del Per\u00fa sobre el transporte a\u00e9reo, aviaci\u00f3n, turismo, hoteleria, actualidad.\",\"breadcrumb\":{\"@id\":\"https:\/\/aeronoticias.com.pe\/noticiero\/transporte-aereo\/internacional\/lan-dice-que-congresistas-peruanos-no-tienen-los-derechos-del-consumidor\/#breadcrumb\"},\"inLanguage\":\"es\",\"potentialAction\":[{\"@type\":\"ReadAction\",\"target\":[\"https:\/\/aeronoticias.com.pe\/noticiero\/transporte-aereo\/internacional\/lan-dice-que-congresistas-peruanos-no-tienen-los-derechos-del-consumidor\/\"]}]},{\"@type\":\"BreadcrumbList\",\"@id\":\"https:\/\/aeronoticias.com.pe\/noticiero\/transporte-aereo\/internacional\/lan-dice-que-congresistas-peruanos-no-tienen-los-derechos-del-consumidor\/#breadcrumb\",\"itemListElement\":[{\"@type\":\"ListItem\",\"position\":1,\"name\":\"Portada\",\"item\":\"https:\/\/aeronoticias.com.pe\/noticiero\/\"},{\"@type\":\"ListItem\",\"position\":2,\"name\":\"LAN dice que congresistas peruanos no tienen los derechos del consumidor\"}]},{\"@type\":\"WebSite\",\"@id\":\"https:\/\/aeronoticias.com.pe\/noticiero\/#website\",\"url\":\"https:\/\/aeronoticias.com.pe\/noticiero\/\",\"name\":\"Aeronoticias.com.pe\",\"description\":\"Noticias de tranporte aereo, turismo, hoteles, gastronomia, actualidad, internacional\",\"potentialAction\":[{\"@type\":\"SearchAction\",\"target\":{\"@type\":\"EntryPoint\",\"urlTemplate\":\"https:\/\/aeronoticias.com.pe\/noticiero\/?s={search_term_string}\"},\"query-input\":{\"@type\":\"PropertyValueSpecification\",\"valueRequired\":true,\"valueName\":\"search_term_string\"}}],\"inLanguage\":\"es\"},{\"@type\":\"Person\",\"@id\":\"https:\/\/aeronoticias.com.pe\/noticiero\/#\/schema\/person\/fc1e5d578f4b62ba1cf7ac2bba1170a0\",\"name\":\"Redacci\u00f3n Aeronoticias\",\"url\":\"https:\/\/aeronoticias.com.pe\/noticiero\/author\/piloto\/\"}]}<\/script>\n<!-- \/ Yoast SEO plugin. -->","yoast_head_json":{"title":"LAN dice que congresistas peruanos no tienen los derechos del consumidor","description":"Portal de noticias del Per\u00fa sobre el transporte a\u00e9reo, aviaci\u00f3n, turismo, hoteleria, actualidad.","robots":{"index":"index","follow":"follow","max-snippet":"max-snippet:-1","max-image-preview":"max-image-preview:large","max-video-preview":"max-video-preview:-1"},"canonical":"https:\/\/aeronoticias.com.pe\/noticiero\/transporte-aereo\/internacional\/lan-dice-que-congresistas-peruanos-no-tienen-los-derechos-del-consumidor\/","og_locale":"es_ES","og_type":"article","og_title":"LAN dice que congresistas peruanos no tienen los derechos del consumidor","og_description":"Portal de noticias del Per\u00fa sobre el transporte a\u00e9reo, aviaci\u00f3n, turismo, hoteleria, actualidad.","og_url":"https:\/\/aeronoticias.com.pe\/noticiero\/transporte-aereo\/internacional\/lan-dice-que-congresistas-peruanos-no-tienen-los-derechos-del-consumidor\/","og_site_name":"Aeronoticias.com.pe","article_publisher":"https:\/\/www.facebook.com\/Aeronoticias.com.pe\/","article_published_time":"2010-02-03T22:17:56+00:00","author":"Redacci\u00f3n Aeronoticias","twitter_card":"summary_large_image","twitter_creator":"@aeronoticias","twitter_site":"@aeronoticias","twitter_misc":{"Escrito por":"Redacci\u00f3n Aeronoticias","Tiempo de lectura":"2 minutos"},"schema":{"@context":"https:\/\/schema.org","@graph":[{"@type":"WebPage","@id":"https:\/\/aeronoticias.com.pe\/noticiero\/transporte-aereo\/internacional\/lan-dice-que-congresistas-peruanos-no-tienen-los-derechos-del-consumidor\/","url":"https:\/\/aeronoticias.com.pe\/noticiero\/transporte-aereo\/internacional\/lan-dice-que-congresistas-peruanos-no-tienen-los-derechos-del-consumidor\/","name":"LAN dice que congresistas peruanos no tienen los derechos del consumidor","isPartOf":{"@id":"https:\/\/aeronoticias.com.pe\/noticiero\/#website"},"datePublished":"2010-02-03T22:17:56+00:00","author":{"@id":"https:\/\/aeronoticias.com.pe\/noticiero\/#\/schema\/person\/fc1e5d578f4b62ba1cf7ac2bba1170a0"},"description":"Portal de noticias del Per\u00fa sobre el transporte a\u00e9reo, aviaci\u00f3n, turismo, hoteleria, actualidad.","breadcrumb":{"@id":"https:\/\/aeronoticias.com.pe\/noticiero\/transporte-aereo\/internacional\/lan-dice-que-congresistas-peruanos-no-tienen-los-derechos-del-consumidor\/#breadcrumb"},"inLanguage":"es","potentialAction":[{"@type":"ReadAction","target":["https:\/\/aeronoticias.com.pe\/noticiero\/transporte-aereo\/internacional\/lan-dice-que-congresistas-peruanos-no-tienen-los-derechos-del-consumidor\/"]}]},{"@type":"BreadcrumbList","@id":"https:\/\/aeronoticias.com.pe\/noticiero\/transporte-aereo\/internacional\/lan-dice-que-congresistas-peruanos-no-tienen-los-derechos-del-consumidor\/#breadcrumb","itemListElement":[{"@type":"ListItem","position":1,"name":"Portada","item":"https:\/\/aeronoticias.com.pe\/noticiero\/"},{"@type":"ListItem","position":2,"name":"LAN dice que congresistas peruanos no tienen los derechos del consumidor"}]},{"@type":"WebSite","@id":"https:\/\/aeronoticias.com.pe\/noticiero\/#website","url":"https:\/\/aeronoticias.com.pe\/noticiero\/","name":"Aeronoticias.com.pe","description":"Noticias de tranporte aereo, turismo, hoteles, gastronomia, actualidad, internacional","potentialAction":[{"@type":"SearchAction","target":{"@type":"EntryPoint","urlTemplate":"https:\/\/aeronoticias.com.pe\/noticiero\/?s={search_term_string}"},"query-input":{"@type":"PropertyValueSpecification","valueRequired":true,"valueName":"search_term_string"}}],"inLanguage":"es"},{"@type":"Person","@id":"https:\/\/aeronoticias.com.pe\/noticiero\/#\/schema\/person\/fc1e5d578f4b62ba1cf7ac2bba1170a0","name":"Redacci\u00f3n Aeronoticias","url":"https:\/\/aeronoticias.com.pe\/noticiero\/author\/piloto\/"}]}},"_links":{"self":[{"href":"https:\/\/aeronoticias.com.pe\/noticiero\/wp-json\/wp\/v2\/posts\/8652","targetHints":{"allow":["GET"]}}],"collection":[{"href":"https:\/\/aeronoticias.com.pe\/noticiero\/wp-json\/wp\/v2\/posts"}],"about":[{"href":"https:\/\/aeronoticias.com.pe\/noticiero\/wp-json\/wp\/v2\/types\/post"}],"author":[{"embeddable":true,"href":"https:\/\/aeronoticias.com.pe\/noticiero\/wp-json\/wp\/v2\/users\/1"}],"replies":[{"embeddable":true,"href":"https:\/\/aeronoticias.com.pe\/noticiero\/wp-json\/wp\/v2\/comments?post=8652"}],"version-history":[{"count":0,"href":"https:\/\/aeronoticias.com.pe\/noticiero\/wp-json\/wp\/v2\/posts\/8652\/revisions"}],"wp:attachment":[{"href":"https:\/\/aeronoticias.com.pe\/noticiero\/wp-json\/wp\/v2\/media?parent=8652"}],"wp:term":[{"taxonomy":"category","embeddable":true,"href":"https:\/\/aeronoticias.com.pe\/noticiero\/wp-json\/wp\/v2\/categories?post=8652"},{"taxonomy":"post_tag","embeddable":true,"href":"https:\/\/aeronoticias.com.pe\/noticiero\/wp-json\/wp\/v2\/tags?post=8652"}],"curies":[{"name":"wp","href":"https:\/\/api.w.org\/{rel}","templated":true}]}}