{"id":8653,"date":"2010-02-03T22:29:01","date_gmt":"2010-02-03T22:29:01","guid":{"rendered":"http:\/\/desarrollo.mcvicious.com\/aero2020\/2010\/02\/03\/ministro-martin-perez-entrego-premio-mincetur-2009-por-un-monto-ascendente-a-s-1500000\/"},"modified":"2010-02-03T22:29:01","modified_gmt":"2010-02-03T22:29:01","slug":"ministro-martin-perez-entrego-premio-mincetur-2009-por-un-monto-ascendente-a-s-1500000","status":"publish","type":"post","link":"https:\/\/aeronoticias.com.pe\/noticiero\/turismo\/13\/ministro-martin-perez-entrego-premio-mincetur-2009-por-un-monto-ascendente-a-s-1500000\/","title":{"rendered":"Ministro Mart\u00edn P\u00e9rez entreg\u00f3 Premio MINCETUR 2009 por un monto ascendente a S\/. 1\u2019500,000"},"content":{"rendered":"<div align=\"justify\">El ministro de Comercio Exterior y Turismo, Mart\u00edn P\u00e9rez, entreg\u00f3 el Premio MINCETUR 2009 (cuarta edici\u00f3n del Concurso Nacional de Incentivo al Comercio Exterior y Turismo) dotado con S\/. 1\u2019500,000 en galardones, a 28 j\u00f3venes estudiantes de secundaria y universidad que desarrollaron importantes trabajos de investigaci\u00f3n. <\/p>\n<p>\u201cEsta actividad demuestra nuestro compromiso con -el desarrollo de una cultura exportadora a largo plazo, pues el concurso se viene realizando desde el 2005. Nos interesa, adem\u00e1s, la creaci\u00f3n de talento y creatividad porque un pa\u00eds sin investigaci\u00f3n en nuestras universidades y colegios no puede crecer sosteniblemente\u201d, se\u00f1al\u00f3 el ministro, Mart\u00edn P\u00e9rez. <\/p>\n<div style=\"text-align: center\"><img loading=\"lazy\" decoding=\"async\" src=\"images\/stories\/10\/02\/030110\/mincetur.jpg\" border=\"0\" alt=\"Ministro Mart\u00edn P\u00e9rez entreg\u00f3 Premio MINCETUR 2009 por un monto ascendente a S\/. 1\u2019500,000 \" title=\"Ministro Mart\u00edn P\u00e9rez entreg\u00f3 Premio MINCETUR 2009 por un monto ascendente a S\/. 1\u2019500,000 \" width=\"400\" height=\"268\" \/><\/div>\n<p>De otro lado, expres\u00f3 el car\u00e1cter descentralizador de este tipo de eventos, en tanto que en el Per\u00fa existen cerca de 80 universidades y aproximadamente 10,000 colegios con educaci\u00f3n secundaria y de los cuales se recibieron 122 trabajos provenientes de 17 regiones del pa\u00eds.<\/p>\n<p>Asimismo, el Titular del sector, resalt\u00f3 que el monto asignado para la premiaci\u00f3n del concurso se ha incrementado en 300% con relaci\u00f3n a la edici\u00f3n anterior. \u201cEsto demuestra el trabajo conjunto que viene realizando el sector p\u00fablico y privado, quienes constituyen los principales financiadores\u201d, dijo. <\/p>\n<p>Tanto las inscripciones de los trabajos como el proceso de evaluaci\u00f3n se realizaron v\u00eda online, a trav\u00e9s del portal Web del Ministerio de Comercio Exterior y Turismo, garantizando de esta forma la imparcialidad y transparencia en el proceso. <\/p>\n<p>Finalmente, el Ministro recalc\u00f3 que los premios establecidos contribuyen con la formaci\u00f3n acad\u00e9mica de los ganadores, quienes se beneficiar\u00e1n de becas en su mayor\u00eda completas.<\/p>\n<p>Conformaron el comit\u00e9 evaluador Universidad ESAN, CONFIEP, INTERSEGURO, UNIVERSIA, ADEX, APOTUR, Universidad San Mart\u00edn de Porres, Ministerio de Educaci\u00f3n y\u00a0 Ministerio de Comercio Exterior y Turismo. <\/div>\n<p><\/p>\n<div align=\"justify\">Aeronoticias considera que el ministro de Comercio Exterior y Turismo, Mart\u00edn P\u00e9rez, demuestra el compromiso que tiene con el desarrollo de una cultura exportadora a largo plazo, pues el concurso contribuye con la formaci\u00f3n acad\u00e9mica de los ganadores, quienes se beneficiar\u00e1n de becas en su mayor\u00eda completas.<\/div>\n","protected":false},"excerpt":{"rendered":"<p>El ministro de Comercio Exterior y Turismo, Mart\u00edn P\u00e9rez, entreg\u00f3 el Premio MINCETUR 2009 (cuarta edici\u00f3n del Concurso Nacional de Incentivo al Comercio Exterior y Turismo) dotado con S\/. 1\u2019500,000 en galardones, a 28 j\u00f3venes estudiantes de secundaria y universidad que desarrollaron importantes trabajos de investigaci\u00f3n. \u201cEsta actividad demuestra nuestro compromiso con -el desarrollo de [&hellip;]<\/p>\n","protected":false},"author":1,"featured_media":0,"comment_status":"open","ping_status":"open","sticky":false,"template":"","format":"standard","meta":{"tdm_status":"","tdm_grid_status":"","footnotes":""},"categories":[31],"tags":[],"class_list":{"0":"post-8653","1":"post","2":"type-post","3":"status-publish","4":"format-standard","6":"category-31"},"yoast_head":"<!-- This site is optimized with the Yoast SEO plugin v25.1 - https:\/\/yoast.com\/wordpress\/plugins\/seo\/ -->\n<title>Ministro Mart\u00edn P\u00e9rez entreg\u00f3 Premio MINCETUR 2009 por un monto ascendente a S\/. 1\u2019500,000<\/title>\n<meta name=\"description\" content=\"Portal de noticias del Per\u00fa sobre el transporte a\u00e9reo, aviaci\u00f3n, turismo, hoteleria, actualidad.\" \/>\n<meta name=\"robots\" content=\"index, follow, max-snippet:-1, max-image-preview:large, max-video-preview:-1\" \/>\n<link rel=\"canonical\" href=\"https:\/\/aeronoticias.com.pe\/noticiero\/turismo\/13\/ministro-martin-perez-entrego-premio-mincetur-2009-por-un-monto-ascendente-a-s-1500000\/\" \/>\n<meta property=\"og:locale\" content=\"es_ES\" \/>\n<meta property=\"og:type\" content=\"article\" \/>\n<meta property=\"og:title\" content=\"Ministro Mart\u00edn P\u00e9rez entreg\u00f3 Premio MINCETUR 2009 por un monto ascendente a S\/. 1\u2019500,000\" \/>\n<meta property=\"og:description\" content=\"Portal de noticias del Per\u00fa sobre el transporte a\u00e9reo, aviaci\u00f3n, turismo, hoteleria, actualidad.\" \/>\n<meta property=\"og:url\" content=\"https:\/\/aeronoticias.com.pe\/noticiero\/turismo\/13\/ministro-martin-perez-entrego-premio-mincetur-2009-por-un-monto-ascendente-a-s-1500000\/\" \/>\n<meta property=\"og:site_name\" content=\"Aeronoticias.com.pe\" \/>\n<meta property=\"article:publisher\" content=\"https:\/\/www.facebook.com\/Aeronoticias.com.pe\/\" \/>\n<meta property=\"article:published_time\" content=\"2010-02-03T22:29:01+00:00\" \/>\n<meta name=\"author\" content=\"Redacci\u00f3n Aeronoticias\" \/>\n<meta name=\"twitter:card\" content=\"summary_large_image\" \/>\n<meta name=\"twitter:creator\" content=\"@aeronoticias\" \/>\n<meta name=\"twitter:site\" content=\"@aeronoticias\" \/>\n<meta name=\"twitter:label1\" content=\"Escrito por\" \/>\n\t<meta name=\"twitter:data1\" content=\"Redacci\u00f3n Aeronoticias\" \/>\n\t<meta name=\"twitter:label2\" content=\"Tiempo de lectura\" \/>\n\t<meta name=\"twitter:data2\" content=\"2 minutos\" \/>\n<script type=\"application\/ld+json\" class=\"yoast-schema-graph\">{\"@context\":\"https:\/\/schema.org\",\"@graph\":[{\"@type\":\"WebPage\",\"@id\":\"https:\/\/aeronoticias.com.pe\/noticiero\/turismo\/13\/ministro-martin-perez-entrego-premio-mincetur-2009-por-un-monto-ascendente-a-s-1500000\/\",\"url\":\"https:\/\/aeronoticias.com.pe\/noticiero\/turismo\/13\/ministro-martin-perez-entrego-premio-mincetur-2009-por-un-monto-ascendente-a-s-1500000\/\",\"name\":\"Ministro Mart\u00edn P\u00e9rez entreg\u00f3 Premio MINCETUR 2009 por un monto ascendente a S\/. 1\u2019500,000\",\"isPartOf\":{\"@id\":\"https:\/\/aeronoticias.com.pe\/noticiero\/#website\"},\"datePublished\":\"2010-02-03T22:29:01+00:00\",\"author\":{\"@id\":\"https:\/\/aeronoticias.com.pe\/noticiero\/#\/schema\/person\/fc1e5d578f4b62ba1cf7ac2bba1170a0\"},\"description\":\"Portal de noticias del Per\u00fa sobre el transporte a\u00e9reo, aviaci\u00f3n, turismo, hoteleria, actualidad.\",\"breadcrumb\":{\"@id\":\"https:\/\/aeronoticias.com.pe\/noticiero\/turismo\/13\/ministro-martin-perez-entrego-premio-mincetur-2009-por-un-monto-ascendente-a-s-1500000\/#breadcrumb\"},\"inLanguage\":\"es\",\"potentialAction\":[{\"@type\":\"ReadAction\",\"target\":[\"https:\/\/aeronoticias.com.pe\/noticiero\/turismo\/13\/ministro-martin-perez-entrego-premio-mincetur-2009-por-un-monto-ascendente-a-s-1500000\/\"]}]},{\"@type\":\"BreadcrumbList\",\"@id\":\"https:\/\/aeronoticias.com.pe\/noticiero\/turismo\/13\/ministro-martin-perez-entrego-premio-mincetur-2009-por-un-monto-ascendente-a-s-1500000\/#breadcrumb\",\"itemListElement\":[{\"@type\":\"ListItem\",\"position\":1,\"name\":\"Portada\",\"item\":\"https:\/\/aeronoticias.com.pe\/noticiero\/\"},{\"@type\":\"ListItem\",\"position\":2,\"name\":\"Ministro Mart\u00edn P\u00e9rez entreg\u00f3 Premio MINCETUR 2009 por un monto ascendente a S\/. 1\u2019500,000\"}]},{\"@type\":\"WebSite\",\"@id\":\"https:\/\/aeronoticias.com.pe\/noticiero\/#website\",\"url\":\"https:\/\/aeronoticias.com.pe\/noticiero\/\",\"name\":\"Aeronoticias.com.pe\",\"description\":\"Noticias de tranporte aereo, turismo, hoteles, gastronomia, actualidad, internacional\",\"potentialAction\":[{\"@type\":\"SearchAction\",\"target\":{\"@type\":\"EntryPoint\",\"urlTemplate\":\"https:\/\/aeronoticias.com.pe\/noticiero\/?s={search_term_string}\"},\"query-input\":{\"@type\":\"PropertyValueSpecification\",\"valueRequired\":true,\"valueName\":\"search_term_string\"}}],\"inLanguage\":\"es\"},{\"@type\":\"Person\",\"@id\":\"https:\/\/aeronoticias.com.pe\/noticiero\/#\/schema\/person\/fc1e5d578f4b62ba1cf7ac2bba1170a0\",\"name\":\"Redacci\u00f3n Aeronoticias\",\"url\":\"https:\/\/aeronoticias.com.pe\/noticiero\/author\/piloto\/\"}]}<\/script>\n<!-- \/ Yoast SEO plugin. -->","yoast_head_json":{"title":"Ministro Mart\u00edn P\u00e9rez entreg\u00f3 Premio MINCETUR 2009 por un monto ascendente a S\/. 1\u2019500,000","description":"Portal de noticias del Per\u00fa sobre el transporte a\u00e9reo, aviaci\u00f3n, turismo, hoteleria, actualidad.","robots":{"index":"index","follow":"follow","max-snippet":"max-snippet:-1","max-image-preview":"max-image-preview:large","max-video-preview":"max-video-preview:-1"},"canonical":"https:\/\/aeronoticias.com.pe\/noticiero\/turismo\/13\/ministro-martin-perez-entrego-premio-mincetur-2009-por-un-monto-ascendente-a-s-1500000\/","og_locale":"es_ES","og_type":"article","og_title":"Ministro Mart\u00edn P\u00e9rez entreg\u00f3 Premio MINCETUR 2009 por un monto ascendente a S\/. 1\u2019500,000","og_description":"Portal de noticias del Per\u00fa sobre el transporte a\u00e9reo, aviaci\u00f3n, turismo, hoteleria, actualidad.","og_url":"https:\/\/aeronoticias.com.pe\/noticiero\/turismo\/13\/ministro-martin-perez-entrego-premio-mincetur-2009-por-un-monto-ascendente-a-s-1500000\/","og_site_name":"Aeronoticias.com.pe","article_publisher":"https:\/\/www.facebook.com\/Aeronoticias.com.pe\/","article_published_time":"2010-02-03T22:29:01+00:00","author":"Redacci\u00f3n Aeronoticias","twitter_card":"summary_large_image","twitter_creator":"@aeronoticias","twitter_site":"@aeronoticias","twitter_misc":{"Escrito por":"Redacci\u00f3n Aeronoticias","Tiempo de lectura":"2 minutos"},"schema":{"@context":"https:\/\/schema.org","@graph":[{"@type":"WebPage","@id":"https:\/\/aeronoticias.com.pe\/noticiero\/turismo\/13\/ministro-martin-perez-entrego-premio-mincetur-2009-por-un-monto-ascendente-a-s-1500000\/","url":"https:\/\/aeronoticias.com.pe\/noticiero\/turismo\/13\/ministro-martin-perez-entrego-premio-mincetur-2009-por-un-monto-ascendente-a-s-1500000\/","name":"Ministro Mart\u00edn P\u00e9rez entreg\u00f3 Premio MINCETUR 2009 por un monto ascendente a S\/. 1\u2019500,000","isPartOf":{"@id":"https:\/\/aeronoticias.com.pe\/noticiero\/#website"},"datePublished":"2010-02-03T22:29:01+00:00","author":{"@id":"https:\/\/aeronoticias.com.pe\/noticiero\/#\/schema\/person\/fc1e5d578f4b62ba1cf7ac2bba1170a0"},"description":"Portal de noticias del Per\u00fa sobre el transporte a\u00e9reo, aviaci\u00f3n, turismo, hoteleria, actualidad.","breadcrumb":{"@id":"https:\/\/aeronoticias.com.pe\/noticiero\/turismo\/13\/ministro-martin-perez-entrego-premio-mincetur-2009-por-un-monto-ascendente-a-s-1500000\/#breadcrumb"},"inLanguage":"es","potentialAction":[{"@type":"ReadAction","target":["https:\/\/aeronoticias.com.pe\/noticiero\/turismo\/13\/ministro-martin-perez-entrego-premio-mincetur-2009-por-un-monto-ascendente-a-s-1500000\/"]}]},{"@type":"BreadcrumbList","@id":"https:\/\/aeronoticias.com.pe\/noticiero\/turismo\/13\/ministro-martin-perez-entrego-premio-mincetur-2009-por-un-monto-ascendente-a-s-1500000\/#breadcrumb","itemListElement":[{"@type":"ListItem","position":1,"name":"Portada","item":"https:\/\/aeronoticias.com.pe\/noticiero\/"},{"@type":"ListItem","position":2,"name":"Ministro Mart\u00edn P\u00e9rez entreg\u00f3 Premio MINCETUR 2009 por un monto ascendente a S\/. 1\u2019500,000"}]},{"@type":"WebSite","@id":"https:\/\/aeronoticias.com.pe\/noticiero\/#website","url":"https:\/\/aeronoticias.com.pe\/noticiero\/","name":"Aeronoticias.com.pe","description":"Noticias de tranporte aereo, turismo, hoteles, gastronomia, actualidad, internacional","potentialAction":[{"@type":"SearchAction","target":{"@type":"EntryPoint","urlTemplate":"https:\/\/aeronoticias.com.pe\/noticiero\/?s={search_term_string}"},"query-input":{"@type":"PropertyValueSpecification","valueRequired":true,"valueName":"search_term_string"}}],"inLanguage":"es"},{"@type":"Person","@id":"https:\/\/aeronoticias.com.pe\/noticiero\/#\/schema\/person\/fc1e5d578f4b62ba1cf7ac2bba1170a0","name":"Redacci\u00f3n Aeronoticias","url":"https:\/\/aeronoticias.com.pe\/noticiero\/author\/piloto\/"}]}},"_links":{"self":[{"href":"https:\/\/aeronoticias.com.pe\/noticiero\/wp-json\/wp\/v2\/posts\/8653","targetHints":{"allow":["GET"]}}],"collection":[{"href":"https:\/\/aeronoticias.com.pe\/noticiero\/wp-json\/wp\/v2\/posts"}],"about":[{"href":"https:\/\/aeronoticias.com.pe\/noticiero\/wp-json\/wp\/v2\/types\/post"}],"author":[{"embeddable":true,"href":"https:\/\/aeronoticias.com.pe\/noticiero\/wp-json\/wp\/v2\/users\/1"}],"replies":[{"embeddable":true,"href":"https:\/\/aeronoticias.com.pe\/noticiero\/wp-json\/wp\/v2\/comments?post=8653"}],"version-history":[{"count":0,"href":"https:\/\/aeronoticias.com.pe\/noticiero\/wp-json\/wp\/v2\/posts\/8653\/revisions"}],"wp:attachment":[{"href":"https:\/\/aeronoticias.com.pe\/noticiero\/wp-json\/wp\/v2\/media?parent=8653"}],"wp:term":[{"taxonomy":"category","embeddable":true,"href":"https:\/\/aeronoticias.com.pe\/noticiero\/wp-json\/wp\/v2\/categories?post=8653"},{"taxonomy":"post_tag","embeddable":true,"href":"https:\/\/aeronoticias.com.pe\/noticiero\/wp-json\/wp\/v2\/tags?post=8653"}],"curies":[{"name":"wp","href":"https:\/\/api.w.org\/{rel}","templated":true}]}}