{"id":8654,"date":"2010-02-04T13:37:21","date_gmt":"2010-02-04T13:37:21","guid":{"rendered":"http:\/\/desarrollo.mcvicious.com\/aero2020\/2010\/02\/04\/chile-de-mala-fe-plantearia-incompetencia-del-tribunal-de-la-haya\/"},"modified":"2010-02-04T13:37:21","modified_gmt":"2010-02-04T13:37:21","slug":"chile-de-mala-fe-plantearia-incompetencia-del-tribunal-de-la-haya","status":"publish","type":"post","link":"https:\/\/aeronoticias.com.pe\/noticiero\/internacionales\/chile-de-mala-fe-plantearia-incompetencia-del-tribunal-de-la-haya\/","title":{"rendered":"Chile de mala fe plantear\u00eda incompetencia del Tribunal de la Haya"},"content":{"rendered":"<p align=\"justify\">El 7 de marzo Sebasti\u00e1n Pi\u00f1era asume la Presidencia de Chile y dos d\u00edas despu\u00e9s a este pa\u00eds\u00a0 se le vence el plazo para que presente la contramemoria, es decir la contestaci\u00f3n de la demanda peruana en la litis entablada por el Per\u00fa por el diferendo mar\u00edtimo que tiene con Chile. <\/p>\n<p align=\"justify\">\u00a0<\/p>\n<div style=\"text-align: center\"><img decoding=\"async\" src=\"images\/stories\/10\/02\/030110\/pineraaaaa.jpg\" border=\"0\" \/><\/div>\n<p align=\"justify\">Dentro de este contexto pol\u00edtico, el d\u00eda de ayer se llev\u00f3 a cabo una reuni\u00f3n entre la presidenta Michelle Bachelet y su sucesor para discutir la estrategia procesal de este pa\u00eds frente a la demanda internacional interpuesta por el Per\u00fa.\u00a0 Pi\u00f1era dijo que \u201ceste es un caso de Estado\u201d y seg\u00fan fuentes del diario El Mercurio este pa\u00eds insistir\u00e1 en un acuerdo administrativo de asuntos pesqueros, de 1952 y 1954 que no es un tratado de l\u00edmites pero que Chile usa para plantear a la Corte de La Haya que restrinja o limite su competencia frente al petitorio peruano. <\/p>\n<p align=\"justify\">Al respecto consultamos al especialista en Derecho Internacional Juli\u00e1n Palac\u00edn Fern\u00e1ndez quien expres\u00f3 \u00abque Chile act\u00faa con mala fe procesal \u00abal plantear en esta etapa que Estados Unidos es el \u00fanico pa\u00eds que posee competencia, de conformidad al Tratado de L\u00edmites de 1929\u00bb. <\/p>\n<p align=\"justify\">Chile esta perdiendo la perspectiva procesal y ante una eventual derrota jur\u00eddica en el Tribunal de La Haya, proceder\u00eda sin veracidad y buena fe en la contramemoria si pide al tribunal limitar su competencia en el diferendo afirm\u00f3 el especialista, lo que afectar\u00e1 su imagen jur\u00eddica internacional ya que los Estados \u201ctienen derecho a una tutela jurisdiccional efectiva en el ejercicio o defensa de sus derechos o intereses internacionales con sujeci\u00f3n al debido proceso y con esta posici\u00f3n Chile estar\u00eda aceptando una derrota jur\u00eddica anticipada.<\/p>\n<p align=\"justify\"><strong>Aeronoticias <\/strong>considera que lo que quiere Chile es desarrollar una estrat\u00e9gia temeraria en el ejercicio de sus derechos procesales internacionales para que el\u00a0 Tribunal de La Haya considere que no es competente para ver el caso, en base a acuerdos administrativos de pesca que no son aplicables al caso dentro de una perspectiva en la que se busca argumentaciones dilatorias a trav\u00e9s de esta excepci\u00f3n de incompetencia, que trata de crear en la opini\u00f3n p\u00fablica, corrientes de opini\u00f3n argumentando que Chile tiene la raz\u00f3n cuando jur\u00eddicamente est\u00e1n perdidos, ya que la jurisprudencia de la Corte y la doctrina de Derecho Mar\u00edtimo Internacional le dan la raz\u00f3n al Per\u00fa.<\/p>\n","protected":false},"excerpt":{"rendered":"<p>El 7 de marzo Sebasti\u00e1n Pi\u00f1era asume la Presidencia de Chile y dos d\u00edas despu\u00e9s a este pa\u00eds\u00a0 se le vence el plazo para que presente la contramemoria, es decir la contestaci\u00f3n de la demanda peruana en la litis entablada por el Per\u00fa por el diferendo mar\u00edtimo que tiene con Chile. \u00a0 Dentro de este [&hellip;]<\/p>\n","protected":false},"author":1,"featured_media":0,"comment_status":"open","ping_status":"open","sticky":false,"template":"","format":"standard","meta":{"tdm_status":"","tdm_grid_status":"","footnotes":""},"categories":[34],"tags":[],"class_list":{"0":"post-8654","1":"post","2":"type-post","3":"status-publish","4":"format-standard","6":"category-internacionales"},"yoast_head":"<!-- This site is optimized with the Yoast SEO plugin v25.1 - https:\/\/yoast.com\/wordpress\/plugins\/seo\/ -->\n<title>Chile de mala fe plantear\u00eda incompetencia del Tribunal de la Haya<\/title>\n<meta name=\"description\" content=\"Portal de noticias del Per\u00fa sobre el transporte a\u00e9reo, aviaci\u00f3n, turismo, hoteleria, actualidad.\" \/>\n<meta name=\"robots\" content=\"index, follow, max-snippet:-1, max-image-preview:large, max-video-preview:-1\" \/>\n<link rel=\"canonical\" href=\"https:\/\/aeronoticias.com.pe\/noticiero\/internacionales\/chile-de-mala-fe-plantearia-incompetencia-del-tribunal-de-la-haya\/\" \/>\n<meta property=\"og:locale\" content=\"es_ES\" \/>\n<meta property=\"og:type\" content=\"article\" \/>\n<meta property=\"og:title\" content=\"Chile de mala fe plantear\u00eda incompetencia del Tribunal de la Haya\" \/>\n<meta property=\"og:description\" content=\"Portal de noticias del Per\u00fa sobre el transporte a\u00e9reo, aviaci\u00f3n, turismo, hoteleria, actualidad.\" \/>\n<meta property=\"og:url\" content=\"https:\/\/aeronoticias.com.pe\/noticiero\/internacionales\/chile-de-mala-fe-plantearia-incompetencia-del-tribunal-de-la-haya\/\" \/>\n<meta property=\"og:site_name\" content=\"Aeronoticias.com.pe\" \/>\n<meta property=\"article:publisher\" content=\"https:\/\/www.facebook.com\/Aeronoticias.com.pe\/\" \/>\n<meta property=\"article:published_time\" content=\"2010-02-04T13:37:21+00:00\" \/>\n<meta name=\"author\" content=\"Redacci\u00f3n Aeronoticias\" \/>\n<meta name=\"twitter:card\" content=\"summary_large_image\" \/>\n<meta name=\"twitter:creator\" content=\"@aeronoticias\" \/>\n<meta name=\"twitter:site\" content=\"@aeronoticias\" \/>\n<meta name=\"twitter:label1\" content=\"Escrito por\" \/>\n\t<meta name=\"twitter:data1\" content=\"Redacci\u00f3n Aeronoticias\" \/>\n\t<meta name=\"twitter:label2\" content=\"Tiempo de lectura\" \/>\n\t<meta name=\"twitter:data2\" content=\"2 minutos\" \/>\n<script type=\"application\/ld+json\" class=\"yoast-schema-graph\">{\"@context\":\"https:\/\/schema.org\",\"@graph\":[{\"@type\":\"WebPage\",\"@id\":\"https:\/\/aeronoticias.com.pe\/noticiero\/internacionales\/chile-de-mala-fe-plantearia-incompetencia-del-tribunal-de-la-haya\/\",\"url\":\"https:\/\/aeronoticias.com.pe\/noticiero\/internacionales\/chile-de-mala-fe-plantearia-incompetencia-del-tribunal-de-la-haya\/\",\"name\":\"Chile de mala fe plantear\u00eda incompetencia del Tribunal de la Haya\",\"isPartOf\":{\"@id\":\"https:\/\/aeronoticias.com.pe\/noticiero\/#website\"},\"datePublished\":\"2010-02-04T13:37:21+00:00\",\"author\":{\"@id\":\"https:\/\/aeronoticias.com.pe\/noticiero\/#\/schema\/person\/fc1e5d578f4b62ba1cf7ac2bba1170a0\"},\"description\":\"Portal de noticias del Per\u00fa sobre el transporte a\u00e9reo, aviaci\u00f3n, turismo, hoteleria, actualidad.\",\"breadcrumb\":{\"@id\":\"https:\/\/aeronoticias.com.pe\/noticiero\/internacionales\/chile-de-mala-fe-plantearia-incompetencia-del-tribunal-de-la-haya\/#breadcrumb\"},\"inLanguage\":\"es\",\"potentialAction\":[{\"@type\":\"ReadAction\",\"target\":[\"https:\/\/aeronoticias.com.pe\/noticiero\/internacionales\/chile-de-mala-fe-plantearia-incompetencia-del-tribunal-de-la-haya\/\"]}]},{\"@type\":\"BreadcrumbList\",\"@id\":\"https:\/\/aeronoticias.com.pe\/noticiero\/internacionales\/chile-de-mala-fe-plantearia-incompetencia-del-tribunal-de-la-haya\/#breadcrumb\",\"itemListElement\":[{\"@type\":\"ListItem\",\"position\":1,\"name\":\"Portada\",\"item\":\"https:\/\/aeronoticias.com.pe\/noticiero\/\"},{\"@type\":\"ListItem\",\"position\":2,\"name\":\"Chile de mala fe plantear\u00eda incompetencia del Tribunal de la Haya\"}]},{\"@type\":\"WebSite\",\"@id\":\"https:\/\/aeronoticias.com.pe\/noticiero\/#website\",\"url\":\"https:\/\/aeronoticias.com.pe\/noticiero\/\",\"name\":\"Aeronoticias.com.pe\",\"description\":\"Noticias de tranporte aereo, turismo, hoteles, gastronomia, actualidad, internacional\",\"potentialAction\":[{\"@type\":\"SearchAction\",\"target\":{\"@type\":\"EntryPoint\",\"urlTemplate\":\"https:\/\/aeronoticias.com.pe\/noticiero\/?s={search_term_string}\"},\"query-input\":{\"@type\":\"PropertyValueSpecification\",\"valueRequired\":true,\"valueName\":\"search_term_string\"}}],\"inLanguage\":\"es\"},{\"@type\":\"Person\",\"@id\":\"https:\/\/aeronoticias.com.pe\/noticiero\/#\/schema\/person\/fc1e5d578f4b62ba1cf7ac2bba1170a0\",\"name\":\"Redacci\u00f3n Aeronoticias\",\"url\":\"https:\/\/aeronoticias.com.pe\/noticiero\/author\/piloto\/\"}]}<\/script>\n<!-- \/ Yoast SEO plugin. -->","yoast_head_json":{"title":"Chile de mala fe plantear\u00eda incompetencia del Tribunal de la Haya","description":"Portal de noticias del Per\u00fa sobre el transporte a\u00e9reo, aviaci\u00f3n, turismo, hoteleria, actualidad.","robots":{"index":"index","follow":"follow","max-snippet":"max-snippet:-1","max-image-preview":"max-image-preview:large","max-video-preview":"max-video-preview:-1"},"canonical":"https:\/\/aeronoticias.com.pe\/noticiero\/internacionales\/chile-de-mala-fe-plantearia-incompetencia-del-tribunal-de-la-haya\/","og_locale":"es_ES","og_type":"article","og_title":"Chile de mala fe plantear\u00eda incompetencia del Tribunal de la Haya","og_description":"Portal de noticias del Per\u00fa sobre el transporte a\u00e9reo, aviaci\u00f3n, turismo, hoteleria, actualidad.","og_url":"https:\/\/aeronoticias.com.pe\/noticiero\/internacionales\/chile-de-mala-fe-plantearia-incompetencia-del-tribunal-de-la-haya\/","og_site_name":"Aeronoticias.com.pe","article_publisher":"https:\/\/www.facebook.com\/Aeronoticias.com.pe\/","article_published_time":"2010-02-04T13:37:21+00:00","author":"Redacci\u00f3n Aeronoticias","twitter_card":"summary_large_image","twitter_creator":"@aeronoticias","twitter_site":"@aeronoticias","twitter_misc":{"Escrito por":"Redacci\u00f3n Aeronoticias","Tiempo de lectura":"2 minutos"},"schema":{"@context":"https:\/\/schema.org","@graph":[{"@type":"WebPage","@id":"https:\/\/aeronoticias.com.pe\/noticiero\/internacionales\/chile-de-mala-fe-plantearia-incompetencia-del-tribunal-de-la-haya\/","url":"https:\/\/aeronoticias.com.pe\/noticiero\/internacionales\/chile-de-mala-fe-plantearia-incompetencia-del-tribunal-de-la-haya\/","name":"Chile de mala fe plantear\u00eda incompetencia del Tribunal de la Haya","isPartOf":{"@id":"https:\/\/aeronoticias.com.pe\/noticiero\/#website"},"datePublished":"2010-02-04T13:37:21+00:00","author":{"@id":"https:\/\/aeronoticias.com.pe\/noticiero\/#\/schema\/person\/fc1e5d578f4b62ba1cf7ac2bba1170a0"},"description":"Portal de noticias del Per\u00fa sobre el transporte a\u00e9reo, aviaci\u00f3n, turismo, hoteleria, actualidad.","breadcrumb":{"@id":"https:\/\/aeronoticias.com.pe\/noticiero\/internacionales\/chile-de-mala-fe-plantearia-incompetencia-del-tribunal-de-la-haya\/#breadcrumb"},"inLanguage":"es","potentialAction":[{"@type":"ReadAction","target":["https:\/\/aeronoticias.com.pe\/noticiero\/internacionales\/chile-de-mala-fe-plantearia-incompetencia-del-tribunal-de-la-haya\/"]}]},{"@type":"BreadcrumbList","@id":"https:\/\/aeronoticias.com.pe\/noticiero\/internacionales\/chile-de-mala-fe-plantearia-incompetencia-del-tribunal-de-la-haya\/#breadcrumb","itemListElement":[{"@type":"ListItem","position":1,"name":"Portada","item":"https:\/\/aeronoticias.com.pe\/noticiero\/"},{"@type":"ListItem","position":2,"name":"Chile de mala fe plantear\u00eda incompetencia del Tribunal de la Haya"}]},{"@type":"WebSite","@id":"https:\/\/aeronoticias.com.pe\/noticiero\/#website","url":"https:\/\/aeronoticias.com.pe\/noticiero\/","name":"Aeronoticias.com.pe","description":"Noticias de tranporte aereo, turismo, hoteles, gastronomia, actualidad, internacional","potentialAction":[{"@type":"SearchAction","target":{"@type":"EntryPoint","urlTemplate":"https:\/\/aeronoticias.com.pe\/noticiero\/?s={search_term_string}"},"query-input":{"@type":"PropertyValueSpecification","valueRequired":true,"valueName":"search_term_string"}}],"inLanguage":"es"},{"@type":"Person","@id":"https:\/\/aeronoticias.com.pe\/noticiero\/#\/schema\/person\/fc1e5d578f4b62ba1cf7ac2bba1170a0","name":"Redacci\u00f3n Aeronoticias","url":"https:\/\/aeronoticias.com.pe\/noticiero\/author\/piloto\/"}]}},"_links":{"self":[{"href":"https:\/\/aeronoticias.com.pe\/noticiero\/wp-json\/wp\/v2\/posts\/8654","targetHints":{"allow":["GET"]}}],"collection":[{"href":"https:\/\/aeronoticias.com.pe\/noticiero\/wp-json\/wp\/v2\/posts"}],"about":[{"href":"https:\/\/aeronoticias.com.pe\/noticiero\/wp-json\/wp\/v2\/types\/post"}],"author":[{"embeddable":true,"href":"https:\/\/aeronoticias.com.pe\/noticiero\/wp-json\/wp\/v2\/users\/1"}],"replies":[{"embeddable":true,"href":"https:\/\/aeronoticias.com.pe\/noticiero\/wp-json\/wp\/v2\/comments?post=8654"}],"version-history":[{"count":0,"href":"https:\/\/aeronoticias.com.pe\/noticiero\/wp-json\/wp\/v2\/posts\/8654\/revisions"}],"wp:attachment":[{"href":"https:\/\/aeronoticias.com.pe\/noticiero\/wp-json\/wp\/v2\/media?parent=8654"}],"wp:term":[{"taxonomy":"category","embeddable":true,"href":"https:\/\/aeronoticias.com.pe\/noticiero\/wp-json\/wp\/v2\/categories?post=8654"},{"taxonomy":"post_tag","embeddable":true,"href":"https:\/\/aeronoticias.com.pe\/noticiero\/wp-json\/wp\/v2\/tags?post=8654"}],"curies":[{"name":"wp","href":"https:\/\/api.w.org\/{rel}","templated":true}]}}