{"id":8655,"date":"2010-02-04T13:58:05","date_gmt":"2010-02-04T13:58:05","guid":{"rendered":"http:\/\/desarrollo.mcvicious.com\/aero2020\/2010\/02\/04\/matell-la-princesa-victoria-de-suecia-ya-tiene-su-muneca-barbie\/"},"modified":"2010-02-04T13:58:05","modified_gmt":"2010-02-04T13:58:05","slug":"matell-la-princesa-victoria-de-suecia-ya-tiene-su-muneca-barbie","status":"publish","type":"post","link":"https:\/\/aeronoticias.com.pe\/noticiero\/ultimas\/1\/matell-la-princesa-victoria-de-suecia-ya-tiene-su-muneca-barbie\/","title":{"rendered":"Matell: La princesa Victoria de Suecia ya tiene su mu\u00f1eca Barbie"},"content":{"rendered":"<div style=\"text-align: justify\">La princesa Victoria de Suecia tiene a partir de ahora una r\u00e9plica como mu\u00f1eca Barbie, informa hoy la agencia de noticias de Estocolmo TT, ya que \u00a0faltan cuatro meses y medio para la boda de la heredera al trono sueco, y hoy el grupo de juguetes Mattel presenta a la mu\u00f1eca, con un vestido de noche, en la feria de juguetes de N\u00faremberg (en el sur de Alemania).<\/div>\n<div style=\"text-align: justify\">\u00a0<\/div>\n<div style=\"text-align: justify\">A falta de cuatro meses y medio para la boda de la heredera al trono sueco, el grupo de juguetes Mattel presenta a la mu\u00f1eca, con un vestido de noche con escote palabra de honor. Sin embargo, no tendr\u00e1 mu\u00f1eco el prometido de la princesa, Daniel Westling, con quien Victoria se casar\u00e1 el 19 de junio en la catedral de Estocolmo.<\/div>\n<div style=\"text-align: justify\">\n<div style=\"text-align: center\"><img decoding=\"async\" src=\"images\/stories\/10\/02\/040210\/victoria.jpg\" border=\"0\" alt=\"Matell: La princesa Victoria de Suecia ya tiene su mu\u00f1eca Barbie\" title=\"Matell: La princesa Victoria de Suecia ya tiene su mu\u00f1eca Barbie\" \/><\/div>\n<\/div>\n<div style=\"text-align: justify\">La versi\u00f3n Barbie de la princesa de Suecia, de 32 a\u00f1os, no est\u00e1 a la venta. Mattel s\u00f3lo ha realizado un ejemplar, que ser\u00e1 enviado a la corte de Estocolmo. Los fabricantes de Barbie ya hicieron lo mismo con otras figuras destacadas como la canciller alemana, Angela Merkel, o la autora de la saga Harry Potter, J. K. Rowling.<\/div>\n<div style=\"text-align: justify\"><\/div>\n<div style=\"text-align: justify\"><strong>Aeronoticias<\/strong> considera que esta movida de Matell es positiva en relaci\u00f3n a que es una gran campa\u00f1a lanzar personajes reales hechos Barbies por el v\u00ednculo de relaci\u00f3n que pueden generar con el publico aunque por el momento se desconoce si a Victoria le gusta su r\u00e9plica en forma de delgad\u00edsima Barbie. En el pasado, la princesa hizo p\u00fablicos los trastornos alimenticios que sufri\u00f3 durante su adolescencia y que tambi\u00e9n la alteraron psicol\u00f3gicamente.<\/div>\n<div style=\"text-align: justify\"><\/div>\n","protected":false},"excerpt":{"rendered":"<p>La princesa Victoria de Suecia tiene a partir de ahora una r\u00e9plica como mu\u00f1eca Barbie, informa hoy la agencia de noticias de Estocolmo TT, ya que \u00a0faltan cuatro meses y medio para la boda de la heredera al trono sueco, y hoy el grupo de juguetes Mattel presenta a la mu\u00f1eca, con un vestido de [&hellip;]<\/p>\n","protected":false},"author":1,"featured_media":0,"comment_status":"open","ping_status":"open","sticky":false,"template":"","format":"standard","meta":{"tdm_status":"","tdm_grid_status":"","footnotes":""},"categories":[30],"tags":[],"class_list":{"0":"post-8655","1":"post","2":"type-post","3":"status-publish","4":"format-standard","6":"category-30"},"yoast_head":"<!-- This site is optimized with the Yoast SEO plugin v25.1 - https:\/\/yoast.com\/wordpress\/plugins\/seo\/ -->\n<title>Matell: La princesa Victoria de Suecia ya tiene su mu\u00f1eca Barbie<\/title>\n<meta name=\"description\" content=\"Portal de noticias del Per\u00fa sobre el transporte a\u00e9reo, aviaci\u00f3n, turismo, hoteleria, actualidad.\" \/>\n<meta name=\"robots\" content=\"index, follow, max-snippet:-1, max-image-preview:large, max-video-preview:-1\" \/>\n<link rel=\"canonical\" href=\"https:\/\/aeronoticias.com.pe\/noticiero\/ultimas\/1\/matell-la-princesa-victoria-de-suecia-ya-tiene-su-muneca-barbie\/\" \/>\n<meta property=\"og:locale\" content=\"es_ES\" \/>\n<meta property=\"og:type\" content=\"article\" \/>\n<meta property=\"og:title\" content=\"Matell: La princesa Victoria de Suecia ya tiene su mu\u00f1eca Barbie\" \/>\n<meta property=\"og:description\" content=\"Portal de noticias del Per\u00fa sobre el transporte a\u00e9reo, aviaci\u00f3n, turismo, hoteleria, actualidad.\" \/>\n<meta property=\"og:url\" content=\"https:\/\/aeronoticias.com.pe\/noticiero\/ultimas\/1\/matell-la-princesa-victoria-de-suecia-ya-tiene-su-muneca-barbie\/\" \/>\n<meta property=\"og:site_name\" content=\"Aeronoticias.com.pe\" \/>\n<meta property=\"article:publisher\" content=\"https:\/\/www.facebook.com\/Aeronoticias.com.pe\/\" \/>\n<meta property=\"article:published_time\" content=\"2010-02-04T13:58:05+00:00\" \/>\n<meta name=\"author\" content=\"Redacci\u00f3n Aeronoticias\" \/>\n<meta name=\"twitter:card\" content=\"summary_large_image\" \/>\n<meta name=\"twitter:creator\" content=\"@aeronoticias\" \/>\n<meta name=\"twitter:site\" content=\"@aeronoticias\" \/>\n<meta name=\"twitter:label1\" content=\"Escrito por\" \/>\n\t<meta name=\"twitter:data1\" content=\"Redacci\u00f3n Aeronoticias\" \/>\n\t<meta name=\"twitter:label2\" content=\"Tiempo de lectura\" \/>\n\t<meta name=\"twitter:data2\" content=\"1 minuto\" \/>\n<script type=\"application\/ld+json\" class=\"yoast-schema-graph\">{\"@context\":\"https:\/\/schema.org\",\"@graph\":[{\"@type\":\"WebPage\",\"@id\":\"https:\/\/aeronoticias.com.pe\/noticiero\/ultimas\/1\/matell-la-princesa-victoria-de-suecia-ya-tiene-su-muneca-barbie\/\",\"url\":\"https:\/\/aeronoticias.com.pe\/noticiero\/ultimas\/1\/matell-la-princesa-victoria-de-suecia-ya-tiene-su-muneca-barbie\/\",\"name\":\"Matell: La princesa Victoria de Suecia ya tiene su mu\u00f1eca Barbie\",\"isPartOf\":{\"@id\":\"https:\/\/aeronoticias.com.pe\/noticiero\/#website\"},\"datePublished\":\"2010-02-04T13:58:05+00:00\",\"author\":{\"@id\":\"https:\/\/aeronoticias.com.pe\/noticiero\/#\/schema\/person\/fc1e5d578f4b62ba1cf7ac2bba1170a0\"},\"description\":\"Portal de noticias del Per\u00fa sobre el transporte a\u00e9reo, aviaci\u00f3n, turismo, hoteleria, actualidad.\",\"breadcrumb\":{\"@id\":\"https:\/\/aeronoticias.com.pe\/noticiero\/ultimas\/1\/matell-la-princesa-victoria-de-suecia-ya-tiene-su-muneca-barbie\/#breadcrumb\"},\"inLanguage\":\"es\",\"potentialAction\":[{\"@type\":\"ReadAction\",\"target\":[\"https:\/\/aeronoticias.com.pe\/noticiero\/ultimas\/1\/matell-la-princesa-victoria-de-suecia-ya-tiene-su-muneca-barbie\/\"]}]},{\"@type\":\"BreadcrumbList\",\"@id\":\"https:\/\/aeronoticias.com.pe\/noticiero\/ultimas\/1\/matell-la-princesa-victoria-de-suecia-ya-tiene-su-muneca-barbie\/#breadcrumb\",\"itemListElement\":[{\"@type\":\"ListItem\",\"position\":1,\"name\":\"Portada\",\"item\":\"https:\/\/aeronoticias.com.pe\/noticiero\/\"},{\"@type\":\"ListItem\",\"position\":2,\"name\":\"Matell: La princesa Victoria de Suecia ya tiene su mu\u00f1eca Barbie\"}]},{\"@type\":\"WebSite\",\"@id\":\"https:\/\/aeronoticias.com.pe\/noticiero\/#website\",\"url\":\"https:\/\/aeronoticias.com.pe\/noticiero\/\",\"name\":\"Aeronoticias.com.pe\",\"description\":\"Noticias de tranporte aereo, turismo, hoteles, gastronomia, actualidad, internacional\",\"potentialAction\":[{\"@type\":\"SearchAction\",\"target\":{\"@type\":\"EntryPoint\",\"urlTemplate\":\"https:\/\/aeronoticias.com.pe\/noticiero\/?s={search_term_string}\"},\"query-input\":{\"@type\":\"PropertyValueSpecification\",\"valueRequired\":true,\"valueName\":\"search_term_string\"}}],\"inLanguage\":\"es\"},{\"@type\":\"Person\",\"@id\":\"https:\/\/aeronoticias.com.pe\/noticiero\/#\/schema\/person\/fc1e5d578f4b62ba1cf7ac2bba1170a0\",\"name\":\"Redacci\u00f3n Aeronoticias\",\"url\":\"https:\/\/aeronoticias.com.pe\/noticiero\/author\/piloto\/\"}]}<\/script>\n<!-- \/ Yoast SEO plugin. -->","yoast_head_json":{"title":"Matell: La princesa Victoria de Suecia ya tiene su mu\u00f1eca Barbie","description":"Portal de noticias del Per\u00fa sobre el transporte a\u00e9reo, aviaci\u00f3n, turismo, hoteleria, actualidad.","robots":{"index":"index","follow":"follow","max-snippet":"max-snippet:-1","max-image-preview":"max-image-preview:large","max-video-preview":"max-video-preview:-1"},"canonical":"https:\/\/aeronoticias.com.pe\/noticiero\/ultimas\/1\/matell-la-princesa-victoria-de-suecia-ya-tiene-su-muneca-barbie\/","og_locale":"es_ES","og_type":"article","og_title":"Matell: La princesa Victoria de Suecia ya tiene su mu\u00f1eca Barbie","og_description":"Portal de noticias del Per\u00fa sobre el transporte a\u00e9reo, aviaci\u00f3n, turismo, hoteleria, actualidad.","og_url":"https:\/\/aeronoticias.com.pe\/noticiero\/ultimas\/1\/matell-la-princesa-victoria-de-suecia-ya-tiene-su-muneca-barbie\/","og_site_name":"Aeronoticias.com.pe","article_publisher":"https:\/\/www.facebook.com\/Aeronoticias.com.pe\/","article_published_time":"2010-02-04T13:58:05+00:00","author":"Redacci\u00f3n Aeronoticias","twitter_card":"summary_large_image","twitter_creator":"@aeronoticias","twitter_site":"@aeronoticias","twitter_misc":{"Escrito por":"Redacci\u00f3n Aeronoticias","Tiempo de lectura":"1 minuto"},"schema":{"@context":"https:\/\/schema.org","@graph":[{"@type":"WebPage","@id":"https:\/\/aeronoticias.com.pe\/noticiero\/ultimas\/1\/matell-la-princesa-victoria-de-suecia-ya-tiene-su-muneca-barbie\/","url":"https:\/\/aeronoticias.com.pe\/noticiero\/ultimas\/1\/matell-la-princesa-victoria-de-suecia-ya-tiene-su-muneca-barbie\/","name":"Matell: La princesa Victoria de Suecia ya tiene su mu\u00f1eca Barbie","isPartOf":{"@id":"https:\/\/aeronoticias.com.pe\/noticiero\/#website"},"datePublished":"2010-02-04T13:58:05+00:00","author":{"@id":"https:\/\/aeronoticias.com.pe\/noticiero\/#\/schema\/person\/fc1e5d578f4b62ba1cf7ac2bba1170a0"},"description":"Portal de noticias del Per\u00fa sobre el transporte a\u00e9reo, aviaci\u00f3n, turismo, hoteleria, actualidad.","breadcrumb":{"@id":"https:\/\/aeronoticias.com.pe\/noticiero\/ultimas\/1\/matell-la-princesa-victoria-de-suecia-ya-tiene-su-muneca-barbie\/#breadcrumb"},"inLanguage":"es","potentialAction":[{"@type":"ReadAction","target":["https:\/\/aeronoticias.com.pe\/noticiero\/ultimas\/1\/matell-la-princesa-victoria-de-suecia-ya-tiene-su-muneca-barbie\/"]}]},{"@type":"BreadcrumbList","@id":"https:\/\/aeronoticias.com.pe\/noticiero\/ultimas\/1\/matell-la-princesa-victoria-de-suecia-ya-tiene-su-muneca-barbie\/#breadcrumb","itemListElement":[{"@type":"ListItem","position":1,"name":"Portada","item":"https:\/\/aeronoticias.com.pe\/noticiero\/"},{"@type":"ListItem","position":2,"name":"Matell: La princesa Victoria de Suecia ya tiene su mu\u00f1eca Barbie"}]},{"@type":"WebSite","@id":"https:\/\/aeronoticias.com.pe\/noticiero\/#website","url":"https:\/\/aeronoticias.com.pe\/noticiero\/","name":"Aeronoticias.com.pe","description":"Noticias de tranporte aereo, turismo, hoteles, gastronomia, actualidad, internacional","potentialAction":[{"@type":"SearchAction","target":{"@type":"EntryPoint","urlTemplate":"https:\/\/aeronoticias.com.pe\/noticiero\/?s={search_term_string}"},"query-input":{"@type":"PropertyValueSpecification","valueRequired":true,"valueName":"search_term_string"}}],"inLanguage":"es"},{"@type":"Person","@id":"https:\/\/aeronoticias.com.pe\/noticiero\/#\/schema\/person\/fc1e5d578f4b62ba1cf7ac2bba1170a0","name":"Redacci\u00f3n Aeronoticias","url":"https:\/\/aeronoticias.com.pe\/noticiero\/author\/piloto\/"}]}},"_links":{"self":[{"href":"https:\/\/aeronoticias.com.pe\/noticiero\/wp-json\/wp\/v2\/posts\/8655","targetHints":{"allow":["GET"]}}],"collection":[{"href":"https:\/\/aeronoticias.com.pe\/noticiero\/wp-json\/wp\/v2\/posts"}],"about":[{"href":"https:\/\/aeronoticias.com.pe\/noticiero\/wp-json\/wp\/v2\/types\/post"}],"author":[{"embeddable":true,"href":"https:\/\/aeronoticias.com.pe\/noticiero\/wp-json\/wp\/v2\/users\/1"}],"replies":[{"embeddable":true,"href":"https:\/\/aeronoticias.com.pe\/noticiero\/wp-json\/wp\/v2\/comments?post=8655"}],"version-history":[{"count":0,"href":"https:\/\/aeronoticias.com.pe\/noticiero\/wp-json\/wp\/v2\/posts\/8655\/revisions"}],"wp:attachment":[{"href":"https:\/\/aeronoticias.com.pe\/noticiero\/wp-json\/wp\/v2\/media?parent=8655"}],"wp:term":[{"taxonomy":"category","embeddable":true,"href":"https:\/\/aeronoticias.com.pe\/noticiero\/wp-json\/wp\/v2\/categories?post=8655"},{"taxonomy":"post_tag","embeddable":true,"href":"https:\/\/aeronoticias.com.pe\/noticiero\/wp-json\/wp\/v2\/tags?post=8655"}],"curies":[{"name":"wp","href":"https:\/\/api.w.org\/{rel}","templated":true}]}}