{"id":8657,"date":"2010-02-04T14:12:14","date_gmt":"2010-02-04T14:12:14","guid":{"rendered":"http:\/\/desarrollo.mcvicious.com\/aero2020\/2010\/02\/04\/sarkozy-sera-el-primer-presidente-frances-en-visitar-haiti\/"},"modified":"2010-02-04T14:12:14","modified_gmt":"2010-02-04T14:12:14","slug":"sarkozy-sera-el-primer-presidente-frances-en-visitar-haiti","status":"publish","type":"post","link":"https:\/\/aeronoticias.com.pe\/noticiero\/internacionales\/sarkozy-sera-el-primer-presidente-frances-en-visitar-haiti\/","title":{"rendered":"Sarkozy ser\u00e1 el primer presidente franc\u00e9s en visitar Hait\u00ed"},"content":{"rendered":"<div style=\"text-align: justify\">Seg\u00fan se afirm\u00f3 que el mandatario llegar\u00e1 a Puerto Pr\u00edncipe el 17 de febrero para coordinar el apoyo de su pa\u00eds a la reconstrucci\u00f3n tras el terremoto del 12 de enero. De esta manera, se convertir\u00e1 en el primer presidente galo en visitar este pa\u00eds, que hace m\u00e1s de 200 a\u00f1os se independiz\u00f3 precisamente de Francia.<\/div>\n<div style=\"text-align: justify\">\u00a0<\/div>\n<div style=\"text-align: justify\">Sarkozy realizar\u00e1 una visita de unas horas para reiterar que su gobierno \u00abestar\u00e1 al lado del pueblo haitiano en materia de salud y reconstrucci\u00f3n\u00bb, indic\u00f3 el embajador franc\u00e9s, Didier Lebret, a la emisora local Radio Metropole.<\/div>\n<div style=\"text-align: justify\">\u00abDesde la perspectiva del gobierno franc\u00e9s, consideramos que el gobierno haitiano debe ser el coraz\u00f3n de los trabajos de reconstrucci\u00f3n\u00bb, explic\u00f3 el diplom\u00e1tico.<\/div>\n<div style=\"text-align: justify\">\u00a0<\/p>\n<div style=\"text-align: center\"><img decoding=\"async\" src=\"images\/stories\/10\/02\/040210\/sarkozi.jpg\" border=\"0\" alt=\"Sarkozy ser\u00e1 el primer presidente franc\u00e9s en visitar Hait\u00ed\" title=\"Sarkozy ser\u00e1 el primer presidente franc\u00e9s en visitar Hait\u00ed\" \/><\/div>\n<\/div>\n<div style=\"text-align: justify\">Adem\u00e1s del env\u00edo de apoyo humanitario y de m\u00e9dicos para los damnificados del terremoto, el gobierno de Sarkozy se comprometi\u00f3 a reconstruir el Palacio Nacional, que se derrumb\u00f3 con el terremoto de 7 grados en la escala de Richter que dej\u00f3 m\u00e1s de 200.000 muertos y m\u00e1s de un mill\u00f3n de damnificados.<\/div>\n<div style=\"text-align: justify\">\u00a0<\/div>\n<div style=\"text-align: justify\"><strong>Aeronoticias<\/strong> considera que Sarkozy, el primer mandatario franc\u00e9s en visitar Hait\u00ed da una muestra del humanismo y la ayuda bilateral que una de las naciones m\u00e1s fuertes del mundo, Francia, muestra hacia un pueblo hermano como Hait\u00ed en un contexto en el que este se ha visto totalmente derruido por los terribles sucesos de los \u00faltimos tiempos.<\/div>\n<div style=\"text-align: justify\"><\/div>\n","protected":false},"excerpt":{"rendered":"<p>Seg\u00fan se afirm\u00f3 que el mandatario llegar\u00e1 a Puerto Pr\u00edncipe el 17 de febrero para coordinar el apoyo de su pa\u00eds a la reconstrucci\u00f3n tras el terremoto del 12 de enero. De esta manera, se convertir\u00e1 en el primer presidente galo en visitar este pa\u00eds, que hace m\u00e1s de 200 a\u00f1os se independiz\u00f3 precisamente de [&hellip;]<\/p>\n","protected":false},"author":1,"featured_media":0,"comment_status":"open","ping_status":"open","sticky":false,"template":"","format":"standard","meta":{"tdm_status":"","tdm_grid_status":"","footnotes":""},"categories":[34],"tags":[],"class_list":{"0":"post-8657","1":"post","2":"type-post","3":"status-publish","4":"format-standard","6":"category-internacionales"},"yoast_head":"<!-- This site is optimized with the Yoast SEO plugin v25.1 - https:\/\/yoast.com\/wordpress\/plugins\/seo\/ -->\n<title>Sarkozy ser\u00e1 el primer presidente franc\u00e9s en visitar Hait\u00ed<\/title>\n<meta name=\"description\" content=\"Portal de noticias del Per\u00fa sobre el transporte a\u00e9reo, aviaci\u00f3n, turismo, hoteleria, actualidad.\" \/>\n<meta name=\"robots\" content=\"index, follow, max-snippet:-1, max-image-preview:large, max-video-preview:-1\" \/>\n<link rel=\"canonical\" href=\"https:\/\/aeronoticias.com.pe\/noticiero\/internacionales\/sarkozy-sera-el-primer-presidente-frances-en-visitar-haiti\/\" \/>\n<meta property=\"og:locale\" content=\"es_ES\" \/>\n<meta property=\"og:type\" content=\"article\" \/>\n<meta property=\"og:title\" content=\"Sarkozy ser\u00e1 el primer presidente franc\u00e9s en visitar Hait\u00ed\" \/>\n<meta property=\"og:description\" content=\"Portal de noticias del Per\u00fa sobre el transporte a\u00e9reo, aviaci\u00f3n, turismo, hoteleria, actualidad.\" \/>\n<meta property=\"og:url\" content=\"https:\/\/aeronoticias.com.pe\/noticiero\/internacionales\/sarkozy-sera-el-primer-presidente-frances-en-visitar-haiti\/\" \/>\n<meta property=\"og:site_name\" content=\"Aeronoticias.com.pe\" \/>\n<meta property=\"article:publisher\" content=\"https:\/\/www.facebook.com\/Aeronoticias.com.pe\/\" \/>\n<meta property=\"article:published_time\" content=\"2010-02-04T14:12:14+00:00\" \/>\n<meta name=\"author\" content=\"Redacci\u00f3n Aeronoticias\" \/>\n<meta name=\"twitter:card\" content=\"summary_large_image\" \/>\n<meta name=\"twitter:creator\" content=\"@aeronoticias\" \/>\n<meta name=\"twitter:site\" content=\"@aeronoticias\" \/>\n<meta name=\"twitter:label1\" content=\"Escrito por\" \/>\n\t<meta name=\"twitter:data1\" content=\"Redacci\u00f3n Aeronoticias\" \/>\n\t<meta name=\"twitter:label2\" content=\"Tiempo de lectura\" \/>\n\t<meta name=\"twitter:data2\" content=\"1 minuto\" \/>\n<script type=\"application\/ld+json\" class=\"yoast-schema-graph\">{\"@context\":\"https:\/\/schema.org\",\"@graph\":[{\"@type\":\"WebPage\",\"@id\":\"https:\/\/aeronoticias.com.pe\/noticiero\/internacionales\/sarkozy-sera-el-primer-presidente-frances-en-visitar-haiti\/\",\"url\":\"https:\/\/aeronoticias.com.pe\/noticiero\/internacionales\/sarkozy-sera-el-primer-presidente-frances-en-visitar-haiti\/\",\"name\":\"Sarkozy ser\u00e1 el primer presidente franc\u00e9s en visitar Hait\u00ed\",\"isPartOf\":{\"@id\":\"https:\/\/aeronoticias.com.pe\/noticiero\/#website\"},\"datePublished\":\"2010-02-04T14:12:14+00:00\",\"author\":{\"@id\":\"https:\/\/aeronoticias.com.pe\/noticiero\/#\/schema\/person\/fc1e5d578f4b62ba1cf7ac2bba1170a0\"},\"description\":\"Portal de noticias del Per\u00fa sobre el transporte a\u00e9reo, aviaci\u00f3n, turismo, hoteleria, actualidad.\",\"breadcrumb\":{\"@id\":\"https:\/\/aeronoticias.com.pe\/noticiero\/internacionales\/sarkozy-sera-el-primer-presidente-frances-en-visitar-haiti\/#breadcrumb\"},\"inLanguage\":\"es\",\"potentialAction\":[{\"@type\":\"ReadAction\",\"target\":[\"https:\/\/aeronoticias.com.pe\/noticiero\/internacionales\/sarkozy-sera-el-primer-presidente-frances-en-visitar-haiti\/\"]}]},{\"@type\":\"BreadcrumbList\",\"@id\":\"https:\/\/aeronoticias.com.pe\/noticiero\/internacionales\/sarkozy-sera-el-primer-presidente-frances-en-visitar-haiti\/#breadcrumb\",\"itemListElement\":[{\"@type\":\"ListItem\",\"position\":1,\"name\":\"Portada\",\"item\":\"https:\/\/aeronoticias.com.pe\/noticiero\/\"},{\"@type\":\"ListItem\",\"position\":2,\"name\":\"Sarkozy ser\u00e1 el primer presidente franc\u00e9s en visitar Hait\u00ed\"}]},{\"@type\":\"WebSite\",\"@id\":\"https:\/\/aeronoticias.com.pe\/noticiero\/#website\",\"url\":\"https:\/\/aeronoticias.com.pe\/noticiero\/\",\"name\":\"Aeronoticias.com.pe\",\"description\":\"Noticias de tranporte aereo, turismo, hoteles, gastronomia, actualidad, internacional\",\"potentialAction\":[{\"@type\":\"SearchAction\",\"target\":{\"@type\":\"EntryPoint\",\"urlTemplate\":\"https:\/\/aeronoticias.com.pe\/noticiero\/?s={search_term_string}\"},\"query-input\":{\"@type\":\"PropertyValueSpecification\",\"valueRequired\":true,\"valueName\":\"search_term_string\"}}],\"inLanguage\":\"es\"},{\"@type\":\"Person\",\"@id\":\"https:\/\/aeronoticias.com.pe\/noticiero\/#\/schema\/person\/fc1e5d578f4b62ba1cf7ac2bba1170a0\",\"name\":\"Redacci\u00f3n Aeronoticias\",\"url\":\"https:\/\/aeronoticias.com.pe\/noticiero\/author\/piloto\/\"}]}<\/script>\n<!-- \/ Yoast SEO plugin. -->","yoast_head_json":{"title":"Sarkozy ser\u00e1 el primer presidente franc\u00e9s en visitar Hait\u00ed","description":"Portal de noticias del Per\u00fa sobre el transporte a\u00e9reo, aviaci\u00f3n, turismo, hoteleria, actualidad.","robots":{"index":"index","follow":"follow","max-snippet":"max-snippet:-1","max-image-preview":"max-image-preview:large","max-video-preview":"max-video-preview:-1"},"canonical":"https:\/\/aeronoticias.com.pe\/noticiero\/internacionales\/sarkozy-sera-el-primer-presidente-frances-en-visitar-haiti\/","og_locale":"es_ES","og_type":"article","og_title":"Sarkozy ser\u00e1 el primer presidente franc\u00e9s en visitar Hait\u00ed","og_description":"Portal de noticias del Per\u00fa sobre el transporte a\u00e9reo, aviaci\u00f3n, turismo, hoteleria, actualidad.","og_url":"https:\/\/aeronoticias.com.pe\/noticiero\/internacionales\/sarkozy-sera-el-primer-presidente-frances-en-visitar-haiti\/","og_site_name":"Aeronoticias.com.pe","article_publisher":"https:\/\/www.facebook.com\/Aeronoticias.com.pe\/","article_published_time":"2010-02-04T14:12:14+00:00","author":"Redacci\u00f3n Aeronoticias","twitter_card":"summary_large_image","twitter_creator":"@aeronoticias","twitter_site":"@aeronoticias","twitter_misc":{"Escrito por":"Redacci\u00f3n Aeronoticias","Tiempo de lectura":"1 minuto"},"schema":{"@context":"https:\/\/schema.org","@graph":[{"@type":"WebPage","@id":"https:\/\/aeronoticias.com.pe\/noticiero\/internacionales\/sarkozy-sera-el-primer-presidente-frances-en-visitar-haiti\/","url":"https:\/\/aeronoticias.com.pe\/noticiero\/internacionales\/sarkozy-sera-el-primer-presidente-frances-en-visitar-haiti\/","name":"Sarkozy ser\u00e1 el primer presidente franc\u00e9s en visitar Hait\u00ed","isPartOf":{"@id":"https:\/\/aeronoticias.com.pe\/noticiero\/#website"},"datePublished":"2010-02-04T14:12:14+00:00","author":{"@id":"https:\/\/aeronoticias.com.pe\/noticiero\/#\/schema\/person\/fc1e5d578f4b62ba1cf7ac2bba1170a0"},"description":"Portal de noticias del Per\u00fa sobre el transporte a\u00e9reo, aviaci\u00f3n, turismo, hoteleria, actualidad.","breadcrumb":{"@id":"https:\/\/aeronoticias.com.pe\/noticiero\/internacionales\/sarkozy-sera-el-primer-presidente-frances-en-visitar-haiti\/#breadcrumb"},"inLanguage":"es","potentialAction":[{"@type":"ReadAction","target":["https:\/\/aeronoticias.com.pe\/noticiero\/internacionales\/sarkozy-sera-el-primer-presidente-frances-en-visitar-haiti\/"]}]},{"@type":"BreadcrumbList","@id":"https:\/\/aeronoticias.com.pe\/noticiero\/internacionales\/sarkozy-sera-el-primer-presidente-frances-en-visitar-haiti\/#breadcrumb","itemListElement":[{"@type":"ListItem","position":1,"name":"Portada","item":"https:\/\/aeronoticias.com.pe\/noticiero\/"},{"@type":"ListItem","position":2,"name":"Sarkozy ser\u00e1 el primer presidente franc\u00e9s en visitar Hait\u00ed"}]},{"@type":"WebSite","@id":"https:\/\/aeronoticias.com.pe\/noticiero\/#website","url":"https:\/\/aeronoticias.com.pe\/noticiero\/","name":"Aeronoticias.com.pe","description":"Noticias de tranporte aereo, turismo, hoteles, gastronomia, actualidad, internacional","potentialAction":[{"@type":"SearchAction","target":{"@type":"EntryPoint","urlTemplate":"https:\/\/aeronoticias.com.pe\/noticiero\/?s={search_term_string}"},"query-input":{"@type":"PropertyValueSpecification","valueRequired":true,"valueName":"search_term_string"}}],"inLanguage":"es"},{"@type":"Person","@id":"https:\/\/aeronoticias.com.pe\/noticiero\/#\/schema\/person\/fc1e5d578f4b62ba1cf7ac2bba1170a0","name":"Redacci\u00f3n Aeronoticias","url":"https:\/\/aeronoticias.com.pe\/noticiero\/author\/piloto\/"}]}},"_links":{"self":[{"href":"https:\/\/aeronoticias.com.pe\/noticiero\/wp-json\/wp\/v2\/posts\/8657","targetHints":{"allow":["GET"]}}],"collection":[{"href":"https:\/\/aeronoticias.com.pe\/noticiero\/wp-json\/wp\/v2\/posts"}],"about":[{"href":"https:\/\/aeronoticias.com.pe\/noticiero\/wp-json\/wp\/v2\/types\/post"}],"author":[{"embeddable":true,"href":"https:\/\/aeronoticias.com.pe\/noticiero\/wp-json\/wp\/v2\/users\/1"}],"replies":[{"embeddable":true,"href":"https:\/\/aeronoticias.com.pe\/noticiero\/wp-json\/wp\/v2\/comments?post=8657"}],"version-history":[{"count":0,"href":"https:\/\/aeronoticias.com.pe\/noticiero\/wp-json\/wp\/v2\/posts\/8657\/revisions"}],"wp:attachment":[{"href":"https:\/\/aeronoticias.com.pe\/noticiero\/wp-json\/wp\/v2\/media?parent=8657"}],"wp:term":[{"taxonomy":"category","embeddable":true,"href":"https:\/\/aeronoticias.com.pe\/noticiero\/wp-json\/wp\/v2\/categories?post=8657"},{"taxonomy":"post_tag","embeddable":true,"href":"https:\/\/aeronoticias.com.pe\/noticiero\/wp-json\/wp\/v2\/tags?post=8657"}],"curies":[{"name":"wp","href":"https:\/\/api.w.org\/{rel}","templated":true}]}}