{"id":8658,"date":"2010-02-04T14:18:15","date_gmt":"2010-02-04T14:18:15","guid":{"rendered":"http:\/\/desarrollo.mcvicious.com\/aero2020\/2010\/02\/04\/hallazgo-hombre-que-llevaba-cinco-anos-declarado-en-coma-logro-comunicarse-con-un-scanner-cerebral\/"},"modified":"2010-02-04T14:18:15","modified_gmt":"2010-02-04T14:18:15","slug":"hallazgo-hombre-que-llevaba-cinco-anos-declarado-en-coma-logro-comunicarse-con-un-scanner-cerebral","status":"publish","type":"post","link":"https:\/\/aeronoticias.com.pe\/noticiero\/salud\/hallazgo-hombre-que-llevaba-cinco-anos-declarado-en-coma-logro-comunicarse-con-un-scanner-cerebral\/","title":{"rendered":"Hallazgo: Hombre que llevaba cinco a\u00f1os declarado en coma logr\u00f3 comunicarse con un scanner cerebral"},"content":{"rendered":"<div style=\"text-align: justify\">Seg\u00fan las conclusiones del scaneo cerebral, fueron publicadas por el New England Journal of Medicine y, seg\u00fan los expertos, este hallazgo puede modificar el modo de tratar a los pacientes en coma, y es que un hombre al que se consideraba en estado vegetativo desde hace cinco a\u00f1os logr\u00f3 comunicarse y responder s\u00ed o no a preguntas de sus m\u00e9dicos usando \u00fanicamente su mente, tras un estudio en el que participaron cient\u00edficos de B\u00e9lgica y Reino Unido.<\/div>\n<div style=\"text-align: justify\"><\/div>\n<div style=\"text-align: justify\">El hombre, de 29 a\u00f1os y procedente de un pa\u00eds de Europa del Este, sobrevivi\u00f3 a un accidente de tr\u00e1nsito en 2003. No puede moverse ni hablar, por lo que desde entonces se encontraba en estado vegetativo, seg\u00fan el diario espa\u00f1ol El Pa\u00eds.\u00a0Pero tras detectar en \u00e9l signos de conciencia, los cient\u00edficos decidieron aplicar un scanner de \u00faltima generaci\u00f3n sobre su cerebro mientras le realizaban preguntas sencillas como \u00ab\u00bfsu padre se llama Thomas?\u00bb.\u00a0<\/div>\n<div style=\"text-align: justify\">\n<div style=\"text-align: center\"><img decoding=\"async\" src=\"images\/stories\/10\/02\/040210\/veg.jpg\" border=\"0\" alt=\"Hallazgo: Hombre que llevaba cinco a\u00f1os declarado en coma logr\u00f3 comunicarse con un scanner cerebral\" title=\"Hallazgo: Hombre que llevaba cinco a\u00f1os declarado en coma logr\u00f3 comunicarse con un scanner cerebral\" \/><\/div>\n<\/div>\n<div style=\"text-align: justify\">Los resultados mostraron que, al detectar la pregunta, se activaban las mismas zonas de su mente que las que se pondr\u00edan en marcha en una persona sana.\u00a0\u00abNos quedamos at\u00f3nitos cuando vimos el resultado del scanner del paciente. Era capaz de responder correctamente a cuestiones simplemente modulando sus pensamientos, que fueron f\u00e1cilmente decodificados por la m\u00e1quina\u00bb, explic\u00f3 Adrian Owen, profesor de neurolog\u00eda de la Universidad de Cambridge.<\/div>\n<div style=\"text-align: justify\"><\/div>\n<div style=\"text-align: justify\">El estudio se realiz\u00f3 con 23 pacientes considerados en coma. En cuatro de ellos, el scanner detect\u00f3 signos de conciencia.\u00a0\u00abPersonas aparentemente en coma podr\u00edan ser interrogadas sobre su dolor\u00bb, asegur\u00f3 la neur\u00f3loga belga Audrey Vanhaudenhuyse, que advirti\u00f3 que \u00abno todos los pacientes en estado vegetativo tienen actividad cerebral\u00bb.\u00a0<\/div>\n<div style=\"text-align: justify\"><\/div>\n<div style=\"text-align: justify\">El scanner podr\u00eda igualmente \u00abpermitir a los pacientes expresar sentimientos y decidir ellos mismos sobre cuestiones como la eutanasia\u00bb, a\u00f1adi\u00f3 el profesor Steven Laureys, de la Universidad de Lieja.\u00a0El caso de este paciente recuerda a otro parecido revelado recientemente, el del belga Rom Houben, al que se consider\u00f3 en coma durante 23 a\u00f1os tras un accidente de tr\u00e1fico.\u00a0<\/div>\n<div style=\"text-align: justify\"><\/div>\n<div style=\"text-align: justify\">Con ese criterio se lo trat\u00f3 hasta que una revisi\u00f3n de las pruebas permiti\u00f3 a los investigadores de la Universidad de Lieja aventurar que no estaba tan desconectado.\u00a0<\/div>\n<div style=\"text-align: justify\">\u00a0<\/div>\n<div style=\"text-align: justify\"><strong>Aeronoticias <\/strong>considera que este hallazgo es muy positivo debido a representa un adelanto en la comunicaci\u00f3n con los pacientes sumidos en coma, ya que se est\u00e1 demostrando que su actividad cerebral es a\u00fan consiente y que son capaces de razonar, en un contexto en el que la historia de este hombre trascendi\u00f3 a la prensa hace dos meses, pero entonces los cient\u00edficos s\u00f3lo adelantaron que Houben pod\u00eda comunicarse mediante un dispositivo conectado a una computadora.<\/div>\n<div style=\"text-align: justify\"><\/div>\n","protected":false},"excerpt":{"rendered":"<p>Seg\u00fan las conclusiones del scaneo cerebral, fueron publicadas por el New England Journal of Medicine y, seg\u00fan los expertos, este hallazgo puede modificar el modo de tratar a los pacientes en coma, y es que un hombre al que se consideraba en estado vegetativo desde hace cinco a\u00f1os logr\u00f3 comunicarse y responder s\u00ed o no [&hellip;]<\/p>\n","protected":false},"author":1,"featured_media":0,"comment_status":"open","ping_status":"open","sticky":false,"template":"","format":"standard","meta":{"tdm_status":"","tdm_grid_status":"","footnotes":""},"categories":[37],"tags":[],"class_list":{"0":"post-8658","1":"post","2":"type-post","3":"status-publish","4":"format-standard","6":"category-salud"},"yoast_head":"<!-- This site is optimized with the Yoast SEO plugin v25.1 - https:\/\/yoast.com\/wordpress\/plugins\/seo\/ -->\n<title>Hallazgo: Hombre que llevaba cinco a\u00f1os declarado en coma logr\u00f3 comunicarse con un scanner cerebral<\/title>\n<meta name=\"description\" content=\"Portal de noticias del Per\u00fa sobre el transporte a\u00e9reo, aviaci\u00f3n, turismo, hoteleria, actualidad.\" \/>\n<meta name=\"robots\" content=\"index, follow, max-snippet:-1, max-image-preview:large, max-video-preview:-1\" \/>\n<link rel=\"canonical\" href=\"https:\/\/aeronoticias.com.pe\/noticiero\/salud\/hallazgo-hombre-que-llevaba-cinco-anos-declarado-en-coma-logro-comunicarse-con-un-scanner-cerebral\/\" \/>\n<meta property=\"og:locale\" content=\"es_ES\" \/>\n<meta property=\"og:type\" content=\"article\" \/>\n<meta property=\"og:title\" content=\"Hallazgo: Hombre que llevaba cinco a\u00f1os declarado en coma logr\u00f3 comunicarse con un scanner cerebral\" \/>\n<meta property=\"og:description\" content=\"Portal de noticias del Per\u00fa sobre el transporte a\u00e9reo, aviaci\u00f3n, turismo, hoteleria, actualidad.\" \/>\n<meta property=\"og:url\" content=\"https:\/\/aeronoticias.com.pe\/noticiero\/salud\/hallazgo-hombre-que-llevaba-cinco-anos-declarado-en-coma-logro-comunicarse-con-un-scanner-cerebral\/\" \/>\n<meta property=\"og:site_name\" content=\"Aeronoticias.com.pe\" \/>\n<meta property=\"article:publisher\" content=\"https:\/\/www.facebook.com\/Aeronoticias.com.pe\/\" \/>\n<meta property=\"article:published_time\" content=\"2010-02-04T14:18:15+00:00\" \/>\n<meta name=\"author\" content=\"Redacci\u00f3n Aeronoticias\" \/>\n<meta name=\"twitter:card\" content=\"summary_large_image\" \/>\n<meta name=\"twitter:creator\" content=\"@aeronoticias\" \/>\n<meta name=\"twitter:site\" content=\"@aeronoticias\" \/>\n<meta name=\"twitter:label1\" content=\"Escrito por\" \/>\n\t<meta name=\"twitter:data1\" content=\"Redacci\u00f3n Aeronoticias\" \/>\n\t<meta name=\"twitter:label2\" content=\"Tiempo de lectura\" \/>\n\t<meta name=\"twitter:data2\" content=\"2 minutos\" \/>\n<script type=\"application\/ld+json\" class=\"yoast-schema-graph\">{\"@context\":\"https:\/\/schema.org\",\"@graph\":[{\"@type\":\"WebPage\",\"@id\":\"https:\/\/aeronoticias.com.pe\/noticiero\/salud\/hallazgo-hombre-que-llevaba-cinco-anos-declarado-en-coma-logro-comunicarse-con-un-scanner-cerebral\/\",\"url\":\"https:\/\/aeronoticias.com.pe\/noticiero\/salud\/hallazgo-hombre-que-llevaba-cinco-anos-declarado-en-coma-logro-comunicarse-con-un-scanner-cerebral\/\",\"name\":\"Hallazgo: Hombre que llevaba cinco a\u00f1os declarado en coma logr\u00f3 comunicarse con un scanner cerebral\",\"isPartOf\":{\"@id\":\"https:\/\/aeronoticias.com.pe\/noticiero\/#website\"},\"datePublished\":\"2010-02-04T14:18:15+00:00\",\"author\":{\"@id\":\"https:\/\/aeronoticias.com.pe\/noticiero\/#\/schema\/person\/fc1e5d578f4b62ba1cf7ac2bba1170a0\"},\"description\":\"Portal de noticias del Per\u00fa sobre el transporte a\u00e9reo, aviaci\u00f3n, turismo, hoteleria, actualidad.\",\"breadcrumb\":{\"@id\":\"https:\/\/aeronoticias.com.pe\/noticiero\/salud\/hallazgo-hombre-que-llevaba-cinco-anos-declarado-en-coma-logro-comunicarse-con-un-scanner-cerebral\/#breadcrumb\"},\"inLanguage\":\"es\",\"potentialAction\":[{\"@type\":\"ReadAction\",\"target\":[\"https:\/\/aeronoticias.com.pe\/noticiero\/salud\/hallazgo-hombre-que-llevaba-cinco-anos-declarado-en-coma-logro-comunicarse-con-un-scanner-cerebral\/\"]}]},{\"@type\":\"BreadcrumbList\",\"@id\":\"https:\/\/aeronoticias.com.pe\/noticiero\/salud\/hallazgo-hombre-que-llevaba-cinco-anos-declarado-en-coma-logro-comunicarse-con-un-scanner-cerebral\/#breadcrumb\",\"itemListElement\":[{\"@type\":\"ListItem\",\"position\":1,\"name\":\"Portada\",\"item\":\"https:\/\/aeronoticias.com.pe\/noticiero\/\"},{\"@type\":\"ListItem\",\"position\":2,\"name\":\"Hallazgo: Hombre que llevaba cinco a\u00f1os declarado en coma logr\u00f3 comunicarse con un scanner cerebral\"}]},{\"@type\":\"WebSite\",\"@id\":\"https:\/\/aeronoticias.com.pe\/noticiero\/#website\",\"url\":\"https:\/\/aeronoticias.com.pe\/noticiero\/\",\"name\":\"Aeronoticias.com.pe\",\"description\":\"Noticias de tranporte aereo, turismo, hoteles, gastronomia, actualidad, internacional\",\"potentialAction\":[{\"@type\":\"SearchAction\",\"target\":{\"@type\":\"EntryPoint\",\"urlTemplate\":\"https:\/\/aeronoticias.com.pe\/noticiero\/?s={search_term_string}\"},\"query-input\":{\"@type\":\"PropertyValueSpecification\",\"valueRequired\":true,\"valueName\":\"search_term_string\"}}],\"inLanguage\":\"es\"},{\"@type\":\"Person\",\"@id\":\"https:\/\/aeronoticias.com.pe\/noticiero\/#\/schema\/person\/fc1e5d578f4b62ba1cf7ac2bba1170a0\",\"name\":\"Redacci\u00f3n Aeronoticias\",\"url\":\"https:\/\/aeronoticias.com.pe\/noticiero\/author\/piloto\/\"}]}<\/script>\n<!-- \/ Yoast SEO plugin. -->","yoast_head_json":{"title":"Hallazgo: Hombre que llevaba cinco a\u00f1os declarado en coma logr\u00f3 comunicarse con un scanner cerebral","description":"Portal de noticias del Per\u00fa sobre el transporte a\u00e9reo, aviaci\u00f3n, turismo, hoteleria, actualidad.","robots":{"index":"index","follow":"follow","max-snippet":"max-snippet:-1","max-image-preview":"max-image-preview:large","max-video-preview":"max-video-preview:-1"},"canonical":"https:\/\/aeronoticias.com.pe\/noticiero\/salud\/hallazgo-hombre-que-llevaba-cinco-anos-declarado-en-coma-logro-comunicarse-con-un-scanner-cerebral\/","og_locale":"es_ES","og_type":"article","og_title":"Hallazgo: Hombre que llevaba cinco a\u00f1os declarado en coma logr\u00f3 comunicarse con un scanner cerebral","og_description":"Portal de noticias del Per\u00fa sobre el transporte a\u00e9reo, aviaci\u00f3n, turismo, hoteleria, actualidad.","og_url":"https:\/\/aeronoticias.com.pe\/noticiero\/salud\/hallazgo-hombre-que-llevaba-cinco-anos-declarado-en-coma-logro-comunicarse-con-un-scanner-cerebral\/","og_site_name":"Aeronoticias.com.pe","article_publisher":"https:\/\/www.facebook.com\/Aeronoticias.com.pe\/","article_published_time":"2010-02-04T14:18:15+00:00","author":"Redacci\u00f3n Aeronoticias","twitter_card":"summary_large_image","twitter_creator":"@aeronoticias","twitter_site":"@aeronoticias","twitter_misc":{"Escrito por":"Redacci\u00f3n Aeronoticias","Tiempo de lectura":"2 minutos"},"schema":{"@context":"https:\/\/schema.org","@graph":[{"@type":"WebPage","@id":"https:\/\/aeronoticias.com.pe\/noticiero\/salud\/hallazgo-hombre-que-llevaba-cinco-anos-declarado-en-coma-logro-comunicarse-con-un-scanner-cerebral\/","url":"https:\/\/aeronoticias.com.pe\/noticiero\/salud\/hallazgo-hombre-que-llevaba-cinco-anos-declarado-en-coma-logro-comunicarse-con-un-scanner-cerebral\/","name":"Hallazgo: Hombre que llevaba cinco a\u00f1os declarado en coma logr\u00f3 comunicarse con un scanner cerebral","isPartOf":{"@id":"https:\/\/aeronoticias.com.pe\/noticiero\/#website"},"datePublished":"2010-02-04T14:18:15+00:00","author":{"@id":"https:\/\/aeronoticias.com.pe\/noticiero\/#\/schema\/person\/fc1e5d578f4b62ba1cf7ac2bba1170a0"},"description":"Portal de noticias del Per\u00fa sobre el transporte a\u00e9reo, aviaci\u00f3n, turismo, hoteleria, actualidad.","breadcrumb":{"@id":"https:\/\/aeronoticias.com.pe\/noticiero\/salud\/hallazgo-hombre-que-llevaba-cinco-anos-declarado-en-coma-logro-comunicarse-con-un-scanner-cerebral\/#breadcrumb"},"inLanguage":"es","potentialAction":[{"@type":"ReadAction","target":["https:\/\/aeronoticias.com.pe\/noticiero\/salud\/hallazgo-hombre-que-llevaba-cinco-anos-declarado-en-coma-logro-comunicarse-con-un-scanner-cerebral\/"]}]},{"@type":"BreadcrumbList","@id":"https:\/\/aeronoticias.com.pe\/noticiero\/salud\/hallazgo-hombre-que-llevaba-cinco-anos-declarado-en-coma-logro-comunicarse-con-un-scanner-cerebral\/#breadcrumb","itemListElement":[{"@type":"ListItem","position":1,"name":"Portada","item":"https:\/\/aeronoticias.com.pe\/noticiero\/"},{"@type":"ListItem","position":2,"name":"Hallazgo: Hombre que llevaba cinco a\u00f1os declarado en coma logr\u00f3 comunicarse con un scanner cerebral"}]},{"@type":"WebSite","@id":"https:\/\/aeronoticias.com.pe\/noticiero\/#website","url":"https:\/\/aeronoticias.com.pe\/noticiero\/","name":"Aeronoticias.com.pe","description":"Noticias de tranporte aereo, turismo, hoteles, gastronomia, actualidad, internacional","potentialAction":[{"@type":"SearchAction","target":{"@type":"EntryPoint","urlTemplate":"https:\/\/aeronoticias.com.pe\/noticiero\/?s={search_term_string}"},"query-input":{"@type":"PropertyValueSpecification","valueRequired":true,"valueName":"search_term_string"}}],"inLanguage":"es"},{"@type":"Person","@id":"https:\/\/aeronoticias.com.pe\/noticiero\/#\/schema\/person\/fc1e5d578f4b62ba1cf7ac2bba1170a0","name":"Redacci\u00f3n Aeronoticias","url":"https:\/\/aeronoticias.com.pe\/noticiero\/author\/piloto\/"}]}},"_links":{"self":[{"href":"https:\/\/aeronoticias.com.pe\/noticiero\/wp-json\/wp\/v2\/posts\/8658","targetHints":{"allow":["GET"]}}],"collection":[{"href":"https:\/\/aeronoticias.com.pe\/noticiero\/wp-json\/wp\/v2\/posts"}],"about":[{"href":"https:\/\/aeronoticias.com.pe\/noticiero\/wp-json\/wp\/v2\/types\/post"}],"author":[{"embeddable":true,"href":"https:\/\/aeronoticias.com.pe\/noticiero\/wp-json\/wp\/v2\/users\/1"}],"replies":[{"embeddable":true,"href":"https:\/\/aeronoticias.com.pe\/noticiero\/wp-json\/wp\/v2\/comments?post=8658"}],"version-history":[{"count":0,"href":"https:\/\/aeronoticias.com.pe\/noticiero\/wp-json\/wp\/v2\/posts\/8658\/revisions"}],"wp:attachment":[{"href":"https:\/\/aeronoticias.com.pe\/noticiero\/wp-json\/wp\/v2\/media?parent=8658"}],"wp:term":[{"taxonomy":"category","embeddable":true,"href":"https:\/\/aeronoticias.com.pe\/noticiero\/wp-json\/wp\/v2\/categories?post=8658"},{"taxonomy":"post_tag","embeddable":true,"href":"https:\/\/aeronoticias.com.pe\/noticiero\/wp-json\/wp\/v2\/tags?post=8658"}],"curies":[{"name":"wp","href":"https:\/\/api.w.org\/{rel}","templated":true}]}}