{"id":8659,"date":"2010-02-04T14:24:46","date_gmt":"2010-02-04T14:24:46","guid":{"rendered":"http:\/\/desarrollo.mcvicious.com\/aero2020\/2010\/02\/04\/fmi-la-crisis-en-espana-es-muy-fuerte-y-se-tendra-que-hacer-un-esfuerzo-considerable\/"},"modified":"2010-02-04T14:24:46","modified_gmt":"2010-02-04T14:24:46","slug":"fmi-la-crisis-en-espana-es-muy-fuerte-y-se-tendra-que-hacer-un-esfuerzo-considerable","status":"publish","type":"post","link":"https:\/\/aeronoticias.com.pe\/noticiero\/economia\/fmi-la-crisis-en-espana-es-muy-fuerte-y-se-tendra-que-hacer-un-esfuerzo-considerable\/","title":{"rendered":"FMI: la crisis en Espa\u00f1a &#8216;es muy fuerte&#8217; y se tendr\u00e1 que hacer un esfuerzo considerable"},"content":{"rendered":"<div style=\"text-align: justify\">Seg\u00fan afirm\u00f3 Dominique Strauss-Kahn, director gerente del Fondo Monetario Internacional, consider\u00f3 que la crisis econ\u00f3mica en Espa\u00f1a es \u00abmuy fuerte\u00bb, y advirti\u00f3 que los espa\u00f1oles deber\u00e1n hacer un \u00abesfuerzo considerable\u00bb.<\/div>\n<div style=\"text-align: justify\"><\/div>\n<div style=\"text-align: justify\">\u00abLa crisis en Espa\u00f1a es muy fuerte, especialmente tras la situaci\u00f3n del mercado inmobiliario, no muy alejada de lo que pas\u00f3 en EEUU, por lo que los espa\u00f1oles deber\u00e1n hacer un esfuerzo, un esfuerzo considerable\u00bb, afirm\u00f3 Strauss-Kahn en una entrevista concedida a la cadena de radio francesa RTL.<\/div>\n<div style=\"text-align: justify\">\n<div style=\"text-align: center\"><img decoding=\"async\" src=\"images\/stories\/10\/02\/040210\/crisis.jpg\" border=\"0\" alt=\"FMI: la crisis en Espa\u00f1a 'es muy fuerte' y se tendr\u00e1 que hacer un esfuerzo considerable\" title=\"FMI: la crisis en Espa\u00f1a 'es muy fuerte' y se tendr\u00e1 que hacer un esfuerzo considerable\" \/><\/div>\n<\/div>\n<div style=\"text-align: justify\">Adem\u00e1s, se refiri\u00f3 a la propuesta de reforma del sistema de pensiones planteada por el Gobierno espa\u00f1ol, que incluye retrasar la edad de jubilaci\u00f3n oficial hasta los 67 a\u00f1os. Para el director gerente del FMI, este tipo de medidas dependen en gran parte de las naciones as\u00ed como de los compromisos pol\u00edticos adquiridos, por lo que asegur\u00f3 que \u00aben otros pa\u00edses se aplicar\u00e1n mecanismos diferentes\u00bb, tras recordar que \u00abno se saldr\u00e1 de la crisis a costo cero\u00bb.<\/div>\n<div style=\"text-align: justify\"><\/div>\n<div style=\"text-align: justify\">Strauss-Kahn se\u00f1al\u00f3, sin embargo, que la sostenibilidad de las pensiones no reside tanto en la edad legal de jubilaci\u00f3n como en la edad real de retiro, \u00ablo que pesa sobre los sistemas de pensiones es la edad en que uno empieza a retirarse de verdad\u00bb, dijo.<\/div>\n<div style=\"text-align: justify\"><\/div>\n<div style=\"text-align: justify\"><strong>Aeronoticias <\/strong>considera que es necesario tomar muy enserio las declaraciones de Strauss-Kahn ya que Espa\u00f1a es uno de los pa\u00edses m\u00e1s golpeados de Europa por la corriente crisis econ\u00f3mica, y pese a que se dijo que la econom\u00eda ven\u00eda mejorando, el director gerente del FMI neg\u00f3 que la crisis global haya terminado, y consider\u00f3 que el crecimiento que se advierte en algunos pa\u00edses es \u00abextremadamente d\u00e9bil\u00bb. Seg\u00fan Strauss-Kahn, \u00ablas cosas, especialmente en Europa, aunque tambi\u00e9n en EEUU, todav\u00eda no van muy bien\u00bb, y advirti\u00f3 que \u00abexiste una importante brecha entre el momento en el que regresa el crecimiento y su impacto en el empleo\u00bb.<\/div>\n<div style=\"text-align: justify\"><\/div>\n<div style=\"text-align: justify\">Por eso pugn\u00f3 por mantener los est\u00edmulos p\u00fablicos en la econom\u00eda, ya que la mayor parte del nuevo crecimiento observado est\u00e1 respaldado por la demanda del sector p\u00fablico, mientras que la demanda privada es todav\u00eda muy baja.<\/div>\n<div style=\"text-align: justify\"><\/div>\n","protected":false},"excerpt":{"rendered":"<p>Seg\u00fan afirm\u00f3 Dominique Strauss-Kahn, director gerente del Fondo Monetario Internacional, consider\u00f3 que la crisis econ\u00f3mica en Espa\u00f1a es \u00abmuy fuerte\u00bb, y advirti\u00f3 que los espa\u00f1oles deber\u00e1n hacer un \u00abesfuerzo considerable\u00bb. \u00abLa crisis en Espa\u00f1a es muy fuerte, especialmente tras la situaci\u00f3n del mercado inmobiliario, no muy alejada de lo que pas\u00f3 en EEUU, por lo [&hellip;]<\/p>\n","protected":false},"author":1,"featured_media":0,"comment_status":"open","ping_status":"open","sticky":false,"template":"","format":"standard","meta":{"tdm_status":"","tdm_grid_status":"","footnotes":""},"categories":[33],"tags":[],"class_list":{"0":"post-8659","1":"post","2":"type-post","3":"status-publish","4":"format-standard","6":"category-economia"},"yoast_head":"<!-- This site is optimized with the Yoast SEO plugin v25.1 - https:\/\/yoast.com\/wordpress\/plugins\/seo\/ -->\n<title>FMI: la crisis en Espa\u00f1a &#039;es muy fuerte&#039; y se tendr\u00e1 que hacer un esfuerzo considerable<\/title>\n<meta name=\"description\" content=\"Portal de noticias del Per\u00fa sobre el transporte a\u00e9reo, aviaci\u00f3n, turismo, hoteleria, actualidad.\" \/>\n<meta name=\"robots\" content=\"index, follow, max-snippet:-1, max-image-preview:large, max-video-preview:-1\" \/>\n<link rel=\"canonical\" href=\"https:\/\/aeronoticias.com.pe\/noticiero\/economia\/fmi-la-crisis-en-espana-es-muy-fuerte-y-se-tendra-que-hacer-un-esfuerzo-considerable\/\" \/>\n<meta property=\"og:locale\" content=\"es_ES\" \/>\n<meta property=\"og:type\" content=\"article\" \/>\n<meta property=\"og:title\" content=\"FMI: la crisis en Espa\u00f1a &#039;es muy fuerte&#039; y se tendr\u00e1 que hacer un esfuerzo considerable\" \/>\n<meta property=\"og:description\" content=\"Portal de noticias del Per\u00fa sobre el transporte a\u00e9reo, aviaci\u00f3n, turismo, hoteleria, actualidad.\" \/>\n<meta property=\"og:url\" content=\"https:\/\/aeronoticias.com.pe\/noticiero\/economia\/fmi-la-crisis-en-espana-es-muy-fuerte-y-se-tendra-que-hacer-un-esfuerzo-considerable\/\" \/>\n<meta property=\"og:site_name\" content=\"Aeronoticias.com.pe\" \/>\n<meta property=\"article:publisher\" content=\"https:\/\/www.facebook.com\/Aeronoticias.com.pe\/\" \/>\n<meta property=\"article:published_time\" content=\"2010-02-04T14:24:46+00:00\" \/>\n<meta name=\"author\" content=\"Redacci\u00f3n Aeronoticias\" \/>\n<meta name=\"twitter:card\" content=\"summary_large_image\" \/>\n<meta name=\"twitter:creator\" content=\"@aeronoticias\" \/>\n<meta name=\"twitter:site\" content=\"@aeronoticias\" \/>\n<meta name=\"twitter:label1\" content=\"Escrito por\" \/>\n\t<meta name=\"twitter:data1\" content=\"Redacci\u00f3n Aeronoticias\" \/>\n\t<meta name=\"twitter:label2\" content=\"Tiempo de lectura\" \/>\n\t<meta name=\"twitter:data2\" content=\"2 minutos\" \/>\n<script type=\"application\/ld+json\" class=\"yoast-schema-graph\">{\"@context\":\"https:\/\/schema.org\",\"@graph\":[{\"@type\":\"WebPage\",\"@id\":\"https:\/\/aeronoticias.com.pe\/noticiero\/economia\/fmi-la-crisis-en-espana-es-muy-fuerte-y-se-tendra-que-hacer-un-esfuerzo-considerable\/\",\"url\":\"https:\/\/aeronoticias.com.pe\/noticiero\/economia\/fmi-la-crisis-en-espana-es-muy-fuerte-y-se-tendra-que-hacer-un-esfuerzo-considerable\/\",\"name\":\"FMI: la crisis en Espa\u00f1a 'es muy fuerte' y se tendr\u00e1 que hacer un esfuerzo considerable\",\"isPartOf\":{\"@id\":\"https:\/\/aeronoticias.com.pe\/noticiero\/#website\"},\"datePublished\":\"2010-02-04T14:24:46+00:00\",\"author\":{\"@id\":\"https:\/\/aeronoticias.com.pe\/noticiero\/#\/schema\/person\/fc1e5d578f4b62ba1cf7ac2bba1170a0\"},\"description\":\"Portal de noticias del Per\u00fa sobre el transporte a\u00e9reo, aviaci\u00f3n, turismo, hoteleria, actualidad.\",\"breadcrumb\":{\"@id\":\"https:\/\/aeronoticias.com.pe\/noticiero\/economia\/fmi-la-crisis-en-espana-es-muy-fuerte-y-se-tendra-que-hacer-un-esfuerzo-considerable\/#breadcrumb\"},\"inLanguage\":\"es\",\"potentialAction\":[{\"@type\":\"ReadAction\",\"target\":[\"https:\/\/aeronoticias.com.pe\/noticiero\/economia\/fmi-la-crisis-en-espana-es-muy-fuerte-y-se-tendra-que-hacer-un-esfuerzo-considerable\/\"]}]},{\"@type\":\"BreadcrumbList\",\"@id\":\"https:\/\/aeronoticias.com.pe\/noticiero\/economia\/fmi-la-crisis-en-espana-es-muy-fuerte-y-se-tendra-que-hacer-un-esfuerzo-considerable\/#breadcrumb\",\"itemListElement\":[{\"@type\":\"ListItem\",\"position\":1,\"name\":\"Portada\",\"item\":\"https:\/\/aeronoticias.com.pe\/noticiero\/\"},{\"@type\":\"ListItem\",\"position\":2,\"name\":\"FMI: la crisis en Espa\u00f1a &#8216;es muy fuerte&#8217; y se tendr\u00e1 que hacer un esfuerzo considerable\"}]},{\"@type\":\"WebSite\",\"@id\":\"https:\/\/aeronoticias.com.pe\/noticiero\/#website\",\"url\":\"https:\/\/aeronoticias.com.pe\/noticiero\/\",\"name\":\"Aeronoticias.com.pe\",\"description\":\"Noticias de tranporte aereo, turismo, hoteles, gastronomia, actualidad, internacional\",\"potentialAction\":[{\"@type\":\"SearchAction\",\"target\":{\"@type\":\"EntryPoint\",\"urlTemplate\":\"https:\/\/aeronoticias.com.pe\/noticiero\/?s={search_term_string}\"},\"query-input\":{\"@type\":\"PropertyValueSpecification\",\"valueRequired\":true,\"valueName\":\"search_term_string\"}}],\"inLanguage\":\"es\"},{\"@type\":\"Person\",\"@id\":\"https:\/\/aeronoticias.com.pe\/noticiero\/#\/schema\/person\/fc1e5d578f4b62ba1cf7ac2bba1170a0\",\"name\":\"Redacci\u00f3n Aeronoticias\",\"url\":\"https:\/\/aeronoticias.com.pe\/noticiero\/author\/piloto\/\"}]}<\/script>\n<!-- \/ Yoast SEO plugin. -->","yoast_head_json":{"title":"FMI: la crisis en Espa\u00f1a 'es muy fuerte' y se tendr\u00e1 que hacer un esfuerzo considerable","description":"Portal de noticias del Per\u00fa sobre el transporte a\u00e9reo, aviaci\u00f3n, turismo, hoteleria, actualidad.","robots":{"index":"index","follow":"follow","max-snippet":"max-snippet:-1","max-image-preview":"max-image-preview:large","max-video-preview":"max-video-preview:-1"},"canonical":"https:\/\/aeronoticias.com.pe\/noticiero\/economia\/fmi-la-crisis-en-espana-es-muy-fuerte-y-se-tendra-que-hacer-un-esfuerzo-considerable\/","og_locale":"es_ES","og_type":"article","og_title":"FMI: la crisis en Espa\u00f1a 'es muy fuerte' y se tendr\u00e1 que hacer un esfuerzo considerable","og_description":"Portal de noticias del Per\u00fa sobre el transporte a\u00e9reo, aviaci\u00f3n, turismo, hoteleria, actualidad.","og_url":"https:\/\/aeronoticias.com.pe\/noticiero\/economia\/fmi-la-crisis-en-espana-es-muy-fuerte-y-se-tendra-que-hacer-un-esfuerzo-considerable\/","og_site_name":"Aeronoticias.com.pe","article_publisher":"https:\/\/www.facebook.com\/Aeronoticias.com.pe\/","article_published_time":"2010-02-04T14:24:46+00:00","author":"Redacci\u00f3n Aeronoticias","twitter_card":"summary_large_image","twitter_creator":"@aeronoticias","twitter_site":"@aeronoticias","twitter_misc":{"Escrito por":"Redacci\u00f3n Aeronoticias","Tiempo de lectura":"2 minutos"},"schema":{"@context":"https:\/\/schema.org","@graph":[{"@type":"WebPage","@id":"https:\/\/aeronoticias.com.pe\/noticiero\/economia\/fmi-la-crisis-en-espana-es-muy-fuerte-y-se-tendra-que-hacer-un-esfuerzo-considerable\/","url":"https:\/\/aeronoticias.com.pe\/noticiero\/economia\/fmi-la-crisis-en-espana-es-muy-fuerte-y-se-tendra-que-hacer-un-esfuerzo-considerable\/","name":"FMI: la crisis en Espa\u00f1a 'es muy fuerte' y se tendr\u00e1 que hacer un esfuerzo considerable","isPartOf":{"@id":"https:\/\/aeronoticias.com.pe\/noticiero\/#website"},"datePublished":"2010-02-04T14:24:46+00:00","author":{"@id":"https:\/\/aeronoticias.com.pe\/noticiero\/#\/schema\/person\/fc1e5d578f4b62ba1cf7ac2bba1170a0"},"description":"Portal de noticias del Per\u00fa sobre el transporte a\u00e9reo, aviaci\u00f3n, turismo, hoteleria, actualidad.","breadcrumb":{"@id":"https:\/\/aeronoticias.com.pe\/noticiero\/economia\/fmi-la-crisis-en-espana-es-muy-fuerte-y-se-tendra-que-hacer-un-esfuerzo-considerable\/#breadcrumb"},"inLanguage":"es","potentialAction":[{"@type":"ReadAction","target":["https:\/\/aeronoticias.com.pe\/noticiero\/economia\/fmi-la-crisis-en-espana-es-muy-fuerte-y-se-tendra-que-hacer-un-esfuerzo-considerable\/"]}]},{"@type":"BreadcrumbList","@id":"https:\/\/aeronoticias.com.pe\/noticiero\/economia\/fmi-la-crisis-en-espana-es-muy-fuerte-y-se-tendra-que-hacer-un-esfuerzo-considerable\/#breadcrumb","itemListElement":[{"@type":"ListItem","position":1,"name":"Portada","item":"https:\/\/aeronoticias.com.pe\/noticiero\/"},{"@type":"ListItem","position":2,"name":"FMI: la crisis en Espa\u00f1a &#8216;es muy fuerte&#8217; y se tendr\u00e1 que hacer un esfuerzo considerable"}]},{"@type":"WebSite","@id":"https:\/\/aeronoticias.com.pe\/noticiero\/#website","url":"https:\/\/aeronoticias.com.pe\/noticiero\/","name":"Aeronoticias.com.pe","description":"Noticias de tranporte aereo, turismo, hoteles, gastronomia, actualidad, internacional","potentialAction":[{"@type":"SearchAction","target":{"@type":"EntryPoint","urlTemplate":"https:\/\/aeronoticias.com.pe\/noticiero\/?s={search_term_string}"},"query-input":{"@type":"PropertyValueSpecification","valueRequired":true,"valueName":"search_term_string"}}],"inLanguage":"es"},{"@type":"Person","@id":"https:\/\/aeronoticias.com.pe\/noticiero\/#\/schema\/person\/fc1e5d578f4b62ba1cf7ac2bba1170a0","name":"Redacci\u00f3n Aeronoticias","url":"https:\/\/aeronoticias.com.pe\/noticiero\/author\/piloto\/"}]}},"_links":{"self":[{"href":"https:\/\/aeronoticias.com.pe\/noticiero\/wp-json\/wp\/v2\/posts\/8659","targetHints":{"allow":["GET"]}}],"collection":[{"href":"https:\/\/aeronoticias.com.pe\/noticiero\/wp-json\/wp\/v2\/posts"}],"about":[{"href":"https:\/\/aeronoticias.com.pe\/noticiero\/wp-json\/wp\/v2\/types\/post"}],"author":[{"embeddable":true,"href":"https:\/\/aeronoticias.com.pe\/noticiero\/wp-json\/wp\/v2\/users\/1"}],"replies":[{"embeddable":true,"href":"https:\/\/aeronoticias.com.pe\/noticiero\/wp-json\/wp\/v2\/comments?post=8659"}],"version-history":[{"count":0,"href":"https:\/\/aeronoticias.com.pe\/noticiero\/wp-json\/wp\/v2\/posts\/8659\/revisions"}],"wp:attachment":[{"href":"https:\/\/aeronoticias.com.pe\/noticiero\/wp-json\/wp\/v2\/media?parent=8659"}],"wp:term":[{"taxonomy":"category","embeddable":true,"href":"https:\/\/aeronoticias.com.pe\/noticiero\/wp-json\/wp\/v2\/categories?post=8659"},{"taxonomy":"post_tag","embeddable":true,"href":"https:\/\/aeronoticias.com.pe\/noticiero\/wp-json\/wp\/v2\/tags?post=8659"}],"curies":[{"name":"wp","href":"https:\/\/api.w.org\/{rel}","templated":true}]}}