{"id":8660,"date":"2010-02-04T14:29:00","date_gmt":"2010-02-04T14:29:00","guid":{"rendered":"http:\/\/desarrollo.mcvicious.com\/aero2020\/2010\/02\/04\/la-otan-y-afganistan-preparan-la-mayor-ofensiva-contra-los-talibanes-desde-que-comenzo-la-guerra\/"},"modified":"2010-02-04T14:29:00","modified_gmt":"2010-02-04T14:29:00","slug":"la-otan-y-afganistan-preparan-la-mayor-ofensiva-contra-los-talibanes-desde-que-comenzo-la-guerra","status":"publish","type":"post","link":"https:\/\/aeronoticias.com.pe\/noticiero\/internacionales\/la-otan-y-afganistan-preparan-la-mayor-ofensiva-contra-los-talibanes-desde-que-comenzo-la-guerra\/","title":{"rendered":"La OTAN y Afganist\u00e1n preparan la mayor ofensiva contra los talibanes desde que comenz\u00f3 la guerra"},"content":{"rendered":"<div style=\"text-align: justify\">Miembros del Ministerio de Defensa afgano y de las fuerzas de la OTAN informaron de que miles de tropas estaban preparando un ataque que tendr\u00eda lugar en \u00abun futuro muy cercano\u00bb. Si bien no se di\u00f3 el lugar, todo hace suponer que ocurrir\u00e1 en la ciudad de Marja, convertida en los \u00faltimos meses en un basti\u00f3n de los taliban.<\/div>\n<div style=\"text-align: justify\"><\/div>\n<div style=\"text-align: justify\">Seg\u00fan publica el diario El Mundo, la difusi\u00f3n deliberada de esta posible ofensiva, con conferencia de prensa, comunicados y declaraciones p\u00fablicas, no es una opci\u00f3n muy usual entre los militares, aunque parece que todo apunta a una estrategia para que los talibanes queden advertidos y evacuen a los civiles de la zona, con lo que habr\u00eda menos v\u00edctimas.<\/div>\n<div style=\"text-align: justify\">\n<div style=\"text-align: center\"><img decoding=\"async\" src=\"images\/stories\/10\/02\/040210\/nato.jpg\" border=\"0\" alt=\"La OTAN y Afganist\u00e1n preparan la mayor ofensiva contra los talibanes desde que comenz\u00f3 la guerra\" title=\"La OTAN y Afganist\u00e1n preparan la mayor ofensiva contra los talibanes desde que comenz\u00f3 la guerra\" \/><\/div>\n<\/div>\n<div style=\"text-align: justify\">Sin embargo, anunciar a bombo y platillo una ofensiva tambi\u00e9n da la posibilidad a los talibanes para que huyan del lugar y se reagrupen en otras zonas, tal y como ocurri\u00f3 en Irak en el a\u00f1o 2004 con el asalto de los marines estadounidenses en Faluya.<\/div>\n<div style=\"text-align: justify\"><\/div>\n<div style=\"text-align: justify\">La operaci\u00f3n prevista en Marja tambi\u00e9n fue confirmada por el Pent\u00e1gono que, en rueda de prensa, devel\u00f3 hasta su nombre: Operaci\u00f3n Moshtarak -Operaci\u00f3n Conjunta-.<\/div>\n<div style=\"text-align: justify\"><\/div>\n<div style=\"text-align: justify\">Marja se convirti\u00f3 en los \u00faltimos meses en un basti\u00f3n talib\u00e1n, bajo su absoluto control y en donde se calcula que podr\u00eda haber hasta 1.000 talibanes escondidos.<\/div>\n<div style=\"text-align: justify\"><\/div>\n<div style=\"text-align: justify\"><strong>Aeronoticias <\/strong>considera resaltante que el general Zahir Azimi, portavoz del Ministerio afgano de Defensa, asegur\u00f3 en la rueda de prensa que en la operaci\u00f3n esta previsto participe \u00abun millar de polic\u00edas afganos, miles de soldados del Ej\u00e9rcito Nacional y miles de tropas de la ISAF\u00bb.<\/div>\n<div style=\"text-align: justify\"><\/div>\n<div style=\"text-align: justify\">Desde el verano, las fuerzas internacionales encabezadas por la infanter\u00eda de marina de los EEUU fueron ganando posiciones en el valle del r\u00edo Helmand, y en diciembre en su Operaci\u00f3n Cobra obligaron a los insurgentes talibanes de la ciudad de Now Zad a abandonar la zona, dejando Marja como la \u00faltima ciudad bajo control talib\u00e1n.<\/div>\n<div style=\"text-align: justify\"><\/div>\n","protected":false},"excerpt":{"rendered":"<p>Miembros del Ministerio de Defensa afgano y de las fuerzas de la OTAN informaron de que miles de tropas estaban preparando un ataque que tendr\u00eda lugar en \u00abun futuro muy cercano\u00bb. Si bien no se di\u00f3 el lugar, todo hace suponer que ocurrir\u00e1 en la ciudad de Marja, convertida en los \u00faltimos meses en un [&hellip;]<\/p>\n","protected":false},"author":1,"featured_media":0,"comment_status":"open","ping_status":"open","sticky":false,"template":"","format":"standard","meta":{"tdm_status":"","tdm_grid_status":"","footnotes":""},"categories":[34],"tags":[],"class_list":{"0":"post-8660","1":"post","2":"type-post","3":"status-publish","4":"format-standard","6":"category-internacionales"},"yoast_head":"<!-- This site is optimized with the Yoast SEO plugin v25.1 - https:\/\/yoast.com\/wordpress\/plugins\/seo\/ -->\n<title>La OTAN y Afganist\u00e1n preparan la mayor ofensiva contra los talibanes desde que comenz\u00f3 la guerra<\/title>\n<meta name=\"description\" content=\"Portal de noticias del Per\u00fa sobre el transporte a\u00e9reo, aviaci\u00f3n, turismo, hoteleria, actualidad.\" \/>\n<meta name=\"robots\" content=\"index, follow, max-snippet:-1, max-image-preview:large, max-video-preview:-1\" \/>\n<link rel=\"canonical\" href=\"https:\/\/aeronoticias.com.pe\/noticiero\/internacionales\/la-otan-y-afganistan-preparan-la-mayor-ofensiva-contra-los-talibanes-desde-que-comenzo-la-guerra\/\" \/>\n<meta property=\"og:locale\" content=\"es_ES\" \/>\n<meta property=\"og:type\" content=\"article\" \/>\n<meta property=\"og:title\" content=\"La OTAN y Afganist\u00e1n preparan la mayor ofensiva contra los talibanes desde que comenz\u00f3 la guerra\" \/>\n<meta property=\"og:description\" content=\"Portal de noticias del Per\u00fa sobre el transporte a\u00e9reo, aviaci\u00f3n, turismo, hoteleria, actualidad.\" \/>\n<meta property=\"og:url\" content=\"https:\/\/aeronoticias.com.pe\/noticiero\/internacionales\/la-otan-y-afganistan-preparan-la-mayor-ofensiva-contra-los-talibanes-desde-que-comenzo-la-guerra\/\" \/>\n<meta property=\"og:site_name\" content=\"Aeronoticias.com.pe\" \/>\n<meta property=\"article:publisher\" content=\"https:\/\/www.facebook.com\/Aeronoticias.com.pe\/\" \/>\n<meta property=\"article:published_time\" content=\"2010-02-04T14:29:00+00:00\" \/>\n<meta name=\"author\" content=\"Redacci\u00f3n Aeronoticias\" \/>\n<meta name=\"twitter:card\" content=\"summary_large_image\" \/>\n<meta name=\"twitter:creator\" content=\"@aeronoticias\" \/>\n<meta name=\"twitter:site\" content=\"@aeronoticias\" \/>\n<meta name=\"twitter:label1\" content=\"Escrito por\" \/>\n\t<meta name=\"twitter:data1\" content=\"Redacci\u00f3n Aeronoticias\" \/>\n\t<meta name=\"twitter:label2\" content=\"Tiempo de lectura\" \/>\n\t<meta name=\"twitter:data2\" content=\"2 minutos\" \/>\n<script type=\"application\/ld+json\" class=\"yoast-schema-graph\">{\"@context\":\"https:\/\/schema.org\",\"@graph\":[{\"@type\":\"WebPage\",\"@id\":\"https:\/\/aeronoticias.com.pe\/noticiero\/internacionales\/la-otan-y-afganistan-preparan-la-mayor-ofensiva-contra-los-talibanes-desde-que-comenzo-la-guerra\/\",\"url\":\"https:\/\/aeronoticias.com.pe\/noticiero\/internacionales\/la-otan-y-afganistan-preparan-la-mayor-ofensiva-contra-los-talibanes-desde-que-comenzo-la-guerra\/\",\"name\":\"La OTAN y Afganist\u00e1n preparan la mayor ofensiva contra los talibanes desde que comenz\u00f3 la guerra\",\"isPartOf\":{\"@id\":\"https:\/\/aeronoticias.com.pe\/noticiero\/#website\"},\"datePublished\":\"2010-02-04T14:29:00+00:00\",\"author\":{\"@id\":\"https:\/\/aeronoticias.com.pe\/noticiero\/#\/schema\/person\/fc1e5d578f4b62ba1cf7ac2bba1170a0\"},\"description\":\"Portal de noticias del Per\u00fa sobre el transporte a\u00e9reo, aviaci\u00f3n, turismo, hoteleria, actualidad.\",\"breadcrumb\":{\"@id\":\"https:\/\/aeronoticias.com.pe\/noticiero\/internacionales\/la-otan-y-afganistan-preparan-la-mayor-ofensiva-contra-los-talibanes-desde-que-comenzo-la-guerra\/#breadcrumb\"},\"inLanguage\":\"es\",\"potentialAction\":[{\"@type\":\"ReadAction\",\"target\":[\"https:\/\/aeronoticias.com.pe\/noticiero\/internacionales\/la-otan-y-afganistan-preparan-la-mayor-ofensiva-contra-los-talibanes-desde-que-comenzo-la-guerra\/\"]}]},{\"@type\":\"BreadcrumbList\",\"@id\":\"https:\/\/aeronoticias.com.pe\/noticiero\/internacionales\/la-otan-y-afganistan-preparan-la-mayor-ofensiva-contra-los-talibanes-desde-que-comenzo-la-guerra\/#breadcrumb\",\"itemListElement\":[{\"@type\":\"ListItem\",\"position\":1,\"name\":\"Portada\",\"item\":\"https:\/\/aeronoticias.com.pe\/noticiero\/\"},{\"@type\":\"ListItem\",\"position\":2,\"name\":\"La OTAN y Afganist\u00e1n preparan la mayor ofensiva contra los talibanes desde que comenz\u00f3 la guerra\"}]},{\"@type\":\"WebSite\",\"@id\":\"https:\/\/aeronoticias.com.pe\/noticiero\/#website\",\"url\":\"https:\/\/aeronoticias.com.pe\/noticiero\/\",\"name\":\"Aeronoticias.com.pe\",\"description\":\"Noticias de tranporte aereo, turismo, hoteles, gastronomia, actualidad, internacional\",\"potentialAction\":[{\"@type\":\"SearchAction\",\"target\":{\"@type\":\"EntryPoint\",\"urlTemplate\":\"https:\/\/aeronoticias.com.pe\/noticiero\/?s={search_term_string}\"},\"query-input\":{\"@type\":\"PropertyValueSpecification\",\"valueRequired\":true,\"valueName\":\"search_term_string\"}}],\"inLanguage\":\"es\"},{\"@type\":\"Person\",\"@id\":\"https:\/\/aeronoticias.com.pe\/noticiero\/#\/schema\/person\/fc1e5d578f4b62ba1cf7ac2bba1170a0\",\"name\":\"Redacci\u00f3n Aeronoticias\",\"url\":\"https:\/\/aeronoticias.com.pe\/noticiero\/author\/piloto\/\"}]}<\/script>\n<!-- \/ Yoast SEO plugin. -->","yoast_head_json":{"title":"La OTAN y Afganist\u00e1n preparan la mayor ofensiva contra los talibanes desde que comenz\u00f3 la guerra","description":"Portal de noticias del Per\u00fa sobre el transporte a\u00e9reo, aviaci\u00f3n, turismo, hoteleria, actualidad.","robots":{"index":"index","follow":"follow","max-snippet":"max-snippet:-1","max-image-preview":"max-image-preview:large","max-video-preview":"max-video-preview:-1"},"canonical":"https:\/\/aeronoticias.com.pe\/noticiero\/internacionales\/la-otan-y-afganistan-preparan-la-mayor-ofensiva-contra-los-talibanes-desde-que-comenzo-la-guerra\/","og_locale":"es_ES","og_type":"article","og_title":"La OTAN y Afganist\u00e1n preparan la mayor ofensiva contra los talibanes desde que comenz\u00f3 la guerra","og_description":"Portal de noticias del Per\u00fa sobre el transporte a\u00e9reo, aviaci\u00f3n, turismo, hoteleria, actualidad.","og_url":"https:\/\/aeronoticias.com.pe\/noticiero\/internacionales\/la-otan-y-afganistan-preparan-la-mayor-ofensiva-contra-los-talibanes-desde-que-comenzo-la-guerra\/","og_site_name":"Aeronoticias.com.pe","article_publisher":"https:\/\/www.facebook.com\/Aeronoticias.com.pe\/","article_published_time":"2010-02-04T14:29:00+00:00","author":"Redacci\u00f3n Aeronoticias","twitter_card":"summary_large_image","twitter_creator":"@aeronoticias","twitter_site":"@aeronoticias","twitter_misc":{"Escrito por":"Redacci\u00f3n Aeronoticias","Tiempo de lectura":"2 minutos"},"schema":{"@context":"https:\/\/schema.org","@graph":[{"@type":"WebPage","@id":"https:\/\/aeronoticias.com.pe\/noticiero\/internacionales\/la-otan-y-afganistan-preparan-la-mayor-ofensiva-contra-los-talibanes-desde-que-comenzo-la-guerra\/","url":"https:\/\/aeronoticias.com.pe\/noticiero\/internacionales\/la-otan-y-afganistan-preparan-la-mayor-ofensiva-contra-los-talibanes-desde-que-comenzo-la-guerra\/","name":"La OTAN y Afganist\u00e1n preparan la mayor ofensiva contra los talibanes desde que comenz\u00f3 la guerra","isPartOf":{"@id":"https:\/\/aeronoticias.com.pe\/noticiero\/#website"},"datePublished":"2010-02-04T14:29:00+00:00","author":{"@id":"https:\/\/aeronoticias.com.pe\/noticiero\/#\/schema\/person\/fc1e5d578f4b62ba1cf7ac2bba1170a0"},"description":"Portal de noticias del Per\u00fa sobre el transporte a\u00e9reo, aviaci\u00f3n, turismo, hoteleria, actualidad.","breadcrumb":{"@id":"https:\/\/aeronoticias.com.pe\/noticiero\/internacionales\/la-otan-y-afganistan-preparan-la-mayor-ofensiva-contra-los-talibanes-desde-que-comenzo-la-guerra\/#breadcrumb"},"inLanguage":"es","potentialAction":[{"@type":"ReadAction","target":["https:\/\/aeronoticias.com.pe\/noticiero\/internacionales\/la-otan-y-afganistan-preparan-la-mayor-ofensiva-contra-los-talibanes-desde-que-comenzo-la-guerra\/"]}]},{"@type":"BreadcrumbList","@id":"https:\/\/aeronoticias.com.pe\/noticiero\/internacionales\/la-otan-y-afganistan-preparan-la-mayor-ofensiva-contra-los-talibanes-desde-que-comenzo-la-guerra\/#breadcrumb","itemListElement":[{"@type":"ListItem","position":1,"name":"Portada","item":"https:\/\/aeronoticias.com.pe\/noticiero\/"},{"@type":"ListItem","position":2,"name":"La OTAN y Afganist\u00e1n preparan la mayor ofensiva contra los talibanes desde que comenz\u00f3 la guerra"}]},{"@type":"WebSite","@id":"https:\/\/aeronoticias.com.pe\/noticiero\/#website","url":"https:\/\/aeronoticias.com.pe\/noticiero\/","name":"Aeronoticias.com.pe","description":"Noticias de tranporte aereo, turismo, hoteles, gastronomia, actualidad, internacional","potentialAction":[{"@type":"SearchAction","target":{"@type":"EntryPoint","urlTemplate":"https:\/\/aeronoticias.com.pe\/noticiero\/?s={search_term_string}"},"query-input":{"@type":"PropertyValueSpecification","valueRequired":true,"valueName":"search_term_string"}}],"inLanguage":"es"},{"@type":"Person","@id":"https:\/\/aeronoticias.com.pe\/noticiero\/#\/schema\/person\/fc1e5d578f4b62ba1cf7ac2bba1170a0","name":"Redacci\u00f3n Aeronoticias","url":"https:\/\/aeronoticias.com.pe\/noticiero\/author\/piloto\/"}]}},"_links":{"self":[{"href":"https:\/\/aeronoticias.com.pe\/noticiero\/wp-json\/wp\/v2\/posts\/8660","targetHints":{"allow":["GET"]}}],"collection":[{"href":"https:\/\/aeronoticias.com.pe\/noticiero\/wp-json\/wp\/v2\/posts"}],"about":[{"href":"https:\/\/aeronoticias.com.pe\/noticiero\/wp-json\/wp\/v2\/types\/post"}],"author":[{"embeddable":true,"href":"https:\/\/aeronoticias.com.pe\/noticiero\/wp-json\/wp\/v2\/users\/1"}],"replies":[{"embeddable":true,"href":"https:\/\/aeronoticias.com.pe\/noticiero\/wp-json\/wp\/v2\/comments?post=8660"}],"version-history":[{"count":0,"href":"https:\/\/aeronoticias.com.pe\/noticiero\/wp-json\/wp\/v2\/posts\/8660\/revisions"}],"wp:attachment":[{"href":"https:\/\/aeronoticias.com.pe\/noticiero\/wp-json\/wp\/v2\/media?parent=8660"}],"wp:term":[{"taxonomy":"category","embeddable":true,"href":"https:\/\/aeronoticias.com.pe\/noticiero\/wp-json\/wp\/v2\/categories?post=8660"},{"taxonomy":"post_tag","embeddable":true,"href":"https:\/\/aeronoticias.com.pe\/noticiero\/wp-json\/wp\/v2\/tags?post=8660"}],"curies":[{"name":"wp","href":"https:\/\/api.w.org\/{rel}","templated":true}]}}