{"id":8661,"date":"2010-02-04T14:38:02","date_gmt":"2010-02-04T14:38:02","guid":{"rendered":"http:\/\/desarrollo.mcvicious.com\/aero2020\/2010\/02\/04\/gobiernos-brasilero-y-argentino-apoyan-al-peru-para-reanimar-turismo-en-el-cusco\/"},"modified":"2010-02-04T14:38:02","modified_gmt":"2010-02-04T14:38:02","slug":"gobiernos-brasilero-y-argentino-apoyan-al-peru-para-reanimar-turismo-en-el-cusco","status":"publish","type":"post","link":"https:\/\/aeronoticias.com.pe\/noticiero\/turismo\/13\/gobiernos-brasilero-y-argentino-apoyan-al-peru-para-reanimar-turismo-en-el-cusco\/","title":{"rendered":"Gobiernos Brasilero y Argentino apoyan al Per\u00fa para reanimar turismo en el Cusco"},"content":{"rendered":"<div style=\"text-align: justify\">Los embajadores de Brasil y Argentina, Jorge Taunai y Dario Alessandro, respectivamente, se comprometieron a cooperar con el Per\u00fa para reanimar el turismo hacia Machu Picchu (Cusco), tras la emergencia registrada en esa zona por las lluvias, en un contexto en el que reafirmaron su posici\u00f3n de que Machu Picchu ser\u00e1 siempre patrimonio cultural de la humanidad y uno de los principales destinos tur\u00edsticos en Latinoam\u00e9rica.<\/div>\n<div style=\"text-align: justify\"><\/div>\n<div style=\"text-align: justify\">Los diplom\u00e1ticos reafirmaron su posici\u00f3n de que Machu Picchu ser\u00e1 siempre patrimonio cultural de la humanidad y uno de los principales destinos tur\u00edsticos en Latinoam\u00e9rica, adem\u00e1s el embajador Alessandro sostuvo que superada la emergencia, los dem\u00e1s pa\u00edses de la regi\u00f3n deben preservar la riqueza cultural del continente, ya que Machu Picchu \u00abno es solo de los peruanos, es de todos\u00bb.<\/div>\n<div style=\"text-align: justify\">\n<div style=\"text-align: center\"><img decoding=\"async\" src=\"images\/stories\/10\/02\/040210\/machupicchu.jpg\" border=\"0\" alt=\"Gobiernos Brasilero y Argentino apoyan al Per\u00fa para reanimar turismo en el Cusco\" title=\"Gobiernos Brasilero y Argentino apoyan al Per\u00fa para reanimar turismo en el Cusco\" \/><\/div>\n<\/div>\n<div style=\"text-align: justify\">Destac\u00f3 el trabajo realizado por el Estado peruano al rescatar a casi cuatro mil turistas de Machu Picchu Pueblo (Aguas Calientes) en tres d\u00edas y bajo condiciones muy adversas, tanto por el clima, como por la estrechez de la zona a\u00e9rea. Dijo que la experiencia en Cusco, solo se vive \u00aben tiempos de guerra, pero en tiempo de paz\u00bb, y el Per\u00fa puso superar los obst\u00e1culos.<\/div>\n<div style=\"text-align: justify\"><\/div>\n<div style=\"text-align: justify\">Por su parte, el embajador brasile\u00f1o Taunai destac\u00f3 tambi\u00e9n la labor de las autoridades peruanas, tanto del gobierno central como el regional en el rescate y seguridad de cientos de personas. \u00abEs verdad que se preserv\u00f3 el nombre tur\u00edstico de Machu Picchu. Dentro de unos meses, cuando un turista piense en regresar, recordar\u00e1 este problema metereol\u00f3gico -que pasa en cualquier parte del mundo- pero tambi\u00e9n recodar\u00e1 que Per\u00fa garantiz\u00f3 la seguridad de todos los turistas\u00bb, afirm\u00f3.\u00a0Agradeci\u00f3 al gobierno peruano por \u00abun trabajo impresionante\u00bb del rescate de cuatro mil personas que \u00abentrar\u00e1 en los anales de los rescates de la humanidad\u00bb.\u00a0<\/div>\n<div style=\"text-align: justify\">\u00a0<\/div>\n<div style=\"text-align: justify\"><strong>Aeronoticias<\/strong> considera que esta iniciativa y puesta en acci\u00f3n son positivas en un contexto en el que se tiene que volver a impulsar al turismo, principal industria sostenedora de la econom\u00eda de Cusco, en un contexto en el que se ha visto mermada por los \u00faltimos acontecimientos en la zona.\u00a0<\/div>\n<div style=\"text-align: justify\"><\/div>\n<div style=\"text-align: justify\">El ministro de Comercio Exterior y Turismo, Mart\u00edn P\u00e9rez, coincidi\u00f3 con el titular de Defensa, Rafael Rey, para que las Fuerzas Armadas lideren un nuevo plan de defensa civil en la zona.\u00a0Manifest\u00f3 que esta organizaci\u00f3n depende de muchos factores, orden, seguridad, conocimiento de log\u00edstica, y estas facultades la tienen las FFAA.<\/div>\n<div style=\"text-align: justify\"><\/div>\n","protected":false},"excerpt":{"rendered":"<p>Los embajadores de Brasil y Argentina, Jorge Taunai y Dario Alessandro, respectivamente, se comprometieron a cooperar con el Per\u00fa para reanimar el turismo hacia Machu Picchu (Cusco), tras la emergencia registrada en esa zona por las lluvias, en un contexto en el que reafirmaron su posici\u00f3n de que Machu Picchu ser\u00e1 siempre patrimonio cultural de [&hellip;]<\/p>\n","protected":false},"author":1,"featured_media":0,"comment_status":"open","ping_status":"open","sticky":false,"template":"","format":"standard","meta":{"tdm_status":"","tdm_grid_status":"","footnotes":""},"categories":[31],"tags":[],"class_list":{"0":"post-8661","1":"post","2":"type-post","3":"status-publish","4":"format-standard","6":"category-31"},"yoast_head":"<!-- This site is optimized with the Yoast SEO plugin v25.1 - https:\/\/yoast.com\/wordpress\/plugins\/seo\/ -->\n<title>Gobiernos Brasilero y Argentino apoyan al Per\u00fa para reanimar turismo en el Cusco<\/title>\n<meta name=\"description\" content=\"Portal de noticias del Per\u00fa sobre el transporte a\u00e9reo, aviaci\u00f3n, turismo, hoteleria, actualidad.\" \/>\n<meta name=\"robots\" content=\"index, follow, max-snippet:-1, max-image-preview:large, max-video-preview:-1\" \/>\n<link rel=\"canonical\" href=\"https:\/\/aeronoticias.com.pe\/noticiero\/turismo\/13\/gobiernos-brasilero-y-argentino-apoyan-al-peru-para-reanimar-turismo-en-el-cusco\/\" \/>\n<meta property=\"og:locale\" content=\"es_ES\" \/>\n<meta property=\"og:type\" content=\"article\" \/>\n<meta property=\"og:title\" content=\"Gobiernos Brasilero y Argentino apoyan al Per\u00fa para reanimar turismo en el Cusco\" \/>\n<meta property=\"og:description\" content=\"Portal de noticias del Per\u00fa sobre el transporte a\u00e9reo, aviaci\u00f3n, turismo, hoteleria, actualidad.\" \/>\n<meta property=\"og:url\" content=\"https:\/\/aeronoticias.com.pe\/noticiero\/turismo\/13\/gobiernos-brasilero-y-argentino-apoyan-al-peru-para-reanimar-turismo-en-el-cusco\/\" \/>\n<meta property=\"og:site_name\" content=\"Aeronoticias.com.pe\" \/>\n<meta property=\"article:publisher\" content=\"https:\/\/www.facebook.com\/Aeronoticias.com.pe\/\" \/>\n<meta property=\"article:published_time\" content=\"2010-02-04T14:38:02+00:00\" \/>\n<meta name=\"author\" content=\"Redacci\u00f3n Aeronoticias\" \/>\n<meta name=\"twitter:card\" content=\"summary_large_image\" \/>\n<meta name=\"twitter:creator\" content=\"@aeronoticias\" \/>\n<meta name=\"twitter:site\" content=\"@aeronoticias\" \/>\n<meta name=\"twitter:label1\" content=\"Escrito por\" \/>\n\t<meta name=\"twitter:data1\" content=\"Redacci\u00f3n Aeronoticias\" \/>\n\t<meta name=\"twitter:label2\" content=\"Tiempo de lectura\" \/>\n\t<meta name=\"twitter:data2\" content=\"2 minutos\" \/>\n<script type=\"application\/ld+json\" class=\"yoast-schema-graph\">{\"@context\":\"https:\/\/schema.org\",\"@graph\":[{\"@type\":\"WebPage\",\"@id\":\"https:\/\/aeronoticias.com.pe\/noticiero\/turismo\/13\/gobiernos-brasilero-y-argentino-apoyan-al-peru-para-reanimar-turismo-en-el-cusco\/\",\"url\":\"https:\/\/aeronoticias.com.pe\/noticiero\/turismo\/13\/gobiernos-brasilero-y-argentino-apoyan-al-peru-para-reanimar-turismo-en-el-cusco\/\",\"name\":\"Gobiernos Brasilero y Argentino apoyan al Per\u00fa para reanimar turismo en el Cusco\",\"isPartOf\":{\"@id\":\"https:\/\/aeronoticias.com.pe\/noticiero\/#website\"},\"datePublished\":\"2010-02-04T14:38:02+00:00\",\"author\":{\"@id\":\"https:\/\/aeronoticias.com.pe\/noticiero\/#\/schema\/person\/fc1e5d578f4b62ba1cf7ac2bba1170a0\"},\"description\":\"Portal de noticias del Per\u00fa sobre el transporte a\u00e9reo, aviaci\u00f3n, turismo, hoteleria, actualidad.\",\"breadcrumb\":{\"@id\":\"https:\/\/aeronoticias.com.pe\/noticiero\/turismo\/13\/gobiernos-brasilero-y-argentino-apoyan-al-peru-para-reanimar-turismo-en-el-cusco\/#breadcrumb\"},\"inLanguage\":\"es\",\"potentialAction\":[{\"@type\":\"ReadAction\",\"target\":[\"https:\/\/aeronoticias.com.pe\/noticiero\/turismo\/13\/gobiernos-brasilero-y-argentino-apoyan-al-peru-para-reanimar-turismo-en-el-cusco\/\"]}]},{\"@type\":\"BreadcrumbList\",\"@id\":\"https:\/\/aeronoticias.com.pe\/noticiero\/turismo\/13\/gobiernos-brasilero-y-argentino-apoyan-al-peru-para-reanimar-turismo-en-el-cusco\/#breadcrumb\",\"itemListElement\":[{\"@type\":\"ListItem\",\"position\":1,\"name\":\"Portada\",\"item\":\"https:\/\/aeronoticias.com.pe\/noticiero\/\"},{\"@type\":\"ListItem\",\"position\":2,\"name\":\"Gobiernos Brasilero y Argentino apoyan al Per\u00fa para reanimar turismo en el Cusco\"}]},{\"@type\":\"WebSite\",\"@id\":\"https:\/\/aeronoticias.com.pe\/noticiero\/#website\",\"url\":\"https:\/\/aeronoticias.com.pe\/noticiero\/\",\"name\":\"Aeronoticias.com.pe\",\"description\":\"Noticias de tranporte aereo, turismo, hoteles, gastronomia, actualidad, internacional\",\"potentialAction\":[{\"@type\":\"SearchAction\",\"target\":{\"@type\":\"EntryPoint\",\"urlTemplate\":\"https:\/\/aeronoticias.com.pe\/noticiero\/?s={search_term_string}\"},\"query-input\":{\"@type\":\"PropertyValueSpecification\",\"valueRequired\":true,\"valueName\":\"search_term_string\"}}],\"inLanguage\":\"es\"},{\"@type\":\"Person\",\"@id\":\"https:\/\/aeronoticias.com.pe\/noticiero\/#\/schema\/person\/fc1e5d578f4b62ba1cf7ac2bba1170a0\",\"name\":\"Redacci\u00f3n Aeronoticias\",\"url\":\"https:\/\/aeronoticias.com.pe\/noticiero\/author\/piloto\/\"}]}<\/script>\n<!-- \/ Yoast SEO plugin. -->","yoast_head_json":{"title":"Gobiernos Brasilero y Argentino apoyan al Per\u00fa para reanimar turismo en el Cusco","description":"Portal de noticias del Per\u00fa sobre el transporte a\u00e9reo, aviaci\u00f3n, turismo, hoteleria, actualidad.","robots":{"index":"index","follow":"follow","max-snippet":"max-snippet:-1","max-image-preview":"max-image-preview:large","max-video-preview":"max-video-preview:-1"},"canonical":"https:\/\/aeronoticias.com.pe\/noticiero\/turismo\/13\/gobiernos-brasilero-y-argentino-apoyan-al-peru-para-reanimar-turismo-en-el-cusco\/","og_locale":"es_ES","og_type":"article","og_title":"Gobiernos Brasilero y Argentino apoyan al Per\u00fa para reanimar turismo en el Cusco","og_description":"Portal de noticias del Per\u00fa sobre el transporte a\u00e9reo, aviaci\u00f3n, turismo, hoteleria, actualidad.","og_url":"https:\/\/aeronoticias.com.pe\/noticiero\/turismo\/13\/gobiernos-brasilero-y-argentino-apoyan-al-peru-para-reanimar-turismo-en-el-cusco\/","og_site_name":"Aeronoticias.com.pe","article_publisher":"https:\/\/www.facebook.com\/Aeronoticias.com.pe\/","article_published_time":"2010-02-04T14:38:02+00:00","author":"Redacci\u00f3n Aeronoticias","twitter_card":"summary_large_image","twitter_creator":"@aeronoticias","twitter_site":"@aeronoticias","twitter_misc":{"Escrito por":"Redacci\u00f3n Aeronoticias","Tiempo de lectura":"2 minutos"},"schema":{"@context":"https:\/\/schema.org","@graph":[{"@type":"WebPage","@id":"https:\/\/aeronoticias.com.pe\/noticiero\/turismo\/13\/gobiernos-brasilero-y-argentino-apoyan-al-peru-para-reanimar-turismo-en-el-cusco\/","url":"https:\/\/aeronoticias.com.pe\/noticiero\/turismo\/13\/gobiernos-brasilero-y-argentino-apoyan-al-peru-para-reanimar-turismo-en-el-cusco\/","name":"Gobiernos Brasilero y Argentino apoyan al Per\u00fa para reanimar turismo en el Cusco","isPartOf":{"@id":"https:\/\/aeronoticias.com.pe\/noticiero\/#website"},"datePublished":"2010-02-04T14:38:02+00:00","author":{"@id":"https:\/\/aeronoticias.com.pe\/noticiero\/#\/schema\/person\/fc1e5d578f4b62ba1cf7ac2bba1170a0"},"description":"Portal de noticias del Per\u00fa sobre el transporte a\u00e9reo, aviaci\u00f3n, turismo, hoteleria, actualidad.","breadcrumb":{"@id":"https:\/\/aeronoticias.com.pe\/noticiero\/turismo\/13\/gobiernos-brasilero-y-argentino-apoyan-al-peru-para-reanimar-turismo-en-el-cusco\/#breadcrumb"},"inLanguage":"es","potentialAction":[{"@type":"ReadAction","target":["https:\/\/aeronoticias.com.pe\/noticiero\/turismo\/13\/gobiernos-brasilero-y-argentino-apoyan-al-peru-para-reanimar-turismo-en-el-cusco\/"]}]},{"@type":"BreadcrumbList","@id":"https:\/\/aeronoticias.com.pe\/noticiero\/turismo\/13\/gobiernos-brasilero-y-argentino-apoyan-al-peru-para-reanimar-turismo-en-el-cusco\/#breadcrumb","itemListElement":[{"@type":"ListItem","position":1,"name":"Portada","item":"https:\/\/aeronoticias.com.pe\/noticiero\/"},{"@type":"ListItem","position":2,"name":"Gobiernos Brasilero y Argentino apoyan al Per\u00fa para reanimar turismo en el Cusco"}]},{"@type":"WebSite","@id":"https:\/\/aeronoticias.com.pe\/noticiero\/#website","url":"https:\/\/aeronoticias.com.pe\/noticiero\/","name":"Aeronoticias.com.pe","description":"Noticias de tranporte aereo, turismo, hoteles, gastronomia, actualidad, internacional","potentialAction":[{"@type":"SearchAction","target":{"@type":"EntryPoint","urlTemplate":"https:\/\/aeronoticias.com.pe\/noticiero\/?s={search_term_string}"},"query-input":{"@type":"PropertyValueSpecification","valueRequired":true,"valueName":"search_term_string"}}],"inLanguage":"es"},{"@type":"Person","@id":"https:\/\/aeronoticias.com.pe\/noticiero\/#\/schema\/person\/fc1e5d578f4b62ba1cf7ac2bba1170a0","name":"Redacci\u00f3n Aeronoticias","url":"https:\/\/aeronoticias.com.pe\/noticiero\/author\/piloto\/"}]}},"_links":{"self":[{"href":"https:\/\/aeronoticias.com.pe\/noticiero\/wp-json\/wp\/v2\/posts\/8661","targetHints":{"allow":["GET"]}}],"collection":[{"href":"https:\/\/aeronoticias.com.pe\/noticiero\/wp-json\/wp\/v2\/posts"}],"about":[{"href":"https:\/\/aeronoticias.com.pe\/noticiero\/wp-json\/wp\/v2\/types\/post"}],"author":[{"embeddable":true,"href":"https:\/\/aeronoticias.com.pe\/noticiero\/wp-json\/wp\/v2\/users\/1"}],"replies":[{"embeddable":true,"href":"https:\/\/aeronoticias.com.pe\/noticiero\/wp-json\/wp\/v2\/comments?post=8661"}],"version-history":[{"count":0,"href":"https:\/\/aeronoticias.com.pe\/noticiero\/wp-json\/wp\/v2\/posts\/8661\/revisions"}],"wp:attachment":[{"href":"https:\/\/aeronoticias.com.pe\/noticiero\/wp-json\/wp\/v2\/media?parent=8661"}],"wp:term":[{"taxonomy":"category","embeddable":true,"href":"https:\/\/aeronoticias.com.pe\/noticiero\/wp-json\/wp\/v2\/categories?post=8661"},{"taxonomy":"post_tag","embeddable":true,"href":"https:\/\/aeronoticias.com.pe\/noticiero\/wp-json\/wp\/v2\/tags?post=8661"}],"curies":[{"name":"wp","href":"https:\/\/api.w.org\/{rel}","templated":true}]}}