{"id":86735,"date":"2023-10-11T11:22:13","date_gmt":"2023-10-11T16:22:13","guid":{"rendered":"https:\/\/aeronoticias.com.pe\/noticiero\/?p=86735"},"modified":"2023-10-11T11:22:17","modified_gmt":"2023-10-11T16:22:17","slug":"camionetas-con-traccion-4x4-economicas","status":"publish","type":"post","link":"https:\/\/aeronoticias.com.pe\/noticiero\/economia\/camionetas-con-traccion-4x4-economicas\/","title":{"rendered":"Camionetas con tracci\u00f3n 4&#215;4 econ\u00f3micas"},"content":{"rendered":"\n<p><strong>(Aeronoticias)<\/strong>: Algunas de las camionetas nuevas m\u00e1s econ\u00f3micas y con tracci\u00f3n 4&#215;4 en Per\u00fa son:<\/p>\n\n\n\n<figure class=\"wp-block-image size-large\"><img loading=\"lazy\" decoding=\"async\" width=\"1024\" height=\"576\" src=\"https:\/\/aeronoticias.com.pe\/noticiero\/wp-content\/uploads\/2023\/10\/suzuki-jimny-1024x576.jpg\" alt=\"\" class=\"wp-image-86736\" srcset=\"https:\/\/aeronoticias.com.pe\/noticiero\/wp-content\/uploads\/2023\/10\/suzuki-jimny-1024x576.jpg 1024w, https:\/\/aeronoticias.com.pe\/noticiero\/wp-content\/uploads\/2023\/10\/suzuki-jimny-300x169.jpg 300w, https:\/\/aeronoticias.com.pe\/noticiero\/wp-content\/uploads\/2023\/10\/suzuki-jimny-768x432.jpg 768w, https:\/\/aeronoticias.com.pe\/noticiero\/wp-content\/uploads\/2023\/10\/suzuki-jimny-1536x864.jpg 1536w, https:\/\/aeronoticias.com.pe\/noticiero\/wp-content\/uploads\/2023\/10\/suzuki-jimny-150x84.jpg 150w, https:\/\/aeronoticias.com.pe\/noticiero\/wp-content\/uploads\/2023\/10\/suzuki-jimny-696x392.jpg 696w, https:\/\/aeronoticias.com.pe\/noticiero\/wp-content\/uploads\/2023\/10\/suzuki-jimny-1068x601.jpg 1068w, https:\/\/aeronoticias.com.pe\/noticiero\/wp-content\/uploads\/2023\/10\/suzuki-jimny.jpg 1920w\" sizes=\"auto, (max-width: 1024px) 100vw, 1024px\" \/><\/figure>\n\n\n\n<ol class=\"wp-block-list\"><li>Suzuki Jimny: Este modelo cuenta con un motor de 1.5 litros y tracci\u00f3n 4&#215;4. Es una opci\u00f3n compacta y vers\u00e1til, ideal para aventuras off-road. El precio aproximado es de S\/ 68,900.<\/li><li>Toyota Hilux Workmate: Esta camioneta cuenta con un motor de 2.4 litros y tracci\u00f3n 4&#215;4. Es conocida por su durabilidad y capacidad de carga. El precio aproximado es de S\/ 83,990.<\/li><\/ol>\n\n\n\n<figure class=\"wp-block-image size-large\"><img loading=\"lazy\" decoding=\"async\" width=\"907\" height=\"510\" src=\"https:\/\/aeronoticias.com.pe\/noticiero\/wp-content\/uploads\/2023\/10\/111.png\" alt=\"\" class=\"wp-image-86737\" srcset=\"https:\/\/aeronoticias.com.pe\/noticiero\/wp-content\/uploads\/2023\/10\/111.png 907w, https:\/\/aeronoticias.com.pe\/noticiero\/wp-content\/uploads\/2023\/10\/111-300x169.png 300w, https:\/\/aeronoticias.com.pe\/noticiero\/wp-content\/uploads\/2023\/10\/111-768x432.png 768w, https:\/\/aeronoticias.com.pe\/noticiero\/wp-content\/uploads\/2023\/10\/111-150x84.png 150w, https:\/\/aeronoticias.com.pe\/noticiero\/wp-content\/uploads\/2023\/10\/111-696x391.png 696w\" sizes=\"auto, (max-width: 907px) 100vw, 907px\" \/><\/figure>\n\n\n\n<figure class=\"wp-block-image size-large\"><img loading=\"lazy\" decoding=\"async\" width=\"800\" height=\"600\" src=\"https:\/\/aeronoticias.com.pe\/noticiero\/wp-content\/uploads\/2023\/10\/chew.jpg\" alt=\"\" class=\"wp-image-86738\" srcset=\"https:\/\/aeronoticias.com.pe\/noticiero\/wp-content\/uploads\/2023\/10\/chew.jpg 800w, https:\/\/aeronoticias.com.pe\/noticiero\/wp-content\/uploads\/2023\/10\/chew-300x225.jpg 300w, https:\/\/aeronoticias.com.pe\/noticiero\/wp-content\/uploads\/2023\/10\/chew-768x576.jpg 768w, https:\/\/aeronoticias.com.pe\/noticiero\/wp-content\/uploads\/2023\/10\/chew-150x113.jpg 150w, https:\/\/aeronoticias.com.pe\/noticiero\/wp-content\/uploads\/2023\/10\/chew-696x522.jpg 696w, https:\/\/aeronoticias.com.pe\/noticiero\/wp-content\/uploads\/2023\/10\/chew-265x198.jpg 265w\" sizes=\"auto, (max-width: 800px) 100vw, 800px\" \/><\/figure>\n\n\n\n<p>3. Chevrolet D-Max 4&#215;4: Esta camioneta cuenta con un motor de 3.0 litros y tracci\u00f3n 4&#215;4. Es una opci\u00f3n robusta y confiable. El precio aproximado es de S\/ 89,990.<\/p>\n\n\n\n<figure class=\"wp-block-image size-large\"><img loading=\"lazy\" decoding=\"async\" width=\"1024\" height=\"576\" src=\"https:\/\/aeronoticias.com.pe\/noticiero\/wp-content\/uploads\/2023\/10\/ddd-1024x576.jpg\" alt=\"\" class=\"wp-image-86739\" srcset=\"https:\/\/aeronoticias.com.pe\/noticiero\/wp-content\/uploads\/2023\/10\/ddd-1024x576.jpg 1024w, https:\/\/aeronoticias.com.pe\/noticiero\/wp-content\/uploads\/2023\/10\/ddd-300x169.jpg 300w, https:\/\/aeronoticias.com.pe\/noticiero\/wp-content\/uploads\/2023\/10\/ddd-768x432.jpg 768w, https:\/\/aeronoticias.com.pe\/noticiero\/wp-content\/uploads\/2023\/10\/ddd-1536x864.jpg 1536w, https:\/\/aeronoticias.com.pe\/noticiero\/wp-content\/uploads\/2023\/10\/ddd-150x84.jpg 150w, https:\/\/aeronoticias.com.pe\/noticiero\/wp-content\/uploads\/2023\/10\/ddd-696x391.jpg 696w, https:\/\/aeronoticias.com.pe\/noticiero\/wp-content\/uploads\/2023\/10\/ddd-1068x601.jpg 1068w, https:\/\/aeronoticias.com.pe\/noticiero\/wp-content\/uploads\/2023\/10\/ddd.jpg 1862w\" sizes=\"auto, (max-width: 1024px) 100vw, 1024px\" \/><\/figure>\n\n\n\n<p>4. Ford Ranger XL: Este modelo cuenta con un motor de 2.2 litros y tracci\u00f3n 4&#215;4. Es una camioneta espaciosa y apta para todo tipo de terrenos. El precio aproximado es de S\/ 94,990.<\/p>\n\n\n\n<p>Es importante mencionar que los precios pueden variar dependiendo de la versi\u00f3n, equipamiento y concesionario. Se recomienda consultar con los distribuidores autorizados para obtener informaci\u00f3n actualizada.<\/p>\n\n\n\n<p><strong>Fuente: Neoautos<\/strong><\/p>\n","protected":false},"excerpt":{"rendered":"<p>(Aeronoticias): Algunas de las camionetas nuevas m\u00e1s econ\u00f3micas y con tracci\u00f3n 4&#215;4 en Per\u00fa son: Suzuki Jimny: Este modelo cuenta con un motor de 1.5 litros y tracci\u00f3n 4&#215;4. Es una opci\u00f3n compacta y vers\u00e1til, ideal para aventuras off-road. El precio aproximado es de S\/ 68,900. Toyota Hilux Workmate: Esta camioneta cuenta con un motor [&hellip;]<\/p>\n","protected":false},"author":7,"featured_media":86771,"comment_status":"open","ping_status":"open","sticky":false,"template":"","format":"standard","meta":{"tdm_status":"","tdm_grid_status":"","footnotes":""},"categories":[33,28],"tags":[3919,179],"class_list":{"0":"post-86735","1":"post","2":"type-post","3":"status-publish","4":"format-standard","5":"has-post-thumbnail","7":"category-economia","8":"category-mundo","9":"tag-camionetas-4x4","10":"tag-peru-2"},"yoast_head":"<!-- This site is optimized with the Yoast SEO plugin v25.1 - https:\/\/yoast.com\/wordpress\/plugins\/seo\/ -->\n<title>Camionetas con tracci\u00f3n 4x4 econ\u00f3micas<\/title>\n<meta name=\"description\" content=\"Algunas de las camionetas nuevas m\u00e1s econ\u00f3micas y con tracci\u00f3n 4x4 en Per\u00fa son.\" \/>\n<meta name=\"robots\" content=\"index, follow, max-snippet:-1, max-image-preview:large, max-video-preview:-1\" \/>\n<link rel=\"canonical\" href=\"https:\/\/aeronoticias.com.pe\/noticiero\/economia\/camionetas-con-traccion-4x4-economicas\/\" \/>\n<meta property=\"og:locale\" content=\"es_ES\" \/>\n<meta property=\"og:type\" content=\"article\" \/>\n<meta property=\"og:title\" content=\"Camionetas con tracci\u00f3n 4x4 econ\u00f3micas\" \/>\n<meta property=\"og:description\" content=\"Algunas de las camionetas nuevas m\u00e1s econ\u00f3micas y con tracci\u00f3n 4x4 en Per\u00fa son.\" \/>\n<meta property=\"og:url\" content=\"https:\/\/aeronoticias.com.pe\/noticiero\/economia\/camionetas-con-traccion-4x4-economicas\/\" \/>\n<meta property=\"og:site_name\" content=\"Aeronoticias.com.pe\" \/>\n<meta property=\"article:publisher\" content=\"https:\/\/www.facebook.com\/Aeronoticias.com.pe\/\" \/>\n<meta property=\"article:published_time\" content=\"2023-10-11T16:22:13+00:00\" \/>\n<meta property=\"article:modified_time\" content=\"2023-10-11T16:22:17+00:00\" \/>\n<meta property=\"og:image\" content=\"https:\/\/aeronoticias.com.pe\/noticiero\/wp-content\/uploads\/2023\/10\/4-x-4.jpg\" \/>\n\t<meta property=\"og:image:width\" content=\"1024\" \/>\n\t<meta property=\"og:image:height\" content=\"576\" \/>\n\t<meta property=\"og:image:type\" content=\"image\/jpeg\" \/>\n<meta name=\"author\" content=\"sebastian\" \/>\n<meta name=\"twitter:card\" content=\"summary_large_image\" \/>\n<meta name=\"twitter:creator\" content=\"@aeronoticias\" \/>\n<meta name=\"twitter:site\" content=\"@aeronoticias\" \/>\n<meta name=\"twitter:label1\" content=\"Escrito por\" \/>\n\t<meta name=\"twitter:data1\" content=\"sebastian\" \/>\n\t<meta name=\"twitter:label2\" content=\"Tiempo de lectura\" \/>\n\t<meta name=\"twitter:data2\" content=\"1 minuto\" \/>\n<script type=\"application\/ld+json\" class=\"yoast-schema-graph\">{\"@context\":\"https:\/\/schema.org\",\"@graph\":[{\"@type\":\"WebPage\",\"@id\":\"https:\/\/aeronoticias.com.pe\/noticiero\/economia\/camionetas-con-traccion-4x4-economicas\/\",\"url\":\"https:\/\/aeronoticias.com.pe\/noticiero\/economia\/camionetas-con-traccion-4x4-economicas\/\",\"name\":\"Camionetas con tracci\u00f3n 4x4 econ\u00f3micas\",\"isPartOf\":{\"@id\":\"https:\/\/aeronoticias.com.pe\/noticiero\/#website\"},\"primaryImageOfPage\":{\"@id\":\"https:\/\/aeronoticias.com.pe\/noticiero\/economia\/camionetas-con-traccion-4x4-economicas\/#primaryimage\"},\"image\":{\"@id\":\"https:\/\/aeronoticias.com.pe\/noticiero\/economia\/camionetas-con-traccion-4x4-economicas\/#primaryimage\"},\"thumbnailUrl\":\"https:\/\/aeronoticias.com.pe\/noticiero\/wp-content\/uploads\/2023\/10\/4-x-4.jpg\",\"datePublished\":\"2023-10-11T16:22:13+00:00\",\"dateModified\":\"2023-10-11T16:22:17+00:00\",\"author\":{\"@id\":\"https:\/\/aeronoticias.com.pe\/noticiero\/#\/schema\/person\/45ec58b0c4aefb9b6ee48f40659be5a3\"},\"description\":\"Algunas de las camionetas nuevas m\u00e1s econ\u00f3micas y con tracci\u00f3n 4x4 en Per\u00fa son.\",\"breadcrumb\":{\"@id\":\"https:\/\/aeronoticias.com.pe\/noticiero\/economia\/camionetas-con-traccion-4x4-economicas\/#breadcrumb\"},\"inLanguage\":\"es\",\"potentialAction\":[{\"@type\":\"ReadAction\",\"target\":[\"https:\/\/aeronoticias.com.pe\/noticiero\/economia\/camionetas-con-traccion-4x4-economicas\/\"]}]},{\"@type\":\"ImageObject\",\"inLanguage\":\"es\",\"@id\":\"https:\/\/aeronoticias.com.pe\/noticiero\/economia\/camionetas-con-traccion-4x4-economicas\/#primaryimage\",\"url\":\"https:\/\/aeronoticias.com.pe\/noticiero\/wp-content\/uploads\/2023\/10\/4-x-4.jpg\",\"contentUrl\":\"https:\/\/aeronoticias.com.pe\/noticiero\/wp-content\/uploads\/2023\/10\/4-x-4.jpg\",\"width\":1024,\"height\":576},{\"@type\":\"BreadcrumbList\",\"@id\":\"https:\/\/aeronoticias.com.pe\/noticiero\/economia\/camionetas-con-traccion-4x4-economicas\/#breadcrumb\",\"itemListElement\":[{\"@type\":\"ListItem\",\"position\":1,\"name\":\"Portada\",\"item\":\"https:\/\/aeronoticias.com.pe\/noticiero\/\"},{\"@type\":\"ListItem\",\"position\":2,\"name\":\"Camionetas con tracci\u00f3n 4&#215;4 econ\u00f3micas\"}]},{\"@type\":\"WebSite\",\"@id\":\"https:\/\/aeronoticias.com.pe\/noticiero\/#website\",\"url\":\"https:\/\/aeronoticias.com.pe\/noticiero\/\",\"name\":\"Aeronoticias.com.pe\",\"description\":\"Noticias de tranporte aereo, turismo, hoteles, gastronomia, actualidad, internacional\",\"potentialAction\":[{\"@type\":\"SearchAction\",\"target\":{\"@type\":\"EntryPoint\",\"urlTemplate\":\"https:\/\/aeronoticias.com.pe\/noticiero\/?s={search_term_string}\"},\"query-input\":{\"@type\":\"PropertyValueSpecification\",\"valueRequired\":true,\"valueName\":\"search_term_string\"}}],\"inLanguage\":\"es\"},{\"@type\":\"Person\",\"@id\":\"https:\/\/aeronoticias.com.pe\/noticiero\/#\/schema\/person\/45ec58b0c4aefb9b6ee48f40659be5a3\",\"name\":\"sebastian\",\"url\":\"https:\/\/aeronoticias.com.pe\/noticiero\/author\/sebastian\/\"}]}<\/script>\n<!-- \/ Yoast SEO plugin. -->","yoast_head_json":{"title":"Camionetas con tracci\u00f3n 4x4 econ\u00f3micas","description":"Algunas de las camionetas nuevas m\u00e1s econ\u00f3micas y con tracci\u00f3n 4x4 en Per\u00fa son.","robots":{"index":"index","follow":"follow","max-snippet":"max-snippet:-1","max-image-preview":"max-image-preview:large","max-video-preview":"max-video-preview:-1"},"canonical":"https:\/\/aeronoticias.com.pe\/noticiero\/economia\/camionetas-con-traccion-4x4-economicas\/","og_locale":"es_ES","og_type":"article","og_title":"Camionetas con tracci\u00f3n 4x4 econ\u00f3micas","og_description":"Algunas de las camionetas nuevas m\u00e1s econ\u00f3micas y con tracci\u00f3n 4x4 en Per\u00fa son.","og_url":"https:\/\/aeronoticias.com.pe\/noticiero\/economia\/camionetas-con-traccion-4x4-economicas\/","og_site_name":"Aeronoticias.com.pe","article_publisher":"https:\/\/www.facebook.com\/Aeronoticias.com.pe\/","article_published_time":"2023-10-11T16:22:13+00:00","article_modified_time":"2023-10-11T16:22:17+00:00","og_image":[{"width":1024,"height":576,"url":"https:\/\/aeronoticias.com.pe\/noticiero\/wp-content\/uploads\/2023\/10\/4-x-4.jpg","type":"image\/jpeg"}],"author":"sebastian","twitter_card":"summary_large_image","twitter_creator":"@aeronoticias","twitter_site":"@aeronoticias","twitter_misc":{"Escrito por":"sebastian","Tiempo de lectura":"1 minuto"},"schema":{"@context":"https:\/\/schema.org","@graph":[{"@type":"WebPage","@id":"https:\/\/aeronoticias.com.pe\/noticiero\/economia\/camionetas-con-traccion-4x4-economicas\/","url":"https:\/\/aeronoticias.com.pe\/noticiero\/economia\/camionetas-con-traccion-4x4-economicas\/","name":"Camionetas con tracci\u00f3n 4x4 econ\u00f3micas","isPartOf":{"@id":"https:\/\/aeronoticias.com.pe\/noticiero\/#website"},"primaryImageOfPage":{"@id":"https:\/\/aeronoticias.com.pe\/noticiero\/economia\/camionetas-con-traccion-4x4-economicas\/#primaryimage"},"image":{"@id":"https:\/\/aeronoticias.com.pe\/noticiero\/economia\/camionetas-con-traccion-4x4-economicas\/#primaryimage"},"thumbnailUrl":"https:\/\/aeronoticias.com.pe\/noticiero\/wp-content\/uploads\/2023\/10\/4-x-4.jpg","datePublished":"2023-10-11T16:22:13+00:00","dateModified":"2023-10-11T16:22:17+00:00","author":{"@id":"https:\/\/aeronoticias.com.pe\/noticiero\/#\/schema\/person\/45ec58b0c4aefb9b6ee48f40659be5a3"},"description":"Algunas de las camionetas nuevas m\u00e1s econ\u00f3micas y con tracci\u00f3n 4x4 en Per\u00fa son.","breadcrumb":{"@id":"https:\/\/aeronoticias.com.pe\/noticiero\/economia\/camionetas-con-traccion-4x4-economicas\/#breadcrumb"},"inLanguage":"es","potentialAction":[{"@type":"ReadAction","target":["https:\/\/aeronoticias.com.pe\/noticiero\/economia\/camionetas-con-traccion-4x4-economicas\/"]}]},{"@type":"ImageObject","inLanguage":"es","@id":"https:\/\/aeronoticias.com.pe\/noticiero\/economia\/camionetas-con-traccion-4x4-economicas\/#primaryimage","url":"https:\/\/aeronoticias.com.pe\/noticiero\/wp-content\/uploads\/2023\/10\/4-x-4.jpg","contentUrl":"https:\/\/aeronoticias.com.pe\/noticiero\/wp-content\/uploads\/2023\/10\/4-x-4.jpg","width":1024,"height":576},{"@type":"BreadcrumbList","@id":"https:\/\/aeronoticias.com.pe\/noticiero\/economia\/camionetas-con-traccion-4x4-economicas\/#breadcrumb","itemListElement":[{"@type":"ListItem","position":1,"name":"Portada","item":"https:\/\/aeronoticias.com.pe\/noticiero\/"},{"@type":"ListItem","position":2,"name":"Camionetas con tracci\u00f3n 4&#215;4 econ\u00f3micas"}]},{"@type":"WebSite","@id":"https:\/\/aeronoticias.com.pe\/noticiero\/#website","url":"https:\/\/aeronoticias.com.pe\/noticiero\/","name":"Aeronoticias.com.pe","description":"Noticias de tranporte aereo, turismo, hoteles, gastronomia, actualidad, internacional","potentialAction":[{"@type":"SearchAction","target":{"@type":"EntryPoint","urlTemplate":"https:\/\/aeronoticias.com.pe\/noticiero\/?s={search_term_string}"},"query-input":{"@type":"PropertyValueSpecification","valueRequired":true,"valueName":"search_term_string"}}],"inLanguage":"es"},{"@type":"Person","@id":"https:\/\/aeronoticias.com.pe\/noticiero\/#\/schema\/person\/45ec58b0c4aefb9b6ee48f40659be5a3","name":"sebastian","url":"https:\/\/aeronoticias.com.pe\/noticiero\/author\/sebastian\/"}]}},"_links":{"self":[{"href":"https:\/\/aeronoticias.com.pe\/noticiero\/wp-json\/wp\/v2\/posts\/86735","targetHints":{"allow":["GET"]}}],"collection":[{"href":"https:\/\/aeronoticias.com.pe\/noticiero\/wp-json\/wp\/v2\/posts"}],"about":[{"href":"https:\/\/aeronoticias.com.pe\/noticiero\/wp-json\/wp\/v2\/types\/post"}],"author":[{"embeddable":true,"href":"https:\/\/aeronoticias.com.pe\/noticiero\/wp-json\/wp\/v2\/users\/7"}],"replies":[{"embeddable":true,"href":"https:\/\/aeronoticias.com.pe\/noticiero\/wp-json\/wp\/v2\/comments?post=86735"}],"version-history":[{"count":0,"href":"https:\/\/aeronoticias.com.pe\/noticiero\/wp-json\/wp\/v2\/posts\/86735\/revisions"}],"wp:featuredmedia":[{"embeddable":true,"href":"https:\/\/aeronoticias.com.pe\/noticiero\/wp-json\/wp\/v2\/media\/86771"}],"wp:attachment":[{"href":"https:\/\/aeronoticias.com.pe\/noticiero\/wp-json\/wp\/v2\/media?parent=86735"}],"wp:term":[{"taxonomy":"category","embeddable":true,"href":"https:\/\/aeronoticias.com.pe\/noticiero\/wp-json\/wp\/v2\/categories?post=86735"},{"taxonomy":"post_tag","embeddable":true,"href":"https:\/\/aeronoticias.com.pe\/noticiero\/wp-json\/wp\/v2\/tags?post=86735"}],"curies":[{"name":"wp","href":"https:\/\/api.w.org\/{rel}","templated":true}]}}