{"id":86756,"date":"2023-10-11T12:15:27","date_gmt":"2023-10-11T17:15:27","guid":{"rendered":"https:\/\/aeronoticias.com.pe\/noticiero\/?p=86756"},"modified":"2023-10-11T12:15:31","modified_gmt":"2023-10-11T17:15:31","slug":"alerta-con-las-ojeras-en-tus-hijos-esto-podrian-tratar-de-decir-sobre-su-salud","status":"publish","type":"post","link":"https:\/\/aeronoticias.com.pe\/noticiero\/salud\/alerta-con-las-ojeras-en-tus-hijos-esto-podrian-tratar-de-decir-sobre-su-salud\/","title":{"rendered":"Alerta con las ojeras en tus hijos: Esto podr\u00edan tratar de decir sobre su salud"},"content":{"rendered":"\n<p><strong>(Aeronoticias):<\/strong> Las ojeras en los ni\u00f1os a menudo pueden ser una se\u00f1al de que algo no est\u00e1 del todo bien en su salud. Aunque las ojeras pueden ser causadas por varias razones, desde la falta de sue\u00f1o hasta factores hereditarios, es esencial prestar atenci\u00f3n a este s\u00edntoma y considerar lo que podr\u00eda estar tratando de comunicar sobre la salud de tus hijos. Aqu\u00ed te presentamos algunas posibles interpretaciones:<\/p>\n\n\n\n<p><strong>1. Falta de sue\u00f1o:<\/strong> La causa m\u00e1s com\u00fan de ojeras en ni\u00f1os es la falta de sue\u00f1o. Si tu hijo no est\u00e1 durmiendo lo suficiente, es natural que las ojeras aparezcan. Aseg\u00farate de que tenga un horario de sue\u00f1o adecuado.<\/p>\n\n\n\n<p><strong>2. Alergias:<\/strong> Las alergias pueden provocar ojeras, especialmente si tu hijo tiene alergias estacionales o alergias alimentarias no diagnosticadas. Consulta a un m\u00e9dico si sospechas que las alergias pueden ser la causa.<\/p>\n\n\n\n<p><strong>3. Estr\u00e9s o ansiedad:<\/strong> Aunque a menudo pensamos en el estr\u00e9s como un problema exclusivo de los adultos, los ni\u00f1os tambi\u00e9n pueden experimentarlo. Las preocupaciones escolares, problemas familiares u otras fuentes de estr\u00e9s pueden manifestarse en forma de ojeras.<\/p>\n\n\n\n<p><strong>4. Problemas de salud subyacentes:<\/strong> Las ojeras persistentes pueden indicar problemas m\u00e9dicos subyacentes, como anemia, problemas de tiroides, o infecciones. Consulta a un pediatra si las ojeras persisten o van acompa\u00f1adas de otros s\u00edntomas.<\/p>\n\n\n\n<p><strong>5. Fatiga visual:<\/strong> El exceso de tiempo frente a pantallas, como computadoras, tabletas o tel\u00e9fonos, puede forzar los ojos de los ni\u00f1os y dar lugar a ojeras.<\/p>\n\n\n\n<p><strong>6. Deshidrataci\u00f3n:<\/strong> La falta de hidrataci\u00f3n adecuada puede hacer que la piel se vuelva m\u00e1s fina y p\u00e1lida, lo que a su vez puede hacer que las ojeras sean m\u00e1s notables.<\/p>\n\n\n\n<p>Es importante recordar que las ojeras por s\u00ed solas no son un diagn\u00f3stico m\u00e9dico, pero pueden ser un indicador de que algo merece una mayor evaluaci\u00f3n. Si notas que las ojeras de tu hijo son persistentes, acompa\u00f1adas de otros s\u00edntomas preocupantes, o si tienes inquietudes sobre su salud en general, es fundamental consultar a un profesional de la salud para un diagn\u00f3stico y tratamiento adecuados.<\/p>\n\n\n\n<p>En cualquier caso, prestar atenci\u00f3n a las ojeras en tus hijos puede ayudarte a mantener un enfoque preventivo y proactivo en su salud, lo que es esencial para garantizar su bienestar a largo plazo.<\/p>\n\n\n\n<p><strong>Fuente: El Comercio.<\/strong><\/p>\n","protected":false},"excerpt":{"rendered":"<p>(Aeronoticias): Las ojeras en los ni\u00f1os a menudo pueden ser una se\u00f1al de que algo no est\u00e1 del todo bien en su salud. Aunque las ojeras pueden ser causadas por varias razones, desde la falta de sue\u00f1o hasta factores hereditarios, es esencial prestar atenci\u00f3n a este s\u00edntoma y considerar lo que podr\u00eda estar tratando de [&hellip;]<\/p>\n","protected":false},"author":7,"featured_media":86758,"comment_status":"open","ping_status":"open","sticky":false,"template":"","format":"standard","meta":{"tdm_status":"","tdm_grid_status":"","footnotes":""},"categories":[26,37],"tags":[3928,1287],"class_list":{"0":"post-86756","1":"post","2":"type-post","3":"status-publish","4":"format-standard","5":"has-post-thumbnail","7":"category-cultural","8":"category-salud","9":"tag-falta-de-sueno","10":"tag-salud"},"yoast_head":"<!-- This site is optimized with the Yoast SEO plugin v25.1 - https:\/\/yoast.com\/wordpress\/plugins\/seo\/ -->\n<title>Alerta con las ojeras en tus hijos: Esto podr\u00edan tratar de decir sobre su salud<\/title>\n<meta name=\"description\" content=\"Las ojeras en los ni\u00f1os a menudo pueden ser una se\u00f1al de que algo no est\u00e1 del todo bien en su salud. Aunque las ojeras pueden ser causadas por varias razones, desde la falta de sue\u00f1o hasta factores hereditarios, es esencial prestar atenci\u00f3n a este s\u00edntoma y considerar lo que podr\u00eda estar tratando de comunicar sobre la salud de tus hijos. Aqu\u00ed te presentamos algunas posibles interpretaciones:\" \/>\n<meta name=\"robots\" content=\"index, follow, max-snippet:-1, max-image-preview:large, max-video-preview:-1\" \/>\n<link rel=\"canonical\" href=\"https:\/\/aeronoticias.com.pe\/noticiero\/salud\/alerta-con-las-ojeras-en-tus-hijos-esto-podrian-tratar-de-decir-sobre-su-salud\/\" \/>\n<meta property=\"og:locale\" content=\"es_ES\" \/>\n<meta property=\"og:type\" content=\"article\" \/>\n<meta property=\"og:title\" content=\"Alerta con las ojeras en tus hijos: Esto podr\u00edan tratar de decir sobre su salud\" \/>\n<meta property=\"og:description\" content=\"Las ojeras en los ni\u00f1os a menudo pueden ser una se\u00f1al de que algo no est\u00e1 del todo bien en su salud. Aunque las ojeras pueden ser causadas por varias razones, desde la falta de sue\u00f1o hasta factores hereditarios, es esencial prestar atenci\u00f3n a este s\u00edntoma y considerar lo que podr\u00eda estar tratando de comunicar sobre la salud de tus hijos. Aqu\u00ed te presentamos algunas posibles interpretaciones:\" \/>\n<meta property=\"og:url\" content=\"https:\/\/aeronoticias.com.pe\/noticiero\/salud\/alerta-con-las-ojeras-en-tus-hijos-esto-podrian-tratar-de-decir-sobre-su-salud\/\" \/>\n<meta property=\"og:site_name\" content=\"Aeronoticias.com.pe\" \/>\n<meta property=\"article:publisher\" content=\"https:\/\/www.facebook.com\/Aeronoticias.com.pe\/\" \/>\n<meta property=\"article:published_time\" content=\"2023-10-11T17:15:27+00:00\" \/>\n<meta property=\"article:modified_time\" content=\"2023-10-11T17:15:31+00:00\" \/>\n<meta property=\"og:image\" content=\"https:\/\/aeronoticias.com.pe\/noticiero\/wp-content\/uploads\/2023\/10\/Captura-de-pantalla-2023-10-11-a-las-10.08.47-a.-m..png\" \/>\n\t<meta property=\"og:image:width\" content=\"1196\" \/>\n\t<meta property=\"og:image:height\" content=\"656\" \/>\n\t<meta property=\"og:image:type\" content=\"image\/png\" \/>\n<meta name=\"author\" content=\"sebastian\" \/>\n<meta name=\"twitter:card\" content=\"summary_large_image\" \/>\n<meta name=\"twitter:creator\" content=\"@aeronoticias\" \/>\n<meta name=\"twitter:site\" content=\"@aeronoticias\" \/>\n<meta name=\"twitter:label1\" content=\"Escrito por\" \/>\n\t<meta name=\"twitter:data1\" content=\"sebastian\" \/>\n\t<meta name=\"twitter:label2\" content=\"Tiempo de lectura\" \/>\n\t<meta name=\"twitter:data2\" content=\"2 minutos\" \/>\n<script type=\"application\/ld+json\" class=\"yoast-schema-graph\">{\"@context\":\"https:\/\/schema.org\",\"@graph\":[{\"@type\":\"WebPage\",\"@id\":\"https:\/\/aeronoticias.com.pe\/noticiero\/salud\/alerta-con-las-ojeras-en-tus-hijos-esto-podrian-tratar-de-decir-sobre-su-salud\/\",\"url\":\"https:\/\/aeronoticias.com.pe\/noticiero\/salud\/alerta-con-las-ojeras-en-tus-hijos-esto-podrian-tratar-de-decir-sobre-su-salud\/\",\"name\":\"Alerta con las ojeras en tus hijos: Esto podr\u00edan tratar de decir sobre su salud\",\"isPartOf\":{\"@id\":\"https:\/\/aeronoticias.com.pe\/noticiero\/#website\"},\"primaryImageOfPage\":{\"@id\":\"https:\/\/aeronoticias.com.pe\/noticiero\/salud\/alerta-con-las-ojeras-en-tus-hijos-esto-podrian-tratar-de-decir-sobre-su-salud\/#primaryimage\"},\"image\":{\"@id\":\"https:\/\/aeronoticias.com.pe\/noticiero\/salud\/alerta-con-las-ojeras-en-tus-hijos-esto-podrian-tratar-de-decir-sobre-su-salud\/#primaryimage\"},\"thumbnailUrl\":\"https:\/\/aeronoticias.com.pe\/noticiero\/wp-content\/uploads\/2023\/10\/Captura-de-pantalla-2023-10-11-a-las-10.08.47-a.-m..png\",\"datePublished\":\"2023-10-11T17:15:27+00:00\",\"dateModified\":\"2023-10-11T17:15:31+00:00\",\"author\":{\"@id\":\"https:\/\/aeronoticias.com.pe\/noticiero\/#\/schema\/person\/45ec58b0c4aefb9b6ee48f40659be5a3\"},\"description\":\"Las ojeras en los ni\u00f1os a menudo pueden ser una se\u00f1al de que algo no est\u00e1 del todo bien en su salud. Aunque las ojeras pueden ser causadas por varias razones, desde la falta de sue\u00f1o hasta factores hereditarios, es esencial prestar atenci\u00f3n a este s\u00edntoma y considerar lo que podr\u00eda estar tratando de comunicar sobre la salud de tus hijos. Aqu\u00ed te presentamos algunas posibles interpretaciones:\",\"breadcrumb\":{\"@id\":\"https:\/\/aeronoticias.com.pe\/noticiero\/salud\/alerta-con-las-ojeras-en-tus-hijos-esto-podrian-tratar-de-decir-sobre-su-salud\/#breadcrumb\"},\"inLanguage\":\"es\",\"potentialAction\":[{\"@type\":\"ReadAction\",\"target\":[\"https:\/\/aeronoticias.com.pe\/noticiero\/salud\/alerta-con-las-ojeras-en-tus-hijos-esto-podrian-tratar-de-decir-sobre-su-salud\/\"]}]},{\"@type\":\"ImageObject\",\"inLanguage\":\"es\",\"@id\":\"https:\/\/aeronoticias.com.pe\/noticiero\/salud\/alerta-con-las-ojeras-en-tus-hijos-esto-podrian-tratar-de-decir-sobre-su-salud\/#primaryimage\",\"url\":\"https:\/\/aeronoticias.com.pe\/noticiero\/wp-content\/uploads\/2023\/10\/Captura-de-pantalla-2023-10-11-a-las-10.08.47-a.-m..png\",\"contentUrl\":\"https:\/\/aeronoticias.com.pe\/noticiero\/wp-content\/uploads\/2023\/10\/Captura-de-pantalla-2023-10-11-a-las-10.08.47-a.-m..png\",\"width\":1196,\"height\":656},{\"@type\":\"BreadcrumbList\",\"@id\":\"https:\/\/aeronoticias.com.pe\/noticiero\/salud\/alerta-con-las-ojeras-en-tus-hijos-esto-podrian-tratar-de-decir-sobre-su-salud\/#breadcrumb\",\"itemListElement\":[{\"@type\":\"ListItem\",\"position\":1,\"name\":\"Portada\",\"item\":\"https:\/\/aeronoticias.com.pe\/noticiero\/\"},{\"@type\":\"ListItem\",\"position\":2,\"name\":\"Alerta con las ojeras en tus hijos: Esto podr\u00edan tratar de decir sobre su salud\"}]},{\"@type\":\"WebSite\",\"@id\":\"https:\/\/aeronoticias.com.pe\/noticiero\/#website\",\"url\":\"https:\/\/aeronoticias.com.pe\/noticiero\/\",\"name\":\"Aeronoticias.com.pe\",\"description\":\"Noticias de tranporte aereo, turismo, hoteles, gastronomia, actualidad, internacional\",\"potentialAction\":[{\"@type\":\"SearchAction\",\"target\":{\"@type\":\"EntryPoint\",\"urlTemplate\":\"https:\/\/aeronoticias.com.pe\/noticiero\/?s={search_term_string}\"},\"query-input\":{\"@type\":\"PropertyValueSpecification\",\"valueRequired\":true,\"valueName\":\"search_term_string\"}}],\"inLanguage\":\"es\"},{\"@type\":\"Person\",\"@id\":\"https:\/\/aeronoticias.com.pe\/noticiero\/#\/schema\/person\/45ec58b0c4aefb9b6ee48f40659be5a3\",\"name\":\"sebastian\",\"url\":\"https:\/\/aeronoticias.com.pe\/noticiero\/author\/sebastian\/\"}]}<\/script>\n<!-- \/ Yoast SEO plugin. -->","yoast_head_json":{"title":"Alerta con las ojeras en tus hijos: Esto podr\u00edan tratar de decir sobre su salud","description":"Las ojeras en los ni\u00f1os a menudo pueden ser una se\u00f1al de que algo no est\u00e1 del todo bien en su salud. Aunque las ojeras pueden ser causadas por varias razones, desde la falta de sue\u00f1o hasta factores hereditarios, es esencial prestar atenci\u00f3n a este s\u00edntoma y considerar lo que podr\u00eda estar tratando de comunicar sobre la salud de tus hijos. Aqu\u00ed te presentamos algunas posibles interpretaciones:","robots":{"index":"index","follow":"follow","max-snippet":"max-snippet:-1","max-image-preview":"max-image-preview:large","max-video-preview":"max-video-preview:-1"},"canonical":"https:\/\/aeronoticias.com.pe\/noticiero\/salud\/alerta-con-las-ojeras-en-tus-hijos-esto-podrian-tratar-de-decir-sobre-su-salud\/","og_locale":"es_ES","og_type":"article","og_title":"Alerta con las ojeras en tus hijos: Esto podr\u00edan tratar de decir sobre su salud","og_description":"Las ojeras en los ni\u00f1os a menudo pueden ser una se\u00f1al de que algo no est\u00e1 del todo bien en su salud. Aunque las ojeras pueden ser causadas por varias razones, desde la falta de sue\u00f1o hasta factores hereditarios, es esencial prestar atenci\u00f3n a este s\u00edntoma y considerar lo que podr\u00eda estar tratando de comunicar sobre la salud de tus hijos. Aqu\u00ed te presentamos algunas posibles interpretaciones:","og_url":"https:\/\/aeronoticias.com.pe\/noticiero\/salud\/alerta-con-las-ojeras-en-tus-hijos-esto-podrian-tratar-de-decir-sobre-su-salud\/","og_site_name":"Aeronoticias.com.pe","article_publisher":"https:\/\/www.facebook.com\/Aeronoticias.com.pe\/","article_published_time":"2023-10-11T17:15:27+00:00","article_modified_time":"2023-10-11T17:15:31+00:00","og_image":[{"width":1196,"height":656,"url":"https:\/\/aeronoticias.com.pe\/noticiero\/wp-content\/uploads\/2023\/10\/Captura-de-pantalla-2023-10-11-a-las-10.08.47-a.-m..png","type":"image\/png"}],"author":"sebastian","twitter_card":"summary_large_image","twitter_creator":"@aeronoticias","twitter_site":"@aeronoticias","twitter_misc":{"Escrito por":"sebastian","Tiempo de lectura":"2 minutos"},"schema":{"@context":"https:\/\/schema.org","@graph":[{"@type":"WebPage","@id":"https:\/\/aeronoticias.com.pe\/noticiero\/salud\/alerta-con-las-ojeras-en-tus-hijos-esto-podrian-tratar-de-decir-sobre-su-salud\/","url":"https:\/\/aeronoticias.com.pe\/noticiero\/salud\/alerta-con-las-ojeras-en-tus-hijos-esto-podrian-tratar-de-decir-sobre-su-salud\/","name":"Alerta con las ojeras en tus hijos: Esto podr\u00edan tratar de decir sobre su salud","isPartOf":{"@id":"https:\/\/aeronoticias.com.pe\/noticiero\/#website"},"primaryImageOfPage":{"@id":"https:\/\/aeronoticias.com.pe\/noticiero\/salud\/alerta-con-las-ojeras-en-tus-hijos-esto-podrian-tratar-de-decir-sobre-su-salud\/#primaryimage"},"image":{"@id":"https:\/\/aeronoticias.com.pe\/noticiero\/salud\/alerta-con-las-ojeras-en-tus-hijos-esto-podrian-tratar-de-decir-sobre-su-salud\/#primaryimage"},"thumbnailUrl":"https:\/\/aeronoticias.com.pe\/noticiero\/wp-content\/uploads\/2023\/10\/Captura-de-pantalla-2023-10-11-a-las-10.08.47-a.-m..png","datePublished":"2023-10-11T17:15:27+00:00","dateModified":"2023-10-11T17:15:31+00:00","author":{"@id":"https:\/\/aeronoticias.com.pe\/noticiero\/#\/schema\/person\/45ec58b0c4aefb9b6ee48f40659be5a3"},"description":"Las ojeras en los ni\u00f1os a menudo pueden ser una se\u00f1al de que algo no est\u00e1 del todo bien en su salud. Aunque las ojeras pueden ser causadas por varias razones, desde la falta de sue\u00f1o hasta factores hereditarios, es esencial prestar atenci\u00f3n a este s\u00edntoma y considerar lo que podr\u00eda estar tratando de comunicar sobre la salud de tus hijos. Aqu\u00ed te presentamos algunas posibles interpretaciones:","breadcrumb":{"@id":"https:\/\/aeronoticias.com.pe\/noticiero\/salud\/alerta-con-las-ojeras-en-tus-hijos-esto-podrian-tratar-de-decir-sobre-su-salud\/#breadcrumb"},"inLanguage":"es","potentialAction":[{"@type":"ReadAction","target":["https:\/\/aeronoticias.com.pe\/noticiero\/salud\/alerta-con-las-ojeras-en-tus-hijos-esto-podrian-tratar-de-decir-sobre-su-salud\/"]}]},{"@type":"ImageObject","inLanguage":"es","@id":"https:\/\/aeronoticias.com.pe\/noticiero\/salud\/alerta-con-las-ojeras-en-tus-hijos-esto-podrian-tratar-de-decir-sobre-su-salud\/#primaryimage","url":"https:\/\/aeronoticias.com.pe\/noticiero\/wp-content\/uploads\/2023\/10\/Captura-de-pantalla-2023-10-11-a-las-10.08.47-a.-m..png","contentUrl":"https:\/\/aeronoticias.com.pe\/noticiero\/wp-content\/uploads\/2023\/10\/Captura-de-pantalla-2023-10-11-a-las-10.08.47-a.-m..png","width":1196,"height":656},{"@type":"BreadcrumbList","@id":"https:\/\/aeronoticias.com.pe\/noticiero\/salud\/alerta-con-las-ojeras-en-tus-hijos-esto-podrian-tratar-de-decir-sobre-su-salud\/#breadcrumb","itemListElement":[{"@type":"ListItem","position":1,"name":"Portada","item":"https:\/\/aeronoticias.com.pe\/noticiero\/"},{"@type":"ListItem","position":2,"name":"Alerta con las ojeras en tus hijos: Esto podr\u00edan tratar de decir sobre su salud"}]},{"@type":"WebSite","@id":"https:\/\/aeronoticias.com.pe\/noticiero\/#website","url":"https:\/\/aeronoticias.com.pe\/noticiero\/","name":"Aeronoticias.com.pe","description":"Noticias de tranporte aereo, turismo, hoteles, gastronomia, actualidad, internacional","potentialAction":[{"@type":"SearchAction","target":{"@type":"EntryPoint","urlTemplate":"https:\/\/aeronoticias.com.pe\/noticiero\/?s={search_term_string}"},"query-input":{"@type":"PropertyValueSpecification","valueRequired":true,"valueName":"search_term_string"}}],"inLanguage":"es"},{"@type":"Person","@id":"https:\/\/aeronoticias.com.pe\/noticiero\/#\/schema\/person\/45ec58b0c4aefb9b6ee48f40659be5a3","name":"sebastian","url":"https:\/\/aeronoticias.com.pe\/noticiero\/author\/sebastian\/"}]}},"_links":{"self":[{"href":"https:\/\/aeronoticias.com.pe\/noticiero\/wp-json\/wp\/v2\/posts\/86756","targetHints":{"allow":["GET"]}}],"collection":[{"href":"https:\/\/aeronoticias.com.pe\/noticiero\/wp-json\/wp\/v2\/posts"}],"about":[{"href":"https:\/\/aeronoticias.com.pe\/noticiero\/wp-json\/wp\/v2\/types\/post"}],"author":[{"embeddable":true,"href":"https:\/\/aeronoticias.com.pe\/noticiero\/wp-json\/wp\/v2\/users\/7"}],"replies":[{"embeddable":true,"href":"https:\/\/aeronoticias.com.pe\/noticiero\/wp-json\/wp\/v2\/comments?post=86756"}],"version-history":[{"count":0,"href":"https:\/\/aeronoticias.com.pe\/noticiero\/wp-json\/wp\/v2\/posts\/86756\/revisions"}],"wp:featuredmedia":[{"embeddable":true,"href":"https:\/\/aeronoticias.com.pe\/noticiero\/wp-json\/wp\/v2\/media\/86758"}],"wp:attachment":[{"href":"https:\/\/aeronoticias.com.pe\/noticiero\/wp-json\/wp\/v2\/media?parent=86756"}],"wp:term":[{"taxonomy":"category","embeddable":true,"href":"https:\/\/aeronoticias.com.pe\/noticiero\/wp-json\/wp\/v2\/categories?post=86756"},{"taxonomy":"post_tag","embeddable":true,"href":"https:\/\/aeronoticias.com.pe\/noticiero\/wp-json\/wp\/v2\/tags?post=86756"}],"curies":[{"name":"wp","href":"https:\/\/api.w.org\/{rel}","templated":true}]}}