{"id":87914,"date":"2023-11-23T14:07:31","date_gmt":"2023-11-23T19:07:31","guid":{"rendered":"https:\/\/aeronoticias.com.pe\/noticiero\/?p=87914"},"modified":"2023-11-23T14:07:35","modified_gmt":"2023-11-23T19:07:35","slug":"completa-electra-primer-vuelo-de-su-avion-estol-hibrido-electrico","status":"publish","type":"post","link":"https:\/\/aeronoticias.com.pe\/noticiero\/transporte-aereo\/completa-electra-primer-vuelo-de-su-avion-estol-hibrido-electrico\/","title":{"rendered":"Completa Electra primer vuelo de su avi\u00f3n eSTOL h\u00edbrido-el\u00e9ctrico"},"content":{"rendered":"\n<p><strong>(Aeronoticias)<\/strong>: <strong><strong>Electra anunci\u00f3 hoy que complet\u00f3 con \u00e9xito los primeros vuelos de su EL-2 Goldfinch, un avi\u00f3n h\u00edbrido-el\u00e9ctrico de despegue y aterrizaje ultracorto (eSTOL).<\/strong><\/strong><\/p>\n\n\n\n<p>\u201cEl Goldfinch complet\u00f3 un vuelo de prueba totalmente el\u00e9ctrico el pasado 11 de noviembre y un vuelo h\u00edbrido-el\u00e9ctrico el 19 de noviembre, ambos desde el Aeropuerto Regional de Manassas en Virginia. El primer vuelo h\u00edbrido dur\u00f3 23 minutos, alcanz\u00f3 una altitud de 3,200 pies y cubri\u00f3 una distancia de aproximadamente 30 millas\u201d, dijo el vicepresidente y gerente general de Electra, JP Stewart.<\/p>\n\n\n\n<p><strong>A\u00f1adi\u00f3 que el demostrador de tecnolog\u00eda Goldfinch eSTOL de dos asientos es el primer avi\u00f3n de elevaci\u00f3n del mundo que utiliza un sistema de propulsi\u00f3n h\u00edbrido-el\u00e9ctrico.&nbsp;<\/strong><\/p>\n\n\n\n<p><strong>El avi\u00f3n utiliza ocho motores el\u00e9ctricos para aumentar significativamente la elevaci\u00f3n del ala y permitir despegues y aterrizajes ultracortos,\u00a0al tiempo que reduce dr\u00e1sticamente el ruido y las emisiones por debajo de los de los aviones y helic\u00f3pteros convencionales.\u00a0<\/strong><\/p>\n\n\n\n<p><strong>La energ\u00eda el\u00e9ctrica h\u00edbrida proporciona largos alcances sin necesidad de estaciones de carga terrestres.<\/strong><\/p>\n\n\n\n<p><strong>Electra est\u00e1 desarrollando una versi\u00f3n del avi\u00f3n para nueve pasajeros para los mercados comerciales y gubernamentales que puede despegar y aterrizar con recorridos en tierra de tan solo 150 pies (45 metros) y volar a velocidades de 200 millas por hora para distancias de 500 millas.<\/strong><\/p>\n\n\n\n<p><strong>Actualmente,\u00a0Electra tiene pedidos anticipados de m\u00e1s de 30 clientes para m\u00e1s de 1,700 aviones, con un total de m\u00e1s de 6,000 millones de d\u00f3lares en cartera.\u00a0<\/strong><\/p>\n\n\n\n<p>\u201cEl objetivo de Electra es llenar un vac\u00edo en los viajes a\u00e9reos entre 50 y 500 millas, donde hoy en d\u00eda la mayor\u00eda de los viajes se realizan en autom\u00f3vil. La clave para ahorrar tiempo es operar cerca, lo que significa entrar y salir de espacios peque\u00f1os de manera silenciosa y segura, y al mismo tiempo ser lo suficientemente r\u00e1pido para cubrir largas distancias\u201d, dijo el fundador y director ejecutivo de Electra, John Langford.<\/p>\n\n\n\n<p><strong>Fuente: A21.com.mx<\/strong><\/p>\n","protected":false},"excerpt":{"rendered":"<p>(Aeronoticias): Electra anunci\u00f3 hoy que complet\u00f3 con \u00e9xito los primeros vuelos de su EL-2 Goldfinch, un avi\u00f3n h\u00edbrido-el\u00e9ctrico de despegue y aterrizaje ultracorto (eSTOL). \u201cEl Goldfinch complet\u00f3 un vuelo de prueba totalmente el\u00e9ctrico el pasado 11 de noviembre y un vuelo h\u00edbrido-el\u00e9ctrico el 19 de noviembre, ambos desde el Aeropuerto Regional de Manassas en Virginia. [&hellip;]<\/p>\n","protected":false},"author":3,"featured_media":87915,"comment_status":"open","ping_status":"open","sticky":false,"template":"","format":"standard","meta":{"tdm_status":"","tdm_grid_status":"","footnotes":""},"categories":[32,11],"tags":[4317,4318,4319],"class_list":{"0":"post-87914","1":"post","2":"type-post","3":"status-publish","4":"format-standard","5":"has-post-thumbnail","7":"category-internacional","8":"category-transporte-aereo","9":"tag-avion-estol","10":"tag-electra","11":"tag-vuelo-hibrido"},"yoast_head":"<!-- This site is optimized with the Yoast SEO plugin v25.1 - https:\/\/yoast.com\/wordpress\/plugins\/seo\/ -->\n<title>Completa Electra primer vuelo de su avi\u00f3n eSTOL h\u00edbrido-el\u00e9ctrico<\/title>\n<meta name=\"description\" content=\"EST\u00c1 DESARROLLANDO UNA VERSI\u00d3N PARA NUEVE PASAJEROS QUE PUEDE DESPEGAR EN 45 METROS TAN SOLO 150 PIES A 200 MILLAS POR HORA\" \/>\n<meta name=\"robots\" content=\"index, follow, max-snippet:-1, max-image-preview:large, max-video-preview:-1\" \/>\n<link rel=\"canonical\" href=\"https:\/\/aeronoticias.com.pe\/noticiero\/transporte-aereo\/completa-electra-primer-vuelo-de-su-avion-estol-hibrido-electrico\/\" \/>\n<meta property=\"og:locale\" content=\"es_ES\" \/>\n<meta property=\"og:type\" content=\"article\" \/>\n<meta property=\"og:title\" content=\"Completa Electra primer vuelo de su avi\u00f3n eSTOL h\u00edbrido-el\u00e9ctrico\" \/>\n<meta property=\"og:description\" content=\"EST\u00c1 DESARROLLANDO UNA VERSI\u00d3N PARA NUEVE PASAJEROS QUE PUEDE DESPEGAR EN 45 METROS TAN SOLO 150 PIES A 200 MILLAS POR HORA\" \/>\n<meta property=\"og:url\" content=\"https:\/\/aeronoticias.com.pe\/noticiero\/transporte-aereo\/completa-electra-primer-vuelo-de-su-avion-estol-hibrido-electrico\/\" \/>\n<meta property=\"og:site_name\" content=\"Aeronoticias.com.pe\" \/>\n<meta property=\"article:publisher\" content=\"https:\/\/www.facebook.com\/Aeronoticias.com.pe\/\" \/>\n<meta property=\"article:published_time\" content=\"2023-11-23T19:07:31+00:00\" \/>\n<meta property=\"article:modified_time\" content=\"2023-11-23T19:07:35+00:00\" \/>\n<meta property=\"og:image\" content=\"https:\/\/aeronoticias.com.pe\/noticiero\/wp-content\/uploads\/2023\/11\/electra.jpeg\" \/>\n\t<meta property=\"og:image:width\" content=\"2560\" \/>\n\t<meta property=\"og:image:height\" content=\"1707\" \/>\n\t<meta property=\"og:image:type\" content=\"image\/jpeg\" \/>\n<meta name=\"author\" content=\"Redacci\u00f3n\" \/>\n<meta name=\"twitter:card\" content=\"summary_large_image\" \/>\n<meta name=\"twitter:creator\" content=\"@aeronoticias\" \/>\n<meta name=\"twitter:site\" content=\"@aeronoticias\" \/>\n<meta name=\"twitter:label1\" content=\"Escrito por\" \/>\n\t<meta name=\"twitter:data1\" content=\"Redacci\u00f3n\" \/>\n\t<meta name=\"twitter:label2\" content=\"Tiempo de lectura\" \/>\n\t<meta name=\"twitter:data2\" content=\"2 minutos\" \/>\n<script type=\"application\/ld+json\" class=\"yoast-schema-graph\">{\"@context\":\"https:\/\/schema.org\",\"@graph\":[{\"@type\":\"WebPage\",\"@id\":\"https:\/\/aeronoticias.com.pe\/noticiero\/transporte-aereo\/completa-electra-primer-vuelo-de-su-avion-estol-hibrido-electrico\/\",\"url\":\"https:\/\/aeronoticias.com.pe\/noticiero\/transporte-aereo\/completa-electra-primer-vuelo-de-su-avion-estol-hibrido-electrico\/\",\"name\":\"Completa Electra primer vuelo de su avi\u00f3n eSTOL h\u00edbrido-el\u00e9ctrico\",\"isPartOf\":{\"@id\":\"https:\/\/aeronoticias.com.pe\/noticiero\/#website\"},\"primaryImageOfPage\":{\"@id\":\"https:\/\/aeronoticias.com.pe\/noticiero\/transporte-aereo\/completa-electra-primer-vuelo-de-su-avion-estol-hibrido-electrico\/#primaryimage\"},\"image\":{\"@id\":\"https:\/\/aeronoticias.com.pe\/noticiero\/transporte-aereo\/completa-electra-primer-vuelo-de-su-avion-estol-hibrido-electrico\/#primaryimage\"},\"thumbnailUrl\":\"https:\/\/aeronoticias.com.pe\/noticiero\/wp-content\/uploads\/2023\/11\/electra.jpeg\",\"datePublished\":\"2023-11-23T19:07:31+00:00\",\"dateModified\":\"2023-11-23T19:07:35+00:00\",\"author\":{\"@id\":\"https:\/\/aeronoticias.com.pe\/noticiero\/#\/schema\/person\/16212a617c73f78916b13194154243bd\"},\"description\":\"EST\u00c1 DESARROLLANDO UNA VERSI\u00d3N PARA NUEVE PASAJEROS QUE PUEDE DESPEGAR EN 45 METROS TAN SOLO 150 PIES A 200 MILLAS POR HORA\",\"breadcrumb\":{\"@id\":\"https:\/\/aeronoticias.com.pe\/noticiero\/transporte-aereo\/completa-electra-primer-vuelo-de-su-avion-estol-hibrido-electrico\/#breadcrumb\"},\"inLanguage\":\"es\",\"potentialAction\":[{\"@type\":\"ReadAction\",\"target\":[\"https:\/\/aeronoticias.com.pe\/noticiero\/transporte-aereo\/completa-electra-primer-vuelo-de-su-avion-estol-hibrido-electrico\/\"]}]},{\"@type\":\"ImageObject\",\"inLanguage\":\"es\",\"@id\":\"https:\/\/aeronoticias.com.pe\/noticiero\/transporte-aereo\/completa-electra-primer-vuelo-de-su-avion-estol-hibrido-electrico\/#primaryimage\",\"url\":\"https:\/\/aeronoticias.com.pe\/noticiero\/wp-content\/uploads\/2023\/11\/electra.jpeg\",\"contentUrl\":\"https:\/\/aeronoticias.com.pe\/noticiero\/wp-content\/uploads\/2023\/11\/electra.jpeg\",\"width\":2560,\"height\":1707},{\"@type\":\"BreadcrumbList\",\"@id\":\"https:\/\/aeronoticias.com.pe\/noticiero\/transporte-aereo\/completa-electra-primer-vuelo-de-su-avion-estol-hibrido-electrico\/#breadcrumb\",\"itemListElement\":[{\"@type\":\"ListItem\",\"position\":1,\"name\":\"Portada\",\"item\":\"https:\/\/aeronoticias.com.pe\/noticiero\/\"},{\"@type\":\"ListItem\",\"position\":2,\"name\":\"Completa Electra primer vuelo de su avi\u00f3n eSTOL h\u00edbrido-el\u00e9ctrico\"}]},{\"@type\":\"WebSite\",\"@id\":\"https:\/\/aeronoticias.com.pe\/noticiero\/#website\",\"url\":\"https:\/\/aeronoticias.com.pe\/noticiero\/\",\"name\":\"Aeronoticias.com.pe\",\"description\":\"Noticias de tranporte aereo, turismo, hoteles, gastronomia, actualidad, internacional\",\"potentialAction\":[{\"@type\":\"SearchAction\",\"target\":{\"@type\":\"EntryPoint\",\"urlTemplate\":\"https:\/\/aeronoticias.com.pe\/noticiero\/?s={search_term_string}\"},\"query-input\":{\"@type\":\"PropertyValueSpecification\",\"valueRequired\":true,\"valueName\":\"search_term_string\"}}],\"inLanguage\":\"es\"},{\"@type\":\"Person\",\"@id\":\"https:\/\/aeronoticias.com.pe\/noticiero\/#\/schema\/person\/16212a617c73f78916b13194154243bd\",\"name\":\"Redacci\u00f3n\",\"sameAs\":[\"http:\/\/Redacci\u00f3n\"],\"url\":\"https:\/\/aeronoticias.com.pe\/noticiero\/author\/celeste\/\"}]}<\/script>\n<!-- \/ Yoast SEO plugin. -->","yoast_head_json":{"title":"Completa Electra primer vuelo de su avi\u00f3n eSTOL h\u00edbrido-el\u00e9ctrico","description":"EST\u00c1 DESARROLLANDO UNA VERSI\u00d3N PARA NUEVE PASAJEROS QUE PUEDE DESPEGAR EN 45 METROS TAN SOLO 150 PIES A 200 MILLAS POR HORA","robots":{"index":"index","follow":"follow","max-snippet":"max-snippet:-1","max-image-preview":"max-image-preview:large","max-video-preview":"max-video-preview:-1"},"canonical":"https:\/\/aeronoticias.com.pe\/noticiero\/transporte-aereo\/completa-electra-primer-vuelo-de-su-avion-estol-hibrido-electrico\/","og_locale":"es_ES","og_type":"article","og_title":"Completa Electra primer vuelo de su avi\u00f3n eSTOL h\u00edbrido-el\u00e9ctrico","og_description":"EST\u00c1 DESARROLLANDO UNA VERSI\u00d3N PARA NUEVE PASAJEROS QUE PUEDE DESPEGAR EN 45 METROS TAN SOLO 150 PIES A 200 MILLAS POR HORA","og_url":"https:\/\/aeronoticias.com.pe\/noticiero\/transporte-aereo\/completa-electra-primer-vuelo-de-su-avion-estol-hibrido-electrico\/","og_site_name":"Aeronoticias.com.pe","article_publisher":"https:\/\/www.facebook.com\/Aeronoticias.com.pe\/","article_published_time":"2023-11-23T19:07:31+00:00","article_modified_time":"2023-11-23T19:07:35+00:00","og_image":[{"width":2560,"height":1707,"url":"https:\/\/aeronoticias.com.pe\/noticiero\/wp-content\/uploads\/2023\/11\/electra.jpeg","type":"image\/jpeg"}],"author":"Redacci\u00f3n","twitter_card":"summary_large_image","twitter_creator":"@aeronoticias","twitter_site":"@aeronoticias","twitter_misc":{"Escrito por":"Redacci\u00f3n","Tiempo de lectura":"2 minutos"},"schema":{"@context":"https:\/\/schema.org","@graph":[{"@type":"WebPage","@id":"https:\/\/aeronoticias.com.pe\/noticiero\/transporte-aereo\/completa-electra-primer-vuelo-de-su-avion-estol-hibrido-electrico\/","url":"https:\/\/aeronoticias.com.pe\/noticiero\/transporte-aereo\/completa-electra-primer-vuelo-de-su-avion-estol-hibrido-electrico\/","name":"Completa Electra primer vuelo de su avi\u00f3n eSTOL h\u00edbrido-el\u00e9ctrico","isPartOf":{"@id":"https:\/\/aeronoticias.com.pe\/noticiero\/#website"},"primaryImageOfPage":{"@id":"https:\/\/aeronoticias.com.pe\/noticiero\/transporte-aereo\/completa-electra-primer-vuelo-de-su-avion-estol-hibrido-electrico\/#primaryimage"},"image":{"@id":"https:\/\/aeronoticias.com.pe\/noticiero\/transporte-aereo\/completa-electra-primer-vuelo-de-su-avion-estol-hibrido-electrico\/#primaryimage"},"thumbnailUrl":"https:\/\/aeronoticias.com.pe\/noticiero\/wp-content\/uploads\/2023\/11\/electra.jpeg","datePublished":"2023-11-23T19:07:31+00:00","dateModified":"2023-11-23T19:07:35+00:00","author":{"@id":"https:\/\/aeronoticias.com.pe\/noticiero\/#\/schema\/person\/16212a617c73f78916b13194154243bd"},"description":"EST\u00c1 DESARROLLANDO UNA VERSI\u00d3N PARA NUEVE PASAJEROS QUE PUEDE DESPEGAR EN 45 METROS TAN SOLO 150 PIES A 200 MILLAS POR HORA","breadcrumb":{"@id":"https:\/\/aeronoticias.com.pe\/noticiero\/transporte-aereo\/completa-electra-primer-vuelo-de-su-avion-estol-hibrido-electrico\/#breadcrumb"},"inLanguage":"es","potentialAction":[{"@type":"ReadAction","target":["https:\/\/aeronoticias.com.pe\/noticiero\/transporte-aereo\/completa-electra-primer-vuelo-de-su-avion-estol-hibrido-electrico\/"]}]},{"@type":"ImageObject","inLanguage":"es","@id":"https:\/\/aeronoticias.com.pe\/noticiero\/transporte-aereo\/completa-electra-primer-vuelo-de-su-avion-estol-hibrido-electrico\/#primaryimage","url":"https:\/\/aeronoticias.com.pe\/noticiero\/wp-content\/uploads\/2023\/11\/electra.jpeg","contentUrl":"https:\/\/aeronoticias.com.pe\/noticiero\/wp-content\/uploads\/2023\/11\/electra.jpeg","width":2560,"height":1707},{"@type":"BreadcrumbList","@id":"https:\/\/aeronoticias.com.pe\/noticiero\/transporte-aereo\/completa-electra-primer-vuelo-de-su-avion-estol-hibrido-electrico\/#breadcrumb","itemListElement":[{"@type":"ListItem","position":1,"name":"Portada","item":"https:\/\/aeronoticias.com.pe\/noticiero\/"},{"@type":"ListItem","position":2,"name":"Completa Electra primer vuelo de su avi\u00f3n eSTOL h\u00edbrido-el\u00e9ctrico"}]},{"@type":"WebSite","@id":"https:\/\/aeronoticias.com.pe\/noticiero\/#website","url":"https:\/\/aeronoticias.com.pe\/noticiero\/","name":"Aeronoticias.com.pe","description":"Noticias de tranporte aereo, turismo, hoteles, gastronomia, actualidad, internacional","potentialAction":[{"@type":"SearchAction","target":{"@type":"EntryPoint","urlTemplate":"https:\/\/aeronoticias.com.pe\/noticiero\/?s={search_term_string}"},"query-input":{"@type":"PropertyValueSpecification","valueRequired":true,"valueName":"search_term_string"}}],"inLanguage":"es"},{"@type":"Person","@id":"https:\/\/aeronoticias.com.pe\/noticiero\/#\/schema\/person\/16212a617c73f78916b13194154243bd","name":"Redacci\u00f3n","sameAs":["http:\/\/Redacci\u00f3n"],"url":"https:\/\/aeronoticias.com.pe\/noticiero\/author\/celeste\/"}]}},"_links":{"self":[{"href":"https:\/\/aeronoticias.com.pe\/noticiero\/wp-json\/wp\/v2\/posts\/87914","targetHints":{"allow":["GET"]}}],"collection":[{"href":"https:\/\/aeronoticias.com.pe\/noticiero\/wp-json\/wp\/v2\/posts"}],"about":[{"href":"https:\/\/aeronoticias.com.pe\/noticiero\/wp-json\/wp\/v2\/types\/post"}],"author":[{"embeddable":true,"href":"https:\/\/aeronoticias.com.pe\/noticiero\/wp-json\/wp\/v2\/users\/3"}],"replies":[{"embeddable":true,"href":"https:\/\/aeronoticias.com.pe\/noticiero\/wp-json\/wp\/v2\/comments?post=87914"}],"version-history":[{"count":0,"href":"https:\/\/aeronoticias.com.pe\/noticiero\/wp-json\/wp\/v2\/posts\/87914\/revisions"}],"wp:featuredmedia":[{"embeddable":true,"href":"https:\/\/aeronoticias.com.pe\/noticiero\/wp-json\/wp\/v2\/media\/87915"}],"wp:attachment":[{"href":"https:\/\/aeronoticias.com.pe\/noticiero\/wp-json\/wp\/v2\/media?parent=87914"}],"wp:term":[{"taxonomy":"category","embeddable":true,"href":"https:\/\/aeronoticias.com.pe\/noticiero\/wp-json\/wp\/v2\/categories?post=87914"},{"taxonomy":"post_tag","embeddable":true,"href":"https:\/\/aeronoticias.com.pe\/noticiero\/wp-json\/wp\/v2\/tags?post=87914"}],"curies":[{"name":"wp","href":"https:\/\/api.w.org\/{rel}","templated":true}]}}