{"id":8841,"date":"2010-02-11T14:49:03","date_gmt":"2010-02-11T14:49:03","guid":{"rendered":"http:\/\/desarrollo.mcvicious.com\/aero2020\/2010\/02\/11\/chavez-ojala-que-obama-rectifique-a-tiempo-su-politica-que-siguio-con-los-atropellos-hacia-venezuela\/"},"modified":"2010-02-11T14:49:03","modified_gmt":"2010-02-11T14:49:03","slug":"chavez-ojala-que-obama-rectifique-a-tiempo-su-politica-que-siguio-con-los-atropellos-hacia-venezuela","status":"publish","type":"post","link":"https:\/\/aeronoticias.com.pe\/noticiero\/internacionales\/chavez-ojala-que-obama-rectifique-a-tiempo-su-politica-que-siguio-con-los-atropellos-hacia-venezuela\/","title":{"rendered":"Ch\u00e1vez: Ojal\u00e1 que Obama rectifique a tiempo su pol\u00edtica que sigui\u00f3 con los atropellos hacia Venezuela"},"content":{"rendered":"<div style=\"text-align: justify\">\u00abOjal\u00e1 que Obama rectifique a tiempo su pol\u00edtica que ha seguido siendo de atropellos hacia Venezuela\u00bb, \u00a0afirm\u00f3 el Presidente Venezolano Hugo Ch\u00e1vez, en el acto en que anunci\u00f3 las empresas ganadoras de licitaciones para explotar petr\u00f3leo en la productiva Faja del Orinoco, entre las cuales se encuentra la estadounidense Chevron, en un contexto en el que pidi\u00f3 a su par de Estados Unidos, Barack Obama, rectificar su pol\u00edtica hacia Venezuela para restablecer el di\u00e1logo y propiciar mejores relaciones bilaterales. Fue al anunciar las empresas ganadoras de licitaciones para explotar petr\u00f3leo en la productiva Faja del Orinoco.<\/div>\n<div style=\"text-align: justify\"><\/div>\n<div style=\"text-align: justify\">\u00abOjal\u00e1 que ustedes nos ayuden a mejorar las relaciones y la situaci\u00f3n con el gobierno de Obama\u00bb, a\u00f1adi\u00f3 refiri\u00e9ndose a los representantes de Chevron, presentes en el evento, el mandatario agreg\u00f3 que \u00abten\u00eda esa esperanza de que las relaciones con Estados Unidos se arreglaran\u00bb pero refiri\u00f3 que el director de Inteligencia Nacional estadounidense, Dennis Blair, lo acus\u00f3 de ser \u00abpeligroso\u00bb para la estabilidad democr\u00e1tica en la regi\u00f3n.<\/div>\n<div style=\"text-align: justify\">\n<div style=\"text-align: center\"><img decoding=\"async\" src=\"images\/stories\/10\/02\/110210\/chavez.jpg\" border=\"0\" alt=\"Ch\u00e1vez: Ojal\u00e1 que Obama rectifique a tiempo su pol\u00edtica que sigui\u00f3 con los atropellos hacia Venezuela \" title=\"Ch\u00e1vez: Ojal\u00e1 que Obama rectifique a tiempo su pol\u00edtica que sigui\u00f3 con los atropellos hacia Venezuela \" \/><\/div>\n<\/div>\n<div style=\"text-align: justify\">\u00abEs lamentable esto porque es mentira lo que dicen, es mentira. Ojal\u00e1 se den cuenta, alguna mente bien ordenada les diga \u2019oye, es mentira\u2019\u00bb, expres\u00f3 Ch\u00e1vez, quien a\u00f1adi\u00f3 que las palabras de Blair son \u00abagresiones, se\u00f1alamientos injustos\u00bb.<\/div>\n<div style=\"text-align: justify\"><\/div>\n<div style=\"text-align: justify\"><strong>Aeronoticias<\/strong> considera que es necesario evaluar, como de costumbre, las declaraciones de Ch\u00e1vez en un contexto en el que el mismo est\u00e1 gestionando toda clase de atropellos para la naci\u00f3n Venezolana, con el cierre de televisoras, radios, centros comerciales, tiendas, y todo lo que represente una amenaza de oposici\u00f3n, por lo que consideramos que un estudio en la aplicaci\u00f3n de sus pol\u00edticas tanto internas como bilaterales con los pa\u00edses hermanos ser\u00eda necesaria para poder llevar el nivel de las relaciones hacia la paz y el bienestar.<\/div>\n<div style=\"text-align: justify\"><\/div>\n<div style=\"text-align: justify\">En una presentaci\u00f3n ante el Congreso, Blair identific\u00f3 como una amenaza a la gobernabilidad democr\u00e1tica regional a \u00abl\u00edderes populistas electos que proceden hacia un modelo pol\u00edtico y econ\u00f3mico m\u00e1s autoritario y estatista\u00bb, y se\u00f1al\u00f3 que Ch\u00e1vez se ha convertido en \u00abuno de los detractores internacionales de Estados Unidos m\u00e1s reconocido\u00bb, que se opone a la influencia y pol\u00edticas de Estados Unidos en la regi\u00f3n.<\/div>\n<div style=\"text-align: justify\"><\/div>\n<div style=\"text-align: justify\">Caracas y Washington mantienen continuas disputas en temas pol\u00edticos, la m\u00e1s reciente relacionada con el uso de bases colombianas por tropas estadounidenses, que Ch\u00e1vez considera una amenaza a su gobierno y a su pa\u00eds.<\/div>\n<div style=\"text-align: justify\"><\/div>\n","protected":false},"excerpt":{"rendered":"<p>\u00abOjal\u00e1 que Obama rectifique a tiempo su pol\u00edtica que ha seguido siendo de atropellos hacia Venezuela\u00bb, \u00a0afirm\u00f3 el Presidente Venezolano Hugo Ch\u00e1vez, en el acto en que anunci\u00f3 las empresas ganadoras de licitaciones para explotar petr\u00f3leo en la productiva Faja del Orinoco, entre las cuales se encuentra la estadounidense Chevron, en un contexto en el [&hellip;]<\/p>\n","protected":false},"author":1,"featured_media":0,"comment_status":"open","ping_status":"open","sticky":false,"template":"","format":"standard","meta":{"tdm_status":"","tdm_grid_status":"","footnotes":""},"categories":[34],"tags":[],"class_list":{"0":"post-8841","1":"post","2":"type-post","3":"status-publish","4":"format-standard","6":"category-internacionales"},"yoast_head":"<!-- This site is optimized with the Yoast SEO plugin v25.1 - https:\/\/yoast.com\/wordpress\/plugins\/seo\/ -->\n<title>Ch\u00e1vez: Ojal\u00e1 que Obama rectifique a tiempo su pol\u00edtica que sigui\u00f3 con los atropellos hacia Venezuela<\/title>\n<meta name=\"description\" content=\"Portal de noticias del Per\u00fa sobre el transporte a\u00e9reo, aviaci\u00f3n, turismo, hoteleria, actualidad.\" \/>\n<meta name=\"robots\" content=\"index, follow, max-snippet:-1, max-image-preview:large, max-video-preview:-1\" \/>\n<link rel=\"canonical\" href=\"https:\/\/aeronoticias.com.pe\/noticiero\/internacionales\/chavez-ojala-que-obama-rectifique-a-tiempo-su-politica-que-siguio-con-los-atropellos-hacia-venezuela\/\" \/>\n<meta property=\"og:locale\" content=\"es_ES\" \/>\n<meta property=\"og:type\" content=\"article\" \/>\n<meta property=\"og:title\" content=\"Ch\u00e1vez: Ojal\u00e1 que Obama rectifique a tiempo su pol\u00edtica que sigui\u00f3 con los atropellos hacia Venezuela\" \/>\n<meta property=\"og:description\" content=\"Portal de noticias del Per\u00fa sobre el transporte a\u00e9reo, aviaci\u00f3n, turismo, hoteleria, actualidad.\" \/>\n<meta property=\"og:url\" content=\"https:\/\/aeronoticias.com.pe\/noticiero\/internacionales\/chavez-ojala-que-obama-rectifique-a-tiempo-su-politica-que-siguio-con-los-atropellos-hacia-venezuela\/\" \/>\n<meta property=\"og:site_name\" content=\"Aeronoticias.com.pe\" \/>\n<meta property=\"article:publisher\" content=\"https:\/\/www.facebook.com\/Aeronoticias.com.pe\/\" \/>\n<meta property=\"article:published_time\" content=\"2010-02-11T14:49:03+00:00\" \/>\n<meta name=\"author\" content=\"Redacci\u00f3n Aeronoticias\" \/>\n<meta name=\"twitter:card\" content=\"summary_large_image\" \/>\n<meta name=\"twitter:creator\" content=\"@aeronoticias\" \/>\n<meta name=\"twitter:site\" content=\"@aeronoticias\" \/>\n<meta name=\"twitter:label1\" content=\"Escrito por\" \/>\n\t<meta name=\"twitter:data1\" content=\"Redacci\u00f3n Aeronoticias\" \/>\n\t<meta name=\"twitter:label2\" content=\"Tiempo de lectura\" \/>\n\t<meta name=\"twitter:data2\" content=\"2 minutos\" \/>\n<script type=\"application\/ld+json\" class=\"yoast-schema-graph\">{\"@context\":\"https:\/\/schema.org\",\"@graph\":[{\"@type\":\"WebPage\",\"@id\":\"https:\/\/aeronoticias.com.pe\/noticiero\/internacionales\/chavez-ojala-que-obama-rectifique-a-tiempo-su-politica-que-siguio-con-los-atropellos-hacia-venezuela\/\",\"url\":\"https:\/\/aeronoticias.com.pe\/noticiero\/internacionales\/chavez-ojala-que-obama-rectifique-a-tiempo-su-politica-que-siguio-con-los-atropellos-hacia-venezuela\/\",\"name\":\"Ch\u00e1vez: Ojal\u00e1 que Obama rectifique a tiempo su pol\u00edtica que sigui\u00f3 con los atropellos hacia Venezuela\",\"isPartOf\":{\"@id\":\"https:\/\/aeronoticias.com.pe\/noticiero\/#website\"},\"datePublished\":\"2010-02-11T14:49:03+00:00\",\"author\":{\"@id\":\"https:\/\/aeronoticias.com.pe\/noticiero\/#\/schema\/person\/fc1e5d578f4b62ba1cf7ac2bba1170a0\"},\"description\":\"Portal de noticias del Per\u00fa sobre el transporte a\u00e9reo, aviaci\u00f3n, turismo, hoteleria, actualidad.\",\"breadcrumb\":{\"@id\":\"https:\/\/aeronoticias.com.pe\/noticiero\/internacionales\/chavez-ojala-que-obama-rectifique-a-tiempo-su-politica-que-siguio-con-los-atropellos-hacia-venezuela\/#breadcrumb\"},\"inLanguage\":\"es\",\"potentialAction\":[{\"@type\":\"ReadAction\",\"target\":[\"https:\/\/aeronoticias.com.pe\/noticiero\/internacionales\/chavez-ojala-que-obama-rectifique-a-tiempo-su-politica-que-siguio-con-los-atropellos-hacia-venezuela\/\"]}]},{\"@type\":\"BreadcrumbList\",\"@id\":\"https:\/\/aeronoticias.com.pe\/noticiero\/internacionales\/chavez-ojala-que-obama-rectifique-a-tiempo-su-politica-que-siguio-con-los-atropellos-hacia-venezuela\/#breadcrumb\",\"itemListElement\":[{\"@type\":\"ListItem\",\"position\":1,\"name\":\"Portada\",\"item\":\"https:\/\/aeronoticias.com.pe\/noticiero\/\"},{\"@type\":\"ListItem\",\"position\":2,\"name\":\"Ch\u00e1vez: Ojal\u00e1 que Obama rectifique a tiempo su pol\u00edtica que sigui\u00f3 con los atropellos hacia Venezuela\"}]},{\"@type\":\"WebSite\",\"@id\":\"https:\/\/aeronoticias.com.pe\/noticiero\/#website\",\"url\":\"https:\/\/aeronoticias.com.pe\/noticiero\/\",\"name\":\"Aeronoticias.com.pe\",\"description\":\"Noticias de tranporte aereo, turismo, hoteles, gastronomia, actualidad, internacional\",\"potentialAction\":[{\"@type\":\"SearchAction\",\"target\":{\"@type\":\"EntryPoint\",\"urlTemplate\":\"https:\/\/aeronoticias.com.pe\/noticiero\/?s={search_term_string}\"},\"query-input\":{\"@type\":\"PropertyValueSpecification\",\"valueRequired\":true,\"valueName\":\"search_term_string\"}}],\"inLanguage\":\"es\"},{\"@type\":\"Person\",\"@id\":\"https:\/\/aeronoticias.com.pe\/noticiero\/#\/schema\/person\/fc1e5d578f4b62ba1cf7ac2bba1170a0\",\"name\":\"Redacci\u00f3n Aeronoticias\",\"url\":\"https:\/\/aeronoticias.com.pe\/noticiero\/author\/piloto\/\"}]}<\/script>\n<!-- \/ Yoast SEO plugin. -->","yoast_head_json":{"title":"Ch\u00e1vez: Ojal\u00e1 que Obama rectifique a tiempo su pol\u00edtica que sigui\u00f3 con los atropellos hacia Venezuela","description":"Portal de noticias del Per\u00fa sobre el transporte a\u00e9reo, aviaci\u00f3n, turismo, hoteleria, actualidad.","robots":{"index":"index","follow":"follow","max-snippet":"max-snippet:-1","max-image-preview":"max-image-preview:large","max-video-preview":"max-video-preview:-1"},"canonical":"https:\/\/aeronoticias.com.pe\/noticiero\/internacionales\/chavez-ojala-que-obama-rectifique-a-tiempo-su-politica-que-siguio-con-los-atropellos-hacia-venezuela\/","og_locale":"es_ES","og_type":"article","og_title":"Ch\u00e1vez: Ojal\u00e1 que Obama rectifique a tiempo su pol\u00edtica que sigui\u00f3 con los atropellos hacia Venezuela","og_description":"Portal de noticias del Per\u00fa sobre el transporte a\u00e9reo, aviaci\u00f3n, turismo, hoteleria, actualidad.","og_url":"https:\/\/aeronoticias.com.pe\/noticiero\/internacionales\/chavez-ojala-que-obama-rectifique-a-tiempo-su-politica-que-siguio-con-los-atropellos-hacia-venezuela\/","og_site_name":"Aeronoticias.com.pe","article_publisher":"https:\/\/www.facebook.com\/Aeronoticias.com.pe\/","article_published_time":"2010-02-11T14:49:03+00:00","author":"Redacci\u00f3n Aeronoticias","twitter_card":"summary_large_image","twitter_creator":"@aeronoticias","twitter_site":"@aeronoticias","twitter_misc":{"Escrito por":"Redacci\u00f3n Aeronoticias","Tiempo de lectura":"2 minutos"},"schema":{"@context":"https:\/\/schema.org","@graph":[{"@type":"WebPage","@id":"https:\/\/aeronoticias.com.pe\/noticiero\/internacionales\/chavez-ojala-que-obama-rectifique-a-tiempo-su-politica-que-siguio-con-los-atropellos-hacia-venezuela\/","url":"https:\/\/aeronoticias.com.pe\/noticiero\/internacionales\/chavez-ojala-que-obama-rectifique-a-tiempo-su-politica-que-siguio-con-los-atropellos-hacia-venezuela\/","name":"Ch\u00e1vez: Ojal\u00e1 que Obama rectifique a tiempo su pol\u00edtica que sigui\u00f3 con los atropellos hacia Venezuela","isPartOf":{"@id":"https:\/\/aeronoticias.com.pe\/noticiero\/#website"},"datePublished":"2010-02-11T14:49:03+00:00","author":{"@id":"https:\/\/aeronoticias.com.pe\/noticiero\/#\/schema\/person\/fc1e5d578f4b62ba1cf7ac2bba1170a0"},"description":"Portal de noticias del Per\u00fa sobre el transporte a\u00e9reo, aviaci\u00f3n, turismo, hoteleria, actualidad.","breadcrumb":{"@id":"https:\/\/aeronoticias.com.pe\/noticiero\/internacionales\/chavez-ojala-que-obama-rectifique-a-tiempo-su-politica-que-siguio-con-los-atropellos-hacia-venezuela\/#breadcrumb"},"inLanguage":"es","potentialAction":[{"@type":"ReadAction","target":["https:\/\/aeronoticias.com.pe\/noticiero\/internacionales\/chavez-ojala-que-obama-rectifique-a-tiempo-su-politica-que-siguio-con-los-atropellos-hacia-venezuela\/"]}]},{"@type":"BreadcrumbList","@id":"https:\/\/aeronoticias.com.pe\/noticiero\/internacionales\/chavez-ojala-que-obama-rectifique-a-tiempo-su-politica-que-siguio-con-los-atropellos-hacia-venezuela\/#breadcrumb","itemListElement":[{"@type":"ListItem","position":1,"name":"Portada","item":"https:\/\/aeronoticias.com.pe\/noticiero\/"},{"@type":"ListItem","position":2,"name":"Ch\u00e1vez: Ojal\u00e1 que Obama rectifique a tiempo su pol\u00edtica que sigui\u00f3 con los atropellos hacia Venezuela"}]},{"@type":"WebSite","@id":"https:\/\/aeronoticias.com.pe\/noticiero\/#website","url":"https:\/\/aeronoticias.com.pe\/noticiero\/","name":"Aeronoticias.com.pe","description":"Noticias de tranporte aereo, turismo, hoteles, gastronomia, actualidad, internacional","potentialAction":[{"@type":"SearchAction","target":{"@type":"EntryPoint","urlTemplate":"https:\/\/aeronoticias.com.pe\/noticiero\/?s={search_term_string}"},"query-input":{"@type":"PropertyValueSpecification","valueRequired":true,"valueName":"search_term_string"}}],"inLanguage":"es"},{"@type":"Person","@id":"https:\/\/aeronoticias.com.pe\/noticiero\/#\/schema\/person\/fc1e5d578f4b62ba1cf7ac2bba1170a0","name":"Redacci\u00f3n Aeronoticias","url":"https:\/\/aeronoticias.com.pe\/noticiero\/author\/piloto\/"}]}},"_links":{"self":[{"href":"https:\/\/aeronoticias.com.pe\/noticiero\/wp-json\/wp\/v2\/posts\/8841","targetHints":{"allow":["GET"]}}],"collection":[{"href":"https:\/\/aeronoticias.com.pe\/noticiero\/wp-json\/wp\/v2\/posts"}],"about":[{"href":"https:\/\/aeronoticias.com.pe\/noticiero\/wp-json\/wp\/v2\/types\/post"}],"author":[{"embeddable":true,"href":"https:\/\/aeronoticias.com.pe\/noticiero\/wp-json\/wp\/v2\/users\/1"}],"replies":[{"embeddable":true,"href":"https:\/\/aeronoticias.com.pe\/noticiero\/wp-json\/wp\/v2\/comments?post=8841"}],"version-history":[{"count":0,"href":"https:\/\/aeronoticias.com.pe\/noticiero\/wp-json\/wp\/v2\/posts\/8841\/revisions"}],"wp:attachment":[{"href":"https:\/\/aeronoticias.com.pe\/noticiero\/wp-json\/wp\/v2\/media?parent=8841"}],"wp:term":[{"taxonomy":"category","embeddable":true,"href":"https:\/\/aeronoticias.com.pe\/noticiero\/wp-json\/wp\/v2\/categories?post=8841"},{"taxonomy":"post_tag","embeddable":true,"href":"https:\/\/aeronoticias.com.pe\/noticiero\/wp-json\/wp\/v2\/tags?post=8841"}],"curies":[{"name":"wp","href":"https:\/\/api.w.org\/{rel}","templated":true}]}}