{"id":88429,"date":"2023-12-15T21:39:15","date_gmt":"2023-12-16T02:39:15","guid":{"rendered":"https:\/\/aeronoticias.com.pe\/noticiero\/?p=88429"},"modified":"2023-12-18T19:54:54","modified_gmt":"2023-12-19T00:54:54","slug":"que-es-la-corona-de-adviento-y-como-se-preparan-los-catolicos-para-navidad","status":"publish","type":"post","link":"https:\/\/aeronoticias.com.pe\/noticiero\/cultural\/que-es-la-corona-de-adviento-y-como-se-preparan-los-catolicos-para-navidad\/","title":{"rendered":"\u00bfQu\u00e9 es la Corona de Adviento y c\u00f3mo se preparan los cat\u00f3licos para Navidad?"},"content":{"rendered":"\n<p>(Aeronoticias): La Corona de Adviento es un s\u00edmbolo tradicional utilizado por los cat\u00f3licos durante el tiempo de Adviento, que es el per\u00edodo de preparaci\u00f3n para la Navidad. Consiste en una corona hecha de ramas verdes, generalmente de pino, con cuatro velas colocadas en su interior.<\/p>\n\n\n\n<p>Cada vela representa una de las cuatro semanas de Adviento, y se enciende una vela adicional cada domingo antes de Navidad. Generalmente, tres de las velas son de color morado, simbolizando la penitencia, la preparaci\u00f3n y el sacrificio, mientras que la cuarta vela, encendida en el tercer domingo de Adviento, suele ser de color rosa y representa la alegr\u00eda por la pronta llegada de la Navidad.<\/p>\n\n\n\n<p>Los cat\u00f3licos suelen rezar, reflexionar y meditar durante el tiempo de Adviento, prepar\u00e1ndose espiritualmente para la celebraci\u00f3n del nacimiento de Jes\u00fas en Navidad. Adem\u00e1s de la Corona de Adviento, tambi\u00e9n se realizan otras pr\u00e1cticas como el rezo del Rosario, lecturas b\u00edblicas espec\u00edficas para cada d\u00eda y actos de caridad y solidaridad con los dem\u00e1s, como forma de preparaci\u00f3n espiritual para recibir la Navidad.<\/p>\n\n\n\n<p>Este per\u00edodo es una oportunidad para reflexionar sobre el significado m\u00e1s profundo de la Navidad y para preparar el coraz\u00f3n y el esp\u00edritu para la llegada de Jes\u00fas, fomentando la esperanza, la paz, la alegr\u00eda y el amor entre las personas.<\/p>\n\n\n\n<p><strong>Fuente: El Comercio.<\/strong><\/p>\n","protected":false},"excerpt":{"rendered":"<p>(Aeronoticias): La Corona de Adviento es un s\u00edmbolo tradicional utilizado por los cat\u00f3licos durante el tiempo de Adviento, que es el per\u00edodo de preparaci\u00f3n para la Navidad. Consiste en una corona hecha de ramas verdes, generalmente de pino, con cuatro velas colocadas en su interior. Cada vela representa una de las cuatro semanas de Adviento, [&hellip;]<\/p>\n","protected":false},"author":7,"featured_media":88430,"comment_status":"open","ping_status":"open","sticky":false,"template":"","format":"standard","meta":{"tdm_status":"","tdm_grid_status":"","footnotes":""},"categories":[26,28],"tags":[],"class_list":{"0":"post-88429","1":"post","2":"type-post","3":"status-publish","4":"format-standard","5":"has-post-thumbnail","7":"category-cultural","8":"category-mundo"},"yoast_head":"<!-- This site is optimized with the Yoast SEO plugin v25.1 - https:\/\/yoast.com\/wordpress\/plugins\/seo\/ -->\n<title>\u00bfQu\u00e9 es la Corona de Adviento y c\u00f3mo se preparan los cat\u00f3licos para Navidad?<\/title>\n<meta name=\"description\" content=\"La Corona de Adviento es un s\u00edmbolo tradicional utilizado por los cat\u00f3licos durante el tiempo de Adviento, que es el per\u00edodo de preparaci\u00f3n para la Navidad. Consiste en una corona hecha de ramas verdes, generalmente de pino, con cuatro velas colocadas en su interior.\" \/>\n<meta name=\"robots\" content=\"index, follow, max-snippet:-1, max-image-preview:large, max-video-preview:-1\" \/>\n<link rel=\"canonical\" href=\"https:\/\/aeronoticias.com.pe\/noticiero\/cultural\/que-es-la-corona-de-adviento-y-como-se-preparan-los-catolicos-para-navidad\/\" \/>\n<meta property=\"og:locale\" content=\"es_ES\" \/>\n<meta property=\"og:type\" content=\"article\" \/>\n<meta property=\"og:title\" content=\"\u00bfQu\u00e9 es la Corona de Adviento y c\u00f3mo se preparan los cat\u00f3licos para Navidad?\" \/>\n<meta property=\"og:description\" content=\"La Corona de Adviento es un s\u00edmbolo tradicional utilizado por los cat\u00f3licos durante el tiempo de Adviento, que es el per\u00edodo de preparaci\u00f3n para la Navidad. Consiste en una corona hecha de ramas verdes, generalmente de pino, con cuatro velas colocadas en su interior.\" \/>\n<meta property=\"og:url\" content=\"https:\/\/aeronoticias.com.pe\/noticiero\/cultural\/que-es-la-corona-de-adviento-y-como-se-preparan-los-catolicos-para-navidad\/\" \/>\n<meta property=\"og:site_name\" content=\"Aeronoticias.com.pe\" \/>\n<meta property=\"article:publisher\" content=\"https:\/\/www.facebook.com\/Aeronoticias.com.pe\/\" \/>\n<meta property=\"article:published_time\" content=\"2023-12-16T02:39:15+00:00\" \/>\n<meta property=\"article:modified_time\" content=\"2023-12-19T00:54:54+00:00\" \/>\n<meta property=\"og:image\" content=\"https:\/\/aeronoticias.com.pe\/noticiero\/wp-content\/uploads\/2023\/12\/Captura-de-pantalla-2023-12-15-a-las-9.37.15-p.-m..png\" \/>\n\t<meta property=\"og:image:width\" content=\"434\" \/>\n\t<meta property=\"og:image:height\" content=\"222\" \/>\n\t<meta property=\"og:image:type\" content=\"image\/png\" \/>\n<meta name=\"author\" content=\"sebastian\" \/>\n<meta name=\"twitter:card\" content=\"summary_large_image\" \/>\n<meta name=\"twitter:creator\" content=\"@aeronoticias\" \/>\n<meta name=\"twitter:site\" content=\"@aeronoticias\" \/>\n<meta name=\"twitter:label1\" content=\"Escrito por\" \/>\n\t<meta name=\"twitter:data1\" content=\"sebastian\" \/>\n\t<meta name=\"twitter:label2\" content=\"Tiempo de lectura\" \/>\n\t<meta name=\"twitter:data2\" content=\"1 minuto\" \/>\n<script type=\"application\/ld+json\" class=\"yoast-schema-graph\">{\"@context\":\"https:\/\/schema.org\",\"@graph\":[{\"@type\":\"WebPage\",\"@id\":\"https:\/\/aeronoticias.com.pe\/noticiero\/cultural\/que-es-la-corona-de-adviento-y-como-se-preparan-los-catolicos-para-navidad\/\",\"url\":\"https:\/\/aeronoticias.com.pe\/noticiero\/cultural\/que-es-la-corona-de-adviento-y-como-se-preparan-los-catolicos-para-navidad\/\",\"name\":\"\u00bfQu\u00e9 es la Corona de Adviento y c\u00f3mo se preparan los cat\u00f3licos para Navidad?\",\"isPartOf\":{\"@id\":\"https:\/\/aeronoticias.com.pe\/noticiero\/#website\"},\"primaryImageOfPage\":{\"@id\":\"https:\/\/aeronoticias.com.pe\/noticiero\/cultural\/que-es-la-corona-de-adviento-y-como-se-preparan-los-catolicos-para-navidad\/#primaryimage\"},\"image\":{\"@id\":\"https:\/\/aeronoticias.com.pe\/noticiero\/cultural\/que-es-la-corona-de-adviento-y-como-se-preparan-los-catolicos-para-navidad\/#primaryimage\"},\"thumbnailUrl\":\"https:\/\/aeronoticias.com.pe\/noticiero\/wp-content\/uploads\/2023\/12\/Captura-de-pantalla-2023-12-15-a-las-9.37.15-p.-m..png\",\"datePublished\":\"2023-12-16T02:39:15+00:00\",\"dateModified\":\"2023-12-19T00:54:54+00:00\",\"author\":{\"@id\":\"https:\/\/aeronoticias.com.pe\/noticiero\/#\/schema\/person\/45ec58b0c4aefb9b6ee48f40659be5a3\"},\"description\":\"La Corona de Adviento es un s\u00edmbolo tradicional utilizado por los cat\u00f3licos durante el tiempo de Adviento, que es el per\u00edodo de preparaci\u00f3n para la Navidad. Consiste en una corona hecha de ramas verdes, generalmente de pino, con cuatro velas colocadas en su interior.\",\"breadcrumb\":{\"@id\":\"https:\/\/aeronoticias.com.pe\/noticiero\/cultural\/que-es-la-corona-de-adviento-y-como-se-preparan-los-catolicos-para-navidad\/#breadcrumb\"},\"inLanguage\":\"es\",\"potentialAction\":[{\"@type\":\"ReadAction\",\"target\":[\"https:\/\/aeronoticias.com.pe\/noticiero\/cultural\/que-es-la-corona-de-adviento-y-como-se-preparan-los-catolicos-para-navidad\/\"]}]},{\"@type\":\"ImageObject\",\"inLanguage\":\"es\",\"@id\":\"https:\/\/aeronoticias.com.pe\/noticiero\/cultural\/que-es-la-corona-de-adviento-y-como-se-preparan-los-catolicos-para-navidad\/#primaryimage\",\"url\":\"https:\/\/aeronoticias.com.pe\/noticiero\/wp-content\/uploads\/2023\/12\/Captura-de-pantalla-2023-12-15-a-las-9.37.15-p.-m..png\",\"contentUrl\":\"https:\/\/aeronoticias.com.pe\/noticiero\/wp-content\/uploads\/2023\/12\/Captura-de-pantalla-2023-12-15-a-las-9.37.15-p.-m..png\",\"width\":434,\"height\":222},{\"@type\":\"BreadcrumbList\",\"@id\":\"https:\/\/aeronoticias.com.pe\/noticiero\/cultural\/que-es-la-corona-de-adviento-y-como-se-preparan-los-catolicos-para-navidad\/#breadcrumb\",\"itemListElement\":[{\"@type\":\"ListItem\",\"position\":1,\"name\":\"Portada\",\"item\":\"https:\/\/aeronoticias.com.pe\/noticiero\/\"},{\"@type\":\"ListItem\",\"position\":2,\"name\":\"\u00bfQu\u00e9 es la Corona de Adviento y c\u00f3mo se preparan los cat\u00f3licos para Navidad?\"}]},{\"@type\":\"WebSite\",\"@id\":\"https:\/\/aeronoticias.com.pe\/noticiero\/#website\",\"url\":\"https:\/\/aeronoticias.com.pe\/noticiero\/\",\"name\":\"Aeronoticias.com.pe\",\"description\":\"Noticias de tranporte aereo, turismo, hoteles, gastronomia, actualidad, internacional\",\"potentialAction\":[{\"@type\":\"SearchAction\",\"target\":{\"@type\":\"EntryPoint\",\"urlTemplate\":\"https:\/\/aeronoticias.com.pe\/noticiero\/?s={search_term_string}\"},\"query-input\":{\"@type\":\"PropertyValueSpecification\",\"valueRequired\":true,\"valueName\":\"search_term_string\"}}],\"inLanguage\":\"es\"},{\"@type\":\"Person\",\"@id\":\"https:\/\/aeronoticias.com.pe\/noticiero\/#\/schema\/person\/45ec58b0c4aefb9b6ee48f40659be5a3\",\"name\":\"sebastian\",\"url\":\"https:\/\/aeronoticias.com.pe\/noticiero\/author\/sebastian\/\"}]}<\/script>\n<!-- \/ Yoast SEO plugin. -->","yoast_head_json":{"title":"\u00bfQu\u00e9 es la Corona de Adviento y c\u00f3mo se preparan los cat\u00f3licos para Navidad?","description":"La Corona de Adviento es un s\u00edmbolo tradicional utilizado por los cat\u00f3licos durante el tiempo de Adviento, que es el per\u00edodo de preparaci\u00f3n para la Navidad. Consiste en una corona hecha de ramas verdes, generalmente de pino, con cuatro velas colocadas en su interior.","robots":{"index":"index","follow":"follow","max-snippet":"max-snippet:-1","max-image-preview":"max-image-preview:large","max-video-preview":"max-video-preview:-1"},"canonical":"https:\/\/aeronoticias.com.pe\/noticiero\/cultural\/que-es-la-corona-de-adviento-y-como-se-preparan-los-catolicos-para-navidad\/","og_locale":"es_ES","og_type":"article","og_title":"\u00bfQu\u00e9 es la Corona de Adviento y c\u00f3mo se preparan los cat\u00f3licos para Navidad?","og_description":"La Corona de Adviento es un s\u00edmbolo tradicional utilizado por los cat\u00f3licos durante el tiempo de Adviento, que es el per\u00edodo de preparaci\u00f3n para la Navidad. Consiste en una corona hecha de ramas verdes, generalmente de pino, con cuatro velas colocadas en su interior.","og_url":"https:\/\/aeronoticias.com.pe\/noticiero\/cultural\/que-es-la-corona-de-adviento-y-como-se-preparan-los-catolicos-para-navidad\/","og_site_name":"Aeronoticias.com.pe","article_publisher":"https:\/\/www.facebook.com\/Aeronoticias.com.pe\/","article_published_time":"2023-12-16T02:39:15+00:00","article_modified_time":"2023-12-19T00:54:54+00:00","og_image":[{"width":434,"height":222,"url":"https:\/\/aeronoticias.com.pe\/noticiero\/wp-content\/uploads\/2023\/12\/Captura-de-pantalla-2023-12-15-a-las-9.37.15-p.-m..png","type":"image\/png"}],"author":"sebastian","twitter_card":"summary_large_image","twitter_creator":"@aeronoticias","twitter_site":"@aeronoticias","twitter_misc":{"Escrito por":"sebastian","Tiempo de lectura":"1 minuto"},"schema":{"@context":"https:\/\/schema.org","@graph":[{"@type":"WebPage","@id":"https:\/\/aeronoticias.com.pe\/noticiero\/cultural\/que-es-la-corona-de-adviento-y-como-se-preparan-los-catolicos-para-navidad\/","url":"https:\/\/aeronoticias.com.pe\/noticiero\/cultural\/que-es-la-corona-de-adviento-y-como-se-preparan-los-catolicos-para-navidad\/","name":"\u00bfQu\u00e9 es la Corona de Adviento y c\u00f3mo se preparan los cat\u00f3licos para Navidad?","isPartOf":{"@id":"https:\/\/aeronoticias.com.pe\/noticiero\/#website"},"primaryImageOfPage":{"@id":"https:\/\/aeronoticias.com.pe\/noticiero\/cultural\/que-es-la-corona-de-adviento-y-como-se-preparan-los-catolicos-para-navidad\/#primaryimage"},"image":{"@id":"https:\/\/aeronoticias.com.pe\/noticiero\/cultural\/que-es-la-corona-de-adviento-y-como-se-preparan-los-catolicos-para-navidad\/#primaryimage"},"thumbnailUrl":"https:\/\/aeronoticias.com.pe\/noticiero\/wp-content\/uploads\/2023\/12\/Captura-de-pantalla-2023-12-15-a-las-9.37.15-p.-m..png","datePublished":"2023-12-16T02:39:15+00:00","dateModified":"2023-12-19T00:54:54+00:00","author":{"@id":"https:\/\/aeronoticias.com.pe\/noticiero\/#\/schema\/person\/45ec58b0c4aefb9b6ee48f40659be5a3"},"description":"La Corona de Adviento es un s\u00edmbolo tradicional utilizado por los cat\u00f3licos durante el tiempo de Adviento, que es el per\u00edodo de preparaci\u00f3n para la Navidad. Consiste en una corona hecha de ramas verdes, generalmente de pino, con cuatro velas colocadas en su interior.","breadcrumb":{"@id":"https:\/\/aeronoticias.com.pe\/noticiero\/cultural\/que-es-la-corona-de-adviento-y-como-se-preparan-los-catolicos-para-navidad\/#breadcrumb"},"inLanguage":"es","potentialAction":[{"@type":"ReadAction","target":["https:\/\/aeronoticias.com.pe\/noticiero\/cultural\/que-es-la-corona-de-adviento-y-como-se-preparan-los-catolicos-para-navidad\/"]}]},{"@type":"ImageObject","inLanguage":"es","@id":"https:\/\/aeronoticias.com.pe\/noticiero\/cultural\/que-es-la-corona-de-adviento-y-como-se-preparan-los-catolicos-para-navidad\/#primaryimage","url":"https:\/\/aeronoticias.com.pe\/noticiero\/wp-content\/uploads\/2023\/12\/Captura-de-pantalla-2023-12-15-a-las-9.37.15-p.-m..png","contentUrl":"https:\/\/aeronoticias.com.pe\/noticiero\/wp-content\/uploads\/2023\/12\/Captura-de-pantalla-2023-12-15-a-las-9.37.15-p.-m..png","width":434,"height":222},{"@type":"BreadcrumbList","@id":"https:\/\/aeronoticias.com.pe\/noticiero\/cultural\/que-es-la-corona-de-adviento-y-como-se-preparan-los-catolicos-para-navidad\/#breadcrumb","itemListElement":[{"@type":"ListItem","position":1,"name":"Portada","item":"https:\/\/aeronoticias.com.pe\/noticiero\/"},{"@type":"ListItem","position":2,"name":"\u00bfQu\u00e9 es la Corona de Adviento y c\u00f3mo se preparan los cat\u00f3licos para Navidad?"}]},{"@type":"WebSite","@id":"https:\/\/aeronoticias.com.pe\/noticiero\/#website","url":"https:\/\/aeronoticias.com.pe\/noticiero\/","name":"Aeronoticias.com.pe","description":"Noticias de tranporte aereo, turismo, hoteles, gastronomia, actualidad, internacional","potentialAction":[{"@type":"SearchAction","target":{"@type":"EntryPoint","urlTemplate":"https:\/\/aeronoticias.com.pe\/noticiero\/?s={search_term_string}"},"query-input":{"@type":"PropertyValueSpecification","valueRequired":true,"valueName":"search_term_string"}}],"inLanguage":"es"},{"@type":"Person","@id":"https:\/\/aeronoticias.com.pe\/noticiero\/#\/schema\/person\/45ec58b0c4aefb9b6ee48f40659be5a3","name":"sebastian","url":"https:\/\/aeronoticias.com.pe\/noticiero\/author\/sebastian\/"}]}},"_links":{"self":[{"href":"https:\/\/aeronoticias.com.pe\/noticiero\/wp-json\/wp\/v2\/posts\/88429","targetHints":{"allow":["GET"]}}],"collection":[{"href":"https:\/\/aeronoticias.com.pe\/noticiero\/wp-json\/wp\/v2\/posts"}],"about":[{"href":"https:\/\/aeronoticias.com.pe\/noticiero\/wp-json\/wp\/v2\/types\/post"}],"author":[{"embeddable":true,"href":"https:\/\/aeronoticias.com.pe\/noticiero\/wp-json\/wp\/v2\/users\/7"}],"replies":[{"embeddable":true,"href":"https:\/\/aeronoticias.com.pe\/noticiero\/wp-json\/wp\/v2\/comments?post=88429"}],"version-history":[{"count":0,"href":"https:\/\/aeronoticias.com.pe\/noticiero\/wp-json\/wp\/v2\/posts\/88429\/revisions"}],"wp:featuredmedia":[{"embeddable":true,"href":"https:\/\/aeronoticias.com.pe\/noticiero\/wp-json\/wp\/v2\/media\/88430"}],"wp:attachment":[{"href":"https:\/\/aeronoticias.com.pe\/noticiero\/wp-json\/wp\/v2\/media?parent=88429"}],"wp:term":[{"taxonomy":"category","embeddable":true,"href":"https:\/\/aeronoticias.com.pe\/noticiero\/wp-json\/wp\/v2\/categories?post=88429"},{"taxonomy":"post_tag","embeddable":true,"href":"https:\/\/aeronoticias.com.pe\/noticiero\/wp-json\/wp\/v2\/tags?post=88429"}],"curies":[{"name":"wp","href":"https:\/\/api.w.org\/{rel}","templated":true}]}}