{"id":8843,"date":"2010-02-11T15:08:20","date_gmt":"2010-02-11T15:08:20","guid":{"rendered":"http:\/\/desarrollo.mcvicious.com\/aero2020\/2010\/02\/11\/polemica-presidente-irani-dice-que-iran-ya-tiene-primer-paquete-de-uranio-enriquecido-al-20-por-ciento\/"},"modified":"2010-02-11T15:08:20","modified_gmt":"2010-02-11T15:08:20","slug":"polemica-presidente-irani-dice-que-iran-ya-tiene-primer-paquete-de-uranio-enriquecido-al-20-por-ciento","status":"publish","type":"post","link":"https:\/\/aeronoticias.com.pe\/noticiero\/ultimas\/1\/polemica-presidente-irani-dice-que-iran-ya-tiene-primer-paquete-de-uranio-enriquecido-al-20-por-ciento\/","title":{"rendered":"Pol\u00e9mica: Presidente iran\u00ed dice que Ir\u00e1n ya tiene primer paquete de uranio enriquecido al 20 por ciento"},"content":{"rendered":"<div style=\"text-align: justify\">Seg\u00fan inform\u00f3 el presidente iran\u00ed Mahmoud Ahmadineyad, en un pol\u00e9mico anuncio que ha desatado todas las alarmas internacionales este jueves, afirm\u00f3 que Ir\u00e1n ha producido su primer paquete de uranio enriquecido al 20 por ciento, seg\u00fan asever\u00f3 ese trabajo -de enriquecimiento-continuar\u00e1 hasta que se satisfagan las necesidades del pa\u00eds\u00bb, afirm\u00f3 Ahmadineyad, a\u00f1adiendo que, \u00aben el futuro, la producci\u00f3n diaria (de uranio enriquecido al 20 por ciento) se triplicar\u00e1\u00bb.<\/div>\n<div style=\"text-align: justify\"><\/div>\n<div style=\"text-align: justify\">\u00abEl primer paquete de uranio enriquecido al 20 por ciento ya ha sido producido\u00bb, dijo el presidente iran\u00ed en Teher\u00e1n, al tiempo que denunciaba los intentos de Occidente de desanimar a Teher\u00e1n en su plan para enriquecer uranio hasta un nivel superior, el presidente iran\u00ed dijo: \u00abAlgunos de ellos han dicho que no produzcamos radiomedicina. Dicen que nos la vender\u00e1n&#8230; (pero) nosotros decimos que produciremos la medicina y vosotros nos la comprar\u00e9is\u00bb.<\/div>\n<div style=\"text-align: justify\">\n<div style=\"text-align: center\"><img decoding=\"async\" src=\"images\/stories\/10\/02\/110210\/iran.jpg\" border=\"0\" alt=\" Pol\u00e9mica: Presidente iran\u00ed dice que Ir\u00e1n ya tiene primer paquete de uranio enriquecido al 20 por ciento \" title=\" Pol\u00e9mica: Presidente iran\u00ed dice que Ir\u00e1n ya tiene primer paquete de uranio enriquecido al 20 por ciento \" \/><\/div>\n<\/div>\n<div style=\"text-align: justify\">\u00abJusto ahora en Natanz (instalaciones para el enriquecimiento) tenemos la capacidad de enriquecer (uranio) al 20 y al 80 por ciento, pero como no lo necesitamos, no lo enriquecemos (hasta ese nivel)\u00bb, agreg\u00f3.<\/div>\n<div style=\"text-align: justify\"><\/div>\n<div style=\"text-align: justify\">El presidente iran\u00ed descart\u00f3 las denuncias occidentales de que su programa nuclear puede terminar en el desarrollo de bombas nucleares. \u00abTodas nuestras instalaciones (nucleares) son transparentes y est\u00e1n bajo la supervisi\u00f3n de la Agencia Internacional para la Energ\u00eda At\u00f3mica (AIEA)\u00bb, dijo Ahmadineyad, a\u00f1adiendo que \u00abnosotros no fabricamos bombas&#8230; Si nuestra naci\u00f3n desease fabricar bombas, tendr\u00eda el coraje de anunciarlo p\u00fablicamente y lo har\u00eda sin teneros miedo\u00bb.<\/div>\n<div style=\"text-align: justify\"><\/div>\n<div style=\"text-align: justify\"><strong>Aeronoticias <\/strong>considera que todas las alarmas internacionales han sonado en un contexto en el que se tiene que evaluar cuidadosamente como la comunidad internacional tiene que responder en un contexto en el que Ir\u00e1n esta abiertamente produciendo material vital para bombas at\u00f3micas, y por ende proclamando un armamentismo militar hacia el mundo, hecho que se tiene que considerar y valorar con la peligrosidad como la que bombas de este tipo requieren. Cabe resaltar que Ahmadineyad, quien pronunci\u00f3 un discurso en la Plaza Azadi de Teher\u00e1n, tambi\u00e9n enumer\u00f3 una serie de logros del gobierno iran\u00ed y critic\u00f3 fervorosamente las pol\u00edticas occidentales.<\/div>\n<div style=\"text-align: justify\"><\/div>\n<div style=\"text-align: justify\">Cientos de miles de iran\u00edes con banderas y pancartas de apoyo al r\u00e9gimen isl\u00e1mico celebraron este jueves el trig\u00e9simo primer aniversario de la Revoluci\u00f3n Isl\u00e1mica.<\/div>\n<div style=\"text-align: justify\"><\/div>\n","protected":false},"excerpt":{"rendered":"<p>Seg\u00fan inform\u00f3 el presidente iran\u00ed Mahmoud Ahmadineyad, en un pol\u00e9mico anuncio que ha desatado todas las alarmas internacionales este jueves, afirm\u00f3 que Ir\u00e1n ha producido su primer paquete de uranio enriquecido al 20 por ciento, seg\u00fan asever\u00f3 ese trabajo -de enriquecimiento-continuar\u00e1 hasta que se satisfagan las necesidades del pa\u00eds\u00bb, afirm\u00f3 Ahmadineyad, a\u00f1adiendo que, \u00aben el [&hellip;]<\/p>\n","protected":false},"author":1,"featured_media":0,"comment_status":"open","ping_status":"open","sticky":false,"template":"","format":"standard","meta":{"tdm_status":"","tdm_grid_status":"","footnotes":""},"categories":[30],"tags":[],"class_list":{"0":"post-8843","1":"post","2":"type-post","3":"status-publish","4":"format-standard","6":"category-30"},"yoast_head":"<!-- This site is optimized with the Yoast SEO plugin v25.1 - https:\/\/yoast.com\/wordpress\/plugins\/seo\/ -->\n<title>Pol\u00e9mica: Presidente iran\u00ed dice que Ir\u00e1n ya tiene primer paquete de uranio enriquecido al 20 por ciento<\/title>\n<meta name=\"description\" content=\"Portal de noticias del Per\u00fa sobre el transporte a\u00e9reo, aviaci\u00f3n, turismo, hoteleria, actualidad.\" \/>\n<meta name=\"robots\" content=\"index, follow, max-snippet:-1, max-image-preview:large, max-video-preview:-1\" \/>\n<link rel=\"canonical\" href=\"https:\/\/aeronoticias.com.pe\/noticiero\/ultimas\/1\/polemica-presidente-irani-dice-que-iran-ya-tiene-primer-paquete-de-uranio-enriquecido-al-20-por-ciento\/\" \/>\n<meta property=\"og:locale\" content=\"es_ES\" \/>\n<meta property=\"og:type\" content=\"article\" \/>\n<meta property=\"og:title\" content=\"Pol\u00e9mica: Presidente iran\u00ed dice que Ir\u00e1n ya tiene primer paquete de uranio enriquecido al 20 por ciento\" \/>\n<meta property=\"og:description\" content=\"Portal de noticias del Per\u00fa sobre el transporte a\u00e9reo, aviaci\u00f3n, turismo, hoteleria, actualidad.\" \/>\n<meta property=\"og:url\" content=\"https:\/\/aeronoticias.com.pe\/noticiero\/ultimas\/1\/polemica-presidente-irani-dice-que-iran-ya-tiene-primer-paquete-de-uranio-enriquecido-al-20-por-ciento\/\" \/>\n<meta property=\"og:site_name\" content=\"Aeronoticias.com.pe\" \/>\n<meta property=\"article:publisher\" content=\"https:\/\/www.facebook.com\/Aeronoticias.com.pe\/\" \/>\n<meta property=\"article:published_time\" content=\"2010-02-11T15:08:20+00:00\" \/>\n<meta name=\"author\" content=\"Redacci\u00f3n Aeronoticias\" \/>\n<meta name=\"twitter:card\" content=\"summary_large_image\" \/>\n<meta name=\"twitter:creator\" content=\"@aeronoticias\" \/>\n<meta name=\"twitter:site\" content=\"@aeronoticias\" \/>\n<meta name=\"twitter:label1\" content=\"Escrito por\" \/>\n\t<meta name=\"twitter:data1\" content=\"Redacci\u00f3n Aeronoticias\" \/>\n\t<meta name=\"twitter:label2\" content=\"Tiempo de lectura\" \/>\n\t<meta name=\"twitter:data2\" content=\"2 minutos\" \/>\n<script type=\"application\/ld+json\" class=\"yoast-schema-graph\">{\"@context\":\"https:\/\/schema.org\",\"@graph\":[{\"@type\":\"WebPage\",\"@id\":\"https:\/\/aeronoticias.com.pe\/noticiero\/ultimas\/1\/polemica-presidente-irani-dice-que-iran-ya-tiene-primer-paquete-de-uranio-enriquecido-al-20-por-ciento\/\",\"url\":\"https:\/\/aeronoticias.com.pe\/noticiero\/ultimas\/1\/polemica-presidente-irani-dice-que-iran-ya-tiene-primer-paquete-de-uranio-enriquecido-al-20-por-ciento\/\",\"name\":\"Pol\u00e9mica: Presidente iran\u00ed dice que Ir\u00e1n ya tiene primer paquete de uranio enriquecido al 20 por ciento\",\"isPartOf\":{\"@id\":\"https:\/\/aeronoticias.com.pe\/noticiero\/#website\"},\"datePublished\":\"2010-02-11T15:08:20+00:00\",\"author\":{\"@id\":\"https:\/\/aeronoticias.com.pe\/noticiero\/#\/schema\/person\/fc1e5d578f4b62ba1cf7ac2bba1170a0\"},\"description\":\"Portal de noticias del Per\u00fa sobre el transporte a\u00e9reo, aviaci\u00f3n, turismo, hoteleria, actualidad.\",\"breadcrumb\":{\"@id\":\"https:\/\/aeronoticias.com.pe\/noticiero\/ultimas\/1\/polemica-presidente-irani-dice-que-iran-ya-tiene-primer-paquete-de-uranio-enriquecido-al-20-por-ciento\/#breadcrumb\"},\"inLanguage\":\"es\",\"potentialAction\":[{\"@type\":\"ReadAction\",\"target\":[\"https:\/\/aeronoticias.com.pe\/noticiero\/ultimas\/1\/polemica-presidente-irani-dice-que-iran-ya-tiene-primer-paquete-de-uranio-enriquecido-al-20-por-ciento\/\"]}]},{\"@type\":\"BreadcrumbList\",\"@id\":\"https:\/\/aeronoticias.com.pe\/noticiero\/ultimas\/1\/polemica-presidente-irani-dice-que-iran-ya-tiene-primer-paquete-de-uranio-enriquecido-al-20-por-ciento\/#breadcrumb\",\"itemListElement\":[{\"@type\":\"ListItem\",\"position\":1,\"name\":\"Portada\",\"item\":\"https:\/\/aeronoticias.com.pe\/noticiero\/\"},{\"@type\":\"ListItem\",\"position\":2,\"name\":\"Pol\u00e9mica: Presidente iran\u00ed dice que Ir\u00e1n ya tiene primer paquete de uranio enriquecido al 20 por ciento\"}]},{\"@type\":\"WebSite\",\"@id\":\"https:\/\/aeronoticias.com.pe\/noticiero\/#website\",\"url\":\"https:\/\/aeronoticias.com.pe\/noticiero\/\",\"name\":\"Aeronoticias.com.pe\",\"description\":\"Noticias de tranporte aereo, turismo, hoteles, gastronomia, actualidad, internacional\",\"potentialAction\":[{\"@type\":\"SearchAction\",\"target\":{\"@type\":\"EntryPoint\",\"urlTemplate\":\"https:\/\/aeronoticias.com.pe\/noticiero\/?s={search_term_string}\"},\"query-input\":{\"@type\":\"PropertyValueSpecification\",\"valueRequired\":true,\"valueName\":\"search_term_string\"}}],\"inLanguage\":\"es\"},{\"@type\":\"Person\",\"@id\":\"https:\/\/aeronoticias.com.pe\/noticiero\/#\/schema\/person\/fc1e5d578f4b62ba1cf7ac2bba1170a0\",\"name\":\"Redacci\u00f3n Aeronoticias\",\"url\":\"https:\/\/aeronoticias.com.pe\/noticiero\/author\/piloto\/\"}]}<\/script>\n<!-- \/ Yoast SEO plugin. -->","yoast_head_json":{"title":"Pol\u00e9mica: Presidente iran\u00ed dice que Ir\u00e1n ya tiene primer paquete de uranio enriquecido al 20 por ciento","description":"Portal de noticias del Per\u00fa sobre el transporte a\u00e9reo, aviaci\u00f3n, turismo, hoteleria, actualidad.","robots":{"index":"index","follow":"follow","max-snippet":"max-snippet:-1","max-image-preview":"max-image-preview:large","max-video-preview":"max-video-preview:-1"},"canonical":"https:\/\/aeronoticias.com.pe\/noticiero\/ultimas\/1\/polemica-presidente-irani-dice-que-iran-ya-tiene-primer-paquete-de-uranio-enriquecido-al-20-por-ciento\/","og_locale":"es_ES","og_type":"article","og_title":"Pol\u00e9mica: Presidente iran\u00ed dice que Ir\u00e1n ya tiene primer paquete de uranio enriquecido al 20 por ciento","og_description":"Portal de noticias del Per\u00fa sobre el transporte a\u00e9reo, aviaci\u00f3n, turismo, hoteleria, actualidad.","og_url":"https:\/\/aeronoticias.com.pe\/noticiero\/ultimas\/1\/polemica-presidente-irani-dice-que-iran-ya-tiene-primer-paquete-de-uranio-enriquecido-al-20-por-ciento\/","og_site_name":"Aeronoticias.com.pe","article_publisher":"https:\/\/www.facebook.com\/Aeronoticias.com.pe\/","article_published_time":"2010-02-11T15:08:20+00:00","author":"Redacci\u00f3n Aeronoticias","twitter_card":"summary_large_image","twitter_creator":"@aeronoticias","twitter_site":"@aeronoticias","twitter_misc":{"Escrito por":"Redacci\u00f3n Aeronoticias","Tiempo de lectura":"2 minutos"},"schema":{"@context":"https:\/\/schema.org","@graph":[{"@type":"WebPage","@id":"https:\/\/aeronoticias.com.pe\/noticiero\/ultimas\/1\/polemica-presidente-irani-dice-que-iran-ya-tiene-primer-paquete-de-uranio-enriquecido-al-20-por-ciento\/","url":"https:\/\/aeronoticias.com.pe\/noticiero\/ultimas\/1\/polemica-presidente-irani-dice-que-iran-ya-tiene-primer-paquete-de-uranio-enriquecido-al-20-por-ciento\/","name":"Pol\u00e9mica: Presidente iran\u00ed dice que Ir\u00e1n ya tiene primer paquete de uranio enriquecido al 20 por ciento","isPartOf":{"@id":"https:\/\/aeronoticias.com.pe\/noticiero\/#website"},"datePublished":"2010-02-11T15:08:20+00:00","author":{"@id":"https:\/\/aeronoticias.com.pe\/noticiero\/#\/schema\/person\/fc1e5d578f4b62ba1cf7ac2bba1170a0"},"description":"Portal de noticias del Per\u00fa sobre el transporte a\u00e9reo, aviaci\u00f3n, turismo, hoteleria, actualidad.","breadcrumb":{"@id":"https:\/\/aeronoticias.com.pe\/noticiero\/ultimas\/1\/polemica-presidente-irani-dice-que-iran-ya-tiene-primer-paquete-de-uranio-enriquecido-al-20-por-ciento\/#breadcrumb"},"inLanguage":"es","potentialAction":[{"@type":"ReadAction","target":["https:\/\/aeronoticias.com.pe\/noticiero\/ultimas\/1\/polemica-presidente-irani-dice-que-iran-ya-tiene-primer-paquete-de-uranio-enriquecido-al-20-por-ciento\/"]}]},{"@type":"BreadcrumbList","@id":"https:\/\/aeronoticias.com.pe\/noticiero\/ultimas\/1\/polemica-presidente-irani-dice-que-iran-ya-tiene-primer-paquete-de-uranio-enriquecido-al-20-por-ciento\/#breadcrumb","itemListElement":[{"@type":"ListItem","position":1,"name":"Portada","item":"https:\/\/aeronoticias.com.pe\/noticiero\/"},{"@type":"ListItem","position":2,"name":"Pol\u00e9mica: Presidente iran\u00ed dice que Ir\u00e1n ya tiene primer paquete de uranio enriquecido al 20 por ciento"}]},{"@type":"WebSite","@id":"https:\/\/aeronoticias.com.pe\/noticiero\/#website","url":"https:\/\/aeronoticias.com.pe\/noticiero\/","name":"Aeronoticias.com.pe","description":"Noticias de tranporte aereo, turismo, hoteles, gastronomia, actualidad, internacional","potentialAction":[{"@type":"SearchAction","target":{"@type":"EntryPoint","urlTemplate":"https:\/\/aeronoticias.com.pe\/noticiero\/?s={search_term_string}"},"query-input":{"@type":"PropertyValueSpecification","valueRequired":true,"valueName":"search_term_string"}}],"inLanguage":"es"},{"@type":"Person","@id":"https:\/\/aeronoticias.com.pe\/noticiero\/#\/schema\/person\/fc1e5d578f4b62ba1cf7ac2bba1170a0","name":"Redacci\u00f3n Aeronoticias","url":"https:\/\/aeronoticias.com.pe\/noticiero\/author\/piloto\/"}]}},"_links":{"self":[{"href":"https:\/\/aeronoticias.com.pe\/noticiero\/wp-json\/wp\/v2\/posts\/8843","targetHints":{"allow":["GET"]}}],"collection":[{"href":"https:\/\/aeronoticias.com.pe\/noticiero\/wp-json\/wp\/v2\/posts"}],"about":[{"href":"https:\/\/aeronoticias.com.pe\/noticiero\/wp-json\/wp\/v2\/types\/post"}],"author":[{"embeddable":true,"href":"https:\/\/aeronoticias.com.pe\/noticiero\/wp-json\/wp\/v2\/users\/1"}],"replies":[{"embeddable":true,"href":"https:\/\/aeronoticias.com.pe\/noticiero\/wp-json\/wp\/v2\/comments?post=8843"}],"version-history":[{"count":0,"href":"https:\/\/aeronoticias.com.pe\/noticiero\/wp-json\/wp\/v2\/posts\/8843\/revisions"}],"wp:attachment":[{"href":"https:\/\/aeronoticias.com.pe\/noticiero\/wp-json\/wp\/v2\/media?parent=8843"}],"wp:term":[{"taxonomy":"category","embeddable":true,"href":"https:\/\/aeronoticias.com.pe\/noticiero\/wp-json\/wp\/v2\/categories?post=8843"},{"taxonomy":"post_tag","embeddable":true,"href":"https:\/\/aeronoticias.com.pe\/noticiero\/wp-json\/wp\/v2\/tags?post=8843"}],"curies":[{"name":"wp","href":"https:\/\/api.w.org\/{rel}","templated":true}]}}