{"id":88435,"date":"2023-12-15T21:46:32","date_gmt":"2023-12-16T02:46:32","guid":{"rendered":"https:\/\/aeronoticias.com.pe\/noticiero\/?p=88435"},"modified":"2023-12-18T19:55:33","modified_gmt":"2023-12-19T00:55:33","slug":"en-que-parte-de-sudamerica-consumen-mas-paneton","status":"publish","type":"post","link":"https:\/\/aeronoticias.com.pe\/noticiero\/mundo\/en-que-parte-de-sudamerica-consumen-mas-paneton\/","title":{"rendered":"\u00bfEn qu\u00e9 parte de Sudam\u00e9rica consumen m\u00e1s panet\u00f3n?"},"content":{"rendered":"\n<p><strong>(Aeronoticias): <\/strong>En Sudam\u00e9rica, el consumo de panet\u00f3n, ese delicioso pan dulce de origen italiano, es especialmente alto en Per\u00fa. Esta delicia navide\u00f1a se ha arraigado profundamente en la cultura peruana y se consume de manera significativa durante la temporada navide\u00f1a y hasta bien entrada la \u00e9poca de A\u00f1o Nuevo.<\/p>\n\n\n\n<p>El panet\u00f3n se ha convertido en un elemento fundamental de las celebraciones navide\u00f1as en Per\u00fa. Desde las familias hasta las empresas, regalan y comparten estos panes dulces, a menudo acompa\u00f1ados de una taza de chocolate caliente, caf\u00e9 o t\u00e9.<\/p>\n\n\n\n<p>El pa\u00eds ha desarrollado una amplia variedad de marcas y versiones del panet\u00f3n para satisfacer los diferentes gustos, desde los tradicionales con frutas confitadas y pasas, hasta otros rellenos de chocolate, crema, nueces o con sabores m\u00e1s ex\u00f3ticos.<\/p>\n\n\n\n<p>Aunque el panet\u00f3n se consume en otras partes de Sudam\u00e9rica, como en Chile o Argentina, en t\u00e9rminos de volumen y tradici\u00f3n arraigada en las festividades, Per\u00fa destaca como uno de los lugares donde este postre navide\u00f1o es m\u00e1s apreciado y consumido.<\/p>\n\n\n\n<p><\/p>\n\n\n\n<p><strong>Fuente: El Comercio.<\/strong><\/p>\n","protected":false},"excerpt":{"rendered":"<p>(Aeronoticias): En Sudam\u00e9rica, el consumo de panet\u00f3n, ese delicioso pan dulce de origen italiano, es especialmente alto en Per\u00fa. Esta delicia navide\u00f1a se ha arraigado profundamente en la cultura peruana y se consume de manera significativa durante la temporada navide\u00f1a y hasta bien entrada la \u00e9poca de A\u00f1o Nuevo. El panet\u00f3n se ha convertido en [&hellip;]<\/p>\n","protected":false},"author":7,"featured_media":88437,"comment_status":"open","ping_status":"open","sticky":false,"template":"","format":"standard","meta":{"tdm_status":"","tdm_grid_status":"","footnotes":""},"categories":[28,64],"tags":[],"class_list":{"0":"post-88435","1":"post","2":"type-post","3":"status-publish","4":"format-standard","5":"has-post-thumbnail","7":"category-mundo","8":"category-mundo-mundo"},"yoast_head":"<!-- This site is optimized with the Yoast SEO plugin v25.1 - https:\/\/yoast.com\/wordpress\/plugins\/seo\/ -->\n<title>\u00bfEn qu\u00e9 parte de Sudam\u00e9rica consumen m\u00e1s panet\u00f3n?<\/title>\n<meta name=\"description\" content=\"En Sudam\u00e9rica, el consumo de panet\u00f3n, ese delicioso pan dulce de origen italiano, es especialmente alto en Per\u00fa. Esta delicia navide\u00f1a se ha arraigado profundamente en la cultura peruana y se consume de manera significativa durante la temporada navide\u00f1a y hasta bien entrada la \u00e9poca de A\u00f1o Nuevo.\" \/>\n<meta name=\"robots\" content=\"index, follow, max-snippet:-1, max-image-preview:large, max-video-preview:-1\" \/>\n<link rel=\"canonical\" href=\"https:\/\/aeronoticias.com.pe\/noticiero\/mundo\/en-que-parte-de-sudamerica-consumen-mas-paneton\/\" \/>\n<meta property=\"og:locale\" content=\"es_ES\" \/>\n<meta property=\"og:type\" content=\"article\" \/>\n<meta property=\"og:title\" content=\"\u00bfEn qu\u00e9 parte de Sudam\u00e9rica consumen m\u00e1s panet\u00f3n?\" \/>\n<meta property=\"og:description\" content=\"En Sudam\u00e9rica, el consumo de panet\u00f3n, ese delicioso pan dulce de origen italiano, es especialmente alto en Per\u00fa. Esta delicia navide\u00f1a se ha arraigado profundamente en la cultura peruana y se consume de manera significativa durante la temporada navide\u00f1a y hasta bien entrada la \u00e9poca de A\u00f1o Nuevo.\" \/>\n<meta property=\"og:url\" content=\"https:\/\/aeronoticias.com.pe\/noticiero\/mundo\/en-que-parte-de-sudamerica-consumen-mas-paneton\/\" \/>\n<meta property=\"og:site_name\" content=\"Aeronoticias.com.pe\" \/>\n<meta property=\"article:publisher\" content=\"https:\/\/www.facebook.com\/Aeronoticias.com.pe\/\" \/>\n<meta property=\"article:published_time\" content=\"2023-12-16T02:46:32+00:00\" \/>\n<meta property=\"article:modified_time\" content=\"2023-12-19T00:55:33+00:00\" \/>\n<meta property=\"og:image\" content=\"https:\/\/aeronoticias.com.pe\/noticiero\/wp-content\/uploads\/2023\/12\/Captura-de-pantalla-2023-12-15-a-las-9.43.22-p.-m..png\" \/>\n\t<meta property=\"og:image:width\" content=\"430\" \/>\n\t<meta property=\"og:image:height\" content=\"236\" \/>\n\t<meta property=\"og:image:type\" content=\"image\/png\" \/>\n<meta name=\"author\" content=\"sebastian\" \/>\n<meta name=\"twitter:card\" content=\"summary_large_image\" \/>\n<meta name=\"twitter:creator\" content=\"@aeronoticias\" \/>\n<meta name=\"twitter:site\" content=\"@aeronoticias\" \/>\n<meta name=\"twitter:label1\" content=\"Escrito por\" \/>\n\t<meta name=\"twitter:data1\" content=\"sebastian\" \/>\n\t<meta name=\"twitter:label2\" content=\"Tiempo de lectura\" \/>\n\t<meta name=\"twitter:data2\" content=\"1 minuto\" \/>\n<script type=\"application\/ld+json\" class=\"yoast-schema-graph\">{\"@context\":\"https:\/\/schema.org\",\"@graph\":[{\"@type\":\"WebPage\",\"@id\":\"https:\/\/aeronoticias.com.pe\/noticiero\/mundo\/en-que-parte-de-sudamerica-consumen-mas-paneton\/\",\"url\":\"https:\/\/aeronoticias.com.pe\/noticiero\/mundo\/en-que-parte-de-sudamerica-consumen-mas-paneton\/\",\"name\":\"\u00bfEn qu\u00e9 parte de Sudam\u00e9rica consumen m\u00e1s panet\u00f3n?\",\"isPartOf\":{\"@id\":\"https:\/\/aeronoticias.com.pe\/noticiero\/#website\"},\"primaryImageOfPage\":{\"@id\":\"https:\/\/aeronoticias.com.pe\/noticiero\/mundo\/en-que-parte-de-sudamerica-consumen-mas-paneton\/#primaryimage\"},\"image\":{\"@id\":\"https:\/\/aeronoticias.com.pe\/noticiero\/mundo\/en-que-parte-de-sudamerica-consumen-mas-paneton\/#primaryimage\"},\"thumbnailUrl\":\"https:\/\/aeronoticias.com.pe\/noticiero\/wp-content\/uploads\/2023\/12\/Captura-de-pantalla-2023-12-15-a-las-9.43.22-p.-m..png\",\"datePublished\":\"2023-12-16T02:46:32+00:00\",\"dateModified\":\"2023-12-19T00:55:33+00:00\",\"author\":{\"@id\":\"https:\/\/aeronoticias.com.pe\/noticiero\/#\/schema\/person\/45ec58b0c4aefb9b6ee48f40659be5a3\"},\"description\":\"En Sudam\u00e9rica, el consumo de panet\u00f3n, ese delicioso pan dulce de origen italiano, es especialmente alto en Per\u00fa. Esta delicia navide\u00f1a se ha arraigado profundamente en la cultura peruana y se consume de manera significativa durante la temporada navide\u00f1a y hasta bien entrada la \u00e9poca de A\u00f1o Nuevo.\",\"breadcrumb\":{\"@id\":\"https:\/\/aeronoticias.com.pe\/noticiero\/mundo\/en-que-parte-de-sudamerica-consumen-mas-paneton\/#breadcrumb\"},\"inLanguage\":\"es\",\"potentialAction\":[{\"@type\":\"ReadAction\",\"target\":[\"https:\/\/aeronoticias.com.pe\/noticiero\/mundo\/en-que-parte-de-sudamerica-consumen-mas-paneton\/\"]}]},{\"@type\":\"ImageObject\",\"inLanguage\":\"es\",\"@id\":\"https:\/\/aeronoticias.com.pe\/noticiero\/mundo\/en-que-parte-de-sudamerica-consumen-mas-paneton\/#primaryimage\",\"url\":\"https:\/\/aeronoticias.com.pe\/noticiero\/wp-content\/uploads\/2023\/12\/Captura-de-pantalla-2023-12-15-a-las-9.43.22-p.-m..png\",\"contentUrl\":\"https:\/\/aeronoticias.com.pe\/noticiero\/wp-content\/uploads\/2023\/12\/Captura-de-pantalla-2023-12-15-a-las-9.43.22-p.-m..png\",\"width\":430,\"height\":236},{\"@type\":\"BreadcrumbList\",\"@id\":\"https:\/\/aeronoticias.com.pe\/noticiero\/mundo\/en-que-parte-de-sudamerica-consumen-mas-paneton\/#breadcrumb\",\"itemListElement\":[{\"@type\":\"ListItem\",\"position\":1,\"name\":\"Portada\",\"item\":\"https:\/\/aeronoticias.com.pe\/noticiero\/\"},{\"@type\":\"ListItem\",\"position\":2,\"name\":\"\u00bfEn qu\u00e9 parte de Sudam\u00e9rica consumen m\u00e1s panet\u00f3n?\"}]},{\"@type\":\"WebSite\",\"@id\":\"https:\/\/aeronoticias.com.pe\/noticiero\/#website\",\"url\":\"https:\/\/aeronoticias.com.pe\/noticiero\/\",\"name\":\"Aeronoticias.com.pe\",\"description\":\"Noticias de tranporte aereo, turismo, hoteles, gastronomia, actualidad, internacional\",\"potentialAction\":[{\"@type\":\"SearchAction\",\"target\":{\"@type\":\"EntryPoint\",\"urlTemplate\":\"https:\/\/aeronoticias.com.pe\/noticiero\/?s={search_term_string}\"},\"query-input\":{\"@type\":\"PropertyValueSpecification\",\"valueRequired\":true,\"valueName\":\"search_term_string\"}}],\"inLanguage\":\"es\"},{\"@type\":\"Person\",\"@id\":\"https:\/\/aeronoticias.com.pe\/noticiero\/#\/schema\/person\/45ec58b0c4aefb9b6ee48f40659be5a3\",\"name\":\"sebastian\",\"url\":\"https:\/\/aeronoticias.com.pe\/noticiero\/author\/sebastian\/\"}]}<\/script>\n<!-- \/ Yoast SEO plugin. -->","yoast_head_json":{"title":"\u00bfEn qu\u00e9 parte de Sudam\u00e9rica consumen m\u00e1s panet\u00f3n?","description":"En Sudam\u00e9rica, el consumo de panet\u00f3n, ese delicioso pan dulce de origen italiano, es especialmente alto en Per\u00fa. Esta delicia navide\u00f1a se ha arraigado profundamente en la cultura peruana y se consume de manera significativa durante la temporada navide\u00f1a y hasta bien entrada la \u00e9poca de A\u00f1o Nuevo.","robots":{"index":"index","follow":"follow","max-snippet":"max-snippet:-1","max-image-preview":"max-image-preview:large","max-video-preview":"max-video-preview:-1"},"canonical":"https:\/\/aeronoticias.com.pe\/noticiero\/mundo\/en-que-parte-de-sudamerica-consumen-mas-paneton\/","og_locale":"es_ES","og_type":"article","og_title":"\u00bfEn qu\u00e9 parte de Sudam\u00e9rica consumen m\u00e1s panet\u00f3n?","og_description":"En Sudam\u00e9rica, el consumo de panet\u00f3n, ese delicioso pan dulce de origen italiano, es especialmente alto en Per\u00fa. Esta delicia navide\u00f1a se ha arraigado profundamente en la cultura peruana y se consume de manera significativa durante la temporada navide\u00f1a y hasta bien entrada la \u00e9poca de A\u00f1o Nuevo.","og_url":"https:\/\/aeronoticias.com.pe\/noticiero\/mundo\/en-que-parte-de-sudamerica-consumen-mas-paneton\/","og_site_name":"Aeronoticias.com.pe","article_publisher":"https:\/\/www.facebook.com\/Aeronoticias.com.pe\/","article_published_time":"2023-12-16T02:46:32+00:00","article_modified_time":"2023-12-19T00:55:33+00:00","og_image":[{"width":430,"height":236,"url":"https:\/\/aeronoticias.com.pe\/noticiero\/wp-content\/uploads\/2023\/12\/Captura-de-pantalla-2023-12-15-a-las-9.43.22-p.-m..png","type":"image\/png"}],"author":"sebastian","twitter_card":"summary_large_image","twitter_creator":"@aeronoticias","twitter_site":"@aeronoticias","twitter_misc":{"Escrito por":"sebastian","Tiempo de lectura":"1 minuto"},"schema":{"@context":"https:\/\/schema.org","@graph":[{"@type":"WebPage","@id":"https:\/\/aeronoticias.com.pe\/noticiero\/mundo\/en-que-parte-de-sudamerica-consumen-mas-paneton\/","url":"https:\/\/aeronoticias.com.pe\/noticiero\/mundo\/en-que-parte-de-sudamerica-consumen-mas-paneton\/","name":"\u00bfEn qu\u00e9 parte de Sudam\u00e9rica consumen m\u00e1s panet\u00f3n?","isPartOf":{"@id":"https:\/\/aeronoticias.com.pe\/noticiero\/#website"},"primaryImageOfPage":{"@id":"https:\/\/aeronoticias.com.pe\/noticiero\/mundo\/en-que-parte-de-sudamerica-consumen-mas-paneton\/#primaryimage"},"image":{"@id":"https:\/\/aeronoticias.com.pe\/noticiero\/mundo\/en-que-parte-de-sudamerica-consumen-mas-paneton\/#primaryimage"},"thumbnailUrl":"https:\/\/aeronoticias.com.pe\/noticiero\/wp-content\/uploads\/2023\/12\/Captura-de-pantalla-2023-12-15-a-las-9.43.22-p.-m..png","datePublished":"2023-12-16T02:46:32+00:00","dateModified":"2023-12-19T00:55:33+00:00","author":{"@id":"https:\/\/aeronoticias.com.pe\/noticiero\/#\/schema\/person\/45ec58b0c4aefb9b6ee48f40659be5a3"},"description":"En Sudam\u00e9rica, el consumo de panet\u00f3n, ese delicioso pan dulce de origen italiano, es especialmente alto en Per\u00fa. Esta delicia navide\u00f1a se ha arraigado profundamente en la cultura peruana y se consume de manera significativa durante la temporada navide\u00f1a y hasta bien entrada la \u00e9poca de A\u00f1o Nuevo.","breadcrumb":{"@id":"https:\/\/aeronoticias.com.pe\/noticiero\/mundo\/en-que-parte-de-sudamerica-consumen-mas-paneton\/#breadcrumb"},"inLanguage":"es","potentialAction":[{"@type":"ReadAction","target":["https:\/\/aeronoticias.com.pe\/noticiero\/mundo\/en-que-parte-de-sudamerica-consumen-mas-paneton\/"]}]},{"@type":"ImageObject","inLanguage":"es","@id":"https:\/\/aeronoticias.com.pe\/noticiero\/mundo\/en-que-parte-de-sudamerica-consumen-mas-paneton\/#primaryimage","url":"https:\/\/aeronoticias.com.pe\/noticiero\/wp-content\/uploads\/2023\/12\/Captura-de-pantalla-2023-12-15-a-las-9.43.22-p.-m..png","contentUrl":"https:\/\/aeronoticias.com.pe\/noticiero\/wp-content\/uploads\/2023\/12\/Captura-de-pantalla-2023-12-15-a-las-9.43.22-p.-m..png","width":430,"height":236},{"@type":"BreadcrumbList","@id":"https:\/\/aeronoticias.com.pe\/noticiero\/mundo\/en-que-parte-de-sudamerica-consumen-mas-paneton\/#breadcrumb","itemListElement":[{"@type":"ListItem","position":1,"name":"Portada","item":"https:\/\/aeronoticias.com.pe\/noticiero\/"},{"@type":"ListItem","position":2,"name":"\u00bfEn qu\u00e9 parte de Sudam\u00e9rica consumen m\u00e1s panet\u00f3n?"}]},{"@type":"WebSite","@id":"https:\/\/aeronoticias.com.pe\/noticiero\/#website","url":"https:\/\/aeronoticias.com.pe\/noticiero\/","name":"Aeronoticias.com.pe","description":"Noticias de tranporte aereo, turismo, hoteles, gastronomia, actualidad, internacional","potentialAction":[{"@type":"SearchAction","target":{"@type":"EntryPoint","urlTemplate":"https:\/\/aeronoticias.com.pe\/noticiero\/?s={search_term_string}"},"query-input":{"@type":"PropertyValueSpecification","valueRequired":true,"valueName":"search_term_string"}}],"inLanguage":"es"},{"@type":"Person","@id":"https:\/\/aeronoticias.com.pe\/noticiero\/#\/schema\/person\/45ec58b0c4aefb9b6ee48f40659be5a3","name":"sebastian","url":"https:\/\/aeronoticias.com.pe\/noticiero\/author\/sebastian\/"}]}},"_links":{"self":[{"href":"https:\/\/aeronoticias.com.pe\/noticiero\/wp-json\/wp\/v2\/posts\/88435","targetHints":{"allow":["GET"]}}],"collection":[{"href":"https:\/\/aeronoticias.com.pe\/noticiero\/wp-json\/wp\/v2\/posts"}],"about":[{"href":"https:\/\/aeronoticias.com.pe\/noticiero\/wp-json\/wp\/v2\/types\/post"}],"author":[{"embeddable":true,"href":"https:\/\/aeronoticias.com.pe\/noticiero\/wp-json\/wp\/v2\/users\/7"}],"replies":[{"embeddable":true,"href":"https:\/\/aeronoticias.com.pe\/noticiero\/wp-json\/wp\/v2\/comments?post=88435"}],"version-history":[{"count":0,"href":"https:\/\/aeronoticias.com.pe\/noticiero\/wp-json\/wp\/v2\/posts\/88435\/revisions"}],"wp:featuredmedia":[{"embeddable":true,"href":"https:\/\/aeronoticias.com.pe\/noticiero\/wp-json\/wp\/v2\/media\/88437"}],"wp:attachment":[{"href":"https:\/\/aeronoticias.com.pe\/noticiero\/wp-json\/wp\/v2\/media?parent=88435"}],"wp:term":[{"taxonomy":"category","embeddable":true,"href":"https:\/\/aeronoticias.com.pe\/noticiero\/wp-json\/wp\/v2\/categories?post=88435"},{"taxonomy":"post_tag","embeddable":true,"href":"https:\/\/aeronoticias.com.pe\/noticiero\/wp-json\/wp\/v2\/tags?post=88435"}],"curies":[{"name":"wp","href":"https:\/\/api.w.org\/{rel}","templated":true}]}}