{"id":8845,"date":"2010-02-11T15:10:17","date_gmt":"2010-02-11T15:10:17","guid":{"rendered":"http:\/\/desarrollo.mcvicious.com\/aero2020\/2010\/02\/11\/madonna-estuvo-en-brasil-y-prometio-ayuda-para-chicos-pobres\/"},"modified":"2010-02-11T15:10:17","modified_gmt":"2010-02-11T15:10:17","slug":"madonna-estuvo-en-brasil-y-prometio-ayuda-para-chicos-pobres","status":"publish","type":"post","link":"https:\/\/aeronoticias.com.pe\/noticiero\/espectaculos\/madonna-estuvo-en-brasil-y-prometio-ayuda-para-chicos-pobres\/","title":{"rendered":"Madonna estuvo en Brasil y prometi\u00f3 ayuda para chicos pobres"},"content":{"rendered":"<div style=\"text-align: justify\">La cantante se reuni\u00f3 con el gobernador de San Pablo, Jos\u00e9 Serra, a quien prometi\u00f3 analizar la apertura de espacios para la ONG que preside la diva del pop, \u00abSucces for the kids\u00bb.\u00a0De acuerdo con el gobierno paulista, asesores de la artista fueron quienes solicitaron el encuentro, para proponer actividades sociales patrocinadas por la cantante en San Pablo, seg\u00fan despacho de la agencia italiana Ansa.<\/div>\n<div style=\"text-align: justify\"><\/div>\n<div style=\"text-align: justify\">\u00abElla (Madonna) vino a ofrecer un trabajo en el \u00e1rea social, que es el programa para ni\u00f1os, Succes for the Kids, que atiende a 25.000 peque\u00f1os, de entre 8 y 12 a\u00f1os, en el mundo entero\u00bb, relat\u00f3 el gobernador, de la Social Democracia Brasile\u00f1a, tras su cita con Madonna.\u00a0Serra se mostr\u00f3 entusiasmado con la idea y afirm\u00f3 que en esa direcci\u00f3n habr\u00e1 una nueva reuni\u00f3n con asesores de la artista, en fecha a\u00fan sin definir.<\/div>\n<div style=\"text-align: justify\">\n<div style=\"text-align: center\"><img decoding=\"async\" src=\"images\/stories\/10\/02\/110210\/maddona.jpg\" border=\"0\" alt=\"Madonna estuvo en Brasil y prometi\u00f3 ayuda para chicos pobres\" title=\"Madonna estuvo en Brasil y prometi\u00f3 ayuda para chicos pobres\" \/><\/div>\n<\/div>\n<div style=\"text-align: justify\">El gobernador tambi\u00e9n cont\u00f3 a la prensa local que, durante la cita, la cantante fue consultada sobre qu\u00e9 considera como m\u00e1s importante en su vida.\u00a0\u00abElla dijo: \u2019Yo quiero ayudar a la humanidad, sobre todo a los ni\u00f1os\u2019. Pareci\u00f3 muy sincera y empe\u00f1ada al respecto\u00bb, asegur\u00f3 Serra.\u00a0Madonna est\u00e1 en Rio de Janeiro, donde asistir\u00e1 a los desfiles de las escuelas de samba en el Carnaval.<\/div>\n","protected":false},"excerpt":{"rendered":"<p>La cantante se reuni\u00f3 con el gobernador de San Pablo, Jos\u00e9 Serra, a quien prometi\u00f3 analizar la apertura de espacios para la ONG que preside la diva del pop, \u00abSucces for the kids\u00bb.\u00a0De acuerdo con el gobierno paulista, asesores de la artista fueron quienes solicitaron el encuentro, para proponer actividades sociales patrocinadas por la cantante [&hellip;]<\/p>\n","protected":false},"author":1,"featured_media":0,"comment_status":"open","ping_status":"open","sticky":false,"template":"","format":"standard","meta":{"tdm_status":"","tdm_grid_status":"","footnotes":""},"categories":[41],"tags":[],"class_list":{"0":"post-8845","1":"post","2":"type-post","3":"status-publish","4":"format-standard","6":"category-espectaculos"},"yoast_head":"<!-- This site is optimized with the Yoast SEO plugin v25.1 - https:\/\/yoast.com\/wordpress\/plugins\/seo\/ -->\n<title>Madonna estuvo en Brasil y prometi\u00f3 ayuda para chicos pobres<\/title>\n<meta name=\"description\" content=\"Portal de noticias del Per\u00fa sobre el transporte a\u00e9reo, aviaci\u00f3n, turismo, hoteleria, actualidad.\" \/>\n<meta name=\"robots\" content=\"index, follow, max-snippet:-1, max-image-preview:large, max-video-preview:-1\" \/>\n<link rel=\"canonical\" href=\"https:\/\/aeronoticias.com.pe\/noticiero\/espectaculos\/madonna-estuvo-en-brasil-y-prometio-ayuda-para-chicos-pobres\/\" \/>\n<meta property=\"og:locale\" content=\"es_ES\" \/>\n<meta property=\"og:type\" content=\"article\" \/>\n<meta property=\"og:title\" content=\"Madonna estuvo en Brasil y prometi\u00f3 ayuda para chicos pobres\" \/>\n<meta property=\"og:description\" content=\"Portal de noticias del Per\u00fa sobre el transporte a\u00e9reo, aviaci\u00f3n, turismo, hoteleria, actualidad.\" \/>\n<meta property=\"og:url\" content=\"https:\/\/aeronoticias.com.pe\/noticiero\/espectaculos\/madonna-estuvo-en-brasil-y-prometio-ayuda-para-chicos-pobres\/\" \/>\n<meta property=\"og:site_name\" content=\"Aeronoticias.com.pe\" \/>\n<meta property=\"article:publisher\" content=\"https:\/\/www.facebook.com\/Aeronoticias.com.pe\/\" \/>\n<meta property=\"article:published_time\" content=\"2010-02-11T15:10:17+00:00\" \/>\n<meta name=\"author\" content=\"Redacci\u00f3n Aeronoticias\" \/>\n<meta name=\"twitter:card\" content=\"summary_large_image\" \/>\n<meta name=\"twitter:creator\" content=\"@aeronoticias\" \/>\n<meta name=\"twitter:site\" content=\"@aeronoticias\" \/>\n<meta name=\"twitter:label1\" content=\"Escrito por\" \/>\n\t<meta name=\"twitter:data1\" content=\"Redacci\u00f3n Aeronoticias\" \/>\n\t<meta name=\"twitter:label2\" content=\"Tiempo de lectura\" \/>\n\t<meta name=\"twitter:data2\" content=\"1 minuto\" \/>\n<script type=\"application\/ld+json\" class=\"yoast-schema-graph\">{\"@context\":\"https:\/\/schema.org\",\"@graph\":[{\"@type\":\"WebPage\",\"@id\":\"https:\/\/aeronoticias.com.pe\/noticiero\/espectaculos\/madonna-estuvo-en-brasil-y-prometio-ayuda-para-chicos-pobres\/\",\"url\":\"https:\/\/aeronoticias.com.pe\/noticiero\/espectaculos\/madonna-estuvo-en-brasil-y-prometio-ayuda-para-chicos-pobres\/\",\"name\":\"Madonna estuvo en Brasil y prometi\u00f3 ayuda para chicos pobres\",\"isPartOf\":{\"@id\":\"https:\/\/aeronoticias.com.pe\/noticiero\/#website\"},\"datePublished\":\"2010-02-11T15:10:17+00:00\",\"author\":{\"@id\":\"https:\/\/aeronoticias.com.pe\/noticiero\/#\/schema\/person\/fc1e5d578f4b62ba1cf7ac2bba1170a0\"},\"description\":\"Portal de noticias del Per\u00fa sobre el transporte a\u00e9reo, aviaci\u00f3n, turismo, hoteleria, actualidad.\",\"breadcrumb\":{\"@id\":\"https:\/\/aeronoticias.com.pe\/noticiero\/espectaculos\/madonna-estuvo-en-brasil-y-prometio-ayuda-para-chicos-pobres\/#breadcrumb\"},\"inLanguage\":\"es\",\"potentialAction\":[{\"@type\":\"ReadAction\",\"target\":[\"https:\/\/aeronoticias.com.pe\/noticiero\/espectaculos\/madonna-estuvo-en-brasil-y-prometio-ayuda-para-chicos-pobres\/\"]}]},{\"@type\":\"BreadcrumbList\",\"@id\":\"https:\/\/aeronoticias.com.pe\/noticiero\/espectaculos\/madonna-estuvo-en-brasil-y-prometio-ayuda-para-chicos-pobres\/#breadcrumb\",\"itemListElement\":[{\"@type\":\"ListItem\",\"position\":1,\"name\":\"Portada\",\"item\":\"https:\/\/aeronoticias.com.pe\/noticiero\/\"},{\"@type\":\"ListItem\",\"position\":2,\"name\":\"Madonna estuvo en Brasil y prometi\u00f3 ayuda para chicos pobres\"}]},{\"@type\":\"WebSite\",\"@id\":\"https:\/\/aeronoticias.com.pe\/noticiero\/#website\",\"url\":\"https:\/\/aeronoticias.com.pe\/noticiero\/\",\"name\":\"Aeronoticias.com.pe\",\"description\":\"Noticias de tranporte aereo, turismo, hoteles, gastronomia, actualidad, internacional\",\"potentialAction\":[{\"@type\":\"SearchAction\",\"target\":{\"@type\":\"EntryPoint\",\"urlTemplate\":\"https:\/\/aeronoticias.com.pe\/noticiero\/?s={search_term_string}\"},\"query-input\":{\"@type\":\"PropertyValueSpecification\",\"valueRequired\":true,\"valueName\":\"search_term_string\"}}],\"inLanguage\":\"es\"},{\"@type\":\"Person\",\"@id\":\"https:\/\/aeronoticias.com.pe\/noticiero\/#\/schema\/person\/fc1e5d578f4b62ba1cf7ac2bba1170a0\",\"name\":\"Redacci\u00f3n Aeronoticias\",\"url\":\"https:\/\/aeronoticias.com.pe\/noticiero\/author\/piloto\/\"}]}<\/script>\n<!-- \/ Yoast SEO plugin. -->","yoast_head_json":{"title":"Madonna estuvo en Brasil y prometi\u00f3 ayuda para chicos pobres","description":"Portal de noticias del Per\u00fa sobre el transporte a\u00e9reo, aviaci\u00f3n, turismo, hoteleria, actualidad.","robots":{"index":"index","follow":"follow","max-snippet":"max-snippet:-1","max-image-preview":"max-image-preview:large","max-video-preview":"max-video-preview:-1"},"canonical":"https:\/\/aeronoticias.com.pe\/noticiero\/espectaculos\/madonna-estuvo-en-brasil-y-prometio-ayuda-para-chicos-pobres\/","og_locale":"es_ES","og_type":"article","og_title":"Madonna estuvo en Brasil y prometi\u00f3 ayuda para chicos pobres","og_description":"Portal de noticias del Per\u00fa sobre el transporte a\u00e9reo, aviaci\u00f3n, turismo, hoteleria, actualidad.","og_url":"https:\/\/aeronoticias.com.pe\/noticiero\/espectaculos\/madonna-estuvo-en-brasil-y-prometio-ayuda-para-chicos-pobres\/","og_site_name":"Aeronoticias.com.pe","article_publisher":"https:\/\/www.facebook.com\/Aeronoticias.com.pe\/","article_published_time":"2010-02-11T15:10:17+00:00","author":"Redacci\u00f3n Aeronoticias","twitter_card":"summary_large_image","twitter_creator":"@aeronoticias","twitter_site":"@aeronoticias","twitter_misc":{"Escrito por":"Redacci\u00f3n Aeronoticias","Tiempo de lectura":"1 minuto"},"schema":{"@context":"https:\/\/schema.org","@graph":[{"@type":"WebPage","@id":"https:\/\/aeronoticias.com.pe\/noticiero\/espectaculos\/madonna-estuvo-en-brasil-y-prometio-ayuda-para-chicos-pobres\/","url":"https:\/\/aeronoticias.com.pe\/noticiero\/espectaculos\/madonna-estuvo-en-brasil-y-prometio-ayuda-para-chicos-pobres\/","name":"Madonna estuvo en Brasil y prometi\u00f3 ayuda para chicos pobres","isPartOf":{"@id":"https:\/\/aeronoticias.com.pe\/noticiero\/#website"},"datePublished":"2010-02-11T15:10:17+00:00","author":{"@id":"https:\/\/aeronoticias.com.pe\/noticiero\/#\/schema\/person\/fc1e5d578f4b62ba1cf7ac2bba1170a0"},"description":"Portal de noticias del Per\u00fa sobre el transporte a\u00e9reo, aviaci\u00f3n, turismo, hoteleria, actualidad.","breadcrumb":{"@id":"https:\/\/aeronoticias.com.pe\/noticiero\/espectaculos\/madonna-estuvo-en-brasil-y-prometio-ayuda-para-chicos-pobres\/#breadcrumb"},"inLanguage":"es","potentialAction":[{"@type":"ReadAction","target":["https:\/\/aeronoticias.com.pe\/noticiero\/espectaculos\/madonna-estuvo-en-brasil-y-prometio-ayuda-para-chicos-pobres\/"]}]},{"@type":"BreadcrumbList","@id":"https:\/\/aeronoticias.com.pe\/noticiero\/espectaculos\/madonna-estuvo-en-brasil-y-prometio-ayuda-para-chicos-pobres\/#breadcrumb","itemListElement":[{"@type":"ListItem","position":1,"name":"Portada","item":"https:\/\/aeronoticias.com.pe\/noticiero\/"},{"@type":"ListItem","position":2,"name":"Madonna estuvo en Brasil y prometi\u00f3 ayuda para chicos pobres"}]},{"@type":"WebSite","@id":"https:\/\/aeronoticias.com.pe\/noticiero\/#website","url":"https:\/\/aeronoticias.com.pe\/noticiero\/","name":"Aeronoticias.com.pe","description":"Noticias de tranporte aereo, turismo, hoteles, gastronomia, actualidad, internacional","potentialAction":[{"@type":"SearchAction","target":{"@type":"EntryPoint","urlTemplate":"https:\/\/aeronoticias.com.pe\/noticiero\/?s={search_term_string}"},"query-input":{"@type":"PropertyValueSpecification","valueRequired":true,"valueName":"search_term_string"}}],"inLanguage":"es"},{"@type":"Person","@id":"https:\/\/aeronoticias.com.pe\/noticiero\/#\/schema\/person\/fc1e5d578f4b62ba1cf7ac2bba1170a0","name":"Redacci\u00f3n Aeronoticias","url":"https:\/\/aeronoticias.com.pe\/noticiero\/author\/piloto\/"}]}},"_links":{"self":[{"href":"https:\/\/aeronoticias.com.pe\/noticiero\/wp-json\/wp\/v2\/posts\/8845","targetHints":{"allow":["GET"]}}],"collection":[{"href":"https:\/\/aeronoticias.com.pe\/noticiero\/wp-json\/wp\/v2\/posts"}],"about":[{"href":"https:\/\/aeronoticias.com.pe\/noticiero\/wp-json\/wp\/v2\/types\/post"}],"author":[{"embeddable":true,"href":"https:\/\/aeronoticias.com.pe\/noticiero\/wp-json\/wp\/v2\/users\/1"}],"replies":[{"embeddable":true,"href":"https:\/\/aeronoticias.com.pe\/noticiero\/wp-json\/wp\/v2\/comments?post=8845"}],"version-history":[{"count":0,"href":"https:\/\/aeronoticias.com.pe\/noticiero\/wp-json\/wp\/v2\/posts\/8845\/revisions"}],"wp:attachment":[{"href":"https:\/\/aeronoticias.com.pe\/noticiero\/wp-json\/wp\/v2\/media?parent=8845"}],"wp:term":[{"taxonomy":"category","embeddable":true,"href":"https:\/\/aeronoticias.com.pe\/noticiero\/wp-json\/wp\/v2\/categories?post=8845"},{"taxonomy":"post_tag","embeddable":true,"href":"https:\/\/aeronoticias.com.pe\/noticiero\/wp-json\/wp\/v2\/tags?post=8845"}],"curies":[{"name":"wp","href":"https:\/\/api.w.org\/{rel}","templated":true}]}}