{"id":8846,"date":"2010-02-11T15:19:29","date_gmt":"2010-02-11T15:19:29","guid":{"rendered":"http:\/\/desarrollo.mcvicious.com\/aero2020\/2010\/02\/11\/cambio-climatico-la-segunda-tormenta-de-nieve-paraliza-washington-y-nueva-york\/"},"modified":"2010-02-11T15:19:29","modified_gmt":"2010-02-11T15:19:29","slug":"cambio-climatico-la-segunda-tormenta-de-nieve-paraliza-washington-y-nueva-york","status":"publish","type":"post","link":"https:\/\/aeronoticias.com.pe\/noticiero\/internacionales\/cambio-climatico-la-segunda-tormenta-de-nieve-paraliza-washington-y-nueva-york\/","title":{"rendered":"Cambio Clim\u00e1tico: La segunda tormenta de nieve paraliza Washington y Nueva York"},"content":{"rendered":"<div style=\"text-align: justify\">En un contexto en el que se ha calificado el fen\u00f3meno climatol\u00f3gico como el peor de los \u00faltimos tiempos en la zona, las principales casas de gobierno, entidades, edificios p\u00fablicos, escuelas y todo edificio p\u00fablico a\u00fan permanecen cerrados, luego de varios d\u00edas, as\u00ed mismo las sede de las Naciones Unidas en Nueva York. En tanto, el Congreso en Washington limit\u00f3 al m\u00ednimo su actividad y siempre en la capital, pero tambi\u00e9n en Boston, Filadelfia y Baltimore, cerraron las oficinas gubernamentales.\u00a0<\/div>\n<div style=\"text-align: justify\"><\/div>\n<div style=\"text-align: justify\">En lo que se ha calificado como una segunda y masiva tormenta de nieve que seg\u00fan se cre\u00eda terminar\u00eda el d\u00eda de ayer, hoy se produjo hoy sobre la costa noroccidental de Estados Unidos, afectando en particular la zona entre Washington y Nueva York, hecho que hecho necesario que se afronte los problemas clim\u00e1ticos con medidas excepcionales determinadas por los gobiernos de la zona.<\/div>\n<div style=\"text-align: justify\">\u00a0<\/p>\n<div style=\"text-align: center\"><img decoding=\"async\" src=\"images\/stories\/10\/02\/110210\/washington.jpg\" border=\"0\" alt=\"Cambio Clim\u00e1tico: La segunda tormenta de nieve paraliza Washington y Nueva York\" title=\"Cambio Clim\u00e1tico: La segunda tormenta de nieve paraliza Washington y Nueva York\" \/><\/div>\n<\/div>\n<div style=\"text-align: justify\"><strong>Aeronoticias<\/strong> considera que esta gran nevada no es producto sino de los grandes cambios climatol\u00f3gicos que est\u00e1n sucediendo en el mundo en los \u00faltimos tiempos, por lo que se tendr\u00e1 que seguir tomando las medidas necesarias \u2013excepcionales- no solo para poder sobrellevar los efectos de los fen\u00f3menos climatol\u00f3gicos sino que tambi\u00e9n es necesaria la investigaci\u00f3n a nivel desarrollo para poder dilucidar qu\u00e9 es lo que va a suceder e instaurar pol\u00edticas de prevenci\u00f3n para minimizar en lo posible la cantidad de afectados. Cabe resaltar que seg\u00fan las previsiones meteorol\u00f3gicas, deber\u00edan caer hasta 36 cent\u00edmetros de nieve sobre Nueva York y Washington, y en torno a medio metro en Baltimore y Filadelfia. Adem\u00e1s se esperan fuertes vientos que podr\u00edan causar nuevos problemas e interrupciones de la energ\u00eda el\u00e9ctrica en una regi\u00f3n ya afectada por la primera tormenta del pasado fin de semana.<\/div>\n<div style=\"text-align: justify\"><\/div>\n","protected":false},"excerpt":{"rendered":"<p>En un contexto en el que se ha calificado el fen\u00f3meno climatol\u00f3gico como el peor de los \u00faltimos tiempos en la zona, las principales casas de gobierno, entidades, edificios p\u00fablicos, escuelas y todo edificio p\u00fablico a\u00fan permanecen cerrados, luego de varios d\u00edas, as\u00ed mismo las sede de las Naciones Unidas en Nueva York. En tanto, [&hellip;]<\/p>\n","protected":false},"author":1,"featured_media":0,"comment_status":"open","ping_status":"open","sticky":false,"template":"","format":"standard","meta":{"tdm_status":"","tdm_grid_status":"","footnotes":""},"categories":[34],"tags":[],"class_list":{"0":"post-8846","1":"post","2":"type-post","3":"status-publish","4":"format-standard","6":"category-internacionales"},"yoast_head":"<!-- This site is optimized with the Yoast SEO plugin v25.1 - https:\/\/yoast.com\/wordpress\/plugins\/seo\/ -->\n<title>Cambio Clim\u00e1tico: La segunda tormenta de nieve paraliza Washington y Nueva York<\/title>\n<meta name=\"description\" content=\"Portal de noticias del Per\u00fa sobre el transporte a\u00e9reo, aviaci\u00f3n, turismo, hoteleria, actualidad.\" \/>\n<meta name=\"robots\" content=\"index, follow, max-snippet:-1, max-image-preview:large, max-video-preview:-1\" \/>\n<link rel=\"canonical\" href=\"https:\/\/aeronoticias.com.pe\/noticiero\/internacionales\/cambio-climatico-la-segunda-tormenta-de-nieve-paraliza-washington-y-nueva-york\/\" \/>\n<meta property=\"og:locale\" content=\"es_ES\" \/>\n<meta property=\"og:type\" content=\"article\" \/>\n<meta property=\"og:title\" content=\"Cambio Clim\u00e1tico: La segunda tormenta de nieve paraliza Washington y Nueva York\" \/>\n<meta property=\"og:description\" content=\"Portal de noticias del Per\u00fa sobre el transporte a\u00e9reo, aviaci\u00f3n, turismo, hoteleria, actualidad.\" \/>\n<meta property=\"og:url\" content=\"https:\/\/aeronoticias.com.pe\/noticiero\/internacionales\/cambio-climatico-la-segunda-tormenta-de-nieve-paraliza-washington-y-nueva-york\/\" \/>\n<meta property=\"og:site_name\" content=\"Aeronoticias.com.pe\" \/>\n<meta property=\"article:publisher\" content=\"https:\/\/www.facebook.com\/Aeronoticias.com.pe\/\" \/>\n<meta property=\"article:published_time\" content=\"2010-02-11T15:19:29+00:00\" \/>\n<meta name=\"author\" content=\"Redacci\u00f3n Aeronoticias\" \/>\n<meta name=\"twitter:card\" content=\"summary_large_image\" \/>\n<meta name=\"twitter:creator\" content=\"@aeronoticias\" \/>\n<meta name=\"twitter:site\" content=\"@aeronoticias\" \/>\n<meta name=\"twitter:label1\" content=\"Escrito por\" \/>\n\t<meta name=\"twitter:data1\" content=\"Redacci\u00f3n Aeronoticias\" \/>\n\t<meta name=\"twitter:label2\" content=\"Tiempo de lectura\" \/>\n\t<meta name=\"twitter:data2\" content=\"2 minutos\" \/>\n<script type=\"application\/ld+json\" class=\"yoast-schema-graph\">{\"@context\":\"https:\/\/schema.org\",\"@graph\":[{\"@type\":\"WebPage\",\"@id\":\"https:\/\/aeronoticias.com.pe\/noticiero\/internacionales\/cambio-climatico-la-segunda-tormenta-de-nieve-paraliza-washington-y-nueva-york\/\",\"url\":\"https:\/\/aeronoticias.com.pe\/noticiero\/internacionales\/cambio-climatico-la-segunda-tormenta-de-nieve-paraliza-washington-y-nueva-york\/\",\"name\":\"Cambio Clim\u00e1tico: La segunda tormenta de nieve paraliza Washington y Nueva York\",\"isPartOf\":{\"@id\":\"https:\/\/aeronoticias.com.pe\/noticiero\/#website\"},\"datePublished\":\"2010-02-11T15:19:29+00:00\",\"author\":{\"@id\":\"https:\/\/aeronoticias.com.pe\/noticiero\/#\/schema\/person\/fc1e5d578f4b62ba1cf7ac2bba1170a0\"},\"description\":\"Portal de noticias del Per\u00fa sobre el transporte a\u00e9reo, aviaci\u00f3n, turismo, hoteleria, actualidad.\",\"breadcrumb\":{\"@id\":\"https:\/\/aeronoticias.com.pe\/noticiero\/internacionales\/cambio-climatico-la-segunda-tormenta-de-nieve-paraliza-washington-y-nueva-york\/#breadcrumb\"},\"inLanguage\":\"es\",\"potentialAction\":[{\"@type\":\"ReadAction\",\"target\":[\"https:\/\/aeronoticias.com.pe\/noticiero\/internacionales\/cambio-climatico-la-segunda-tormenta-de-nieve-paraliza-washington-y-nueva-york\/\"]}]},{\"@type\":\"BreadcrumbList\",\"@id\":\"https:\/\/aeronoticias.com.pe\/noticiero\/internacionales\/cambio-climatico-la-segunda-tormenta-de-nieve-paraliza-washington-y-nueva-york\/#breadcrumb\",\"itemListElement\":[{\"@type\":\"ListItem\",\"position\":1,\"name\":\"Portada\",\"item\":\"https:\/\/aeronoticias.com.pe\/noticiero\/\"},{\"@type\":\"ListItem\",\"position\":2,\"name\":\"Cambio Clim\u00e1tico: La segunda tormenta de nieve paraliza Washington y Nueva York\"}]},{\"@type\":\"WebSite\",\"@id\":\"https:\/\/aeronoticias.com.pe\/noticiero\/#website\",\"url\":\"https:\/\/aeronoticias.com.pe\/noticiero\/\",\"name\":\"Aeronoticias.com.pe\",\"description\":\"Noticias de tranporte aereo, turismo, hoteles, gastronomia, actualidad, internacional\",\"potentialAction\":[{\"@type\":\"SearchAction\",\"target\":{\"@type\":\"EntryPoint\",\"urlTemplate\":\"https:\/\/aeronoticias.com.pe\/noticiero\/?s={search_term_string}\"},\"query-input\":{\"@type\":\"PropertyValueSpecification\",\"valueRequired\":true,\"valueName\":\"search_term_string\"}}],\"inLanguage\":\"es\"},{\"@type\":\"Person\",\"@id\":\"https:\/\/aeronoticias.com.pe\/noticiero\/#\/schema\/person\/fc1e5d578f4b62ba1cf7ac2bba1170a0\",\"name\":\"Redacci\u00f3n Aeronoticias\",\"url\":\"https:\/\/aeronoticias.com.pe\/noticiero\/author\/piloto\/\"}]}<\/script>\n<!-- \/ Yoast SEO plugin. -->","yoast_head_json":{"title":"Cambio Clim\u00e1tico: La segunda tormenta de nieve paraliza Washington y Nueva York","description":"Portal de noticias del Per\u00fa sobre el transporte a\u00e9reo, aviaci\u00f3n, turismo, hoteleria, actualidad.","robots":{"index":"index","follow":"follow","max-snippet":"max-snippet:-1","max-image-preview":"max-image-preview:large","max-video-preview":"max-video-preview:-1"},"canonical":"https:\/\/aeronoticias.com.pe\/noticiero\/internacionales\/cambio-climatico-la-segunda-tormenta-de-nieve-paraliza-washington-y-nueva-york\/","og_locale":"es_ES","og_type":"article","og_title":"Cambio Clim\u00e1tico: La segunda tormenta de nieve paraliza Washington y Nueva York","og_description":"Portal de noticias del Per\u00fa sobre el transporte a\u00e9reo, aviaci\u00f3n, turismo, hoteleria, actualidad.","og_url":"https:\/\/aeronoticias.com.pe\/noticiero\/internacionales\/cambio-climatico-la-segunda-tormenta-de-nieve-paraliza-washington-y-nueva-york\/","og_site_name":"Aeronoticias.com.pe","article_publisher":"https:\/\/www.facebook.com\/Aeronoticias.com.pe\/","article_published_time":"2010-02-11T15:19:29+00:00","author":"Redacci\u00f3n Aeronoticias","twitter_card":"summary_large_image","twitter_creator":"@aeronoticias","twitter_site":"@aeronoticias","twitter_misc":{"Escrito por":"Redacci\u00f3n Aeronoticias","Tiempo de lectura":"2 minutos"},"schema":{"@context":"https:\/\/schema.org","@graph":[{"@type":"WebPage","@id":"https:\/\/aeronoticias.com.pe\/noticiero\/internacionales\/cambio-climatico-la-segunda-tormenta-de-nieve-paraliza-washington-y-nueva-york\/","url":"https:\/\/aeronoticias.com.pe\/noticiero\/internacionales\/cambio-climatico-la-segunda-tormenta-de-nieve-paraliza-washington-y-nueva-york\/","name":"Cambio Clim\u00e1tico: La segunda tormenta de nieve paraliza Washington y Nueva York","isPartOf":{"@id":"https:\/\/aeronoticias.com.pe\/noticiero\/#website"},"datePublished":"2010-02-11T15:19:29+00:00","author":{"@id":"https:\/\/aeronoticias.com.pe\/noticiero\/#\/schema\/person\/fc1e5d578f4b62ba1cf7ac2bba1170a0"},"description":"Portal de noticias del Per\u00fa sobre el transporte a\u00e9reo, aviaci\u00f3n, turismo, hoteleria, actualidad.","breadcrumb":{"@id":"https:\/\/aeronoticias.com.pe\/noticiero\/internacionales\/cambio-climatico-la-segunda-tormenta-de-nieve-paraliza-washington-y-nueva-york\/#breadcrumb"},"inLanguage":"es","potentialAction":[{"@type":"ReadAction","target":["https:\/\/aeronoticias.com.pe\/noticiero\/internacionales\/cambio-climatico-la-segunda-tormenta-de-nieve-paraliza-washington-y-nueva-york\/"]}]},{"@type":"BreadcrumbList","@id":"https:\/\/aeronoticias.com.pe\/noticiero\/internacionales\/cambio-climatico-la-segunda-tormenta-de-nieve-paraliza-washington-y-nueva-york\/#breadcrumb","itemListElement":[{"@type":"ListItem","position":1,"name":"Portada","item":"https:\/\/aeronoticias.com.pe\/noticiero\/"},{"@type":"ListItem","position":2,"name":"Cambio Clim\u00e1tico: La segunda tormenta de nieve paraliza Washington y Nueva York"}]},{"@type":"WebSite","@id":"https:\/\/aeronoticias.com.pe\/noticiero\/#website","url":"https:\/\/aeronoticias.com.pe\/noticiero\/","name":"Aeronoticias.com.pe","description":"Noticias de tranporte aereo, turismo, hoteles, gastronomia, actualidad, internacional","potentialAction":[{"@type":"SearchAction","target":{"@type":"EntryPoint","urlTemplate":"https:\/\/aeronoticias.com.pe\/noticiero\/?s={search_term_string}"},"query-input":{"@type":"PropertyValueSpecification","valueRequired":true,"valueName":"search_term_string"}}],"inLanguage":"es"},{"@type":"Person","@id":"https:\/\/aeronoticias.com.pe\/noticiero\/#\/schema\/person\/fc1e5d578f4b62ba1cf7ac2bba1170a0","name":"Redacci\u00f3n Aeronoticias","url":"https:\/\/aeronoticias.com.pe\/noticiero\/author\/piloto\/"}]}},"_links":{"self":[{"href":"https:\/\/aeronoticias.com.pe\/noticiero\/wp-json\/wp\/v2\/posts\/8846","targetHints":{"allow":["GET"]}}],"collection":[{"href":"https:\/\/aeronoticias.com.pe\/noticiero\/wp-json\/wp\/v2\/posts"}],"about":[{"href":"https:\/\/aeronoticias.com.pe\/noticiero\/wp-json\/wp\/v2\/types\/post"}],"author":[{"embeddable":true,"href":"https:\/\/aeronoticias.com.pe\/noticiero\/wp-json\/wp\/v2\/users\/1"}],"replies":[{"embeddable":true,"href":"https:\/\/aeronoticias.com.pe\/noticiero\/wp-json\/wp\/v2\/comments?post=8846"}],"version-history":[{"count":0,"href":"https:\/\/aeronoticias.com.pe\/noticiero\/wp-json\/wp\/v2\/posts\/8846\/revisions"}],"wp:attachment":[{"href":"https:\/\/aeronoticias.com.pe\/noticiero\/wp-json\/wp\/v2\/media?parent=8846"}],"wp:term":[{"taxonomy":"category","embeddable":true,"href":"https:\/\/aeronoticias.com.pe\/noticiero\/wp-json\/wp\/v2\/categories?post=8846"},{"taxonomy":"post_tag","embeddable":true,"href":"https:\/\/aeronoticias.com.pe\/noticiero\/wp-json\/wp\/v2\/tags?post=8846"}],"curies":[{"name":"wp","href":"https:\/\/api.w.org\/{rel}","templated":true}]}}