{"id":88470,"date":"2023-12-18T20:01:56","date_gmt":"2023-12-19T01:01:56","guid":{"rendered":"https:\/\/aeronoticias.com.pe\/noticiero\/?p=88470"},"modified":"2023-12-18T20:02:01","modified_gmt":"2023-12-19T01:02:01","slug":"el-2023-fue-un-ano-record-para-la-familia-airbus-a320","status":"publish","type":"post","link":"https:\/\/aeronoticias.com.pe\/noticiero\/transporte-aereo\/el-2023-fue-un-ano-record-para-la-familia-airbus-a320\/","title":{"rendered":"El 2023 fue un a\u00f1o r\u00e9cord para la familia Airbus A320"},"content":{"rendered":"\n<p>(Aeronoticias) A finales de noviembre, la exitosa Familia A320 ya hab\u00eda registrado 1.395 pedidos, incluido el mayor pedido de 500 aviones, de la aerol\u00ednea india Indigo. En 2022 registr\u00f3 857 pedidos.<\/p>\n\n\n\n<p>El mercado de aviones de pasillo \u00fanico se ha recuperado con fuerza de los oscuros d\u00edas de la pandemia del COVID. Las aerol\u00edneas de todo el mundo aprecian especialmente la moderna, eficiente y vers\u00e1til Familia A320.<\/p>\n\n\n\n<p>En los \u00faltimos a\u00f1os, el modelo m\u00e1s grande de la Familia, el A321neo, ha tenido \u00e9xito tanto en t\u00e9rminos de volumen como de velocidad de ventas. Esta variante representa alrededor de dos tercios de los 6.739 aviones de la Familia A320 que Airbus tiene actualmente en cartera de pedidos.<\/p>\n\n\n\n<p>Para seguir el ritmo de una demanda tan fuerte, Airbus est\u00e1 ampliando su huella industrial global con el objetivo de aumentar la producci\u00f3n de la Familia A320 a 75 aviones al mes en 2026. Al mismo tiempo, las l\u00edneas de montaje final (FAL) de aviones de pasillo \u00fanico de la compa\u00f1\u00eda est\u00e1n evolucionando para producir una mezcla de modelos de avi\u00f3n con nuevos est\u00e1ndares de cabina y confort.<\/p>\n\n\n\n<p>\u2192 Airbus desarroll\u00f3 un sistema para evitar accidentes por despresurizaci\u00f3n<\/p>\n\n\n\n<p>Airbus est\u00e1 duplicando el n\u00famero de FAL capaces de producir el A321neo, en comparaci\u00f3n con 2019. Para 2026, diez l\u00edneas de montaje final en todo el mundo ser\u00e1n capaces de producir el A321neo.<\/p>\n\n\n\n<p>En 2023, Airbus inici\u00f3 la construcci\u00f3n de una segunda FAL en Mobile (EE.UU.) y en Tianjin (China). Toulouse (Francia) celebr\u00f3 la inauguraci\u00f3n de una FAL dedicada al A321neo, a la que seguir\u00e1 una segunda. En Hamburgo (Alemania), donde cuatro FAL producen todos los miembros de la Familia A320, el fabricante inaugur\u00f3 un hangar dedicado a equipar el A321 eXtra Long Range (XLR). Con todos los emplazamientos ahora capaces de ensamblar el A321neo, la huella global de pasillo \u00fanico de Airbus es verdaderamente m\u00e1s flexible, resistente y cercana a sus clientes.<\/p>\n\n\n\n<p>Con m\u00e1s de 20 plantas contribuyendo a la producci\u00f3n de la Familia A320, el fabricante sigue creciendo y embarcando a muchos reci\u00e9n llegados para unirse a este apasionante viaje. El ambicioso plan para 2023 consiste en contratar a unos 13.000 empleados en todo el mundo y avanza a buen ritmo. Adem\u00e1s de las competencias industriales tradicionales -desde ingenier\u00eda de fabricaci\u00f3n, estructuras y sistemas hasta avi\u00f3nica-, Airbus tambi\u00e9n atrae a empleados para puestos cr\u00edticos como especialistas en calidad, log\u00edstica y cadena de suministro, gestores de l\u00ednea de clientes o especialistas en fabricaci\u00f3n digital y ciberseguridad.<\/p>\n\n\n\n<p>Este crecimiento es una fuerte se\u00f1al de confianza en Airbus y en la industria de la aviaci\u00f3n en su conjunto. La Familia A320 contribuye a seguir avanzando hacia una aviaci\u00f3n con bajas emisiones de carbono, ofreciendo una reducci\u00f3n del consumo de combustible del 20% en comparaci\u00f3n con los aviones de la generaci\u00f3n anterior.<\/p>\n\n\n\n<p><em><strong>Fuente: Aviaci\u00f3n al d\u00eda<\/strong><\/em><\/p>\n","protected":false},"excerpt":{"rendered":"<p>(Aeronoticias) A finales de noviembre, la exitosa Familia A320 ya hab\u00eda registrado 1.395 pedidos, incluido el mayor pedido de 500 aviones, de la aerol\u00ednea india Indigo. En 2022 registr\u00f3 857 pedidos. El mercado de aviones de pasillo \u00fanico se ha recuperado con fuerza de los oscuros d\u00edas de la pandemia del COVID. Las aerol\u00edneas de [&hellip;]<\/p>\n","protected":false},"author":3,"featured_media":88476,"comment_status":"open","ping_status":"open","sticky":false,"template":"","format":"standard","meta":{"tdm_status":"","tdm_grid_status":"","footnotes":""},"categories":[32,11],"tags":[],"class_list":{"0":"post-88470","1":"post","2":"type-post","3":"status-publish","4":"format-standard","5":"has-post-thumbnail","7":"category-internacional","8":"category-transporte-aereo"},"yoast_head":"<!-- This site is optimized with the Yoast SEO plugin v25.1 - https:\/\/yoast.com\/wordpress\/plugins\/seo\/ -->\n<title>El 2023 fue un a\u00f1o r\u00e9cord para la familia Airbus A320<\/title>\n<meta name=\"description\" content=\"A finales de noviembre, la exitosa Familia A320 ya hab\u00eda registrado 1.395 pedidos, incluido el mayor pedido de 500 aviones, de la aerol\u00ednea india Indigo.\" \/>\n<meta name=\"robots\" content=\"index, follow, max-snippet:-1, max-image-preview:large, max-video-preview:-1\" \/>\n<link rel=\"canonical\" href=\"https:\/\/aeronoticias.com.pe\/noticiero\/transporte-aereo\/el-2023-fue-un-ano-record-para-la-familia-airbus-a320\/\" \/>\n<meta property=\"og:locale\" content=\"es_ES\" \/>\n<meta property=\"og:type\" content=\"article\" \/>\n<meta property=\"og:title\" content=\"El 2023 fue un a\u00f1o r\u00e9cord para la familia Airbus A320\" \/>\n<meta property=\"og:description\" content=\"A finales de noviembre, la exitosa Familia A320 ya hab\u00eda registrado 1.395 pedidos, incluido el mayor pedido de 500 aviones, de la aerol\u00ednea india Indigo.\" \/>\n<meta property=\"og:url\" content=\"https:\/\/aeronoticias.com.pe\/noticiero\/transporte-aereo\/el-2023-fue-un-ano-record-para-la-familia-airbus-a320\/\" \/>\n<meta property=\"og:site_name\" content=\"Aeronoticias.com.pe\" \/>\n<meta property=\"article:publisher\" content=\"https:\/\/www.facebook.com\/Aeronoticias.com.pe\/\" \/>\n<meta property=\"article:published_time\" content=\"2023-12-19T01:01:56+00:00\" \/>\n<meta property=\"article:modified_time\" content=\"2023-12-19T01:02:01+00:00\" \/>\n<meta property=\"og:image\" content=\"https:\/\/aeronoticias.com.pe\/noticiero\/wp-content\/uploads\/2023\/12\/a320.jpg\" \/>\n\t<meta property=\"og:image:width\" content=\"1024\" \/>\n\t<meta property=\"og:image:height\" content=\"576\" \/>\n\t<meta property=\"og:image:type\" content=\"image\/jpeg\" \/>\n<meta name=\"author\" content=\"Redacci\u00f3n\" \/>\n<meta name=\"twitter:card\" content=\"summary_large_image\" \/>\n<meta name=\"twitter:creator\" content=\"@aeronoticias\" \/>\n<meta name=\"twitter:site\" content=\"@aeronoticias\" \/>\n<meta name=\"twitter:label1\" content=\"Escrito por\" \/>\n\t<meta name=\"twitter:data1\" content=\"Redacci\u00f3n\" \/>\n\t<meta name=\"twitter:label2\" content=\"Tiempo de lectura\" \/>\n\t<meta name=\"twitter:data2\" content=\"3 minutos\" \/>\n<script type=\"application\/ld+json\" class=\"yoast-schema-graph\">{\"@context\":\"https:\/\/schema.org\",\"@graph\":[{\"@type\":\"WebPage\",\"@id\":\"https:\/\/aeronoticias.com.pe\/noticiero\/transporte-aereo\/el-2023-fue-un-ano-record-para-la-familia-airbus-a320\/\",\"url\":\"https:\/\/aeronoticias.com.pe\/noticiero\/transporte-aereo\/el-2023-fue-un-ano-record-para-la-familia-airbus-a320\/\",\"name\":\"El 2023 fue un a\u00f1o r\u00e9cord para la familia Airbus A320\",\"isPartOf\":{\"@id\":\"https:\/\/aeronoticias.com.pe\/noticiero\/#website\"},\"primaryImageOfPage\":{\"@id\":\"https:\/\/aeronoticias.com.pe\/noticiero\/transporte-aereo\/el-2023-fue-un-ano-record-para-la-familia-airbus-a320\/#primaryimage\"},\"image\":{\"@id\":\"https:\/\/aeronoticias.com.pe\/noticiero\/transporte-aereo\/el-2023-fue-un-ano-record-para-la-familia-airbus-a320\/#primaryimage\"},\"thumbnailUrl\":\"https:\/\/aeronoticias.com.pe\/noticiero\/wp-content\/uploads\/2023\/12\/a320.jpg\",\"datePublished\":\"2023-12-19T01:01:56+00:00\",\"dateModified\":\"2023-12-19T01:02:01+00:00\",\"author\":{\"@id\":\"https:\/\/aeronoticias.com.pe\/noticiero\/#\/schema\/person\/16212a617c73f78916b13194154243bd\"},\"description\":\"A finales de noviembre, la exitosa Familia A320 ya hab\u00eda registrado 1.395 pedidos, incluido el mayor pedido de 500 aviones, de la aerol\u00ednea india Indigo.\",\"breadcrumb\":{\"@id\":\"https:\/\/aeronoticias.com.pe\/noticiero\/transporte-aereo\/el-2023-fue-un-ano-record-para-la-familia-airbus-a320\/#breadcrumb\"},\"inLanguage\":\"es\",\"potentialAction\":[{\"@type\":\"ReadAction\",\"target\":[\"https:\/\/aeronoticias.com.pe\/noticiero\/transporte-aereo\/el-2023-fue-un-ano-record-para-la-familia-airbus-a320\/\"]}]},{\"@type\":\"ImageObject\",\"inLanguage\":\"es\",\"@id\":\"https:\/\/aeronoticias.com.pe\/noticiero\/transporte-aereo\/el-2023-fue-un-ano-record-para-la-familia-airbus-a320\/#primaryimage\",\"url\":\"https:\/\/aeronoticias.com.pe\/noticiero\/wp-content\/uploads\/2023\/12\/a320.jpg\",\"contentUrl\":\"https:\/\/aeronoticias.com.pe\/noticiero\/wp-content\/uploads\/2023\/12\/a320.jpg\",\"width\":1024,\"height\":576},{\"@type\":\"BreadcrumbList\",\"@id\":\"https:\/\/aeronoticias.com.pe\/noticiero\/transporte-aereo\/el-2023-fue-un-ano-record-para-la-familia-airbus-a320\/#breadcrumb\",\"itemListElement\":[{\"@type\":\"ListItem\",\"position\":1,\"name\":\"Portada\",\"item\":\"https:\/\/aeronoticias.com.pe\/noticiero\/\"},{\"@type\":\"ListItem\",\"position\":2,\"name\":\"El 2023 fue un a\u00f1o r\u00e9cord para la familia Airbus A320\"}]},{\"@type\":\"WebSite\",\"@id\":\"https:\/\/aeronoticias.com.pe\/noticiero\/#website\",\"url\":\"https:\/\/aeronoticias.com.pe\/noticiero\/\",\"name\":\"Aeronoticias.com.pe\",\"description\":\"Noticias de tranporte aereo, turismo, hoteles, gastronomia, actualidad, internacional\",\"potentialAction\":[{\"@type\":\"SearchAction\",\"target\":{\"@type\":\"EntryPoint\",\"urlTemplate\":\"https:\/\/aeronoticias.com.pe\/noticiero\/?s={search_term_string}\"},\"query-input\":{\"@type\":\"PropertyValueSpecification\",\"valueRequired\":true,\"valueName\":\"search_term_string\"}}],\"inLanguage\":\"es\"},{\"@type\":\"Person\",\"@id\":\"https:\/\/aeronoticias.com.pe\/noticiero\/#\/schema\/person\/16212a617c73f78916b13194154243bd\",\"name\":\"Redacci\u00f3n\",\"sameAs\":[\"http:\/\/Redacci\u00f3n\"],\"url\":\"https:\/\/aeronoticias.com.pe\/noticiero\/author\/celeste\/\"}]}<\/script>\n<!-- \/ Yoast SEO plugin. -->","yoast_head_json":{"title":"El 2023 fue un a\u00f1o r\u00e9cord para la familia Airbus A320","description":"A finales de noviembre, la exitosa Familia A320 ya hab\u00eda registrado 1.395 pedidos, incluido el mayor pedido de 500 aviones, de la aerol\u00ednea india Indigo.","robots":{"index":"index","follow":"follow","max-snippet":"max-snippet:-1","max-image-preview":"max-image-preview:large","max-video-preview":"max-video-preview:-1"},"canonical":"https:\/\/aeronoticias.com.pe\/noticiero\/transporte-aereo\/el-2023-fue-un-ano-record-para-la-familia-airbus-a320\/","og_locale":"es_ES","og_type":"article","og_title":"El 2023 fue un a\u00f1o r\u00e9cord para la familia Airbus A320","og_description":"A finales de noviembre, la exitosa Familia A320 ya hab\u00eda registrado 1.395 pedidos, incluido el mayor pedido de 500 aviones, de la aerol\u00ednea india Indigo.","og_url":"https:\/\/aeronoticias.com.pe\/noticiero\/transporte-aereo\/el-2023-fue-un-ano-record-para-la-familia-airbus-a320\/","og_site_name":"Aeronoticias.com.pe","article_publisher":"https:\/\/www.facebook.com\/Aeronoticias.com.pe\/","article_published_time":"2023-12-19T01:01:56+00:00","article_modified_time":"2023-12-19T01:02:01+00:00","og_image":[{"width":1024,"height":576,"url":"https:\/\/aeronoticias.com.pe\/noticiero\/wp-content\/uploads\/2023\/12\/a320.jpg","type":"image\/jpeg"}],"author":"Redacci\u00f3n","twitter_card":"summary_large_image","twitter_creator":"@aeronoticias","twitter_site":"@aeronoticias","twitter_misc":{"Escrito por":"Redacci\u00f3n","Tiempo de lectura":"3 minutos"},"schema":{"@context":"https:\/\/schema.org","@graph":[{"@type":"WebPage","@id":"https:\/\/aeronoticias.com.pe\/noticiero\/transporte-aereo\/el-2023-fue-un-ano-record-para-la-familia-airbus-a320\/","url":"https:\/\/aeronoticias.com.pe\/noticiero\/transporte-aereo\/el-2023-fue-un-ano-record-para-la-familia-airbus-a320\/","name":"El 2023 fue un a\u00f1o r\u00e9cord para la familia Airbus A320","isPartOf":{"@id":"https:\/\/aeronoticias.com.pe\/noticiero\/#website"},"primaryImageOfPage":{"@id":"https:\/\/aeronoticias.com.pe\/noticiero\/transporte-aereo\/el-2023-fue-un-ano-record-para-la-familia-airbus-a320\/#primaryimage"},"image":{"@id":"https:\/\/aeronoticias.com.pe\/noticiero\/transporte-aereo\/el-2023-fue-un-ano-record-para-la-familia-airbus-a320\/#primaryimage"},"thumbnailUrl":"https:\/\/aeronoticias.com.pe\/noticiero\/wp-content\/uploads\/2023\/12\/a320.jpg","datePublished":"2023-12-19T01:01:56+00:00","dateModified":"2023-12-19T01:02:01+00:00","author":{"@id":"https:\/\/aeronoticias.com.pe\/noticiero\/#\/schema\/person\/16212a617c73f78916b13194154243bd"},"description":"A finales de noviembre, la exitosa Familia A320 ya hab\u00eda registrado 1.395 pedidos, incluido el mayor pedido de 500 aviones, de la aerol\u00ednea india Indigo.","breadcrumb":{"@id":"https:\/\/aeronoticias.com.pe\/noticiero\/transporte-aereo\/el-2023-fue-un-ano-record-para-la-familia-airbus-a320\/#breadcrumb"},"inLanguage":"es","potentialAction":[{"@type":"ReadAction","target":["https:\/\/aeronoticias.com.pe\/noticiero\/transporte-aereo\/el-2023-fue-un-ano-record-para-la-familia-airbus-a320\/"]}]},{"@type":"ImageObject","inLanguage":"es","@id":"https:\/\/aeronoticias.com.pe\/noticiero\/transporte-aereo\/el-2023-fue-un-ano-record-para-la-familia-airbus-a320\/#primaryimage","url":"https:\/\/aeronoticias.com.pe\/noticiero\/wp-content\/uploads\/2023\/12\/a320.jpg","contentUrl":"https:\/\/aeronoticias.com.pe\/noticiero\/wp-content\/uploads\/2023\/12\/a320.jpg","width":1024,"height":576},{"@type":"BreadcrumbList","@id":"https:\/\/aeronoticias.com.pe\/noticiero\/transporte-aereo\/el-2023-fue-un-ano-record-para-la-familia-airbus-a320\/#breadcrumb","itemListElement":[{"@type":"ListItem","position":1,"name":"Portada","item":"https:\/\/aeronoticias.com.pe\/noticiero\/"},{"@type":"ListItem","position":2,"name":"El 2023 fue un a\u00f1o r\u00e9cord para la familia Airbus A320"}]},{"@type":"WebSite","@id":"https:\/\/aeronoticias.com.pe\/noticiero\/#website","url":"https:\/\/aeronoticias.com.pe\/noticiero\/","name":"Aeronoticias.com.pe","description":"Noticias de tranporte aereo, turismo, hoteles, gastronomia, actualidad, internacional","potentialAction":[{"@type":"SearchAction","target":{"@type":"EntryPoint","urlTemplate":"https:\/\/aeronoticias.com.pe\/noticiero\/?s={search_term_string}"},"query-input":{"@type":"PropertyValueSpecification","valueRequired":true,"valueName":"search_term_string"}}],"inLanguage":"es"},{"@type":"Person","@id":"https:\/\/aeronoticias.com.pe\/noticiero\/#\/schema\/person\/16212a617c73f78916b13194154243bd","name":"Redacci\u00f3n","sameAs":["http:\/\/Redacci\u00f3n"],"url":"https:\/\/aeronoticias.com.pe\/noticiero\/author\/celeste\/"}]}},"_links":{"self":[{"href":"https:\/\/aeronoticias.com.pe\/noticiero\/wp-json\/wp\/v2\/posts\/88470","targetHints":{"allow":["GET"]}}],"collection":[{"href":"https:\/\/aeronoticias.com.pe\/noticiero\/wp-json\/wp\/v2\/posts"}],"about":[{"href":"https:\/\/aeronoticias.com.pe\/noticiero\/wp-json\/wp\/v2\/types\/post"}],"author":[{"embeddable":true,"href":"https:\/\/aeronoticias.com.pe\/noticiero\/wp-json\/wp\/v2\/users\/3"}],"replies":[{"embeddable":true,"href":"https:\/\/aeronoticias.com.pe\/noticiero\/wp-json\/wp\/v2\/comments?post=88470"}],"version-history":[{"count":0,"href":"https:\/\/aeronoticias.com.pe\/noticiero\/wp-json\/wp\/v2\/posts\/88470\/revisions"}],"wp:featuredmedia":[{"embeddable":true,"href":"https:\/\/aeronoticias.com.pe\/noticiero\/wp-json\/wp\/v2\/media\/88476"}],"wp:attachment":[{"href":"https:\/\/aeronoticias.com.pe\/noticiero\/wp-json\/wp\/v2\/media?parent=88470"}],"wp:term":[{"taxonomy":"category","embeddable":true,"href":"https:\/\/aeronoticias.com.pe\/noticiero\/wp-json\/wp\/v2\/categories?post=88470"},{"taxonomy":"post_tag","embeddable":true,"href":"https:\/\/aeronoticias.com.pe\/noticiero\/wp-json\/wp\/v2\/tags?post=88470"}],"curies":[{"name":"wp","href":"https:\/\/api.w.org\/{rel}","templated":true}]}}