{"id":88477,"date":"2023-12-19T11:42:45","date_gmt":"2023-12-19T16:42:45","guid":{"rendered":"https:\/\/aeronoticias.com.pe\/noticiero\/?p=88477"},"modified":"2023-12-19T11:42:48","modified_gmt":"2023-12-19T16:42:48","slug":"desde-estudios-hasta-tecnologia-el-impulso-de-la-descarbonizacion-de-la-aviacion-en-america-latina","status":"publish","type":"post","link":"https:\/\/aeronoticias.com.pe\/noticiero\/mundo\/mundo-mundo\/desde-estudios-hasta-tecnologia-el-impulso-de-la-descarbonizacion-de-la-aviacion-en-america-latina\/","title":{"rendered":"Desde estudios hasta tecnolog\u00eda, el impulso de la descarbonizaci\u00f3n de la aviaci\u00f3n en Am\u00e9rica Latina"},"content":{"rendered":"\n<p>Cada a\u00f1o, miles de millones de pasajeros y decenas de miles de millones de toneladas de carga se transportan por v\u00eda a\u00e9rea. Ahora, la industria busca mejorar el impacto ambiental y social de esta actividad vital a trav\u00e9s de innovaci\u00f3n tecnol\u00f3gica y nuevas pr\u00e1cticas.<br><br>Las principales v\u00edas para alcanzar ese objetivo incluyen la reducci\u00f3n de las emisiones de CO2 de aeronaves y helic\u00f3pteros a trav\u00e9s de combustibles alternativos y tecnolog\u00edas disruptivas; mejorar la huella ambiental de las aeronaves a lo largo de todo el ciclo de vida, desde el dise\u00f1o hasta el reciclaje; y mejoras operativas, como la optimizaci\u00f3n de las trayectorias de vuelo para apuntar a vuelos m\u00e1s eficientes desde el punto de vista energ\u00e9tico. La industria de la aviaci\u00f3n tambi\u00e9n puede tener un impacto social positivo al apoyar el desarrollo de comunidades vulnerables.<br><br>En un mercado aeron\u00e1utico de r\u00e1pido crecimiento como es el de Am\u00e9rica Latina, estamos liderando estos esfuerzos trabajando en estrecha colaboraci\u00f3n con aerol\u00edneas, gobiernos, universidades y partes interesadas de la industria para avanzar hacia las metas de descarbonizaci\u00f3n en la regi\u00f3n, al mismo tiempo que ofrecemos una cartera de productos eficientes que contin\u00faa haciendo avanzar a la industria.<br><br>Las aerol\u00edneas latinoamericanas requerir\u00e1n los aviones m\u00e1s modernos, eficientes y de bajas emisiones, ya que se espera que la flota en servicio de la regi\u00f3n agregue 2.390 nuevos aviones para 2042. Seg\u00fan nuestras proyecciones, el 50% de los nuevos aviones reemplazar\u00e1n modelos menos eficientes en combustible. Airbus est\u00e1 desempe\u00f1ando un papel clave en esta transformaci\u00f3n a trav\u00e9s de aviones tecnol\u00f3gicamente avanzados, como el A320neo y el A350, que ofrecen una ventaja en el consumo de combustible y las emisiones de CO2 del 20% y el 25% por asiento, respectivamente.<br><br>Otra forma en que Airbus est\u00e1 forjando nuevos caminos en eficiencia ambiental es promoviendo el uso de combustibles de aviaci\u00f3n sostenibles (SAF), que pueden reducir las emisiones de CO2 del ciclo de vida hasta en un 80% en comparaci\u00f3n con el combustible convencional. La Asociaci\u00f3n Internacional de Transporte A\u00e9reo (IATA, por sus siglas en ingl\u00e9s) estima que el SAF podr\u00eda contribuir con aproximadamente el 65% de las reducciones de emisiones que necesita la industria de la aviaci\u00f3n para alcanzar las cero emisiones netas de carbono para 2050.<br><br>El SAF, que normalmente proviene de la biomasa y diversos desechos y residuos, y se mezcla con hasta un 50% de combustible convencional para aviones, ha impulsado m\u00e1s de 450.000 vuelos comerciales en todo el mundo desde 2011, pero en 2021 represent\u00f3 menos del 1% de los vuelos operados. Airbus est\u00e1 a la vanguardia de los esfuerzos de las principales empresas y organizaciones de aviaci\u00f3n para impulsar la adopci\u00f3n de SAF en el sector de la aviaci\u00f3n de Am\u00e9rica Latina.<br>El pasado mes de enero, por ejemplo, como parte de las acciones que impulsa la compa\u00f1\u00eda en la regi\u00f3n, Airbus se ali\u00f3 con un grupo de asociaciones de la industria y aerol\u00edneas de M\u00e9xico para lanzar el concurso Sustainable Aviation Fuels M\u00e9xico 2023, que tiene como objetivo estimular el desarrollo y el uso de SAF. En la Feria Aeroespacial de M\u00e9xico (FAMEX) celebrada en abril, se presentaron tres propuestas ganadoras para la producci\u00f3n de SAF, de un total de 39 proyectos presentados por universidades y centros de investigaci\u00f3n.<\/p>\n\n\n\n<p><br>Este a\u00f1o, Airbus se ha comprometido a utilizar un 10% de SAF puro en nuestras operaciones internas de aviones comerciales y helic\u00f3pteros. Ahora ofrecemos hasta un 5 % de SAF puro de forma gratuita a los clientes que salen de sus centros de entrega.<br><br>Junto con estos esfuerzos, Airbus tambi\u00e9n se esfuerza por hacer contribuciones positivas y tangibles para la industria en Am\u00e9rica Latina, es por eso que junto a LATAM Airlines Group, han financiado un estudio en el Programa Conjunto del Instituto Tecnol\u00f3gico de Massachusetts (MIT) sobre Ciencia y Pol\u00edtica del Cambio Global. El estudio, titulado \u201cOpciones para descarbonizar la aviaci\u00f3n en Am\u00e9rica Latina de manera sostenible: una evaluaci\u00f3n de las pol\u00edticas de carbono, los precios del carbono y el consumo de combustible en la aviaci\u00f3n hasta 2050\u201d, proporcionar\u00e1 un an\u00e1lisis exhaustivo de los escenarios para el despliegue de SAF hasta el a\u00f1o 2050, y explorar\u00e1 v\u00edas relacionadas con el hidr\u00f3geno bajo en carbono, la captura directa de aire, y la bioenerg\u00eda con captura y almacenamiento de carbono. Adem\u00e1s, el Programa Conjunto del MIT evaluar\u00e1 el uso de incentivos, impuestos al carbono y compensaciones de carbono, entre otros instrumentos de pol\u00edtica cuantificables, para compensar las emisiones en la aviaci\u00f3n.<br><br>Airbus contin\u00faa desempe\u00f1ando un papel de liderazgo en el establecimiento de la agenda de descarbonizaci\u00f3n para el sector aeroespacial a trav\u00e9s de nuestra estrategia global y nuestras asociaciones para desarrollar e implementar soluciones de vanguardia que reduzcan el impacto ambiental del transporte a\u00e9reo. Nuestras iniciativas en Am\u00e9rica Latina est\u00e1n tomando vuelo a medida que somos pioneros en los esfuerzos de la regi\u00f3n en nuevas tecnolog\u00edas, dise\u00f1o avanzado de aeronaves y el aumento de combustibles con bajas emisiones de carbono para ayudar a crear un mundo m\u00e1s seguro y conectado.<\/p>\n\n\n\n<p><strong><em>Fuente: Business Empresarial<\/em><\/strong><\/p>\n","protected":false},"excerpt":{"rendered":"<p>Cada a\u00f1o, miles de millones de pasajeros y decenas de miles de millones de toneladas de carga se transportan por v\u00eda a\u00e9rea. Ahora, la industria busca mejorar el impacto ambiental y social de esta actividad vital a trav\u00e9s de innovaci\u00f3n tecnol\u00f3gica y nuevas pr\u00e1cticas. Las principales v\u00edas para alcanzar ese objetivo incluyen la reducci\u00f3n de [&hellip;]<\/p>\n","protected":false},"author":3,"featured_media":88481,"comment_status":"open","ping_status":"open","sticky":false,"template":"","format":"standard","meta":{"tdm_status":"","tdm_grid_status":"","footnotes":""},"categories":[28,64],"tags":[],"class_list":{"0":"post-88477","1":"post","2":"type-post","3":"status-publish","4":"format-standard","5":"has-post-thumbnail","7":"category-mundo","8":"category-mundo-mundo"},"yoast_head":"<!-- This site is optimized with the Yoast SEO plugin v25.1 - https:\/\/yoast.com\/wordpress\/plugins\/seo\/ -->\n<title>Desde estudios hasta tecnolog\u00eda, el impulso de la descarbonizaci\u00f3n de la aviaci\u00f3n en Am\u00e9rica Latina<\/title>\n<meta name=\"description\" content=\"Cada a\u00f1o, miles de millones de pasajeros y decenas de miles de millones de toneladas de carga se transportan por v\u00eda a\u00e9rea.\" \/>\n<meta name=\"robots\" content=\"index, follow, max-snippet:-1, max-image-preview:large, max-video-preview:-1\" \/>\n<link rel=\"canonical\" href=\"https:\/\/aeronoticias.com.pe\/noticiero\/mundo\/mundo-mundo\/desde-estudios-hasta-tecnologia-el-impulso-de-la-descarbonizacion-de-la-aviacion-en-america-latina\/\" \/>\n<meta property=\"og:locale\" content=\"es_ES\" \/>\n<meta property=\"og:type\" content=\"article\" \/>\n<meta property=\"og:title\" content=\"Desde estudios hasta tecnolog\u00eda, el impulso de la descarbonizaci\u00f3n de la aviaci\u00f3n en Am\u00e9rica Latina\" \/>\n<meta property=\"og:description\" content=\"Cada a\u00f1o, miles de millones de pasajeros y decenas de miles de millones de toneladas de carga se transportan por v\u00eda a\u00e9rea.\" \/>\n<meta property=\"og:url\" content=\"https:\/\/aeronoticias.com.pe\/noticiero\/mundo\/mundo-mundo\/desde-estudios-hasta-tecnologia-el-impulso-de-la-descarbonizacion-de-la-aviacion-en-america-latina\/\" \/>\n<meta property=\"og:site_name\" content=\"Aeronoticias.com.pe\" \/>\n<meta property=\"article:publisher\" content=\"https:\/\/www.facebook.com\/Aeronoticias.com.pe\/\" \/>\n<meta property=\"article:published_time\" content=\"2023-12-19T16:42:45+00:00\" \/>\n<meta property=\"article:modified_time\" content=\"2023-12-19T16:42:48+00:00\" \/>\n<meta property=\"og:image\" content=\"https:\/\/aeronoticias.com.pe\/noticiero\/wp-content\/uploads\/2023\/12\/Guillaume-FotoHorizontal.jpg\" \/>\n\t<meta property=\"og:image:width\" content=\"800\" \/>\n\t<meta property=\"og:image:height\" content=\"400\" \/>\n\t<meta property=\"og:image:type\" content=\"image\/jpeg\" \/>\n<meta name=\"author\" content=\"Redacci\u00f3n\" \/>\n<meta name=\"twitter:card\" content=\"summary_large_image\" \/>\n<meta name=\"twitter:creator\" content=\"@aeronoticias\" \/>\n<meta name=\"twitter:site\" content=\"@aeronoticias\" \/>\n<meta name=\"twitter:label1\" content=\"Escrito por\" \/>\n\t<meta name=\"twitter:data1\" content=\"Redacci\u00f3n\" \/>\n\t<meta name=\"twitter:label2\" content=\"Tiempo de lectura\" \/>\n\t<meta name=\"twitter:data2\" content=\"4 minutos\" \/>\n<script type=\"application\/ld+json\" class=\"yoast-schema-graph\">{\"@context\":\"https:\/\/schema.org\",\"@graph\":[{\"@type\":\"WebPage\",\"@id\":\"https:\/\/aeronoticias.com.pe\/noticiero\/mundo\/mundo-mundo\/desde-estudios-hasta-tecnologia-el-impulso-de-la-descarbonizacion-de-la-aviacion-en-america-latina\/\",\"url\":\"https:\/\/aeronoticias.com.pe\/noticiero\/mundo\/mundo-mundo\/desde-estudios-hasta-tecnologia-el-impulso-de-la-descarbonizacion-de-la-aviacion-en-america-latina\/\",\"name\":\"Desde estudios hasta tecnolog\u00eda, el impulso de la descarbonizaci\u00f3n de la aviaci\u00f3n en Am\u00e9rica Latina\",\"isPartOf\":{\"@id\":\"https:\/\/aeronoticias.com.pe\/noticiero\/#website\"},\"primaryImageOfPage\":{\"@id\":\"https:\/\/aeronoticias.com.pe\/noticiero\/mundo\/mundo-mundo\/desde-estudios-hasta-tecnologia-el-impulso-de-la-descarbonizacion-de-la-aviacion-en-america-latina\/#primaryimage\"},\"image\":{\"@id\":\"https:\/\/aeronoticias.com.pe\/noticiero\/mundo\/mundo-mundo\/desde-estudios-hasta-tecnologia-el-impulso-de-la-descarbonizacion-de-la-aviacion-en-america-latina\/#primaryimage\"},\"thumbnailUrl\":\"https:\/\/aeronoticias.com.pe\/noticiero\/wp-content\/uploads\/2023\/12\/Guillaume-FotoHorizontal.jpg\",\"datePublished\":\"2023-12-19T16:42:45+00:00\",\"dateModified\":\"2023-12-19T16:42:48+00:00\",\"author\":{\"@id\":\"https:\/\/aeronoticias.com.pe\/noticiero\/#\/schema\/person\/16212a617c73f78916b13194154243bd\"},\"description\":\"Cada a\u00f1o, miles de millones de pasajeros y decenas de miles de millones de toneladas de carga se transportan por v\u00eda a\u00e9rea.\",\"breadcrumb\":{\"@id\":\"https:\/\/aeronoticias.com.pe\/noticiero\/mundo\/mundo-mundo\/desde-estudios-hasta-tecnologia-el-impulso-de-la-descarbonizacion-de-la-aviacion-en-america-latina\/#breadcrumb\"},\"inLanguage\":\"es\",\"potentialAction\":[{\"@type\":\"ReadAction\",\"target\":[\"https:\/\/aeronoticias.com.pe\/noticiero\/mundo\/mundo-mundo\/desde-estudios-hasta-tecnologia-el-impulso-de-la-descarbonizacion-de-la-aviacion-en-america-latina\/\"]}]},{\"@type\":\"ImageObject\",\"inLanguage\":\"es\",\"@id\":\"https:\/\/aeronoticias.com.pe\/noticiero\/mundo\/mundo-mundo\/desde-estudios-hasta-tecnologia-el-impulso-de-la-descarbonizacion-de-la-aviacion-en-america-latina\/#primaryimage\",\"url\":\"https:\/\/aeronoticias.com.pe\/noticiero\/wp-content\/uploads\/2023\/12\/Guillaume-FotoHorizontal.jpg\",\"contentUrl\":\"https:\/\/aeronoticias.com.pe\/noticiero\/wp-content\/uploads\/2023\/12\/Guillaume-FotoHorizontal.jpg\",\"width\":800,\"height\":400},{\"@type\":\"BreadcrumbList\",\"@id\":\"https:\/\/aeronoticias.com.pe\/noticiero\/mundo\/mundo-mundo\/desde-estudios-hasta-tecnologia-el-impulso-de-la-descarbonizacion-de-la-aviacion-en-america-latina\/#breadcrumb\",\"itemListElement\":[{\"@type\":\"ListItem\",\"position\":1,\"name\":\"Portada\",\"item\":\"https:\/\/aeronoticias.com.pe\/noticiero\/\"},{\"@type\":\"ListItem\",\"position\":2,\"name\":\"Desde estudios hasta tecnolog\u00eda, el impulso de la descarbonizaci\u00f3n de la aviaci\u00f3n en Am\u00e9rica Latina\"}]},{\"@type\":\"WebSite\",\"@id\":\"https:\/\/aeronoticias.com.pe\/noticiero\/#website\",\"url\":\"https:\/\/aeronoticias.com.pe\/noticiero\/\",\"name\":\"Aeronoticias.com.pe\",\"description\":\"Noticias de tranporte aereo, turismo, hoteles, gastronomia, actualidad, internacional\",\"potentialAction\":[{\"@type\":\"SearchAction\",\"target\":{\"@type\":\"EntryPoint\",\"urlTemplate\":\"https:\/\/aeronoticias.com.pe\/noticiero\/?s={search_term_string}\"},\"query-input\":{\"@type\":\"PropertyValueSpecification\",\"valueRequired\":true,\"valueName\":\"search_term_string\"}}],\"inLanguage\":\"es\"},{\"@type\":\"Person\",\"@id\":\"https:\/\/aeronoticias.com.pe\/noticiero\/#\/schema\/person\/16212a617c73f78916b13194154243bd\",\"name\":\"Redacci\u00f3n\",\"sameAs\":[\"http:\/\/Redacci\u00f3n\"],\"url\":\"https:\/\/aeronoticias.com.pe\/noticiero\/author\/celeste\/\"}]}<\/script>\n<!-- \/ Yoast SEO plugin. -->","yoast_head_json":{"title":"Desde estudios hasta tecnolog\u00eda, el impulso de la descarbonizaci\u00f3n de la aviaci\u00f3n en Am\u00e9rica Latina","description":"Cada a\u00f1o, miles de millones de pasajeros y decenas de miles de millones de toneladas de carga se transportan por v\u00eda a\u00e9rea.","robots":{"index":"index","follow":"follow","max-snippet":"max-snippet:-1","max-image-preview":"max-image-preview:large","max-video-preview":"max-video-preview:-1"},"canonical":"https:\/\/aeronoticias.com.pe\/noticiero\/mundo\/mundo-mundo\/desde-estudios-hasta-tecnologia-el-impulso-de-la-descarbonizacion-de-la-aviacion-en-america-latina\/","og_locale":"es_ES","og_type":"article","og_title":"Desde estudios hasta tecnolog\u00eda, el impulso de la descarbonizaci\u00f3n de la aviaci\u00f3n en Am\u00e9rica Latina","og_description":"Cada a\u00f1o, miles de millones de pasajeros y decenas de miles de millones de toneladas de carga se transportan por v\u00eda a\u00e9rea.","og_url":"https:\/\/aeronoticias.com.pe\/noticiero\/mundo\/mundo-mundo\/desde-estudios-hasta-tecnologia-el-impulso-de-la-descarbonizacion-de-la-aviacion-en-america-latina\/","og_site_name":"Aeronoticias.com.pe","article_publisher":"https:\/\/www.facebook.com\/Aeronoticias.com.pe\/","article_published_time":"2023-12-19T16:42:45+00:00","article_modified_time":"2023-12-19T16:42:48+00:00","og_image":[{"width":800,"height":400,"url":"https:\/\/aeronoticias.com.pe\/noticiero\/wp-content\/uploads\/2023\/12\/Guillaume-FotoHorizontal.jpg","type":"image\/jpeg"}],"author":"Redacci\u00f3n","twitter_card":"summary_large_image","twitter_creator":"@aeronoticias","twitter_site":"@aeronoticias","twitter_misc":{"Escrito por":"Redacci\u00f3n","Tiempo de lectura":"4 minutos"},"schema":{"@context":"https:\/\/schema.org","@graph":[{"@type":"WebPage","@id":"https:\/\/aeronoticias.com.pe\/noticiero\/mundo\/mundo-mundo\/desde-estudios-hasta-tecnologia-el-impulso-de-la-descarbonizacion-de-la-aviacion-en-america-latina\/","url":"https:\/\/aeronoticias.com.pe\/noticiero\/mundo\/mundo-mundo\/desde-estudios-hasta-tecnologia-el-impulso-de-la-descarbonizacion-de-la-aviacion-en-america-latina\/","name":"Desde estudios hasta tecnolog\u00eda, el impulso de la descarbonizaci\u00f3n de la aviaci\u00f3n en Am\u00e9rica Latina","isPartOf":{"@id":"https:\/\/aeronoticias.com.pe\/noticiero\/#website"},"primaryImageOfPage":{"@id":"https:\/\/aeronoticias.com.pe\/noticiero\/mundo\/mundo-mundo\/desde-estudios-hasta-tecnologia-el-impulso-de-la-descarbonizacion-de-la-aviacion-en-america-latina\/#primaryimage"},"image":{"@id":"https:\/\/aeronoticias.com.pe\/noticiero\/mundo\/mundo-mundo\/desde-estudios-hasta-tecnologia-el-impulso-de-la-descarbonizacion-de-la-aviacion-en-america-latina\/#primaryimage"},"thumbnailUrl":"https:\/\/aeronoticias.com.pe\/noticiero\/wp-content\/uploads\/2023\/12\/Guillaume-FotoHorizontal.jpg","datePublished":"2023-12-19T16:42:45+00:00","dateModified":"2023-12-19T16:42:48+00:00","author":{"@id":"https:\/\/aeronoticias.com.pe\/noticiero\/#\/schema\/person\/16212a617c73f78916b13194154243bd"},"description":"Cada a\u00f1o, miles de millones de pasajeros y decenas de miles de millones de toneladas de carga se transportan por v\u00eda a\u00e9rea.","breadcrumb":{"@id":"https:\/\/aeronoticias.com.pe\/noticiero\/mundo\/mundo-mundo\/desde-estudios-hasta-tecnologia-el-impulso-de-la-descarbonizacion-de-la-aviacion-en-america-latina\/#breadcrumb"},"inLanguage":"es","potentialAction":[{"@type":"ReadAction","target":["https:\/\/aeronoticias.com.pe\/noticiero\/mundo\/mundo-mundo\/desde-estudios-hasta-tecnologia-el-impulso-de-la-descarbonizacion-de-la-aviacion-en-america-latina\/"]}]},{"@type":"ImageObject","inLanguage":"es","@id":"https:\/\/aeronoticias.com.pe\/noticiero\/mundo\/mundo-mundo\/desde-estudios-hasta-tecnologia-el-impulso-de-la-descarbonizacion-de-la-aviacion-en-america-latina\/#primaryimage","url":"https:\/\/aeronoticias.com.pe\/noticiero\/wp-content\/uploads\/2023\/12\/Guillaume-FotoHorizontal.jpg","contentUrl":"https:\/\/aeronoticias.com.pe\/noticiero\/wp-content\/uploads\/2023\/12\/Guillaume-FotoHorizontal.jpg","width":800,"height":400},{"@type":"BreadcrumbList","@id":"https:\/\/aeronoticias.com.pe\/noticiero\/mundo\/mundo-mundo\/desde-estudios-hasta-tecnologia-el-impulso-de-la-descarbonizacion-de-la-aviacion-en-america-latina\/#breadcrumb","itemListElement":[{"@type":"ListItem","position":1,"name":"Portada","item":"https:\/\/aeronoticias.com.pe\/noticiero\/"},{"@type":"ListItem","position":2,"name":"Desde estudios hasta tecnolog\u00eda, el impulso de la descarbonizaci\u00f3n de la aviaci\u00f3n en Am\u00e9rica Latina"}]},{"@type":"WebSite","@id":"https:\/\/aeronoticias.com.pe\/noticiero\/#website","url":"https:\/\/aeronoticias.com.pe\/noticiero\/","name":"Aeronoticias.com.pe","description":"Noticias de tranporte aereo, turismo, hoteles, gastronomia, actualidad, internacional","potentialAction":[{"@type":"SearchAction","target":{"@type":"EntryPoint","urlTemplate":"https:\/\/aeronoticias.com.pe\/noticiero\/?s={search_term_string}"},"query-input":{"@type":"PropertyValueSpecification","valueRequired":true,"valueName":"search_term_string"}}],"inLanguage":"es"},{"@type":"Person","@id":"https:\/\/aeronoticias.com.pe\/noticiero\/#\/schema\/person\/16212a617c73f78916b13194154243bd","name":"Redacci\u00f3n","sameAs":["http:\/\/Redacci\u00f3n"],"url":"https:\/\/aeronoticias.com.pe\/noticiero\/author\/celeste\/"}]}},"_links":{"self":[{"href":"https:\/\/aeronoticias.com.pe\/noticiero\/wp-json\/wp\/v2\/posts\/88477","targetHints":{"allow":["GET"]}}],"collection":[{"href":"https:\/\/aeronoticias.com.pe\/noticiero\/wp-json\/wp\/v2\/posts"}],"about":[{"href":"https:\/\/aeronoticias.com.pe\/noticiero\/wp-json\/wp\/v2\/types\/post"}],"author":[{"embeddable":true,"href":"https:\/\/aeronoticias.com.pe\/noticiero\/wp-json\/wp\/v2\/users\/3"}],"replies":[{"embeddable":true,"href":"https:\/\/aeronoticias.com.pe\/noticiero\/wp-json\/wp\/v2\/comments?post=88477"}],"version-history":[{"count":0,"href":"https:\/\/aeronoticias.com.pe\/noticiero\/wp-json\/wp\/v2\/posts\/88477\/revisions"}],"wp:featuredmedia":[{"embeddable":true,"href":"https:\/\/aeronoticias.com.pe\/noticiero\/wp-json\/wp\/v2\/media\/88481"}],"wp:attachment":[{"href":"https:\/\/aeronoticias.com.pe\/noticiero\/wp-json\/wp\/v2\/media?parent=88477"}],"wp:term":[{"taxonomy":"category","embeddable":true,"href":"https:\/\/aeronoticias.com.pe\/noticiero\/wp-json\/wp\/v2\/categories?post=88477"},{"taxonomy":"post_tag","embeddable":true,"href":"https:\/\/aeronoticias.com.pe\/noticiero\/wp-json\/wp\/v2\/tags?post=88477"}],"curies":[{"name":"wp","href":"https:\/\/api.w.org\/{rel}","templated":true}]}}